{"id":1449,"date":"2010-08-03T03:14:31","date_gmt":"2010-08-03T08:14:31","guid":{"rendered":"http:\/\/akunq.net\/tr\/?p=1449"},"modified":"2010-08-03T03:14:31","modified_gmt":"2010-08-03T08:14:31","slug":"osman-baydemirin-bayrak-sozlerine-sorusturma","status":"publish","type":"post","link":"https:\/\/akunq.net\/turkish\/2010\/08\/03\/osman-baydemirin-bayrak-sozlerine-sorusturma\/","title":{"rendered":"Osman Baydemir&#8217;in &#8216;bayrak&#8217; s\u00f6zlerine soru\u015fturma!"},"content":{"rendered":"<p style=\"text-align: justify\"><strong><em><a rel=\"attachment wp-att-1451\" href=\"http:\/\/akunq.net\/tr\/?attachment_id=1451\"><img loading=\"lazy\" decoding=\"async\" class=\"alignleft size-full wp-image-1451\" title=\"Osman Baydemir\" src=\"http:\/\/akunq.net\/tr\/wp-content\/uploads\/2010\/08\/Osman-Baydemir1.jpg\" alt=\"\" width=\"308\" height=\"235\" \/><\/a>Tunceli Cumhuriyet Ba\u015fsavc\u0131l\u0131\u011f\u0131, Diyarbak\u0131r B\u00fcy\u00fck\u015fehir Belediye ba\u015fkan\u0131 BDP&#8217;li Osman Baydemir&#8217;in, &#8216;Bayrak ve \u00f6zerklik&#8217; konulu konu\u015fmalar\u0131 nedeniyle hakk\u0131nda soru\u015fturma a\u00e7t\u0131.<\/em><\/strong><\/p>\n<p style=\"text-align: justify\">&#8216;Bayrak&#8217;la ilgili s\u00f6zleri nedeniyle Osman Baydemir hakk\u0131nda soru\u015fturma ba\u015flad\u0131.<\/p>\n<p style=\"text-align: justify\">Tunceli Cumhuriyet Ba\u015fsavc\u0131l\u0131\u011f\u0131, Diyarbak\u0131r B\u00fcy\u00fck\u015fehir Belediye ba\u015fkan\u0131 BDP&#8217;li Osman Baydemir&#8217;in, &#8216;Bayrak ve \u00f6zerklik&#8217; konulu konu\u015fmalar\u0131 nedeniyle hakk\u0131nda soru\u015fturma a\u00e7t\u0131.<\/p>\n<p style=\"text-align: justify\">Tunceli Cumhuriyet Ba\u015fsavc\u0131l\u0131\u011f\u0131, kentte d\u00fczenlenen &#8216;Munzur K\u00fclt\u00fcr ve Do\u011fa Festivali&#8217; kapsam\u0131nda yap\u0131lan, &#8216;K\u00fcrt Sorununda Muhatapl\u0131k Konusu ve Demokratik \u00d6zerklik&#8217; konulu panelde konu\u015fan Ba\u015fkan Osman Baydemir hakk\u0131nda soru\u015fturma a\u00e7t\u0131. Soru\u015fturma kapsam\u0131nda Baydemir&#8217;in paneldeki konu\u015fmas\u0131 ile ilgili g\u00f6r\u00fcnt\u00fcler Tunceli Emniyet M\u00fcd\u00fcrl\u00fc\u011f\u00fc&#8217;nden istendi. Emniyet M\u00fcd\u00fcrl\u00fc\u011f\u00fc, g\u00f6r\u00fcnt\u00fcleri \u00e7\u00f6z\u00fcm\u00fc ile birlikte savc\u0131l\u0131\u011fa g\u00f6nderdi.<\/p>\n<p style=\"text-align: justify\">NE DEM\u0130\u015eT\u0130?<\/p>\n<p style=\"text-align: justify\">Diyarbak\u0131r B\u00fcy\u00fck\u015fehir Belediye Ba\u015fkan\u0131 Osman Baydemir, Tunceli&#8217;deki Munzur K\u00fclt\u00fcr ve Do\u011fa Festivali kapsam\u0131nda d\u00fczenlenen, panelde tart\u0131\u015fma yaratan \u015fu konu\u015fmay\u0131 yapm\u0131\u015ft\u0131:<br \/>\n&#8220;AKP, &#8216;milli birlik ve beraberlik a\u00e7\u0131l\u0131m\u0131&#8217; diyor. Bir tane milli birlik ve beraberlik projesi de bizden. Dolay\u0131s\u0131yla &#8216;demokratik \u00f6zerklik&#8217;, evet birlik ve beraberlik projesidir. B\u00f6l\u00fcnmenin de g\u00f6zya\u015f\u0131n\u0131n da kavgan\u0131n da 21&#8217;inci Y\u00fczy\u0131l&#8217;daki panzehiri demokratik \u00f6zerkliktir. Demokratik \u00f6zerklikte, partimizin kast\u0131 Avrupa Yerel Y\u00f6netimler \u015eart\u0131 de\u011fildir. Avrupa &#8216;Yerel Y\u00f6netim \u015eart\u0131&#8217; ayr\u0131 bir \u015feydir. &#8216;Demokratik \u00d6zerklik&#8217; ayr\u0131 bir \u015feydir. Bunu da pe\u015finen s\u00f6ylemek laz\u0131m. Belki ben yanl\u0131\u015f da okumu\u015f olabilirim, yanl\u0131\u015f da de\u011ferlendirmi\u015f olabilirim. Ama benim okudu\u011fum ve alg\u0131lad\u0131\u011f\u0131m \u015fudur; Demokratik T\u00fcrkiye b\u00fct\u00fcn etnik kimliklerin, emek\u00e7ilerin inan\u00e7lar\u0131n hi\u00e7bir tanesinin kendisini d\u0131\u015far\u0131da g\u00f6rmedi\u011fi, bask\u0131lanmad\u0131\u011f\u0131, kendini \u00f6zg\u00fcrce ifade etti\u011fi ve ayn\u0131 zamanda gelir da\u011f\u0131l\u0131m\u0131nda da adaletin sa\u011fland\u0131\u011f\u0131 demokratik m\u00fcreffa bir T\u00fcrkiye yaratma projesidir. Peki demokratik m\u00fcreffeh bir T\u00fcrkiye nas\u0131l olacak? &#8216;\u00d6zerk Do\u011fu Karadeniz&#8217; olacak, &#8216;\u00d6zerk Orta Karadeniz&#8217; olacak, ayn\u0131 zamanda &#8216;Demokratik T\u00fcrkiye&#8217;, &#8216;\u00d6zerk K\u00fcrdistan&#8217; olacak. Biri \u00e7\u0131k\u0131p, &#8216;Sen yanl\u0131\u015f anlam\u0131\u015fs\u0131n&#8217; diyebilir. Ama ben b\u00f6yle anlad\u0131m. Ben b\u00f6yle yorumluyorum. &#8216;Demokratik \u00f6zerklik Projesi&#8217;nde TBMM var, olmaya da kesinlikle devam edecektir. Asla buna bir itiraz yok. TBMM devam edecektir, \u0130stiklal Mar\u015f\u0131 T\u00fcrkiye&#8217;de okunmaya devam edecektir. Buna hi\u00e7bir itiraz yok. T\u00fcrk bayra\u011f\u0131 T\u00fcrkiye&#8217;de dalgalanmaya devam edecektir, buna da hi\u00e7bir itiraz\u0131m\u0131z yok. Ama bununla birlikte her b\u00f6lgede, b\u00f6lgesel parlamento olacakt\u0131r. Bu b\u00f6lgesel parlamentolardan bir tanesi de, K\u00fcrdistan B\u00f6lgesel Parlamentosu olacakt\u0131r. T\u00fcrk bayra\u011f\u0131n\u0131n yan\u0131nda, T\u00fcrkiye bayra\u011f\u0131n\u0131n yan\u0131nda, benim dedelerimin hepinizin dedelerinin de katk\u0131s\u0131 ile \u00f6demi\u015f oldu\u011fu bedelle elde edilen ve \u015fu an as\u0131lan bayra\u011f\u0131n yan\u0131nda elbette ki K\u00fcrt halk\u0131n\u0131n da yerel renkleri bayra\u011f\u0131 da g\u00f6ky\u00fcz\u00fcnde olacakt\u0131r. Belediye binam\u0131z\u0131n \u00f6n\u00fcnde ay- y\u0131ld\u0131zl\u0131 T\u00fcrk bayra\u011f\u0131m\u0131zla, sar\u0131 k\u0131rm\u0131z\u0131 ye\u015fil bayra\u011f\u0131m\u0131z dalgalansa ne olur.&#8221;<br \/>\n\u00a0<\/p>\n<p style=\"text-align: justify\"><strong><em>02.08.10 11:50<\/em><\/strong><\/p>\n<p style=\"text-align: justify\"><a href=\"http:\/\/www.medyafaresi.com\/haber\/45009\/guncel-osman-baydemirin-bayrak-sozlerine-sorusturma.html\"><strong><em>http:\/\/www.medyafaresi.com\/haber\/45009\/guncel-osman-baydemirin-bayrak-sozlerine-sorusturma.html<\/em><\/strong><\/a><\/p>\n","protected":false},"excerpt":{"rendered":"<p>Tunceli Cumhuriyet Ba\u015fsavc\u0131l\u0131\u011f\u0131, Diyarbak\u0131r B\u00fcy\u00fck\u015fehir Belediye ba\u015fkan\u0131 BDP&#8217;li Osman Baydemir&#8217;in, &#8216;Bayrak ve \u00f6zerklik&#8217; konulu konu\u015fmalar\u0131 nedeniyle hakk\u0131nda soru\u015fturma a\u00e7t\u0131. &#8216;Bayrak&#8217;la ilgili s\u00f6zleri nedeniyle Osman Baydemir hakk\u0131nda soru\u015fturma ba\u015flad\u0131. Tunceli Cumhuriyet Ba\u015fsavc\u0131l\u0131\u011f\u0131, Diyarbak\u0131r B\u00fcy\u00fck\u015fehir Belediye ba\u015fkan\u0131 BDP&#8217;li Osman Baydemir&#8217;in, &#8216;Bayrak ve \u00f6zerklik&#8217; konulu konu\u015fmalar\u0131 nedeniyle hakk\u0131nda soru\u015fturma a\u00e7t\u0131. Tunceli Cumhuriyet Ba\u015fsavc\u0131l\u0131\u011f\u0131, kentte d\u00fczenlenen &#8216;Munzur K\u00fclt\u00fcr ve [&hellip;]<\/p>\n","protected":false},"author":3,"featured_media":0,"comment_status":"closed","ping_status":"open","sticky":false,"template":"","format":"standard","meta":{"footnotes":""},"categories":[14],"tags":[],"class_list":["post-1449","post","type-post","status-publish","format-standard","hentry","category-haberler"],"yoast_head":"<!-- This site is optimized with the Yoast SEO plugin v27.4 - https:\/\/yoast.com\/product\/yoast-seo-wordpress\/ -->\n<title>Osman Baydemir&#039;in &#039;bayrak&#039; s\u00f6zlerine soru\u015fturma! - Bati Ermenistan Ve Bati Ermenileri Sorunlari Ara\u015ftirmalar Merkezi<\/title>\n<meta name=\"robots\" content=\"index, follow, max-snippet:-1, max-image-preview:large, max-video-preview:-1\" \/>\n<link rel=\"canonical\" href=\"https:\/\/akunq.net\/turkish\/2010\/08\/03\/osman-baydemirin-bayrak-sozlerine-sorusturma\/\" \/>\n<meta property=\"og:locale\" content=\"en_US\" \/>\n<meta property=\"og:type\" content=\"article\" \/>\n<meta property=\"og:title\" content=\"Osman Baydemir&#039;in &#039;bayrak&#039; s\u00f6zlerine soru\u015fturma! - Bati Ermenistan Ve Bati Ermenileri Sorunlari Ara\u015ftirmalar Merkezi\" \/>\n<meta property=\"og:description\" content=\"Tunceli Cumhuriyet Ba\u015fsavc\u0131l\u0131\u011f\u0131, Diyarbak\u0131r B\u00fcy\u00fck\u015fehir Belediye ba\u015fkan\u0131 BDP&#8217;li Osman Baydemir&#8217;in, &#8216;Bayrak ve \u00f6zerklik&#8217; konulu konu\u015fmalar\u0131 nedeniyle hakk\u0131nda soru\u015fturma a\u00e7t\u0131. &#8216;Bayrak&#8217;la ilgili s\u00f6zleri nedeniyle Osman Baydemir hakk\u0131nda soru\u015fturma ba\u015flad\u0131. Tunceli Cumhuriyet Ba\u015fsavc\u0131l\u0131\u011f\u0131, Diyarbak\u0131r B\u00fcy\u00fck\u015fehir Belediye ba\u015fkan\u0131 BDP&#8217;li Osman Baydemir&#8217;in, &#8216;Bayrak ve \u00f6zerklik&#8217; konulu konu\u015fmalar\u0131 nedeniyle hakk\u0131nda soru\u015fturma a\u00e7t\u0131. Tunceli Cumhuriyet Ba\u015fsavc\u0131l\u0131\u011f\u0131, kentte d\u00fczenlenen &#8216;Munzur K\u00fclt\u00fcr ve [&hellip;]\" \/>\n<meta property=\"og:url\" content=\"https:\/\/akunq.net\/turkish\/2010\/08\/03\/osman-baydemirin-bayrak-sozlerine-sorusturma\/\" \/>\n<meta property=\"og:site_name\" content=\"Bati Ermenistan Ve Bati Ermenileri Sorunlari Ara\u015ftirmalar Merkezi\" \/>\n<meta property=\"article:published_time\" content=\"2010-08-03T08:14:31+00:00\" \/>\n<meta property=\"og:image\" content=\"https:\/\/akunq.net\/turkish\/wp-content\/uploads\/sites\/5\/2010\/08\/Osman-Baydemir1.jpg\" \/>\n\t<meta property=\"og:image:width\" content=\"400\" \/>\n\t<meta property=\"og:image:height\" content=\"308\" \/>\n\t<meta property=\"og:image:type\" content=\"image\/jpeg\" \/>\n<meta name=\"author\" content=\"kalem\" \/>\n<meta name=\"twitter:card\" content=\"summary_large_image\" \/>\n<meta name=\"twitter:label1\" content=\"Written by\" \/>\n\t<meta name=\"twitter:data1\" content=\"kalem\" \/>\n\t<meta name=\"twitter:label2\" content=\"Est. reading time\" \/>\n\t<meta name=\"twitter:data2\" content=\"3 minutes\" \/>\n<script type=\"application\/ld+json\" class=\"yoast-schema-graph\">{\"@context\":\"https:\\\/\\\/schema.org\",\"@graph\":[{\"@type\":\"Article\",\"@id\":\"https:\\\/\\\/akunq.net\\\/turkish\\\/2010\\\/08\\\/03\\\/osman-baydemirin-bayrak-sozlerine-sorusturma\\\/#article\",\"isPartOf\":{\"@id\":\"https:\\\/\\\/akunq.net\\\/turkish\\\/2010\\\/08\\\/03\\\/osman-baydemirin-bayrak-sozlerine-sorusturma\\\/\"},\"author\":{\"name\":\"kalem\",\"@id\":\"https:\\\/\\\/akunq.net\\\/turkish\\\/#\\\/schema\\\/person\\\/135e7923d1aeb8887890799619969a6c\"},\"headline\":\"Osman Baydemir&#8217;in &#8216;bayrak&#8217; s\u00f6zlerine soru\u015fturma!\",\"datePublished\":\"2010-08-03T08:14:31+00:00\",\"mainEntityOfPage\":{\"@id\":\"https:\\\/\\\/akunq.net\\\/turkish\\\/2010\\\/08\\\/03\\\/osman-baydemirin-bayrak-sozlerine-sorusturma\\\/\"},\"wordCount\":559,\"image\":{\"@id\":\"https:\\\/\\\/akunq.net\\\/turkish\\\/2010\\\/08\\\/03\\\/osman-baydemirin-bayrak-sozlerine-sorusturma\\\/#primaryimage\"},\"thumbnailUrl\":\"http:\\\/\\\/akunq.net\\\/tr\\\/wp-content\\\/uploads\\\/2010\\\/08\\\/Osman-Baydemir1.jpg\",\"articleSection\":[\"Haberler\"],\"inLanguage\":\"en-US\"},{\"@type\":\"WebPage\",\"@id\":\"https:\\\/\\\/akunq.net\\\/turkish\\\/2010\\\/08\\\/03\\\/osman-baydemirin-bayrak-sozlerine-sorusturma\\\/\",\"url\":\"https:\\\/\\\/akunq.net\\\/turkish\\\/2010\\\/08\\\/03\\\/osman-baydemirin-bayrak-sozlerine-sorusturma\\\/\",\"name\":\"Osman Baydemir'in 'bayrak' s\u00f6zlerine soru\u015fturma! - Bati Ermenistan Ve Bati Ermenileri Sorunlari Ara\u015ftirmalar Merkezi\",\"isPartOf\":{\"@id\":\"https:\\\/\\\/akunq.net\\\/turkish\\\/#website\"},\"primaryImageOfPage\":{\"@id\":\"https:\\\/\\\/akunq.net\\\/turkish\\\/2010\\\/08\\\/03\\\/osman-baydemirin-bayrak-sozlerine-sorusturma\\\/#primaryimage\"},\"image\":{\"@id\":\"https:\\\/\\\/akunq.net\\\/turkish\\\/2010\\\/08\\\/03\\\/osman-baydemirin-bayrak-sozlerine-sorusturma\\\/#primaryimage\"},\"thumbnailUrl\":\"http:\\\/\\\/akunq.net\\\/tr\\\/wp-content\\\/uploads\\\/2010\\\/08\\\/Osman-Baydemir1.jpg\",\"datePublished\":\"2010-08-03T08:14:31+00:00\",\"author\":{\"@id\":\"https:\\\/\\\/akunq.net\\\/turkish\\\/#\\\/schema\\\/person\\\/135e7923d1aeb8887890799619969a6c\"},\"breadcrumb\":{\"@id\":\"https:\\\/\\\/akunq.net\\\/turkish\\\/2010\\\/08\\\/03\\\/osman-baydemirin-bayrak-sozlerine-sorusturma\\\/#breadcrumb\"},\"inLanguage\":\"en-US\",\"potentialAction\":[{\"@type\":\"ReadAction\",\"target\":[\"https:\\\/\\\/akunq.net\\\/turkish\\\/2010\\\/08\\\/03\\\/osman-baydemirin-bayrak-sozlerine-sorusturma\\\/\"]}]},{\"@type\":\"ImageObject\",\"inLanguage\":\"en-US\",\"@id\":\"https:\\\/\\\/akunq.net\\\/turkish\\\/2010\\\/08\\\/03\\\/osman-baydemirin-bayrak-sozlerine-sorusturma\\\/#primaryimage\",\"url\":\"http:\\\/\\\/akunq.net\\\/tr\\\/wp-content\\\/uploads\\\/2010\\\/08\\\/Osman-Baydemir1.jpg\",\"contentUrl\":\"http:\\\/\\\/akunq.net\\\/tr\\\/wp-content\\\/uploads\\\/2010\\\/08\\\/Osman-Baydemir1.jpg\"},{\"@type\":\"BreadcrumbList\",\"@id\":\"https:\\\/\\\/akunq.net\\\/turkish\\\/2010\\\/08\\\/03\\\/osman-baydemirin-bayrak-sozlerine-sorusturma\\\/#breadcrumb\",\"itemListElement\":[{\"@type\":\"ListItem\",\"position\":1,\"name\":\"Home\",\"item\":\"https:\\\/\\\/akunq.net\\\/turkish\\\/\"},{\"@type\":\"ListItem\",\"position\":2,\"name\":\"Osman Baydemir&#8217;in &#8216;bayrak&#8217; s\u00f6zlerine soru\u015fturma!\"}]},{\"@type\":\"WebSite\",\"@id\":\"https:\\\/\\\/akunq.net\\\/turkish\\\/#website\",\"url\":\"https:\\\/\\\/akunq.net\\\/turkish\\\/\",\"name\":\"Bati Ermenistan Ve Bati Ermenileri Sorunlari Ara\u015ftirmalar Merkezi\",\"description\":\"\",\"potentialAction\":[{\"@type\":\"SearchAction\",\"target\":{\"@type\":\"EntryPoint\",\"urlTemplate\":\"https:\\\/\\\/akunq.net\\\/turkish\\\/?s={search_term_string}\"},\"query-input\":{\"@type\":\"PropertyValueSpecification\",\"valueRequired\":true,\"valueName\":\"search_term_string\"}}],\"inLanguage\":\"en-US\"},{\"@type\":\"Person\",\"@id\":\"https:\\\/\\\/akunq.net\\\/turkish\\\/#\\\/schema\\\/person\\\/135e7923d1aeb8887890799619969a6c\",\"name\":\"kalem\",\"image\":{\"@type\":\"ImageObject\",\"inLanguage\":\"en-US\",\"@id\":\"https:\\\/\\\/secure.gravatar.com\\\/avatar\\\/a06875e4b25feb5674296adf8e8a7ae1e587cebce2493fe63c456109967e27d3?s=96&d=mm&r=g\",\"url\":\"https:\\\/\\\/secure.gravatar.com\\\/avatar\\\/a06875e4b25feb5674296adf8e8a7ae1e587cebce2493fe63c456109967e27d3?s=96&d=mm&r=g\",\"contentUrl\":\"https:\\\/\\\/secure.gravatar.com\\\/avatar\\\/a06875e4b25feb5674296adf8e8a7ae1e587cebce2493fe63c456109967e27d3?s=96&d=mm&r=g\",\"caption\":\"kalem\"},\"url\":\"https:\\\/\\\/akunq.net\\\/turkish\\\/author\\\/kalem\\\/\"}]}<\/script>\n<!-- \/ Yoast SEO plugin. -->","yoast_head_json":{"title":"Osman Baydemir'in 'bayrak' s\u00f6zlerine soru\u015fturma! - Bati Ermenistan Ve Bati Ermenileri Sorunlari Ara\u015ftirmalar Merkezi","robots":{"index":"index","follow":"follow","max-snippet":"max-snippet:-1","max-image-preview":"max-image-preview:large","max-video-preview":"max-video-preview:-1"},"canonical":"https:\/\/akunq.net\/turkish\/2010\/08\/03\/osman-baydemirin-bayrak-sozlerine-sorusturma\/","og_locale":"en_US","og_type":"article","og_title":"Osman Baydemir'in 'bayrak' s\u00f6zlerine soru\u015fturma! - Bati Ermenistan Ve Bati Ermenileri Sorunlari Ara\u015ftirmalar Merkezi","og_description":"Tunceli Cumhuriyet Ba\u015fsavc\u0131l\u0131\u011f\u0131, Diyarbak\u0131r B\u00fcy\u00fck\u015fehir Belediye ba\u015fkan\u0131 BDP&#8217;li Osman Baydemir&#8217;in, &#8216;Bayrak ve \u00f6zerklik&#8217; konulu konu\u015fmalar\u0131 nedeniyle hakk\u0131nda soru\u015fturma a\u00e7t\u0131. &#8216;Bayrak&#8217;la ilgili s\u00f6zleri nedeniyle Osman Baydemir hakk\u0131nda soru\u015fturma ba\u015flad\u0131. Tunceli Cumhuriyet Ba\u015fsavc\u0131l\u0131\u011f\u0131, Diyarbak\u0131r B\u00fcy\u00fck\u015fehir Belediye ba\u015fkan\u0131 BDP&#8217;li Osman Baydemir&#8217;in, &#8216;Bayrak ve \u00f6zerklik&#8217; konulu konu\u015fmalar\u0131 nedeniyle hakk\u0131nda soru\u015fturma a\u00e7t\u0131. Tunceli Cumhuriyet Ba\u015fsavc\u0131l\u0131\u011f\u0131, kentte d\u00fczenlenen &#8216;Munzur K\u00fclt\u00fcr ve [&hellip;]","og_url":"https:\/\/akunq.net\/turkish\/2010\/08\/03\/osman-baydemirin-bayrak-sozlerine-sorusturma\/","og_site_name":"Bati Ermenistan Ve Bati Ermenileri Sorunlari Ara\u015ftirmalar Merkezi","article_published_time":"2010-08-03T08:14:31+00:00","og_image":[{"width":400,"height":308,"url":"https:\/\/akunq.net\/turkish\/wp-content\/uploads\/sites\/5\/2010\/08\/Osman-Baydemir1.jpg","type":"image\/jpeg"}],"author":"kalem","twitter_card":"summary_large_image","twitter_misc":{"Written by":"kalem","Est. reading time":"3 minutes"},"schema":{"@context":"https:\/\/schema.org","@graph":[{"@type":"Article","@id":"https:\/\/akunq.net\/turkish\/2010\/08\/03\/osman-baydemirin-bayrak-sozlerine-sorusturma\/#article","isPartOf":{"@id":"https:\/\/akunq.net\/turkish\/2010\/08\/03\/osman-baydemirin-bayrak-sozlerine-sorusturma\/"},"author":{"name":"kalem","@id":"https:\/\/akunq.net\/turkish\/#\/schema\/person\/135e7923d1aeb8887890799619969a6c"},"headline":"Osman Baydemir&#8217;in &#8216;bayrak&#8217; s\u00f6zlerine soru\u015fturma!","datePublished":"2010-08-03T08:14:31+00:00","mainEntityOfPage":{"@id":"https:\/\/akunq.net\/turkish\/2010\/08\/03\/osman-baydemirin-bayrak-sozlerine-sorusturma\/"},"wordCount":559,"image":{"@id":"https:\/\/akunq.net\/turkish\/2010\/08\/03\/osman-baydemirin-bayrak-sozlerine-sorusturma\/#primaryimage"},"thumbnailUrl":"http:\/\/akunq.net\/tr\/wp-content\/uploads\/2010\/08\/Osman-Baydemir1.jpg","articleSection":["Haberler"],"inLanguage":"en-US"},{"@type":"WebPage","@id":"https:\/\/akunq.net\/turkish\/2010\/08\/03\/osman-baydemirin-bayrak-sozlerine-sorusturma\/","url":"https:\/\/akunq.net\/turkish\/2010\/08\/03\/osman-baydemirin-bayrak-sozlerine-sorusturma\/","name":"Osman Baydemir'in 'bayrak' s\u00f6zlerine soru\u015fturma! - Bati Ermenistan Ve Bati Ermenileri Sorunlari Ara\u015ftirmalar Merkezi","isPartOf":{"@id":"https:\/\/akunq.net\/turkish\/#website"},"primaryImageOfPage":{"@id":"https:\/\/akunq.net\/turkish\/2010\/08\/03\/osman-baydemirin-bayrak-sozlerine-sorusturma\/#primaryimage"},"image":{"@id":"https:\/\/akunq.net\/turkish\/2010\/08\/03\/osman-baydemirin-bayrak-sozlerine-sorusturma\/#primaryimage"},"thumbnailUrl":"http:\/\/akunq.net\/tr\/wp-content\/uploads\/2010\/08\/Osman-Baydemir1.jpg","datePublished":"2010-08-03T08:14:31+00:00","author":{"@id":"https:\/\/akunq.net\/turkish\/#\/schema\/person\/135e7923d1aeb8887890799619969a6c"},"breadcrumb":{"@id":"https:\/\/akunq.net\/turkish\/2010\/08\/03\/osman-baydemirin-bayrak-sozlerine-sorusturma\/#breadcrumb"},"inLanguage":"en-US","potentialAction":[{"@type":"ReadAction","target":["https:\/\/akunq.net\/turkish\/2010\/08\/03\/osman-baydemirin-bayrak-sozlerine-sorusturma\/"]}]},{"@type":"ImageObject","inLanguage":"en-US","@id":"https:\/\/akunq.net\/turkish\/2010\/08\/03\/osman-baydemirin-bayrak-sozlerine-sorusturma\/#primaryimage","url":"http:\/\/akunq.net\/tr\/wp-content\/uploads\/2010\/08\/Osman-Baydemir1.jpg","contentUrl":"http:\/\/akunq.net\/tr\/wp-content\/uploads\/2010\/08\/Osman-Baydemir1.jpg"},{"@type":"BreadcrumbList","@id":"https:\/\/akunq.net\/turkish\/2010\/08\/03\/osman-baydemirin-bayrak-sozlerine-sorusturma\/#breadcrumb","itemListElement":[{"@type":"ListItem","position":1,"name":"Home","item":"https:\/\/akunq.net\/turkish\/"},{"@type":"ListItem","position":2,"name":"Osman Baydemir&#8217;in &#8216;bayrak&#8217; s\u00f6zlerine soru\u015fturma!"}]},{"@type":"WebSite","@id":"https:\/\/akunq.net\/turkish\/#website","url":"https:\/\/akunq.net\/turkish\/","name":"Bati Ermenistan Ve Bati Ermenileri Sorunlari Ara\u015ftirmalar Merkezi","description":"","potentialAction":[{"@type":"SearchAction","target":{"@type":"EntryPoint","urlTemplate":"https:\/\/akunq.net\/turkish\/?s={search_term_string}"},"query-input":{"@type":"PropertyValueSpecification","valueRequired":true,"valueName":"search_term_string"}}],"inLanguage":"en-US"},{"@type":"Person","@id":"https:\/\/akunq.net\/turkish\/#\/schema\/person\/135e7923d1aeb8887890799619969a6c","name":"kalem","image":{"@type":"ImageObject","inLanguage":"en-US","@id":"https:\/\/secure.gravatar.com\/avatar\/a06875e4b25feb5674296adf8e8a7ae1e587cebce2493fe63c456109967e27d3?s=96&d=mm&r=g","url":"https:\/\/secure.gravatar.com\/avatar\/a06875e4b25feb5674296adf8e8a7ae1e587cebce2493fe63c456109967e27d3?s=96&d=mm&r=g","contentUrl":"https:\/\/secure.gravatar.com\/avatar\/a06875e4b25feb5674296adf8e8a7ae1e587cebce2493fe63c456109967e27d3?s=96&d=mm&r=g","caption":"kalem"},"url":"https:\/\/akunq.net\/turkish\/author\/kalem\/"}]}},"_links":{"self":[{"href":"https:\/\/akunq.net\/turkish\/wp-json\/wp\/v2\/posts\/1449","targetHints":{"allow":["GET"]}}],"collection":[{"href":"https:\/\/akunq.net\/turkish\/wp-json\/wp\/v2\/posts"}],"about":[{"href":"https:\/\/akunq.net\/turkish\/wp-json\/wp\/v2\/types\/post"}],"author":[{"embeddable":true,"href":"https:\/\/akunq.net\/turkish\/wp-json\/wp\/v2\/users\/3"}],"replies":[{"embeddable":true,"href":"https:\/\/akunq.net\/turkish\/wp-json\/wp\/v2\/comments?post=1449"}],"version-history":[{"count":0,"href":"https:\/\/akunq.net\/turkish\/wp-json\/wp\/v2\/posts\/1449\/revisions"}],"wp:attachment":[{"href":"https:\/\/akunq.net\/turkish\/wp-json\/wp\/v2\/media?parent=1449"}],"wp:term":[{"taxonomy":"category","embeddable":true,"href":"https:\/\/akunq.net\/turkish\/wp-json\/wp\/v2\/categories?post=1449"},{"taxonomy":"post_tag","embeddable":true,"href":"https:\/\/akunq.net\/turkish\/wp-json\/wp\/v2\/tags?post=1449"}],"curies":[{"name":"wp","href":"https:\/\/api.w.org\/{rel}","templated":true}]}}