{"id":1443,"date":"2010-08-03T00:41:14","date_gmt":"2010-08-03T05:41:14","guid":{"rendered":"http:\/\/akunq.net\/tr\/?p=1443"},"modified":"2010-08-03T00:41:14","modified_gmt":"2010-08-03T05:41:14","slug":"tarihi-kilise-yazi-tahtasina-dondu","status":"publish","type":"post","link":"https:\/\/akunq.net\/turkish\/2010\/08\/03\/tarihi-kilise-yazi-tahtasina-dondu\/","title":{"rendered":"Tarihi kilise yaz\u0131 tahtas\u0131na d\u00f6nd\u00fc"},"content":{"rendered":"<p style=\"text-align: justify\"><strong><em><a rel=\"attachment wp-att-1444\" href=\"http:\/\/akunq.net\/tr\/?attachment_id=1444\"><img loading=\"lazy\" decoding=\"async\" class=\"alignleft size-full wp-image-1444\" title=\"Ktuc\" src=\"http:\/\/akunq.net\/tr\/wp-content\/uploads\/2010\/08\/Ktuc.jpg\" alt=\"\" width=\"343\" height=\"308\" \/><\/a>Van G\u00f6l\u00fc&#8217;n\u00fcn kuzeydo\u011fusunda yer alan ada ile ayn\u0131 ad\u0131 ta\u015f\u0131yan tarihi \u00c7arpanak Kilisesi a\u015f\u0131klar\u0131n yaz\u0131 tahtas\u0131 oldu. Kiliseyi ziyarete giden yerli turistler, g\u00f6rd\u00fckleri manzara kar\u015f\u0131s\u0131nda tepki g\u00f6sterdiler.<br \/>\n<\/em><\/strong><br \/>\n\u00c7it\u00f6ren k\u00f6y\u00fc yak\u0131nlar\u0131nda bulunan \u00c7arpanak Kilisesi&#8217;nin i\u00e7 ve d\u0131\u015f duvarlar\u0131na, baz\u0131 sorumsuz \u015fah\u0131slar taraf\u0131ndan \u00e7e\u015fitli renklerde yaz\u0131lan say\u0131lar, a\u015fk kelimeleri ve isimler g\u00f6renlerin tepkisine neden oluyor. \u00d6zellikle hafta sonlar\u0131 teknelerle adaya giden yerli turistler, ziyaret ettikleri kilisede g\u00f6rd\u00fckleri manzara kar\u015f\u0131s\u0131nda \u015fa\u015fk\u0131nl\u0131klar\u0131n\u0131 gizleyemiyorlar. Kilesinin i\u00e7 ve d\u0131\u015f duvarlar\u0131na \u00e7izilen kalpler i\u00e7erisine kendi isimleri ile sevdiklerinin isimlerini yazarak tarihe sayg\u0131s\u0131zl\u0131\u011f\u0131n en b\u00fcy\u00fc\u011f\u00fcn\u00fc yapt\u0131\u011f\u0131n\u0131 ifade eden yerli turistler, bu durumun gelece\u011fe kalma merak\u0131 oldu\u011funu ifade ederek &#8220;Valilik bu yaz\u0131lar\u0131 yazanlar\u0131 ara\u015ft\u0131rs\u0131n ve cezalar\u0131n\u0131 onlardan kessin&#8221; dediler.<\/p>\n<p>\u0130yi korunarak g\u00fcn\u00fcm\u00fcze ula\u015f\u0131lan \u00c7arpanak Adas\u0131 \u00fczerinde yer alan kilisenin XI. y\u00fczy\u0131lda in\u015fa edildi\u011fi tahmin ediliyor. \u00dczerindeki Ctouts Manast\u0131r\u0131, bir efsaneye g\u00f6re Kutsal Ha\u00e7, Saint Hripsime, Saint Gragorie, Saint Jean d\u00f6rtl\u00fc koruyucu i\u00e7in yap\u0131lm\u0131\u015ft\u0131r. Manast\u0131rda, bir kilise buna biti\u015fik yap\u0131lan jamatun, ba\u015f melek \u015fapeli, k\u00fct\u00fcphane, misafirhane, ke\u015fi\u015f odalar\u0131 ve mezarl\u0131klar bulunmaktad\u0131r.<\/p>\n<p style=\"text-align: justify\"><strong>\u00a0<\/strong><strong><em>Kaynak:<\/em><\/strong><strong><em> internethaber.com<br \/>\nTarih: <\/em><\/strong><strong><em>0<\/em><\/strong><strong><em>2.<\/em><\/strong><strong><em>0<\/em><\/strong><strong><em>8.2010<\/em><\/strong><\/p>\n","protected":false},"excerpt":{"rendered":"<p>Van G\u00f6l\u00fc&#8217;n\u00fcn kuzeydo\u011fusunda yer alan ada ile ayn\u0131 ad\u0131 ta\u015f\u0131yan tarihi \u00c7arpanak Kilisesi a\u015f\u0131klar\u0131n yaz\u0131 tahtas\u0131 oldu. Kiliseyi ziyarete giden yerli turistler, g\u00f6rd\u00fckleri manzara kar\u015f\u0131s\u0131nda tepki g\u00f6sterdiler. \u00c7it\u00f6ren k\u00f6y\u00fc yak\u0131nlar\u0131nda bulunan \u00c7arpanak Kilisesi&#8217;nin i\u00e7 ve d\u0131\u015f duvarlar\u0131na, baz\u0131 sorumsuz \u015fah\u0131slar taraf\u0131ndan \u00e7e\u015fitli renklerde yaz\u0131lan say\u0131lar, a\u015fk kelimeleri ve isimler g\u00f6renlerin tepkisine neden oluyor. \u00d6zellikle hafta [&hellip;]<\/p>\n","protected":false},"author":3,"featured_media":0,"comment_status":"closed","ping_status":"open","sticky":false,"template":"","format":"standard","meta":{"footnotes":""},"categories":[14],"tags":[],"class_list":["post-1443","post","type-post","status-publish","format-standard","hentry","category-haberler"],"yoast_head":"<!-- This site is optimized with the Yoast SEO plugin v27.4 - https:\/\/yoast.com\/product\/yoast-seo-wordpress\/ -->\n<title>Tarihi kilise yaz\u0131 tahtas\u0131na d\u00f6nd\u00fc - Bati Ermenistan Ve Bati Ermenileri Sorunlari Ara\u015ftirmalar Merkezi<\/title>\n<meta name=\"robots\" content=\"index, follow, max-snippet:-1, max-image-preview:large, max-video-preview:-1\" \/>\n<link rel=\"canonical\" href=\"https:\/\/akunq.net\/turkish\/2010\/08\/03\/tarihi-kilise-yazi-tahtasina-dondu\/\" \/>\n<meta property=\"og:locale\" content=\"en_US\" \/>\n<meta property=\"og:type\" content=\"article\" \/>\n<meta property=\"og:title\" content=\"Tarihi kilise yaz\u0131 tahtas\u0131na d\u00f6nd\u00fc - Bati Ermenistan Ve Bati Ermenileri Sorunlari Ara\u015ftirmalar Merkezi\" \/>\n<meta property=\"og:description\" content=\"Van G\u00f6l\u00fc&#8217;n\u00fcn kuzeydo\u011fusunda yer alan ada ile ayn\u0131 ad\u0131 ta\u015f\u0131yan tarihi \u00c7arpanak Kilisesi a\u015f\u0131klar\u0131n yaz\u0131 tahtas\u0131 oldu. Kiliseyi ziyarete giden yerli turistler, g\u00f6rd\u00fckleri manzara kar\u015f\u0131s\u0131nda tepki g\u00f6sterdiler. \u00c7it\u00f6ren k\u00f6y\u00fc yak\u0131nlar\u0131nda bulunan \u00c7arpanak Kilisesi&#8217;nin i\u00e7 ve d\u0131\u015f duvarlar\u0131na, baz\u0131 sorumsuz \u015fah\u0131slar taraf\u0131ndan \u00e7e\u015fitli renklerde yaz\u0131lan say\u0131lar, a\u015fk kelimeleri ve isimler g\u00f6renlerin tepkisine neden oluyor. \u00d6zellikle hafta [&hellip;]\" \/>\n<meta property=\"og:url\" content=\"https:\/\/akunq.net\/turkish\/2010\/08\/03\/tarihi-kilise-yazi-tahtasina-dondu\/\" \/>\n<meta property=\"og:site_name\" content=\"Bati Ermenistan Ve Bati Ermenileri Sorunlari Ara\u015ftirmalar Merkezi\" \/>\n<meta property=\"article:published_time\" content=\"2010-08-03T05:41:14+00:00\" \/>\n<meta property=\"og:image\" content=\"https:\/\/akunq.net\/turkish\/wp-content\/uploads\/sites\/5\/2010\/08\/Ktuc.jpg\" \/>\n\t<meta property=\"og:image:width\" content=\"260\" \/>\n\t<meta property=\"og:image:height\" content=\"198\" \/>\n\t<meta property=\"og:image:type\" content=\"image\/jpeg\" \/>\n<meta name=\"author\" content=\"kalem\" \/>\n<meta name=\"twitter:card\" content=\"summary_large_image\" \/>\n<meta name=\"twitter:label1\" content=\"Written by\" \/>\n\t<meta name=\"twitter:data1\" content=\"kalem\" \/>\n\t<meta name=\"twitter:label2\" content=\"Est. reading time\" \/>\n\t<meta name=\"twitter:data2\" content=\"1 minute\" \/>\n<script type=\"application\/ld+json\" class=\"yoast-schema-graph\">{\"@context\":\"https:\\\/\\\/schema.org\",\"@graph\":[{\"@type\":\"Article\",\"@id\":\"https:\\\/\\\/akunq.net\\\/turkish\\\/2010\\\/08\\\/03\\\/tarihi-kilise-yazi-tahtasina-dondu\\\/#article\",\"isPartOf\":{\"@id\":\"https:\\\/\\\/akunq.net\\\/turkish\\\/2010\\\/08\\\/03\\\/tarihi-kilise-yazi-tahtasina-dondu\\\/\"},\"author\":{\"name\":\"kalem\",\"@id\":\"https:\\\/\\\/akunq.net\\\/turkish\\\/#\\\/schema\\\/person\\\/135e7923d1aeb8887890799619969a6c\"},\"headline\":\"Tarihi kilise yaz\u0131 tahtas\u0131na d\u00f6nd\u00fc\",\"datePublished\":\"2010-08-03T05:41:14+00:00\",\"mainEntityOfPage\":{\"@id\":\"https:\\\/\\\/akunq.net\\\/turkish\\\/2010\\\/08\\\/03\\\/tarihi-kilise-yazi-tahtasina-dondu\\\/\"},\"wordCount\":242,\"image\":{\"@id\":\"https:\\\/\\\/akunq.net\\\/turkish\\\/2010\\\/08\\\/03\\\/tarihi-kilise-yazi-tahtasina-dondu\\\/#primaryimage\"},\"thumbnailUrl\":\"http:\\\/\\\/akunq.net\\\/tr\\\/wp-content\\\/uploads\\\/2010\\\/08\\\/Ktuc.jpg\",\"articleSection\":[\"Haberler\"],\"inLanguage\":\"en-US\"},{\"@type\":\"WebPage\",\"@id\":\"https:\\\/\\\/akunq.net\\\/turkish\\\/2010\\\/08\\\/03\\\/tarihi-kilise-yazi-tahtasina-dondu\\\/\",\"url\":\"https:\\\/\\\/akunq.net\\\/turkish\\\/2010\\\/08\\\/03\\\/tarihi-kilise-yazi-tahtasina-dondu\\\/\",\"name\":\"Tarihi kilise yaz\u0131 tahtas\u0131na d\u00f6nd\u00fc - Bati Ermenistan Ve Bati Ermenileri Sorunlari Ara\u015ftirmalar Merkezi\",\"isPartOf\":{\"@id\":\"https:\\\/\\\/akunq.net\\\/turkish\\\/#website\"},\"primaryImageOfPage\":{\"@id\":\"https:\\\/\\\/akunq.net\\\/turkish\\\/2010\\\/08\\\/03\\\/tarihi-kilise-yazi-tahtasina-dondu\\\/#primaryimage\"},\"image\":{\"@id\":\"https:\\\/\\\/akunq.net\\\/turkish\\\/2010\\\/08\\\/03\\\/tarihi-kilise-yazi-tahtasina-dondu\\\/#primaryimage\"},\"thumbnailUrl\":\"http:\\\/\\\/akunq.net\\\/tr\\\/wp-content\\\/uploads\\\/2010\\\/08\\\/Ktuc.jpg\",\"datePublished\":\"2010-08-03T05:41:14+00:00\",\"author\":{\"@id\":\"https:\\\/\\\/akunq.net\\\/turkish\\\/#\\\/schema\\\/person\\\/135e7923d1aeb8887890799619969a6c\"},\"breadcrumb\":{\"@id\":\"https:\\\/\\\/akunq.net\\\/turkish\\\/2010\\\/08\\\/03\\\/tarihi-kilise-yazi-tahtasina-dondu\\\/#breadcrumb\"},\"inLanguage\":\"en-US\",\"potentialAction\":[{\"@type\":\"ReadAction\",\"target\":[\"https:\\\/\\\/akunq.net\\\/turkish\\\/2010\\\/08\\\/03\\\/tarihi-kilise-yazi-tahtasina-dondu\\\/\"]}]},{\"@type\":\"ImageObject\",\"inLanguage\":\"en-US\",\"@id\":\"https:\\\/\\\/akunq.net\\\/turkish\\\/2010\\\/08\\\/03\\\/tarihi-kilise-yazi-tahtasina-dondu\\\/#primaryimage\",\"url\":\"http:\\\/\\\/akunq.net\\\/tr\\\/wp-content\\\/uploads\\\/2010\\\/08\\\/Ktuc.jpg\",\"contentUrl\":\"http:\\\/\\\/akunq.net\\\/tr\\\/wp-content\\\/uploads\\\/2010\\\/08\\\/Ktuc.jpg\"},{\"@type\":\"BreadcrumbList\",\"@id\":\"https:\\\/\\\/akunq.net\\\/turkish\\\/2010\\\/08\\\/03\\\/tarihi-kilise-yazi-tahtasina-dondu\\\/#breadcrumb\",\"itemListElement\":[{\"@type\":\"ListItem\",\"position\":1,\"name\":\"Home\",\"item\":\"https:\\\/\\\/akunq.net\\\/turkish\\\/\"},{\"@type\":\"ListItem\",\"position\":2,\"name\":\"Tarihi kilise yaz\u0131 tahtas\u0131na d\u00f6nd\u00fc\"}]},{\"@type\":\"WebSite\",\"@id\":\"https:\\\/\\\/akunq.net\\\/turkish\\\/#website\",\"url\":\"https:\\\/\\\/akunq.net\\\/turkish\\\/\",\"name\":\"Bati Ermenistan Ve Bati Ermenileri Sorunlari Ara\u015ftirmalar Merkezi\",\"description\":\"\",\"potentialAction\":[{\"@type\":\"SearchAction\",\"target\":{\"@type\":\"EntryPoint\",\"urlTemplate\":\"https:\\\/\\\/akunq.net\\\/turkish\\\/?s={search_term_string}\"},\"query-input\":{\"@type\":\"PropertyValueSpecification\",\"valueRequired\":true,\"valueName\":\"search_term_string\"}}],\"inLanguage\":\"en-US\"},{\"@type\":\"Person\",\"@id\":\"https:\\\/\\\/akunq.net\\\/turkish\\\/#\\\/schema\\\/person\\\/135e7923d1aeb8887890799619969a6c\",\"name\":\"kalem\",\"image\":{\"@type\":\"ImageObject\",\"inLanguage\":\"en-US\",\"@id\":\"https:\\\/\\\/secure.gravatar.com\\\/avatar\\\/a06875e4b25feb5674296adf8e8a7ae1e587cebce2493fe63c456109967e27d3?s=96&d=mm&r=g\",\"url\":\"https:\\\/\\\/secure.gravatar.com\\\/avatar\\\/a06875e4b25feb5674296adf8e8a7ae1e587cebce2493fe63c456109967e27d3?s=96&d=mm&r=g\",\"contentUrl\":\"https:\\\/\\\/secure.gravatar.com\\\/avatar\\\/a06875e4b25feb5674296adf8e8a7ae1e587cebce2493fe63c456109967e27d3?s=96&d=mm&r=g\",\"caption\":\"kalem\"},\"url\":\"https:\\\/\\\/akunq.net\\\/turkish\\\/author\\\/kalem\\\/\"}]}<\/script>\n<!-- \/ Yoast SEO plugin. -->","yoast_head_json":{"title":"Tarihi kilise yaz\u0131 tahtas\u0131na d\u00f6nd\u00fc - Bati Ermenistan Ve Bati Ermenileri Sorunlari Ara\u015ftirmalar Merkezi","robots":{"index":"index","follow":"follow","max-snippet":"max-snippet:-1","max-image-preview":"max-image-preview:large","max-video-preview":"max-video-preview:-1"},"canonical":"https:\/\/akunq.net\/turkish\/2010\/08\/03\/tarihi-kilise-yazi-tahtasina-dondu\/","og_locale":"en_US","og_type":"article","og_title":"Tarihi kilise yaz\u0131 tahtas\u0131na d\u00f6nd\u00fc - Bati Ermenistan Ve Bati Ermenileri Sorunlari Ara\u015ftirmalar Merkezi","og_description":"Van G\u00f6l\u00fc&#8217;n\u00fcn kuzeydo\u011fusunda yer alan ada ile ayn\u0131 ad\u0131 ta\u015f\u0131yan tarihi \u00c7arpanak Kilisesi a\u015f\u0131klar\u0131n yaz\u0131 tahtas\u0131 oldu. Kiliseyi ziyarete giden yerli turistler, g\u00f6rd\u00fckleri manzara kar\u015f\u0131s\u0131nda tepki g\u00f6sterdiler. \u00c7it\u00f6ren k\u00f6y\u00fc yak\u0131nlar\u0131nda bulunan \u00c7arpanak Kilisesi&#8217;nin i\u00e7 ve d\u0131\u015f duvarlar\u0131na, baz\u0131 sorumsuz \u015fah\u0131slar taraf\u0131ndan \u00e7e\u015fitli renklerde yaz\u0131lan say\u0131lar, a\u015fk kelimeleri ve isimler g\u00f6renlerin tepkisine neden oluyor. \u00d6zellikle hafta [&hellip;]","og_url":"https:\/\/akunq.net\/turkish\/2010\/08\/03\/tarihi-kilise-yazi-tahtasina-dondu\/","og_site_name":"Bati Ermenistan Ve Bati Ermenileri Sorunlari Ara\u015ftirmalar Merkezi","article_published_time":"2010-08-03T05:41:14+00:00","og_image":[{"width":260,"height":198,"url":"https:\/\/akunq.net\/turkish\/wp-content\/uploads\/sites\/5\/2010\/08\/Ktuc.jpg","type":"image\/jpeg"}],"author":"kalem","twitter_card":"summary_large_image","twitter_misc":{"Written by":"kalem","Est. reading time":"1 minute"},"schema":{"@context":"https:\/\/schema.org","@graph":[{"@type":"Article","@id":"https:\/\/akunq.net\/turkish\/2010\/08\/03\/tarihi-kilise-yazi-tahtasina-dondu\/#article","isPartOf":{"@id":"https:\/\/akunq.net\/turkish\/2010\/08\/03\/tarihi-kilise-yazi-tahtasina-dondu\/"},"author":{"name":"kalem","@id":"https:\/\/akunq.net\/turkish\/#\/schema\/person\/135e7923d1aeb8887890799619969a6c"},"headline":"Tarihi kilise yaz\u0131 tahtas\u0131na d\u00f6nd\u00fc","datePublished":"2010-08-03T05:41:14+00:00","mainEntityOfPage":{"@id":"https:\/\/akunq.net\/turkish\/2010\/08\/03\/tarihi-kilise-yazi-tahtasina-dondu\/"},"wordCount":242,"image":{"@id":"https:\/\/akunq.net\/turkish\/2010\/08\/03\/tarihi-kilise-yazi-tahtasina-dondu\/#primaryimage"},"thumbnailUrl":"http:\/\/akunq.net\/tr\/wp-content\/uploads\/2010\/08\/Ktuc.jpg","articleSection":["Haberler"],"inLanguage":"en-US"},{"@type":"WebPage","@id":"https:\/\/akunq.net\/turkish\/2010\/08\/03\/tarihi-kilise-yazi-tahtasina-dondu\/","url":"https:\/\/akunq.net\/turkish\/2010\/08\/03\/tarihi-kilise-yazi-tahtasina-dondu\/","name":"Tarihi kilise yaz\u0131 tahtas\u0131na d\u00f6nd\u00fc - Bati Ermenistan Ve Bati Ermenileri Sorunlari Ara\u015ftirmalar Merkezi","isPartOf":{"@id":"https:\/\/akunq.net\/turkish\/#website"},"primaryImageOfPage":{"@id":"https:\/\/akunq.net\/turkish\/2010\/08\/03\/tarihi-kilise-yazi-tahtasina-dondu\/#primaryimage"},"image":{"@id":"https:\/\/akunq.net\/turkish\/2010\/08\/03\/tarihi-kilise-yazi-tahtasina-dondu\/#primaryimage"},"thumbnailUrl":"http:\/\/akunq.net\/tr\/wp-content\/uploads\/2010\/08\/Ktuc.jpg","datePublished":"2010-08-03T05:41:14+00:00","author":{"@id":"https:\/\/akunq.net\/turkish\/#\/schema\/person\/135e7923d1aeb8887890799619969a6c"},"breadcrumb":{"@id":"https:\/\/akunq.net\/turkish\/2010\/08\/03\/tarihi-kilise-yazi-tahtasina-dondu\/#breadcrumb"},"inLanguage":"en-US","potentialAction":[{"@type":"ReadAction","target":["https:\/\/akunq.net\/turkish\/2010\/08\/03\/tarihi-kilise-yazi-tahtasina-dondu\/"]}]},{"@type":"ImageObject","inLanguage":"en-US","@id":"https:\/\/akunq.net\/turkish\/2010\/08\/03\/tarihi-kilise-yazi-tahtasina-dondu\/#primaryimage","url":"http:\/\/akunq.net\/tr\/wp-content\/uploads\/2010\/08\/Ktuc.jpg","contentUrl":"http:\/\/akunq.net\/tr\/wp-content\/uploads\/2010\/08\/Ktuc.jpg"},{"@type":"BreadcrumbList","@id":"https:\/\/akunq.net\/turkish\/2010\/08\/03\/tarihi-kilise-yazi-tahtasina-dondu\/#breadcrumb","itemListElement":[{"@type":"ListItem","position":1,"name":"Home","item":"https:\/\/akunq.net\/turkish\/"},{"@type":"ListItem","position":2,"name":"Tarihi kilise yaz\u0131 tahtas\u0131na d\u00f6nd\u00fc"}]},{"@type":"WebSite","@id":"https:\/\/akunq.net\/turkish\/#website","url":"https:\/\/akunq.net\/turkish\/","name":"Bati Ermenistan Ve Bati Ermenileri Sorunlari Ara\u015ftirmalar Merkezi","description":"","potentialAction":[{"@type":"SearchAction","target":{"@type":"EntryPoint","urlTemplate":"https:\/\/akunq.net\/turkish\/?s={search_term_string}"},"query-input":{"@type":"PropertyValueSpecification","valueRequired":true,"valueName":"search_term_string"}}],"inLanguage":"en-US"},{"@type":"Person","@id":"https:\/\/akunq.net\/turkish\/#\/schema\/person\/135e7923d1aeb8887890799619969a6c","name":"kalem","image":{"@type":"ImageObject","inLanguage":"en-US","@id":"https:\/\/secure.gravatar.com\/avatar\/a06875e4b25feb5674296adf8e8a7ae1e587cebce2493fe63c456109967e27d3?s=96&d=mm&r=g","url":"https:\/\/secure.gravatar.com\/avatar\/a06875e4b25feb5674296adf8e8a7ae1e587cebce2493fe63c456109967e27d3?s=96&d=mm&r=g","contentUrl":"https:\/\/secure.gravatar.com\/avatar\/a06875e4b25feb5674296adf8e8a7ae1e587cebce2493fe63c456109967e27d3?s=96&d=mm&r=g","caption":"kalem"},"url":"https:\/\/akunq.net\/turkish\/author\/kalem\/"}]}},"_links":{"self":[{"href":"https:\/\/akunq.net\/turkish\/wp-json\/wp\/v2\/posts\/1443","targetHints":{"allow":["GET"]}}],"collection":[{"href":"https:\/\/akunq.net\/turkish\/wp-json\/wp\/v2\/posts"}],"about":[{"href":"https:\/\/akunq.net\/turkish\/wp-json\/wp\/v2\/types\/post"}],"author":[{"embeddable":true,"href":"https:\/\/akunq.net\/turkish\/wp-json\/wp\/v2\/users\/3"}],"replies":[{"embeddable":true,"href":"https:\/\/akunq.net\/turkish\/wp-json\/wp\/v2\/comments?post=1443"}],"version-history":[{"count":0,"href":"https:\/\/akunq.net\/turkish\/wp-json\/wp\/v2\/posts\/1443\/revisions"}],"wp:attachment":[{"href":"https:\/\/akunq.net\/turkish\/wp-json\/wp\/v2\/media?parent=1443"}],"wp:term":[{"taxonomy":"category","embeddable":true,"href":"https:\/\/akunq.net\/turkish\/wp-json\/wp\/v2\/categories?post=1443"},{"taxonomy":"post_tag","embeddable":true,"href":"https:\/\/akunq.net\/turkish\/wp-json\/wp\/v2\/tags?post=1443"}],"curies":[{"name":"wp","href":"https:\/\/api.w.org\/{rel}","templated":true}]}}