{"id":1438,"date":"2010-08-02T08:01:01","date_gmt":"2010-08-02T13:01:01","guid":{"rendered":"http:\/\/akunq.net\/tr\/?p=1438"},"modified":"2010-08-02T08:01:01","modified_gmt":"2010-08-02T13:01:01","slug":"nehirden-su-yerine-kan-akiyordu","status":"publish","type":"post","link":"https:\/\/akunq.net\/turkish\/2010\/08\/02\/nehirden-su-yerine-kan-akiyordu\/","title":{"rendered":"Nehirden su yerine kan ak\u0131yordu"},"content":{"rendered":"<p style=\"text-align: justify\"><strong><em>Agos Ermeni tehcirine direnen Konya ve Halep Valisi Celal Bey\u2019in an\u0131lar\u0131n\u0131 yay\u0131mlad\u0131: \u201cNehirden su yerine kan ak\u0131yor, binlerce \u00e7ocuk, kabahatsiz ihtiyar, aciz kad\u0131n, bu kan ak\u0131nt\u0131s\u0131 i\u00e7inde hi\u00e7li\u011fe do\u011fru ak\u0131p gidiyordu\u201d.<\/em><\/strong>Agos gazetesi Ermenilerin tehcir edildi\u011fi ve katliama u\u011frad\u0131\u011f\u0131 1915 y\u0131l\u0131nda Konya ve Halep\u2019te valilik yapan Celal Bey\u2019in an\u0131lar\u0131n\u0131 yay\u0131mlad\u0131. Gazetenin Genel Yay\u0131n Y\u00f6netmeni Rober Kopta\u015f\u2019\u0131n ara\u015ft\u0131rmalar\u0131 esnas\u0131nda ula\u015ft\u0131\u011f\u0131 ve Vakit gazetesinde 29 Kas\u0131m ve 2 Aral\u0131k 1919 tarihleri aras\u0131nda tefrika edilen \u201cErmeni Vakayi\u2019i, Esb\u00e2b\u0131 ve Tefsirat\u0131\u201d isimli hat\u0131rat\u0131, Celal Bey\u2019in techire kar\u015f\u0131 \u00e7\u0131kt\u0131\u011f\u0131 ve Ermenileri katliamdan kurtard\u0131\u011f\u0131 i\u00e7in g\u00f6revden el \u00e7ektirildi\u011fini ortaya koyuyor. Daha \u00f6nce Bakanl\u0131k da yapan Celal Bey\u2019in 1919\u2019da Vakit gazetesinde yazd\u0131\u011f\u0131 makaleler Ermeni katliam\u0131na birinci elden tan\u0131kl\u0131k etmesi ve o tarihten sonra ilk defa yay\u0131mlan\u0131yor olmas\u0131 a\u00e7\u0131s\u0131ndan \u00e7ok \u00f6nemli bir belge niteli\u011fi ta\u015f\u0131yor.<\/p>\n<p>\u00a0<\/p>\n<p><strong><em>Zeytun \u0130syan\u0131 hi\u00e7 olmad\u0131<\/em><\/strong>Celal Bey, valilik g\u00f6revinde bulundu\u011fu Halep\u2019e ba\u011fl\u0131 olan ve Ermeni tehcirinin nedenlerinden birisi olarak g\u00f6sterilen \u201cZeytun \u0130syan\u0131\u201dn\u0131n asl\u0131nda hi\u00e7 olmad\u0131\u011f\u0131n\u0131 anlat\u0131yor. Sadece \u201cyirmi-otuz kadar asker firarisinin oldu\u011funu ancak Mara\u015f mutasarr\u0131f\u0131n\u0131n k\u0131rk-elli kadar Ermeni\u2019yi kanuna ayk\u0131r\u0131 olarak\u201d hapse att\u0131\u011f\u0131n\u0131 aktar\u0131yor.<br \/>\nArd\u0131ndan \u00fc\u00e7 asker firarisinin iki jandarmaya sald\u0131rmas\u0131 ile birlikte Zeytun Ermenilerinin tehciri ba\u015fl\u0131yor: \u201cMesele g\u00fczel bir \u015fekilde \u00e7\u00f6z\u00fclece\u011fi s\u0131rada, Mara\u015f\u2019\u0131n Halep\u2019le ba\u011f\u0131 kesilerek ayr\u0131 bir sancak kabul edildi. Ve vilayetin Zeytun \u00fczerinde m\u00fcdahale hakk\u0131 kalmad\u0131. Ve hi\u00e7 l\u00fczum yokken, Zeytun\u2019a asker sevk edilerek, oradaki ahali, \u00e7oluk \u00e7ocuklar\u0131yla beraber \u00e7\u0131kar\u0131l\u0131p, Konya\u2019n\u0131n, a\u011f\u0131r havas\u0131yla me\u015fhur olan Sultaniye kazas\u0131na nakledildi.\u201d<\/p>\n<p style=\"text-align: justify\">\u00a0<strong><em>Bezden yap\u0131lm\u0131\u015f \u00e7ad\u0131rlar<\/em><\/strong>Kendisine teklif edilen Konya Valili\u011fi teklifini Ermenilerin g\u00f6\u00e7 ettirilmeyece\u011fi s\u00f6z\u00fcn\u00fcn verilmesi \u00fczerine kabul etti\u011fini anlatan Celal Bey, ancak Konya\u2019ya giderken Ak\u015fehir, Ilg\u0131n gibi il\u00e7elerde binlerce Ermeni\u2019nin \u00e7ad\u0131rlarda sefalet i\u00e7inde tehcir edilmeyi bekledi\u011fini g\u00f6r\u00fcyor. Konya\u2019ya vard\u0131\u011f\u0131nda g\u00f6rd\u00fc\u011f\u00fc manzaray\u0131 ise \u015fu s\u00f6zlerle aktar\u0131yor: \u201cKonya Ermenilerinin de bu suretle istasyona indirilmi\u015f oldu\u011funu ve bundan ba\u015fka, \u0130zmit ve Eski\u015fehir ve Karahisar\u2019dan gelen binlerce ki\u015finin a\u00e7\u0131kta, bezden, yorgandan, ke\u00e7eden yap\u0131lm\u0131\u015f, \u00e7ad\u0131ra benzeyen \u00f6rt\u00fcler alt\u0131nda ve y\u00fcrekler paralayacak derecede sefalet i\u00e7inde kaderlerini beklemekte olduklar\u0131n\u0131 g\u00f6rd\u00fcm. Di\u011fer yerlerden g\u00f6nderilenler hakk\u0131nda bir \u015fey yapamazd\u0131m. Yaln\u0131z Konyal\u0131lar\u0131 evlerine iade ettim.\u201d<\/p>\n<p>\u00a0<\/p>\n<p><strong><em>Masum \u00e7ocuklar, aciz kad\u0131nlar<\/em><\/strong>B\u00fct\u00fcn Anadolu\u2019dan g\u00f6nderilen Ermenilerin topland\u0131\u011f\u0131 bir merkez halini alan Konya\u2019da olabildi\u011fince \u00e7ok say\u0131da insan\u0131 kurtarmaya \u00e7al\u0131\u015f\u0131r Celal Bey. \u00c7aresizli\u011fini de \u015f\u00f6yle anlat\u0131yor: \u201cBenim Konya\u2019daki halim, elinde hi\u00e7bir kurtarma arac\u0131 olmad\u0131\u011f\u0131 halde bir nehrin kenar\u0131nda duran bir adam\u0131n haline benziyordu. Nehirden su yerine kan ak\u0131yor ve binlerce masum \u00e7ocuk, kabahatsiz ihtiyar, aciz kad\u0131n, kuvvetli gen\u00e7, bu kan ak\u0131nt\u0131s\u0131 i\u00e7inde hi\u00e7li\u011fe do\u011fru ak\u0131p gidiyorlard\u0131. Ellerimle, t\u0131rnaklar\u0131mla tutabildiklerimi kurtard\u0131m ve di\u011ferleri, zannederim bir daha d\u00f6nmemek \u00fczere ak\u0131p gittiler.\u201d<\/p>\n<p><strong><em>Maksat imhayd\u0131 ve edildiler<\/em><\/strong><\/p>\n<p>Celal Bey\u2019in Konya Ermenilerini kurtarma giri\u015fimi \u0130ttihat ve Terakki H\u00fck\u00fcmeti\u2019nin de tepkisini \u00e7eker. Kendisine \u201cbu i\u015fin hafifletilmesi m\u00fcmk\u00fcn de\u011fildir ve Ermenilerin sevki milli mefkureye uygundur. Dolay\u0131s\u0131yla kendi kanaatini feda etmelisin\u201d uyar\u0131s\u0131 gelir. Ard\u0131ndan da g\u00f6revden al\u0131n\u0131r Celal Bey. Tehciri ger\u00e7ekle\u015ftirenlerin Ermenilerin yollarda \u00f6lece\u011finin ve \u00f6ld\u00fcr\u00fclece\u011fini bilmemesinin imk\u00e2ns\u0131z oldu\u011funu s\u00f6yleyen Celal Bey, sorumlu olarak ise \u0130ttihat Terakki H\u00fck\u00fcmeti\u2019ni g\u00f6steriyor: \u201cMaalesef, meseleyi ink\u00e2r ve \u00e7arp\u0131tmaya imk\u00e2n yok. Maksat imhayd\u0131 ve imha edildiler. Yine gizleme ve saklamas\u0131 m\u00fcmk\u00fcn de\u011fildir ki, bu karar\u0131 \u0130ttihat ve Terakki umumi merkezinin baz\u0131 \u00f6nde gelen mensuplar\u0131 ald\u0131 ve o umumi merkezin tabii azas\u0131 olan h\u00fck\u00fcmet tatbik etti.\u201d<\/p>\n<p><strong><em>Kaynak:<\/em><\/strong><em> <strong>taraf.com.tr<br \/>\nTarih: 31.7.2010<\/strong><\/em><\/p>\n<p style=\"text-align: justify\"><strong><em>SADIK G\u00dcLE\u00c7<\/em><\/strong><em> <\/em><\/p>\n","protected":false},"excerpt":{"rendered":"<p>Agos Ermeni tehcirine direnen Konya ve Halep Valisi Celal Bey\u2019in an\u0131lar\u0131n\u0131 yay\u0131mlad\u0131: \u201cNehirden su yerine kan ak\u0131yor, binlerce \u00e7ocuk, kabahatsiz ihtiyar, aciz kad\u0131n, bu kan ak\u0131nt\u0131s\u0131 i\u00e7inde hi\u00e7li\u011fe do\u011fru ak\u0131p gidiyordu\u201d.Agos gazetesi Ermenilerin tehcir edildi\u011fi ve katliama u\u011frad\u0131\u011f\u0131 1915 y\u0131l\u0131nda Konya ve Halep\u2019te valilik yapan Celal Bey\u2019in an\u0131lar\u0131n\u0131 yay\u0131mlad\u0131. Gazetenin Genel Yay\u0131n Y\u00f6netmeni Rober Kopta\u015f\u2019\u0131n [&hellip;]<\/p>\n","protected":false},"author":3,"featured_media":0,"comment_status":"closed","ping_status":"open","sticky":false,"template":"","format":"standard","meta":{"footnotes":""},"categories":[6,14],"tags":[],"class_list":["post-1438","post","type-post","status-publish","format-standard","hentry","category-ermeni-soykirimi","category-haberler"],"yoast_head":"<!-- This site is optimized with the Yoast SEO plugin v27.4 - https:\/\/yoast.com\/product\/yoast-seo-wordpress\/ -->\n<title>Nehirden su yerine kan ak\u0131yordu - Bati Ermenistan Ve Bati Ermenileri Sorunlari Ara\u015ftirmalar Merkezi<\/title>\n<meta name=\"robots\" content=\"index, follow, max-snippet:-1, max-image-preview:large, max-video-preview:-1\" \/>\n<link rel=\"canonical\" href=\"https:\/\/akunq.net\/turkish\/2010\/08\/02\/nehirden-su-yerine-kan-akiyordu\/\" \/>\n<meta property=\"og:locale\" content=\"en_US\" \/>\n<meta property=\"og:type\" content=\"article\" \/>\n<meta property=\"og:title\" content=\"Nehirden su yerine kan ak\u0131yordu - Bati Ermenistan Ve Bati Ermenileri Sorunlari Ara\u015ftirmalar Merkezi\" \/>\n<meta property=\"og:description\" content=\"Agos Ermeni tehcirine direnen Konya ve Halep Valisi Celal Bey\u2019in an\u0131lar\u0131n\u0131 yay\u0131mlad\u0131: \u201cNehirden su yerine kan ak\u0131yor, binlerce \u00e7ocuk, kabahatsiz ihtiyar, aciz kad\u0131n, bu kan ak\u0131nt\u0131s\u0131 i\u00e7inde hi\u00e7li\u011fe do\u011fru ak\u0131p gidiyordu\u201d.Agos gazetesi Ermenilerin tehcir edildi\u011fi ve katliama u\u011frad\u0131\u011f\u0131 1915 y\u0131l\u0131nda Konya ve Halep\u2019te valilik yapan Celal Bey\u2019in an\u0131lar\u0131n\u0131 yay\u0131mlad\u0131. Gazetenin Genel Yay\u0131n Y\u00f6netmeni Rober Kopta\u015f\u2019\u0131n [&hellip;]\" \/>\n<meta property=\"og:url\" content=\"https:\/\/akunq.net\/turkish\/2010\/08\/02\/nehirden-su-yerine-kan-akiyordu\/\" \/>\n<meta property=\"og:site_name\" content=\"Bati Ermenistan Ve Bati Ermenileri Sorunlari Ara\u015ftirmalar Merkezi\" \/>\n<meta property=\"article:published_time\" content=\"2010-08-02T13:01:01+00:00\" \/>\n<meta name=\"author\" content=\"kalem\" \/>\n<meta name=\"twitter:card\" content=\"summary_large_image\" \/>\n<meta name=\"twitter:label1\" content=\"Written by\" \/>\n\t<meta name=\"twitter:data1\" content=\"kalem\" \/>\n\t<meta name=\"twitter:label2\" content=\"Est. reading time\" \/>\n\t<meta name=\"twitter:data2\" content=\"4 minutes\" \/>\n<script type=\"application\/ld+json\" class=\"yoast-schema-graph\">{\"@context\":\"https:\\\/\\\/schema.org\",\"@graph\":[{\"@type\":\"Article\",\"@id\":\"https:\\\/\\\/akunq.net\\\/turkish\\\/2010\\\/08\\\/02\\\/nehirden-su-yerine-kan-akiyordu\\\/#article\",\"isPartOf\":{\"@id\":\"https:\\\/\\\/akunq.net\\\/turkish\\\/2010\\\/08\\\/02\\\/nehirden-su-yerine-kan-akiyordu\\\/\"},\"author\":{\"name\":\"kalem\",\"@id\":\"https:\\\/\\\/akunq.net\\\/turkish\\\/#\\\/schema\\\/person\\\/135e7923d1aeb8887890799619969a6c\"},\"headline\":\"Nehirden su yerine kan ak\u0131yordu\",\"datePublished\":\"2010-08-02T13:01:01+00:00\",\"mainEntityOfPage\":{\"@id\":\"https:\\\/\\\/akunq.net\\\/turkish\\\/2010\\\/08\\\/02\\\/nehirden-su-yerine-kan-akiyordu\\\/\"},\"wordCount\":716,\"articleSection\":[\"Ermeni Soyk\u0131r\u0131m\u0131\",\"Haberler\"],\"inLanguage\":\"en-US\"},{\"@type\":\"WebPage\",\"@id\":\"https:\\\/\\\/akunq.net\\\/turkish\\\/2010\\\/08\\\/02\\\/nehirden-su-yerine-kan-akiyordu\\\/\",\"url\":\"https:\\\/\\\/akunq.net\\\/turkish\\\/2010\\\/08\\\/02\\\/nehirden-su-yerine-kan-akiyordu\\\/\",\"name\":\"Nehirden su yerine kan ak\u0131yordu - Bati Ermenistan Ve Bati Ermenileri Sorunlari Ara\u015ftirmalar Merkezi\",\"isPartOf\":{\"@id\":\"https:\\\/\\\/akunq.net\\\/turkish\\\/#website\"},\"datePublished\":\"2010-08-02T13:01:01+00:00\",\"author\":{\"@id\":\"https:\\\/\\\/akunq.net\\\/turkish\\\/#\\\/schema\\\/person\\\/135e7923d1aeb8887890799619969a6c\"},\"breadcrumb\":{\"@id\":\"https:\\\/\\\/akunq.net\\\/turkish\\\/2010\\\/08\\\/02\\\/nehirden-su-yerine-kan-akiyordu\\\/#breadcrumb\"},\"inLanguage\":\"en-US\",\"potentialAction\":[{\"@type\":\"ReadAction\",\"target\":[\"https:\\\/\\\/akunq.net\\\/turkish\\\/2010\\\/08\\\/02\\\/nehirden-su-yerine-kan-akiyordu\\\/\"]}]},{\"@type\":\"BreadcrumbList\",\"@id\":\"https:\\\/\\\/akunq.net\\\/turkish\\\/2010\\\/08\\\/02\\\/nehirden-su-yerine-kan-akiyordu\\\/#breadcrumb\",\"itemListElement\":[{\"@type\":\"ListItem\",\"position\":1,\"name\":\"Home\",\"item\":\"https:\\\/\\\/akunq.net\\\/turkish\\\/\"},{\"@type\":\"ListItem\",\"position\":2,\"name\":\"Nehirden su yerine kan ak\u0131yordu\"}]},{\"@type\":\"WebSite\",\"@id\":\"https:\\\/\\\/akunq.net\\\/turkish\\\/#website\",\"url\":\"https:\\\/\\\/akunq.net\\\/turkish\\\/\",\"name\":\"Bati Ermenistan Ve Bati Ermenileri Sorunlari Ara\u015ftirmalar Merkezi\",\"description\":\"\",\"potentialAction\":[{\"@type\":\"SearchAction\",\"target\":{\"@type\":\"EntryPoint\",\"urlTemplate\":\"https:\\\/\\\/akunq.net\\\/turkish\\\/?s={search_term_string}\"},\"query-input\":{\"@type\":\"PropertyValueSpecification\",\"valueRequired\":true,\"valueName\":\"search_term_string\"}}],\"inLanguage\":\"en-US\"},{\"@type\":\"Person\",\"@id\":\"https:\\\/\\\/akunq.net\\\/turkish\\\/#\\\/schema\\\/person\\\/135e7923d1aeb8887890799619969a6c\",\"name\":\"kalem\",\"image\":{\"@type\":\"ImageObject\",\"inLanguage\":\"en-US\",\"@id\":\"https:\\\/\\\/secure.gravatar.com\\\/avatar\\\/a06875e4b25feb5674296adf8e8a7ae1e587cebce2493fe63c456109967e27d3?s=96&d=mm&r=g\",\"url\":\"https:\\\/\\\/secure.gravatar.com\\\/avatar\\\/a06875e4b25feb5674296adf8e8a7ae1e587cebce2493fe63c456109967e27d3?s=96&d=mm&r=g\",\"contentUrl\":\"https:\\\/\\\/secure.gravatar.com\\\/avatar\\\/a06875e4b25feb5674296adf8e8a7ae1e587cebce2493fe63c456109967e27d3?s=96&d=mm&r=g\",\"caption\":\"kalem\"},\"url\":\"https:\\\/\\\/akunq.net\\\/turkish\\\/author\\\/kalem\\\/\"}]}<\/script>\n<!-- \/ Yoast SEO plugin. -->","yoast_head_json":{"title":"Nehirden su yerine kan ak\u0131yordu - Bati Ermenistan Ve Bati Ermenileri Sorunlari Ara\u015ftirmalar Merkezi","robots":{"index":"index","follow":"follow","max-snippet":"max-snippet:-1","max-image-preview":"max-image-preview:large","max-video-preview":"max-video-preview:-1"},"canonical":"https:\/\/akunq.net\/turkish\/2010\/08\/02\/nehirden-su-yerine-kan-akiyordu\/","og_locale":"en_US","og_type":"article","og_title":"Nehirden su yerine kan ak\u0131yordu - Bati Ermenistan Ve Bati Ermenileri Sorunlari Ara\u015ftirmalar Merkezi","og_description":"Agos Ermeni tehcirine direnen Konya ve Halep Valisi Celal Bey\u2019in an\u0131lar\u0131n\u0131 yay\u0131mlad\u0131: \u201cNehirden su yerine kan ak\u0131yor, binlerce \u00e7ocuk, kabahatsiz ihtiyar, aciz kad\u0131n, bu kan ak\u0131nt\u0131s\u0131 i\u00e7inde hi\u00e7li\u011fe do\u011fru ak\u0131p gidiyordu\u201d.Agos gazetesi Ermenilerin tehcir edildi\u011fi ve katliama u\u011frad\u0131\u011f\u0131 1915 y\u0131l\u0131nda Konya ve Halep\u2019te valilik yapan Celal Bey\u2019in an\u0131lar\u0131n\u0131 yay\u0131mlad\u0131. Gazetenin Genel Yay\u0131n Y\u00f6netmeni Rober Kopta\u015f\u2019\u0131n [&hellip;]","og_url":"https:\/\/akunq.net\/turkish\/2010\/08\/02\/nehirden-su-yerine-kan-akiyordu\/","og_site_name":"Bati Ermenistan Ve Bati Ermenileri Sorunlari Ara\u015ftirmalar Merkezi","article_published_time":"2010-08-02T13:01:01+00:00","author":"kalem","twitter_card":"summary_large_image","twitter_misc":{"Written by":"kalem","Est. reading time":"4 minutes"},"schema":{"@context":"https:\/\/schema.org","@graph":[{"@type":"Article","@id":"https:\/\/akunq.net\/turkish\/2010\/08\/02\/nehirden-su-yerine-kan-akiyordu\/#article","isPartOf":{"@id":"https:\/\/akunq.net\/turkish\/2010\/08\/02\/nehirden-su-yerine-kan-akiyordu\/"},"author":{"name":"kalem","@id":"https:\/\/akunq.net\/turkish\/#\/schema\/person\/135e7923d1aeb8887890799619969a6c"},"headline":"Nehirden su yerine kan ak\u0131yordu","datePublished":"2010-08-02T13:01:01+00:00","mainEntityOfPage":{"@id":"https:\/\/akunq.net\/turkish\/2010\/08\/02\/nehirden-su-yerine-kan-akiyordu\/"},"wordCount":716,"articleSection":["Ermeni Soyk\u0131r\u0131m\u0131","Haberler"],"inLanguage":"en-US"},{"@type":"WebPage","@id":"https:\/\/akunq.net\/turkish\/2010\/08\/02\/nehirden-su-yerine-kan-akiyordu\/","url":"https:\/\/akunq.net\/turkish\/2010\/08\/02\/nehirden-su-yerine-kan-akiyordu\/","name":"Nehirden su yerine kan ak\u0131yordu - Bati Ermenistan Ve Bati Ermenileri Sorunlari Ara\u015ftirmalar Merkezi","isPartOf":{"@id":"https:\/\/akunq.net\/turkish\/#website"},"datePublished":"2010-08-02T13:01:01+00:00","author":{"@id":"https:\/\/akunq.net\/turkish\/#\/schema\/person\/135e7923d1aeb8887890799619969a6c"},"breadcrumb":{"@id":"https:\/\/akunq.net\/turkish\/2010\/08\/02\/nehirden-su-yerine-kan-akiyordu\/#breadcrumb"},"inLanguage":"en-US","potentialAction":[{"@type":"ReadAction","target":["https:\/\/akunq.net\/turkish\/2010\/08\/02\/nehirden-su-yerine-kan-akiyordu\/"]}]},{"@type":"BreadcrumbList","@id":"https:\/\/akunq.net\/turkish\/2010\/08\/02\/nehirden-su-yerine-kan-akiyordu\/#breadcrumb","itemListElement":[{"@type":"ListItem","position":1,"name":"Home","item":"https:\/\/akunq.net\/turkish\/"},{"@type":"ListItem","position":2,"name":"Nehirden su yerine kan ak\u0131yordu"}]},{"@type":"WebSite","@id":"https:\/\/akunq.net\/turkish\/#website","url":"https:\/\/akunq.net\/turkish\/","name":"Bati Ermenistan Ve Bati Ermenileri Sorunlari Ara\u015ftirmalar Merkezi","description":"","potentialAction":[{"@type":"SearchAction","target":{"@type":"EntryPoint","urlTemplate":"https:\/\/akunq.net\/turkish\/?s={search_term_string}"},"query-input":{"@type":"PropertyValueSpecification","valueRequired":true,"valueName":"search_term_string"}}],"inLanguage":"en-US"},{"@type":"Person","@id":"https:\/\/akunq.net\/turkish\/#\/schema\/person\/135e7923d1aeb8887890799619969a6c","name":"kalem","image":{"@type":"ImageObject","inLanguage":"en-US","@id":"https:\/\/secure.gravatar.com\/avatar\/a06875e4b25feb5674296adf8e8a7ae1e587cebce2493fe63c456109967e27d3?s=96&d=mm&r=g","url":"https:\/\/secure.gravatar.com\/avatar\/a06875e4b25feb5674296adf8e8a7ae1e587cebce2493fe63c456109967e27d3?s=96&d=mm&r=g","contentUrl":"https:\/\/secure.gravatar.com\/avatar\/a06875e4b25feb5674296adf8e8a7ae1e587cebce2493fe63c456109967e27d3?s=96&d=mm&r=g","caption":"kalem"},"url":"https:\/\/akunq.net\/turkish\/author\/kalem\/"}]}},"_links":{"self":[{"href":"https:\/\/akunq.net\/turkish\/wp-json\/wp\/v2\/posts\/1438","targetHints":{"allow":["GET"]}}],"collection":[{"href":"https:\/\/akunq.net\/turkish\/wp-json\/wp\/v2\/posts"}],"about":[{"href":"https:\/\/akunq.net\/turkish\/wp-json\/wp\/v2\/types\/post"}],"author":[{"embeddable":true,"href":"https:\/\/akunq.net\/turkish\/wp-json\/wp\/v2\/users\/3"}],"replies":[{"embeddable":true,"href":"https:\/\/akunq.net\/turkish\/wp-json\/wp\/v2\/comments?post=1438"}],"version-history":[{"count":0,"href":"https:\/\/akunq.net\/turkish\/wp-json\/wp\/v2\/posts\/1438\/revisions"}],"wp:attachment":[{"href":"https:\/\/akunq.net\/turkish\/wp-json\/wp\/v2\/media?parent=1438"}],"wp:term":[{"taxonomy":"category","embeddable":true,"href":"https:\/\/akunq.net\/turkish\/wp-json\/wp\/v2\/categories?post=1438"},{"taxonomy":"post_tag","embeddable":true,"href":"https:\/\/akunq.net\/turkish\/wp-json\/wp\/v2\/tags?post=1438"}],"curies":[{"name":"wp","href":"https:\/\/api.w.org\/{rel}","templated":true}]}}