{"id":1435,"date":"2010-08-02T06:10:43","date_gmt":"2010-08-02T11:10:43","guid":{"rendered":"http:\/\/akunq.net\/tr\/?p=1435"},"modified":"2010-08-02T06:10:43","modified_gmt":"2010-08-02T11:10:43","slug":"akdamar-kilisesinde-heykel-sergisi","status":"publish","type":"post","link":"https:\/\/akunq.net\/turkish\/2010\/08\/02\/akdamar-kilisesinde-heykel-sergisi\/","title":{"rendered":"Akdamar Kilisesi&#8217;nde heykel sergisi"},"content":{"rendered":"<p style=\"text-align: justify\">19 Eyl\u00fcl&#8217;de yap\u0131lacak ilk ayini bekleyen Akdamar Adas\u0131&#8217;ndaki tarihi kilisede bug\u00fcnlerde bir etkinlik daha yap\u0131l\u0131yor. Kilise ilk kez bir heykel sergisine ev sahipli\u011fi yap\u0131yor.<\/p>\n<p>&#8216;Ahtamara&#8217; isimli sergide 17 heykeltra\u015f\u0131n eserleri sergileniyor. Sanat\u00e7\u0131lar heykelleriyle Akdamar&#8217;la ilgili duygu ve d\u00fc\u015f\u00fcncelerini yans\u0131tmaya \u00e7al\u0131\u015ft\u0131.<\/p>\n<p>Van Valisi M\u00fcnir Karalo\u011flu, a\u00e7\u0131l\u0131\u015fta yapt\u0131\u011f\u0131 konu\u015fmada, serginin turizmi geli\u015ftirme ad\u0131na \u00f6nemli oldu\u011funu s\u00f6yledi.<\/p>\n<p>Karalo\u011flu, &#8220;Bug\u00fcn bu an\u0131t m\u00fczede bir heykel sergisinin a\u00e7\u0131l\u0131yor olmas\u0131 Van i\u00e7in \u00f6nemli. Biz art\u0131k Vanl\u0131 \u00e7ocuklar\u0131n ta\u015f atmas\u0131n\u0131 de\u011fil, ta\u015f yontmas\u0131n\u0131 istiyoruz&#8221; dedi.<\/p>\n<p>Sergi bir hafta boyunca misafirlerini a\u011f\u0131rlayacak.<\/p>\n<p style=\"text-align: justify\">\u00a0<strong>Kaynak:<\/strong> cnnturk.com<br \/>\n<strong>Tarih:<\/strong> 02.08.2010<\/p>\n","protected":false},"excerpt":{"rendered":"<p>19 Eyl\u00fcl&#8217;de yap\u0131lacak ilk ayini bekleyen Akdamar Adas\u0131&#8217;ndaki tarihi kilisede bug\u00fcnlerde bir etkinlik daha yap\u0131l\u0131yor. Kilise ilk kez bir heykel sergisine ev sahipli\u011fi yap\u0131yor. &#8216;Ahtamara&#8217; isimli sergide 17 heykeltra\u015f\u0131n eserleri sergileniyor. Sanat\u00e7\u0131lar heykelleriyle Akdamar&#8217;la ilgili duygu ve d\u00fc\u015f\u00fcncelerini yans\u0131tmaya \u00e7al\u0131\u015ft\u0131. Van Valisi M\u00fcnir Karalo\u011flu, a\u00e7\u0131l\u0131\u015fta yapt\u0131\u011f\u0131 konu\u015fmada, serginin turizmi geli\u015ftirme ad\u0131na \u00f6nemli oldu\u011funu s\u00f6yledi. Karalo\u011flu, [&hellip;]<\/p>\n","protected":false},"author":3,"featured_media":0,"comment_status":"closed","ping_status":"open","sticky":false,"template":"","format":"standard","meta":{"footnotes":""},"categories":[14],"tags":[],"class_list":["post-1435","post","type-post","status-publish","format-standard","hentry","category-haberler"],"yoast_head":"<!-- This site is optimized with the Yoast SEO plugin v27.4 - https:\/\/yoast.com\/product\/yoast-seo-wordpress\/ -->\n<title>Akdamar Kilisesi&#039;nde heykel sergisi - Bati Ermenistan Ve Bati Ermenileri Sorunlari Ara\u015ftirmalar Merkezi<\/title>\n<meta name=\"robots\" content=\"index, follow, max-snippet:-1, max-image-preview:large, max-video-preview:-1\" \/>\n<link rel=\"canonical\" href=\"https:\/\/akunq.net\/turkish\/2010\/08\/02\/akdamar-kilisesinde-heykel-sergisi\/\" \/>\n<meta property=\"og:locale\" content=\"en_US\" \/>\n<meta property=\"og:type\" content=\"article\" \/>\n<meta property=\"og:title\" content=\"Akdamar Kilisesi&#039;nde heykel sergisi - Bati Ermenistan Ve Bati Ermenileri Sorunlari Ara\u015ftirmalar Merkezi\" \/>\n<meta property=\"og:description\" content=\"19 Eyl\u00fcl&#8217;de yap\u0131lacak ilk ayini bekleyen Akdamar Adas\u0131&#8217;ndaki tarihi kilisede bug\u00fcnlerde bir etkinlik daha yap\u0131l\u0131yor. Kilise ilk kez bir heykel sergisine ev sahipli\u011fi yap\u0131yor. &#8216;Ahtamara&#8217; isimli sergide 17 heykeltra\u015f\u0131n eserleri sergileniyor. Sanat\u00e7\u0131lar heykelleriyle Akdamar&#8217;la ilgili duygu ve d\u00fc\u015f\u00fcncelerini yans\u0131tmaya \u00e7al\u0131\u015ft\u0131. Van Valisi M\u00fcnir Karalo\u011flu, a\u00e7\u0131l\u0131\u015fta yapt\u0131\u011f\u0131 konu\u015fmada, serginin turizmi geli\u015ftirme ad\u0131na \u00f6nemli oldu\u011funu s\u00f6yledi. Karalo\u011flu, [&hellip;]\" \/>\n<meta property=\"og:url\" content=\"https:\/\/akunq.net\/turkish\/2010\/08\/02\/akdamar-kilisesinde-heykel-sergisi\/\" \/>\n<meta property=\"og:site_name\" content=\"Bati Ermenistan Ve Bati Ermenileri Sorunlari Ara\u015ftirmalar Merkezi\" \/>\n<meta property=\"article:published_time\" content=\"2010-08-02T11:10:43+00:00\" \/>\n<meta name=\"author\" content=\"kalem\" \/>\n<meta name=\"twitter:card\" content=\"summary_large_image\" \/>\n<meta name=\"twitter:label1\" content=\"Written by\" \/>\n\t<meta name=\"twitter:data1\" content=\"kalem\" \/>\n\t<meta name=\"twitter:label2\" content=\"Est. reading time\" \/>\n\t<meta name=\"twitter:data2\" content=\"1 minute\" \/>\n<script type=\"application\/ld+json\" class=\"yoast-schema-graph\">{\"@context\":\"https:\\\/\\\/schema.org\",\"@graph\":[{\"@type\":\"Article\",\"@id\":\"https:\\\/\\\/akunq.net\\\/turkish\\\/2010\\\/08\\\/02\\\/akdamar-kilisesinde-heykel-sergisi\\\/#article\",\"isPartOf\":{\"@id\":\"https:\\\/\\\/akunq.net\\\/turkish\\\/2010\\\/08\\\/02\\\/akdamar-kilisesinde-heykel-sergisi\\\/\"},\"author\":{\"name\":\"kalem\",\"@id\":\"https:\\\/\\\/akunq.net\\\/turkish\\\/#\\\/schema\\\/person\\\/135e7923d1aeb8887890799619969a6c\"},\"headline\":\"Akdamar Kilisesi&#8217;nde heykel sergisi\",\"datePublished\":\"2010-08-02T11:10:43+00:00\",\"mainEntityOfPage\":{\"@id\":\"https:\\\/\\\/akunq.net\\\/turkish\\\/2010\\\/08\\\/02\\\/akdamar-kilisesinde-heykel-sergisi\\\/\"},\"wordCount\":125,\"articleSection\":[\"Haberler\"],\"inLanguage\":\"en-US\"},{\"@type\":\"WebPage\",\"@id\":\"https:\\\/\\\/akunq.net\\\/turkish\\\/2010\\\/08\\\/02\\\/akdamar-kilisesinde-heykel-sergisi\\\/\",\"url\":\"https:\\\/\\\/akunq.net\\\/turkish\\\/2010\\\/08\\\/02\\\/akdamar-kilisesinde-heykel-sergisi\\\/\",\"name\":\"Akdamar Kilisesi'nde heykel sergisi - Bati Ermenistan Ve Bati Ermenileri Sorunlari Ara\u015ftirmalar Merkezi\",\"isPartOf\":{\"@id\":\"https:\\\/\\\/akunq.net\\\/turkish\\\/#website\"},\"datePublished\":\"2010-08-02T11:10:43+00:00\",\"author\":{\"@id\":\"https:\\\/\\\/akunq.net\\\/turkish\\\/#\\\/schema\\\/person\\\/135e7923d1aeb8887890799619969a6c\"},\"breadcrumb\":{\"@id\":\"https:\\\/\\\/akunq.net\\\/turkish\\\/2010\\\/08\\\/02\\\/akdamar-kilisesinde-heykel-sergisi\\\/#breadcrumb\"},\"inLanguage\":\"en-US\",\"potentialAction\":[{\"@type\":\"ReadAction\",\"target\":[\"https:\\\/\\\/akunq.net\\\/turkish\\\/2010\\\/08\\\/02\\\/akdamar-kilisesinde-heykel-sergisi\\\/\"]}]},{\"@type\":\"BreadcrumbList\",\"@id\":\"https:\\\/\\\/akunq.net\\\/turkish\\\/2010\\\/08\\\/02\\\/akdamar-kilisesinde-heykel-sergisi\\\/#breadcrumb\",\"itemListElement\":[{\"@type\":\"ListItem\",\"position\":1,\"name\":\"Home\",\"item\":\"https:\\\/\\\/akunq.net\\\/turkish\\\/\"},{\"@type\":\"ListItem\",\"position\":2,\"name\":\"Akdamar Kilisesi&#8217;nde heykel sergisi\"}]},{\"@type\":\"WebSite\",\"@id\":\"https:\\\/\\\/akunq.net\\\/turkish\\\/#website\",\"url\":\"https:\\\/\\\/akunq.net\\\/turkish\\\/\",\"name\":\"Bati Ermenistan Ve Bati Ermenileri Sorunlari Ara\u015ftirmalar Merkezi\",\"description\":\"\",\"potentialAction\":[{\"@type\":\"SearchAction\",\"target\":{\"@type\":\"EntryPoint\",\"urlTemplate\":\"https:\\\/\\\/akunq.net\\\/turkish\\\/?s={search_term_string}\"},\"query-input\":{\"@type\":\"PropertyValueSpecification\",\"valueRequired\":true,\"valueName\":\"search_term_string\"}}],\"inLanguage\":\"en-US\"},{\"@type\":\"Person\",\"@id\":\"https:\\\/\\\/akunq.net\\\/turkish\\\/#\\\/schema\\\/person\\\/135e7923d1aeb8887890799619969a6c\",\"name\":\"kalem\",\"image\":{\"@type\":\"ImageObject\",\"inLanguage\":\"en-US\",\"@id\":\"https:\\\/\\\/secure.gravatar.com\\\/avatar\\\/a06875e4b25feb5674296adf8e8a7ae1e587cebce2493fe63c456109967e27d3?s=96&d=mm&r=g\",\"url\":\"https:\\\/\\\/secure.gravatar.com\\\/avatar\\\/a06875e4b25feb5674296adf8e8a7ae1e587cebce2493fe63c456109967e27d3?s=96&d=mm&r=g\",\"contentUrl\":\"https:\\\/\\\/secure.gravatar.com\\\/avatar\\\/a06875e4b25feb5674296adf8e8a7ae1e587cebce2493fe63c456109967e27d3?s=96&d=mm&r=g\",\"caption\":\"kalem\"},\"url\":\"https:\\\/\\\/akunq.net\\\/turkish\\\/author\\\/kalem\\\/\"}]}<\/script>\n<!-- \/ Yoast SEO plugin. -->","yoast_head_json":{"title":"Akdamar Kilisesi'nde heykel sergisi - Bati Ermenistan Ve Bati Ermenileri Sorunlari Ara\u015ftirmalar Merkezi","robots":{"index":"index","follow":"follow","max-snippet":"max-snippet:-1","max-image-preview":"max-image-preview:large","max-video-preview":"max-video-preview:-1"},"canonical":"https:\/\/akunq.net\/turkish\/2010\/08\/02\/akdamar-kilisesinde-heykel-sergisi\/","og_locale":"en_US","og_type":"article","og_title":"Akdamar Kilisesi'nde heykel sergisi - Bati Ermenistan Ve Bati Ermenileri Sorunlari Ara\u015ftirmalar Merkezi","og_description":"19 Eyl\u00fcl&#8217;de yap\u0131lacak ilk ayini bekleyen Akdamar Adas\u0131&#8217;ndaki tarihi kilisede bug\u00fcnlerde bir etkinlik daha yap\u0131l\u0131yor. Kilise ilk kez bir heykel sergisine ev sahipli\u011fi yap\u0131yor. &#8216;Ahtamara&#8217; isimli sergide 17 heykeltra\u015f\u0131n eserleri sergileniyor. Sanat\u00e7\u0131lar heykelleriyle Akdamar&#8217;la ilgili duygu ve d\u00fc\u015f\u00fcncelerini yans\u0131tmaya \u00e7al\u0131\u015ft\u0131. Van Valisi M\u00fcnir Karalo\u011flu, a\u00e7\u0131l\u0131\u015fta yapt\u0131\u011f\u0131 konu\u015fmada, serginin turizmi geli\u015ftirme ad\u0131na \u00f6nemli oldu\u011funu s\u00f6yledi. Karalo\u011flu, [&hellip;]","og_url":"https:\/\/akunq.net\/turkish\/2010\/08\/02\/akdamar-kilisesinde-heykel-sergisi\/","og_site_name":"Bati Ermenistan Ve Bati Ermenileri Sorunlari Ara\u015ftirmalar Merkezi","article_published_time":"2010-08-02T11:10:43+00:00","author":"kalem","twitter_card":"summary_large_image","twitter_misc":{"Written by":"kalem","Est. reading time":"1 minute"},"schema":{"@context":"https:\/\/schema.org","@graph":[{"@type":"Article","@id":"https:\/\/akunq.net\/turkish\/2010\/08\/02\/akdamar-kilisesinde-heykel-sergisi\/#article","isPartOf":{"@id":"https:\/\/akunq.net\/turkish\/2010\/08\/02\/akdamar-kilisesinde-heykel-sergisi\/"},"author":{"name":"kalem","@id":"https:\/\/akunq.net\/turkish\/#\/schema\/person\/135e7923d1aeb8887890799619969a6c"},"headline":"Akdamar Kilisesi&#8217;nde heykel sergisi","datePublished":"2010-08-02T11:10:43+00:00","mainEntityOfPage":{"@id":"https:\/\/akunq.net\/turkish\/2010\/08\/02\/akdamar-kilisesinde-heykel-sergisi\/"},"wordCount":125,"articleSection":["Haberler"],"inLanguage":"en-US"},{"@type":"WebPage","@id":"https:\/\/akunq.net\/turkish\/2010\/08\/02\/akdamar-kilisesinde-heykel-sergisi\/","url":"https:\/\/akunq.net\/turkish\/2010\/08\/02\/akdamar-kilisesinde-heykel-sergisi\/","name":"Akdamar Kilisesi'nde heykel sergisi - Bati Ermenistan Ve Bati Ermenileri Sorunlari Ara\u015ftirmalar Merkezi","isPartOf":{"@id":"https:\/\/akunq.net\/turkish\/#website"},"datePublished":"2010-08-02T11:10:43+00:00","author":{"@id":"https:\/\/akunq.net\/turkish\/#\/schema\/person\/135e7923d1aeb8887890799619969a6c"},"breadcrumb":{"@id":"https:\/\/akunq.net\/turkish\/2010\/08\/02\/akdamar-kilisesinde-heykel-sergisi\/#breadcrumb"},"inLanguage":"en-US","potentialAction":[{"@type":"ReadAction","target":["https:\/\/akunq.net\/turkish\/2010\/08\/02\/akdamar-kilisesinde-heykel-sergisi\/"]}]},{"@type":"BreadcrumbList","@id":"https:\/\/akunq.net\/turkish\/2010\/08\/02\/akdamar-kilisesinde-heykel-sergisi\/#breadcrumb","itemListElement":[{"@type":"ListItem","position":1,"name":"Home","item":"https:\/\/akunq.net\/turkish\/"},{"@type":"ListItem","position":2,"name":"Akdamar Kilisesi&#8217;nde heykel sergisi"}]},{"@type":"WebSite","@id":"https:\/\/akunq.net\/turkish\/#website","url":"https:\/\/akunq.net\/turkish\/","name":"Bati Ermenistan Ve Bati Ermenileri Sorunlari Ara\u015ftirmalar Merkezi","description":"","potentialAction":[{"@type":"SearchAction","target":{"@type":"EntryPoint","urlTemplate":"https:\/\/akunq.net\/turkish\/?s={search_term_string}"},"query-input":{"@type":"PropertyValueSpecification","valueRequired":true,"valueName":"search_term_string"}}],"inLanguage":"en-US"},{"@type":"Person","@id":"https:\/\/akunq.net\/turkish\/#\/schema\/person\/135e7923d1aeb8887890799619969a6c","name":"kalem","image":{"@type":"ImageObject","inLanguage":"en-US","@id":"https:\/\/secure.gravatar.com\/avatar\/a06875e4b25feb5674296adf8e8a7ae1e587cebce2493fe63c456109967e27d3?s=96&d=mm&r=g","url":"https:\/\/secure.gravatar.com\/avatar\/a06875e4b25feb5674296adf8e8a7ae1e587cebce2493fe63c456109967e27d3?s=96&d=mm&r=g","contentUrl":"https:\/\/secure.gravatar.com\/avatar\/a06875e4b25feb5674296adf8e8a7ae1e587cebce2493fe63c456109967e27d3?s=96&d=mm&r=g","caption":"kalem"},"url":"https:\/\/akunq.net\/turkish\/author\/kalem\/"}]}},"_links":{"self":[{"href":"https:\/\/akunq.net\/turkish\/wp-json\/wp\/v2\/posts\/1435","targetHints":{"allow":["GET"]}}],"collection":[{"href":"https:\/\/akunq.net\/turkish\/wp-json\/wp\/v2\/posts"}],"about":[{"href":"https:\/\/akunq.net\/turkish\/wp-json\/wp\/v2\/types\/post"}],"author":[{"embeddable":true,"href":"https:\/\/akunq.net\/turkish\/wp-json\/wp\/v2\/users\/3"}],"replies":[{"embeddable":true,"href":"https:\/\/akunq.net\/turkish\/wp-json\/wp\/v2\/comments?post=1435"}],"version-history":[{"count":0,"href":"https:\/\/akunq.net\/turkish\/wp-json\/wp\/v2\/posts\/1435\/revisions"}],"wp:attachment":[{"href":"https:\/\/akunq.net\/turkish\/wp-json\/wp\/v2\/media?parent=1435"}],"wp:term":[{"taxonomy":"category","embeddable":true,"href":"https:\/\/akunq.net\/turkish\/wp-json\/wp\/v2\/categories?post=1435"},{"taxonomy":"post_tag","embeddable":true,"href":"https:\/\/akunq.net\/turkish\/wp-json\/wp\/v2\/tags?post=1435"}],"curies":[{"name":"wp","href":"https:\/\/api.w.org\/{rel}","templated":true}]}}