{"id":1431,"date":"2010-07-31T03:55:16","date_gmt":"2010-07-31T08:55:16","guid":{"rendered":"http:\/\/akunq.net\/tr\/?p=1431"},"modified":"2010-07-31T03:55:16","modified_gmt":"2010-07-31T08:55:16","slug":"gasp-edilen-ermeni-mulkleri-cari-ve-esas-defterlerde-duruyor","status":"publish","type":"post","link":"https:\/\/akunq.net\/turkish\/2010\/07\/31\/gasp-edilen-ermeni-mulkleri-cari-ve-esas-defterlerde-duruyor\/","title":{"rendered":"&#8220;Gasp Edilen Ermeni M\u00fclkleri Cari ve Esas Defterlerde Duruyor&#8221;"},"content":{"rendered":"<p style=\"text-align: justify\"><strong><em>&#8220;K\u00f6y\u00fcm Malatya&#8217;n\u0131n Hasan\u00e7elebi k\u00f6y\u00fc. &#8216;A\u011fan\u0131n tarlas\u0131&#8217; olarak bildi\u011fim tarlan\u0131n, 1915&#8217;te s\u00fcr\u00fclen Ohannes ailesine ait oldu\u011funu \u00e7ok sonra \u00f6\u011frendim.<\/em><\/strong><\/p>\n<p style=\"text-align: justify\"><strong><em>&#8220;<\/em><\/strong>Bu s\u00f6zlerin sahibi, &#8220;Emval- i Metruke Olay\u0131 Osmanl\u0131&#8217;da ve Cumhuriyette Ermeni ve Rum Mallar\u0131n\u0131n T\u00fcrkle\u015ftirilmesi&#8221; kitab\u0131n\u0131n yazar\u0131 Nevzat Onaran.<\/p>\n<p style=\"text-align: justify\">\u00a0Onaran, Los Angeles&#8217;ta ya\u015fayan iki ABD&#8217;li Ermeni hukuk\u00e7unun, 1915 ve sonras\u0131nda Ermenilerden al\u0131nan m\u00fclk, para ve T\u00fcrkiye&#8217;de m\u00fczelerde tutulan dini ve tarihi eserler i\u00e7in a\u00e7t\u0131\u011f\u0131 tazminat davas\u0131n\u0131 bianet&#8217;e de\u011ferlendirdi.<\/p>\n<p style=\"text-align: justify\">&#8220;Bu davada farkl\u0131 olan, T\u00fcrkiye&#8217;nin ilk kez &#8216;san\u0131k&#8217; s\u0131fat\u0131yla davaya dahil edilmesi&#8221; diyen Onaran, Osmanl\u0131 ve Cumhuriyet d\u00f6neminde Ermeni mallar\u0131n\u0131n sat\u0131\u015f\u0131 ve el de\u011fi\u015ftirmesiyle ilgili tutulan defterlerin mutlaka a\u00e7\u0131lmas\u0131 gerekti\u011fini s\u00f6yledi.<\/p>\n<p style=\"text-align: justify\"><strong><em>Sat\u0131lan mallar\u0131n kayd\u0131 tutuldu<\/em><\/strong>Onaran Osmanl\u0131 ve Cumhuriyet d\u00f6neminde Ermeni mallar\u0131n\u0131n hangi kanunlarla el de\u011fi\u015ftirdi\u011fini ve s\u00fcrecin nas\u0131l i\u015fledi\u011fini anlatt\u0131:<\/p>\n<p style=\"text-align: justify\">\u00a0*27 May\u0131s 1915 tarihli Tehcir Kanunu ile Ermeniler s\u00fcrg\u00fcn edildikten sonra onlar\u0131n kalan mallar\u0131yla ilgili, 10 Haziran 1915 tarihli, &#8220;Ba\u015fka yerlere nakledilen Ermeniler&#8217;e ait m\u00fclk ve arazinin idare \u015fekli hakk\u0131nda y\u00f6netmenlik&#8221; \u00e7\u0131kar\u0131ld\u0131. Esas kanuni d\u00fczenleme 26 Eyl\u00fcl 1915&#8217;te yap\u0131ld\u0131. Bu kanuna Tasfiye Kanunu denir.<br \/>\n*Bu kanunla birlikte &#8220;Emvali Metruke \u0130dare Komisyonlar\u0131&#8221; kurularak, s\u00fcrg\u00fcn edilen ki\u015filerin mallar\u0131n\u0131, alacaklar\u0131n\u0131 ve bor\u00e7lar\u0131n\u0131 tahsil etmek, \u00f6demek ve satmakla yetkilendirildi. Bu komisyon b\u00fct\u00fcn i\u015flemlerini &#8220;esas&#8221; ve &#8220;cari&#8221; defterlerine kaydetti. Bu g\u00fcne kadar bu belgelerin tek sat\u0131r\u0131 ortaya \u00e7\u0131kar\u0131lmad\u0131; bu defterler bulunursa ne kadar mal\u0131n el de\u011fi\u015ftirdi\u011fi ortaya \u00e7\u0131kar.<\/p>\n<p style=\"text-align: justify\">*Tasfiye Kanunu \u0130stanbul h\u00fck\u00fcmetince, Ocak 1920&#8217;de, bir kararnameyle y\u00fcr\u00fcrl\u00fckten kald\u0131r\u0131ld\u0131; mallar\u0131n yasal faizleriyle birlikte geri verilece\u011fi belirtildi. Tabii bu ne kadar i\u015fletildi bilmiyoruz.<\/p>\n<p style=\"text-align: justify\"><strong><em>Cumhuriyet y\u00f6netimi tasfiyeye devam etti<\/em><\/strong>*Cumhuriyet y\u00f6netimi ise 14 Eyl\u00fcl 1922&#8217;de \u0130stanbul h\u00fck\u00fcmetinin kararnamesini ortadan kald\u0131r\u0131p, 15 Nisan 1923&#8217;te, Tasfiye Kanunu&#8217;na, baz\u0131 maddelerinde de\u011fi\u015fiklik yapan alt\u0131 madde daha ekledi. Yine Tasfiye Komisyonlar\u0131 kuruldu; Osmanl\u0131 d\u00f6nemindeki gibi mallar\u0131n tasfiyesine devam edildi. Bu komisyon da kay\u0131tlar\u0131 da &#8220;esas&#8221; ve &#8220;cari&#8221; defterlere kaydedildi.<\/p>\n<p style=\"text-align: justify\">\u00a0*Sat\u0131lan mallar\u0131n ne kadar tuttu\u011fu koca bir soru i\u015fareti. \u015eu kadar\u0131n\u0131 biliyoruz: 1928&#8217;de s\u00fcr\u00fclen ki\u015filerin ad\u0131na Maliye&#8217;de &#8220;emanet hesab\u0131&#8221;nda tutulan paralar\u0131n b\u00fct\u00e7eye aktar\u0131lmas\u0131 y\u00f6n\u00fcnde kanuni d\u00fczenleme yap\u0131ld\u0131 ve ilk olarak 1928 b\u00fct\u00e7esine 300 bin lira aktar\u0131ld\u0131. Kaba bir hesapla bu, g\u00fcn\u00fcm\u00fcz paras\u0131yla 300 milyon lira ediyor.<\/p>\n<p style=\"text-align: justify\">Onaran, Ermeni mallar\u0131na el koyma i\u015fleminin \u0130ttihat ve Terekki&#8217;den Ahmet R\u0131za&#8217;n\u0131n gayretiyle tart\u0131\u015fmaya a\u00e7\u0131ld\u0131\u011f\u0131n\u0131 anlatarak, &#8220;Aral\u0131k 1915&#8217;te Meclis&#8217;te yap\u0131lan tart\u0131\u015fmada Ahmet R\u0131za, Tasfiye Kanunu&#8217;nun Kanuni Esasi&#8217;nin 21 maddesine ayk\u0131r\u0131 oldu\u011funu s\u00f6yler ve \u0130ttihat Terakki \u00fcyelerine &#8216;siz bunlar\u0131n mallar\u0131n\u0131 gasp edemezsiniz&#8217; der. Bu konu\u015fma da Meclis kay\u0131tlar\u0131nda vard\u0131r&#8221; dedi.<\/p>\n<p style=\"text-align: justify\">\u00a0<strong><em>Kaynak:<\/em><\/strong><em> <strong>bianet.org<br \/>\nTarih: 30.7.2010<\/strong><\/em><\/p>\n<p style=\"text-align: justify\"><strong><em>Semra PELEK <\/em><\/strong><\/p>\n","protected":false},"excerpt":{"rendered":"<p>&#8220;K\u00f6y\u00fcm Malatya&#8217;n\u0131n Hasan\u00e7elebi k\u00f6y\u00fc. &#8216;A\u011fan\u0131n tarlas\u0131&#8217; olarak bildi\u011fim tarlan\u0131n, 1915&#8217;te s\u00fcr\u00fclen Ohannes ailesine ait oldu\u011funu \u00e7ok sonra \u00f6\u011frendim. &#8220;Bu s\u00f6zlerin sahibi, &#8220;Emval- i Metruke Olay\u0131 Osmanl\u0131&#8217;da ve Cumhuriyette Ermeni ve Rum Mallar\u0131n\u0131n T\u00fcrkle\u015ftirilmesi&#8221; kitab\u0131n\u0131n yazar\u0131 Nevzat Onaran. \u00a0Onaran, Los Angeles&#8217;ta ya\u015fayan iki ABD&#8217;li Ermeni hukuk\u00e7unun, 1915 ve sonras\u0131nda Ermenilerden al\u0131nan m\u00fclk, para ve T\u00fcrkiye&#8217;de m\u00fczelerde [&hellip;]<\/p>\n","protected":false},"author":3,"featured_media":0,"comment_status":"closed","ping_status":"open","sticky":false,"template":"","format":"standard","meta":{"footnotes":""},"categories":[14],"tags":[],"class_list":["post-1431","post","type-post","status-publish","format-standard","hentry","category-haberler"],"yoast_head":"<!-- This site is optimized with the Yoast SEO plugin v27.4 - https:\/\/yoast.com\/product\/yoast-seo-wordpress\/ -->\n<title>&quot;Gasp Edilen Ermeni M\u00fclkleri Cari ve Esas Defterlerde Duruyor&quot; - Bati Ermenistan Ve Bati Ermenileri Sorunlari Ara\u015ftirmalar Merkezi<\/title>\n<meta name=\"robots\" content=\"index, follow, max-snippet:-1, max-image-preview:large, max-video-preview:-1\" \/>\n<link rel=\"canonical\" href=\"https:\/\/akunq.net\/turkish\/2010\/07\/31\/gasp-edilen-ermeni-mulkleri-cari-ve-esas-defterlerde-duruyor\/\" \/>\n<meta property=\"og:locale\" content=\"en_US\" \/>\n<meta property=\"og:type\" content=\"article\" \/>\n<meta property=\"og:title\" content=\"&quot;Gasp Edilen Ermeni M\u00fclkleri Cari ve Esas Defterlerde Duruyor&quot; - Bati Ermenistan Ve Bati Ermenileri Sorunlari Ara\u015ftirmalar Merkezi\" \/>\n<meta property=\"og:description\" content=\"&#8220;K\u00f6y\u00fcm Malatya&#8217;n\u0131n Hasan\u00e7elebi k\u00f6y\u00fc. &#8216;A\u011fan\u0131n tarlas\u0131&#8217; olarak bildi\u011fim tarlan\u0131n, 1915&#8217;te s\u00fcr\u00fclen Ohannes ailesine ait oldu\u011funu \u00e7ok sonra \u00f6\u011frendim. &#8220;Bu s\u00f6zlerin sahibi, &#8220;Emval- i Metruke Olay\u0131 Osmanl\u0131&#8217;da ve Cumhuriyette Ermeni ve Rum Mallar\u0131n\u0131n T\u00fcrkle\u015ftirilmesi&#8221; kitab\u0131n\u0131n yazar\u0131 Nevzat Onaran. \u00a0Onaran, Los Angeles&#8217;ta ya\u015fayan iki ABD&#8217;li Ermeni hukuk\u00e7unun, 1915 ve sonras\u0131nda Ermenilerden al\u0131nan m\u00fclk, para ve T\u00fcrkiye&#8217;de m\u00fczelerde [&hellip;]\" \/>\n<meta property=\"og:url\" content=\"https:\/\/akunq.net\/turkish\/2010\/07\/31\/gasp-edilen-ermeni-mulkleri-cari-ve-esas-defterlerde-duruyor\/\" \/>\n<meta property=\"og:site_name\" content=\"Bati Ermenistan Ve Bati Ermenileri Sorunlari Ara\u015ftirmalar Merkezi\" \/>\n<meta property=\"article:published_time\" content=\"2010-07-31T08:55:16+00:00\" \/>\n<meta name=\"author\" content=\"kalem\" \/>\n<meta name=\"twitter:card\" content=\"summary_large_image\" \/>\n<meta name=\"twitter:label1\" content=\"Written by\" \/>\n\t<meta name=\"twitter:data1\" content=\"kalem\" \/>\n\t<meta name=\"twitter:label2\" content=\"Est. reading time\" \/>\n\t<meta name=\"twitter:data2\" content=\"3 minutes\" \/>\n<script type=\"application\/ld+json\" class=\"yoast-schema-graph\">{\"@context\":\"https:\\\/\\\/schema.org\",\"@graph\":[{\"@type\":\"Article\",\"@id\":\"https:\\\/\\\/akunq.net\\\/turkish\\\/2010\\\/07\\\/31\\\/gasp-edilen-ermeni-mulkleri-cari-ve-esas-defterlerde-duruyor\\\/#article\",\"isPartOf\":{\"@id\":\"https:\\\/\\\/akunq.net\\\/turkish\\\/2010\\\/07\\\/31\\\/gasp-edilen-ermeni-mulkleri-cari-ve-esas-defterlerde-duruyor\\\/\"},\"author\":{\"name\":\"kalem\",\"@id\":\"https:\\\/\\\/akunq.net\\\/turkish\\\/#\\\/schema\\\/person\\\/135e7923d1aeb8887890799619969a6c\"},\"headline\":\"&#8220;Gasp Edilen Ermeni M\u00fclkleri Cari ve Esas Defterlerde Duruyor&#8221;\",\"datePublished\":\"2010-07-31T08:55:16+00:00\",\"mainEntityOfPage\":{\"@id\":\"https:\\\/\\\/akunq.net\\\/turkish\\\/2010\\\/07\\\/31\\\/gasp-edilen-ermeni-mulkleri-cari-ve-esas-defterlerde-duruyor\\\/\"},\"wordCount\":534,\"articleSection\":[\"Haberler\"],\"inLanguage\":\"en-US\"},{\"@type\":\"WebPage\",\"@id\":\"https:\\\/\\\/akunq.net\\\/turkish\\\/2010\\\/07\\\/31\\\/gasp-edilen-ermeni-mulkleri-cari-ve-esas-defterlerde-duruyor\\\/\",\"url\":\"https:\\\/\\\/akunq.net\\\/turkish\\\/2010\\\/07\\\/31\\\/gasp-edilen-ermeni-mulkleri-cari-ve-esas-defterlerde-duruyor\\\/\",\"name\":\"\\\"Gasp Edilen Ermeni M\u00fclkleri Cari ve Esas Defterlerde Duruyor\\\" - Bati Ermenistan Ve Bati Ermenileri Sorunlari Ara\u015ftirmalar Merkezi\",\"isPartOf\":{\"@id\":\"https:\\\/\\\/akunq.net\\\/turkish\\\/#website\"},\"datePublished\":\"2010-07-31T08:55:16+00:00\",\"author\":{\"@id\":\"https:\\\/\\\/akunq.net\\\/turkish\\\/#\\\/schema\\\/person\\\/135e7923d1aeb8887890799619969a6c\"},\"breadcrumb\":{\"@id\":\"https:\\\/\\\/akunq.net\\\/turkish\\\/2010\\\/07\\\/31\\\/gasp-edilen-ermeni-mulkleri-cari-ve-esas-defterlerde-duruyor\\\/#breadcrumb\"},\"inLanguage\":\"en-US\",\"potentialAction\":[{\"@type\":\"ReadAction\",\"target\":[\"https:\\\/\\\/akunq.net\\\/turkish\\\/2010\\\/07\\\/31\\\/gasp-edilen-ermeni-mulkleri-cari-ve-esas-defterlerde-duruyor\\\/\"]}]},{\"@type\":\"BreadcrumbList\",\"@id\":\"https:\\\/\\\/akunq.net\\\/turkish\\\/2010\\\/07\\\/31\\\/gasp-edilen-ermeni-mulkleri-cari-ve-esas-defterlerde-duruyor\\\/#breadcrumb\",\"itemListElement\":[{\"@type\":\"ListItem\",\"position\":1,\"name\":\"Home\",\"item\":\"https:\\\/\\\/akunq.net\\\/turkish\\\/\"},{\"@type\":\"ListItem\",\"position\":2,\"name\":\"&#8220;Gasp Edilen Ermeni M\u00fclkleri Cari ve Esas Defterlerde Duruyor&#8221;\"}]},{\"@type\":\"WebSite\",\"@id\":\"https:\\\/\\\/akunq.net\\\/turkish\\\/#website\",\"url\":\"https:\\\/\\\/akunq.net\\\/turkish\\\/\",\"name\":\"Bati Ermenistan Ve Bati Ermenileri Sorunlari Ara\u015ftirmalar Merkezi\",\"description\":\"\",\"potentialAction\":[{\"@type\":\"SearchAction\",\"target\":{\"@type\":\"EntryPoint\",\"urlTemplate\":\"https:\\\/\\\/akunq.net\\\/turkish\\\/?s={search_term_string}\"},\"query-input\":{\"@type\":\"PropertyValueSpecification\",\"valueRequired\":true,\"valueName\":\"search_term_string\"}}],\"inLanguage\":\"en-US\"},{\"@type\":\"Person\",\"@id\":\"https:\\\/\\\/akunq.net\\\/turkish\\\/#\\\/schema\\\/person\\\/135e7923d1aeb8887890799619969a6c\",\"name\":\"kalem\",\"image\":{\"@type\":\"ImageObject\",\"inLanguage\":\"en-US\",\"@id\":\"https:\\\/\\\/secure.gravatar.com\\\/avatar\\\/a06875e4b25feb5674296adf8e8a7ae1e587cebce2493fe63c456109967e27d3?s=96&d=mm&r=g\",\"url\":\"https:\\\/\\\/secure.gravatar.com\\\/avatar\\\/a06875e4b25feb5674296adf8e8a7ae1e587cebce2493fe63c456109967e27d3?s=96&d=mm&r=g\",\"contentUrl\":\"https:\\\/\\\/secure.gravatar.com\\\/avatar\\\/a06875e4b25feb5674296adf8e8a7ae1e587cebce2493fe63c456109967e27d3?s=96&d=mm&r=g\",\"caption\":\"kalem\"},\"url\":\"https:\\\/\\\/akunq.net\\\/turkish\\\/author\\\/kalem\\\/\"}]}<\/script>\n<!-- \/ Yoast SEO plugin. -->","yoast_head_json":{"title":"\"Gasp Edilen Ermeni M\u00fclkleri Cari ve Esas Defterlerde Duruyor\" - Bati Ermenistan Ve Bati Ermenileri Sorunlari Ara\u015ftirmalar Merkezi","robots":{"index":"index","follow":"follow","max-snippet":"max-snippet:-1","max-image-preview":"max-image-preview:large","max-video-preview":"max-video-preview:-1"},"canonical":"https:\/\/akunq.net\/turkish\/2010\/07\/31\/gasp-edilen-ermeni-mulkleri-cari-ve-esas-defterlerde-duruyor\/","og_locale":"en_US","og_type":"article","og_title":"\"Gasp Edilen Ermeni M\u00fclkleri Cari ve Esas Defterlerde Duruyor\" - Bati Ermenistan Ve Bati Ermenileri Sorunlari Ara\u015ftirmalar Merkezi","og_description":"&#8220;K\u00f6y\u00fcm Malatya&#8217;n\u0131n Hasan\u00e7elebi k\u00f6y\u00fc. &#8216;A\u011fan\u0131n tarlas\u0131&#8217; olarak bildi\u011fim tarlan\u0131n, 1915&#8217;te s\u00fcr\u00fclen Ohannes ailesine ait oldu\u011funu \u00e7ok sonra \u00f6\u011frendim. &#8220;Bu s\u00f6zlerin sahibi, &#8220;Emval- i Metruke Olay\u0131 Osmanl\u0131&#8217;da ve Cumhuriyette Ermeni ve Rum Mallar\u0131n\u0131n T\u00fcrkle\u015ftirilmesi&#8221; kitab\u0131n\u0131n yazar\u0131 Nevzat Onaran. \u00a0Onaran, Los Angeles&#8217;ta ya\u015fayan iki ABD&#8217;li Ermeni hukuk\u00e7unun, 1915 ve sonras\u0131nda Ermenilerden al\u0131nan m\u00fclk, para ve T\u00fcrkiye&#8217;de m\u00fczelerde [&hellip;]","og_url":"https:\/\/akunq.net\/turkish\/2010\/07\/31\/gasp-edilen-ermeni-mulkleri-cari-ve-esas-defterlerde-duruyor\/","og_site_name":"Bati Ermenistan Ve Bati Ermenileri Sorunlari Ara\u015ftirmalar Merkezi","article_published_time":"2010-07-31T08:55:16+00:00","author":"kalem","twitter_card":"summary_large_image","twitter_misc":{"Written by":"kalem","Est. reading time":"3 minutes"},"schema":{"@context":"https:\/\/schema.org","@graph":[{"@type":"Article","@id":"https:\/\/akunq.net\/turkish\/2010\/07\/31\/gasp-edilen-ermeni-mulkleri-cari-ve-esas-defterlerde-duruyor\/#article","isPartOf":{"@id":"https:\/\/akunq.net\/turkish\/2010\/07\/31\/gasp-edilen-ermeni-mulkleri-cari-ve-esas-defterlerde-duruyor\/"},"author":{"name":"kalem","@id":"https:\/\/akunq.net\/turkish\/#\/schema\/person\/135e7923d1aeb8887890799619969a6c"},"headline":"&#8220;Gasp Edilen Ermeni M\u00fclkleri Cari ve Esas Defterlerde Duruyor&#8221;","datePublished":"2010-07-31T08:55:16+00:00","mainEntityOfPage":{"@id":"https:\/\/akunq.net\/turkish\/2010\/07\/31\/gasp-edilen-ermeni-mulkleri-cari-ve-esas-defterlerde-duruyor\/"},"wordCount":534,"articleSection":["Haberler"],"inLanguage":"en-US"},{"@type":"WebPage","@id":"https:\/\/akunq.net\/turkish\/2010\/07\/31\/gasp-edilen-ermeni-mulkleri-cari-ve-esas-defterlerde-duruyor\/","url":"https:\/\/akunq.net\/turkish\/2010\/07\/31\/gasp-edilen-ermeni-mulkleri-cari-ve-esas-defterlerde-duruyor\/","name":"\"Gasp Edilen Ermeni M\u00fclkleri Cari ve Esas Defterlerde Duruyor\" - Bati Ermenistan Ve Bati Ermenileri Sorunlari Ara\u015ftirmalar Merkezi","isPartOf":{"@id":"https:\/\/akunq.net\/turkish\/#website"},"datePublished":"2010-07-31T08:55:16+00:00","author":{"@id":"https:\/\/akunq.net\/turkish\/#\/schema\/person\/135e7923d1aeb8887890799619969a6c"},"breadcrumb":{"@id":"https:\/\/akunq.net\/turkish\/2010\/07\/31\/gasp-edilen-ermeni-mulkleri-cari-ve-esas-defterlerde-duruyor\/#breadcrumb"},"inLanguage":"en-US","potentialAction":[{"@type":"ReadAction","target":["https:\/\/akunq.net\/turkish\/2010\/07\/31\/gasp-edilen-ermeni-mulkleri-cari-ve-esas-defterlerde-duruyor\/"]}]},{"@type":"BreadcrumbList","@id":"https:\/\/akunq.net\/turkish\/2010\/07\/31\/gasp-edilen-ermeni-mulkleri-cari-ve-esas-defterlerde-duruyor\/#breadcrumb","itemListElement":[{"@type":"ListItem","position":1,"name":"Home","item":"https:\/\/akunq.net\/turkish\/"},{"@type":"ListItem","position":2,"name":"&#8220;Gasp Edilen Ermeni M\u00fclkleri Cari ve Esas Defterlerde Duruyor&#8221;"}]},{"@type":"WebSite","@id":"https:\/\/akunq.net\/turkish\/#website","url":"https:\/\/akunq.net\/turkish\/","name":"Bati Ermenistan Ve Bati Ermenileri Sorunlari Ara\u015ftirmalar Merkezi","description":"","potentialAction":[{"@type":"SearchAction","target":{"@type":"EntryPoint","urlTemplate":"https:\/\/akunq.net\/turkish\/?s={search_term_string}"},"query-input":{"@type":"PropertyValueSpecification","valueRequired":true,"valueName":"search_term_string"}}],"inLanguage":"en-US"},{"@type":"Person","@id":"https:\/\/akunq.net\/turkish\/#\/schema\/person\/135e7923d1aeb8887890799619969a6c","name":"kalem","image":{"@type":"ImageObject","inLanguage":"en-US","@id":"https:\/\/secure.gravatar.com\/avatar\/a06875e4b25feb5674296adf8e8a7ae1e587cebce2493fe63c456109967e27d3?s=96&d=mm&r=g","url":"https:\/\/secure.gravatar.com\/avatar\/a06875e4b25feb5674296adf8e8a7ae1e587cebce2493fe63c456109967e27d3?s=96&d=mm&r=g","contentUrl":"https:\/\/secure.gravatar.com\/avatar\/a06875e4b25feb5674296adf8e8a7ae1e587cebce2493fe63c456109967e27d3?s=96&d=mm&r=g","caption":"kalem"},"url":"https:\/\/akunq.net\/turkish\/author\/kalem\/"}]}},"_links":{"self":[{"href":"https:\/\/akunq.net\/turkish\/wp-json\/wp\/v2\/posts\/1431","targetHints":{"allow":["GET"]}}],"collection":[{"href":"https:\/\/akunq.net\/turkish\/wp-json\/wp\/v2\/posts"}],"about":[{"href":"https:\/\/akunq.net\/turkish\/wp-json\/wp\/v2\/types\/post"}],"author":[{"embeddable":true,"href":"https:\/\/akunq.net\/turkish\/wp-json\/wp\/v2\/users\/3"}],"replies":[{"embeddable":true,"href":"https:\/\/akunq.net\/turkish\/wp-json\/wp\/v2\/comments?post=1431"}],"version-history":[{"count":0,"href":"https:\/\/akunq.net\/turkish\/wp-json\/wp\/v2\/posts\/1431\/revisions"}],"wp:attachment":[{"href":"https:\/\/akunq.net\/turkish\/wp-json\/wp\/v2\/media?parent=1431"}],"wp:term":[{"taxonomy":"category","embeddable":true,"href":"https:\/\/akunq.net\/turkish\/wp-json\/wp\/v2\/categories?post=1431"},{"taxonomy":"post_tag","embeddable":true,"href":"https:\/\/akunq.net\/turkish\/wp-json\/wp\/v2\/tags?post=1431"}],"curies":[{"name":"wp","href":"https:\/\/api.w.org\/{rel}","templated":true}]}}