{"id":1428,"date":"2010-07-31T03:52:58","date_gmt":"2010-07-31T08:52:58","guid":{"rendered":"http:\/\/akunq.net\/tr\/?p=1428"},"modified":"2010-07-31T03:52:58","modified_gmt":"2010-07-31T08:52:58","slug":"orhan-pamukun-kar-romani-film-olabilecek","status":"publish","type":"post","link":"https:\/\/akunq.net\/turkish\/2010\/07\/31\/orhan-pamukun-kar-romani-film-olabilecek\/","title":{"rendered":"Orhan Pamuk&#8217;un &#8220;Kar&#8221; roman\u0131 film olabilecek"},"content":{"rendered":"<p style=\"text-align: justify\">Ermeni k\u00f6kenli Kanadal\u0131 y\u00f6netmen Atom Egoyan, Nobel \u00d6d\u00fcll\u00fc T\u00fcrk yazar Orhan Pamuk&#8217;un &#8220;Kar&#8221; roman\u0131 motifleriyle bir film \u00e7ekmek istedi\u011fini a\u00e7\u0131klad\u0131.<\/p>\n<p style=\"text-align: justify\">Daily News &amp; Economic Review gazetesine verdi\u011fi m\u00fclakatta Atom Egoyan, T\u00fcrkiye&#8217;de T\u00fcrk y\u00f6netmenleriyle ortak bir film \u00e7ekebileceklerini a\u00e7\u0131klayarak &#8220;Bunun diyalo\u011fa y\u00f6nelik bir ad\u0131m olaca\u011f\u0131n\u0131&#8221; da vurgulad\u0131.<\/p>\n<p style=\"text-align: justify\">Ermeni Soyk\u0131r\u0131m\u0131 konusunu de\u011ferlendiren Egoyan, Ermeni ve T\u00fcrk toplumlar\u0131n\u0131n kunuya ili\u015fkin arabulucusuz konu\u015fmas\u0131 gerekti\u011fini s\u00f6yledi.<\/p>\n<p style=\"text-align: justify\">Egoyan &#8220;\u0130ki toplum olarak bu olaylar hakk\u0131nda arabulucusuz konu\u015fmal\u0131y\u0131z. Ancak bunu yapmad\u0131\u011f\u0131m\u0131z i\u00e7in Bat\u0131 yaralar\u0131m\u0131z\u0131 siyasi ama\u00e7larla kullan\u0131yor&#8221; diye konu\u015ftu.<\/p>\n<p style=\"text-align: justify\">Ermenistan ile T\u00fcrkiye aras\u0131ndaki ili\u015fkilerin normalle\u015fme s\u00fcrecini de de\u011ferlendiren Atom Egoyan, s\u0131n\u0131r\u0131n a\u00e7\u0131lmas\u0131n\u0131n b\u00f6lgenin refah\u0131na, bar\u0131\u015f\u0131na ve diyalog ortam\u0131n\u0131n olu\u015fturulmas\u0131na katk\u0131 sa\u011flayaca\u011f\u0131n\u0131 da a\u00e7\u0131klad\u0131.<\/p>\n<p style=\"text-align: justify\"><em>Tert.am<\/em><\/p>\n<p style=\"text-align: justify\">30.07.10<em><\/em><\/p>\n","protected":false},"excerpt":{"rendered":"<p>Ermeni k\u00f6kenli Kanadal\u0131 y\u00f6netmen Atom Egoyan, Nobel \u00d6d\u00fcll\u00fc T\u00fcrk yazar Orhan Pamuk&#8217;un &#8220;Kar&#8221; roman\u0131 motifleriyle bir film \u00e7ekmek istedi\u011fini a\u00e7\u0131klad\u0131. Daily News &amp; Economic Review gazetesine verdi\u011fi m\u00fclakatta Atom Egoyan, T\u00fcrkiye&#8217;de T\u00fcrk y\u00f6netmenleriyle ortak bir film \u00e7ekebileceklerini a\u00e7\u0131klayarak &#8220;Bunun diyalo\u011fa y\u00f6nelik bir ad\u0131m olaca\u011f\u0131n\u0131&#8221; da vurgulad\u0131. Ermeni Soyk\u0131r\u0131m\u0131 konusunu de\u011ferlendiren Egoyan, Ermeni ve T\u00fcrk toplumlar\u0131n\u0131n [&hellip;]<\/p>\n","protected":false},"author":3,"featured_media":0,"comment_status":"closed","ping_status":"open","sticky":false,"template":"","format":"standard","meta":{"footnotes":""},"categories":[14],"tags":[],"class_list":["post-1428","post","type-post","status-publish","format-standard","hentry","category-haberler"],"yoast_head":"<!-- This site is optimized with the Yoast SEO plugin v27.4 - https:\/\/yoast.com\/product\/yoast-seo-wordpress\/ -->\n<title>Orhan Pamuk&#039;un &quot;Kar&quot; roman\u0131 film olabilecek - Bati Ermenistan Ve Bati Ermenileri Sorunlari Ara\u015ftirmalar Merkezi<\/title>\n<meta name=\"robots\" content=\"index, follow, max-snippet:-1, max-image-preview:large, max-video-preview:-1\" \/>\n<link rel=\"canonical\" href=\"https:\/\/akunq.net\/turkish\/2010\/07\/31\/orhan-pamukun-kar-romani-film-olabilecek\/\" \/>\n<meta property=\"og:locale\" content=\"en_US\" \/>\n<meta property=\"og:type\" content=\"article\" \/>\n<meta property=\"og:title\" content=\"Orhan Pamuk&#039;un &quot;Kar&quot; roman\u0131 film olabilecek - Bati Ermenistan Ve Bati Ermenileri Sorunlari Ara\u015ftirmalar Merkezi\" \/>\n<meta property=\"og:description\" content=\"Ermeni k\u00f6kenli Kanadal\u0131 y\u00f6netmen Atom Egoyan, Nobel \u00d6d\u00fcll\u00fc T\u00fcrk yazar Orhan Pamuk&#8217;un &#8220;Kar&#8221; roman\u0131 motifleriyle bir film \u00e7ekmek istedi\u011fini a\u00e7\u0131klad\u0131. Daily News &amp; Economic Review gazetesine verdi\u011fi m\u00fclakatta Atom Egoyan, T\u00fcrkiye&#8217;de T\u00fcrk y\u00f6netmenleriyle ortak bir film \u00e7ekebileceklerini a\u00e7\u0131klayarak &#8220;Bunun diyalo\u011fa y\u00f6nelik bir ad\u0131m olaca\u011f\u0131n\u0131&#8221; da vurgulad\u0131. Ermeni Soyk\u0131r\u0131m\u0131 konusunu de\u011ferlendiren Egoyan, Ermeni ve T\u00fcrk toplumlar\u0131n\u0131n [&hellip;]\" \/>\n<meta property=\"og:url\" content=\"https:\/\/akunq.net\/turkish\/2010\/07\/31\/orhan-pamukun-kar-romani-film-olabilecek\/\" \/>\n<meta property=\"og:site_name\" content=\"Bati Ermenistan Ve Bati Ermenileri Sorunlari Ara\u015ftirmalar Merkezi\" \/>\n<meta property=\"article:published_time\" content=\"2010-07-31T08:52:58+00:00\" \/>\n<meta name=\"author\" content=\"kalem\" \/>\n<meta name=\"twitter:card\" content=\"summary_large_image\" \/>\n<meta name=\"twitter:label1\" content=\"Written by\" \/>\n\t<meta name=\"twitter:data1\" content=\"kalem\" \/>\n\t<meta name=\"twitter:label2\" content=\"Est. reading time\" \/>\n\t<meta name=\"twitter:data2\" content=\"1 minute\" \/>\n<script type=\"application\/ld+json\" class=\"yoast-schema-graph\">{\"@context\":\"https:\\\/\\\/schema.org\",\"@graph\":[{\"@type\":\"Article\",\"@id\":\"https:\\\/\\\/akunq.net\\\/turkish\\\/2010\\\/07\\\/31\\\/orhan-pamukun-kar-romani-film-olabilecek\\\/#article\",\"isPartOf\":{\"@id\":\"https:\\\/\\\/akunq.net\\\/turkish\\\/2010\\\/07\\\/31\\\/orhan-pamukun-kar-romani-film-olabilecek\\\/\"},\"author\":{\"name\":\"kalem\",\"@id\":\"https:\\\/\\\/akunq.net\\\/turkish\\\/#\\\/schema\\\/person\\\/135e7923d1aeb8887890799619969a6c\"},\"headline\":\"Orhan Pamuk&#8217;un &#8220;Kar&#8221; roman\u0131 film olabilecek\",\"datePublished\":\"2010-07-31T08:52:58+00:00\",\"mainEntityOfPage\":{\"@id\":\"https:\\\/\\\/akunq.net\\\/turkish\\\/2010\\\/07\\\/31\\\/orhan-pamukun-kar-romani-film-olabilecek\\\/\"},\"wordCount\":173,\"articleSection\":[\"Haberler\"],\"inLanguage\":\"en-US\"},{\"@type\":\"WebPage\",\"@id\":\"https:\\\/\\\/akunq.net\\\/turkish\\\/2010\\\/07\\\/31\\\/orhan-pamukun-kar-romani-film-olabilecek\\\/\",\"url\":\"https:\\\/\\\/akunq.net\\\/turkish\\\/2010\\\/07\\\/31\\\/orhan-pamukun-kar-romani-film-olabilecek\\\/\",\"name\":\"Orhan Pamuk'un \\\"Kar\\\" roman\u0131 film olabilecek - Bati Ermenistan Ve Bati Ermenileri Sorunlari Ara\u015ftirmalar Merkezi\",\"isPartOf\":{\"@id\":\"https:\\\/\\\/akunq.net\\\/turkish\\\/#website\"},\"datePublished\":\"2010-07-31T08:52:58+00:00\",\"author\":{\"@id\":\"https:\\\/\\\/akunq.net\\\/turkish\\\/#\\\/schema\\\/person\\\/135e7923d1aeb8887890799619969a6c\"},\"breadcrumb\":{\"@id\":\"https:\\\/\\\/akunq.net\\\/turkish\\\/2010\\\/07\\\/31\\\/orhan-pamukun-kar-romani-film-olabilecek\\\/#breadcrumb\"},\"inLanguage\":\"en-US\",\"potentialAction\":[{\"@type\":\"ReadAction\",\"target\":[\"https:\\\/\\\/akunq.net\\\/turkish\\\/2010\\\/07\\\/31\\\/orhan-pamukun-kar-romani-film-olabilecek\\\/\"]}]},{\"@type\":\"BreadcrumbList\",\"@id\":\"https:\\\/\\\/akunq.net\\\/turkish\\\/2010\\\/07\\\/31\\\/orhan-pamukun-kar-romani-film-olabilecek\\\/#breadcrumb\",\"itemListElement\":[{\"@type\":\"ListItem\",\"position\":1,\"name\":\"Home\",\"item\":\"https:\\\/\\\/akunq.net\\\/turkish\\\/\"},{\"@type\":\"ListItem\",\"position\":2,\"name\":\"Orhan Pamuk&#8217;un &#8220;Kar&#8221; roman\u0131 film olabilecek\"}]},{\"@type\":\"WebSite\",\"@id\":\"https:\\\/\\\/akunq.net\\\/turkish\\\/#website\",\"url\":\"https:\\\/\\\/akunq.net\\\/turkish\\\/\",\"name\":\"Bati Ermenistan Ve Bati Ermenileri Sorunlari Ara\u015ftirmalar Merkezi\",\"description\":\"\",\"potentialAction\":[{\"@type\":\"SearchAction\",\"target\":{\"@type\":\"EntryPoint\",\"urlTemplate\":\"https:\\\/\\\/akunq.net\\\/turkish\\\/?s={search_term_string}\"},\"query-input\":{\"@type\":\"PropertyValueSpecification\",\"valueRequired\":true,\"valueName\":\"search_term_string\"}}],\"inLanguage\":\"en-US\"},{\"@type\":\"Person\",\"@id\":\"https:\\\/\\\/akunq.net\\\/turkish\\\/#\\\/schema\\\/person\\\/135e7923d1aeb8887890799619969a6c\",\"name\":\"kalem\",\"image\":{\"@type\":\"ImageObject\",\"inLanguage\":\"en-US\",\"@id\":\"https:\\\/\\\/secure.gravatar.com\\\/avatar\\\/a06875e4b25feb5674296adf8e8a7ae1e587cebce2493fe63c456109967e27d3?s=96&d=mm&r=g\",\"url\":\"https:\\\/\\\/secure.gravatar.com\\\/avatar\\\/a06875e4b25feb5674296adf8e8a7ae1e587cebce2493fe63c456109967e27d3?s=96&d=mm&r=g\",\"contentUrl\":\"https:\\\/\\\/secure.gravatar.com\\\/avatar\\\/a06875e4b25feb5674296adf8e8a7ae1e587cebce2493fe63c456109967e27d3?s=96&d=mm&r=g\",\"caption\":\"kalem\"},\"url\":\"https:\\\/\\\/akunq.net\\\/turkish\\\/author\\\/kalem\\\/\"}]}<\/script>\n<!-- \/ Yoast SEO plugin. -->","yoast_head_json":{"title":"Orhan Pamuk'un \"Kar\" roman\u0131 film olabilecek - Bati Ermenistan Ve Bati Ermenileri Sorunlari Ara\u015ftirmalar Merkezi","robots":{"index":"index","follow":"follow","max-snippet":"max-snippet:-1","max-image-preview":"max-image-preview:large","max-video-preview":"max-video-preview:-1"},"canonical":"https:\/\/akunq.net\/turkish\/2010\/07\/31\/orhan-pamukun-kar-romani-film-olabilecek\/","og_locale":"en_US","og_type":"article","og_title":"Orhan Pamuk'un \"Kar\" roman\u0131 film olabilecek - Bati Ermenistan Ve Bati Ermenileri Sorunlari Ara\u015ftirmalar Merkezi","og_description":"Ermeni k\u00f6kenli Kanadal\u0131 y\u00f6netmen Atom Egoyan, Nobel \u00d6d\u00fcll\u00fc T\u00fcrk yazar Orhan Pamuk&#8217;un &#8220;Kar&#8221; roman\u0131 motifleriyle bir film \u00e7ekmek istedi\u011fini a\u00e7\u0131klad\u0131. Daily News &amp; Economic Review gazetesine verdi\u011fi m\u00fclakatta Atom Egoyan, T\u00fcrkiye&#8217;de T\u00fcrk y\u00f6netmenleriyle ortak bir film \u00e7ekebileceklerini a\u00e7\u0131klayarak &#8220;Bunun diyalo\u011fa y\u00f6nelik bir ad\u0131m olaca\u011f\u0131n\u0131&#8221; da vurgulad\u0131. Ermeni Soyk\u0131r\u0131m\u0131 konusunu de\u011ferlendiren Egoyan, Ermeni ve T\u00fcrk toplumlar\u0131n\u0131n [&hellip;]","og_url":"https:\/\/akunq.net\/turkish\/2010\/07\/31\/orhan-pamukun-kar-romani-film-olabilecek\/","og_site_name":"Bati Ermenistan Ve Bati Ermenileri Sorunlari Ara\u015ftirmalar Merkezi","article_published_time":"2010-07-31T08:52:58+00:00","author":"kalem","twitter_card":"summary_large_image","twitter_misc":{"Written by":"kalem","Est. reading time":"1 minute"},"schema":{"@context":"https:\/\/schema.org","@graph":[{"@type":"Article","@id":"https:\/\/akunq.net\/turkish\/2010\/07\/31\/orhan-pamukun-kar-romani-film-olabilecek\/#article","isPartOf":{"@id":"https:\/\/akunq.net\/turkish\/2010\/07\/31\/orhan-pamukun-kar-romani-film-olabilecek\/"},"author":{"name":"kalem","@id":"https:\/\/akunq.net\/turkish\/#\/schema\/person\/135e7923d1aeb8887890799619969a6c"},"headline":"Orhan Pamuk&#8217;un &#8220;Kar&#8221; roman\u0131 film olabilecek","datePublished":"2010-07-31T08:52:58+00:00","mainEntityOfPage":{"@id":"https:\/\/akunq.net\/turkish\/2010\/07\/31\/orhan-pamukun-kar-romani-film-olabilecek\/"},"wordCount":173,"articleSection":["Haberler"],"inLanguage":"en-US"},{"@type":"WebPage","@id":"https:\/\/akunq.net\/turkish\/2010\/07\/31\/orhan-pamukun-kar-romani-film-olabilecek\/","url":"https:\/\/akunq.net\/turkish\/2010\/07\/31\/orhan-pamukun-kar-romani-film-olabilecek\/","name":"Orhan Pamuk'un \"Kar\" roman\u0131 film olabilecek - Bati Ermenistan Ve Bati Ermenileri Sorunlari Ara\u015ftirmalar Merkezi","isPartOf":{"@id":"https:\/\/akunq.net\/turkish\/#website"},"datePublished":"2010-07-31T08:52:58+00:00","author":{"@id":"https:\/\/akunq.net\/turkish\/#\/schema\/person\/135e7923d1aeb8887890799619969a6c"},"breadcrumb":{"@id":"https:\/\/akunq.net\/turkish\/2010\/07\/31\/orhan-pamukun-kar-romani-film-olabilecek\/#breadcrumb"},"inLanguage":"en-US","potentialAction":[{"@type":"ReadAction","target":["https:\/\/akunq.net\/turkish\/2010\/07\/31\/orhan-pamukun-kar-romani-film-olabilecek\/"]}]},{"@type":"BreadcrumbList","@id":"https:\/\/akunq.net\/turkish\/2010\/07\/31\/orhan-pamukun-kar-romani-film-olabilecek\/#breadcrumb","itemListElement":[{"@type":"ListItem","position":1,"name":"Home","item":"https:\/\/akunq.net\/turkish\/"},{"@type":"ListItem","position":2,"name":"Orhan Pamuk&#8217;un &#8220;Kar&#8221; roman\u0131 film olabilecek"}]},{"@type":"WebSite","@id":"https:\/\/akunq.net\/turkish\/#website","url":"https:\/\/akunq.net\/turkish\/","name":"Bati Ermenistan Ve Bati Ermenileri Sorunlari Ara\u015ftirmalar Merkezi","description":"","potentialAction":[{"@type":"SearchAction","target":{"@type":"EntryPoint","urlTemplate":"https:\/\/akunq.net\/turkish\/?s={search_term_string}"},"query-input":{"@type":"PropertyValueSpecification","valueRequired":true,"valueName":"search_term_string"}}],"inLanguage":"en-US"},{"@type":"Person","@id":"https:\/\/akunq.net\/turkish\/#\/schema\/person\/135e7923d1aeb8887890799619969a6c","name":"kalem","image":{"@type":"ImageObject","inLanguage":"en-US","@id":"https:\/\/secure.gravatar.com\/avatar\/a06875e4b25feb5674296adf8e8a7ae1e587cebce2493fe63c456109967e27d3?s=96&d=mm&r=g","url":"https:\/\/secure.gravatar.com\/avatar\/a06875e4b25feb5674296adf8e8a7ae1e587cebce2493fe63c456109967e27d3?s=96&d=mm&r=g","contentUrl":"https:\/\/secure.gravatar.com\/avatar\/a06875e4b25feb5674296adf8e8a7ae1e587cebce2493fe63c456109967e27d3?s=96&d=mm&r=g","caption":"kalem"},"url":"https:\/\/akunq.net\/turkish\/author\/kalem\/"}]}},"_links":{"self":[{"href":"https:\/\/akunq.net\/turkish\/wp-json\/wp\/v2\/posts\/1428","targetHints":{"allow":["GET"]}}],"collection":[{"href":"https:\/\/akunq.net\/turkish\/wp-json\/wp\/v2\/posts"}],"about":[{"href":"https:\/\/akunq.net\/turkish\/wp-json\/wp\/v2\/types\/post"}],"author":[{"embeddable":true,"href":"https:\/\/akunq.net\/turkish\/wp-json\/wp\/v2\/users\/3"}],"replies":[{"embeddable":true,"href":"https:\/\/akunq.net\/turkish\/wp-json\/wp\/v2\/comments?post=1428"}],"version-history":[{"count":0,"href":"https:\/\/akunq.net\/turkish\/wp-json\/wp\/v2\/posts\/1428\/revisions"}],"wp:attachment":[{"href":"https:\/\/akunq.net\/turkish\/wp-json\/wp\/v2\/media?parent=1428"}],"wp:term":[{"taxonomy":"category","embeddable":true,"href":"https:\/\/akunq.net\/turkish\/wp-json\/wp\/v2\/categories?post=1428"},{"taxonomy":"post_tag","embeddable":true,"href":"https:\/\/akunq.net\/turkish\/wp-json\/wp\/v2\/tags?post=1428"}],"curies":[{"name":"wp","href":"https:\/\/api.w.org\/{rel}","templated":true}]}}