{"id":1425,"date":"2010-07-30T05:06:28","date_gmt":"2010-07-30T10:06:28","guid":{"rendered":"http:\/\/akunq.net\/tr\/?p=1425"},"modified":"2010-07-30T05:06:28","modified_gmt":"2010-07-30T10:06:28","slug":"linc","status":"publish","type":"post","link":"https:\/\/akunq.net\/turkish\/2010\/07\/30\/linc\/","title":{"rendered":"Lin\u00e7"},"content":{"rendered":"<p style=\"text-align: justify\">T\u00fcrk \u0131rk\u00e7\u0131l\u0131\u011f\u0131 memleketi b\u00f6l\u00fcnmeye, par\u00e7alanmaya g\u00f6t\u00fcr\u00fcyor. Y\u00fczy\u0131l\u0131n ba\u015f\u0131ndaki \u0130ttihat\u00e7\u0131 T\u00fcrk\u00e7\u00fcler ne yap\u0131yorsa bug\u00fcn\u00fcn ittihat\u00e7\u0131lar\u0131 da onu yap\u0131yor. Irk\u00e7\u0131l\u0131k b\u00f6l\u00fcc\u00fcd\u00fcr ve \u0131rk\u00e7\u0131 sistem ve bu sistemi ayakta tutmak i\u00e7in \u00fcretilen, \u00fcretilmi\u015f politikalar, memleketi b\u00f6l\u00fcnmeye g\u00f6t\u00fcr\u00fcyor. Bu b\u00f6l\u00fcnmeyi Alman \u0131rk\u00e7\u0131l\u0131\u011f\u0131n\u0131n yapt\u0131klar\u0131n\u0131n ayn\u0131s\u0131n\u0131 yapanlar\u0131n davran\u0131\u015flar\u0131ndan g\u00f6rebiliriz. Merakl\u0131s\u0131 i\u00e7in Tan\u0131l Bora\u2019n\u0131n 2008 y\u0131l\u0131nda Birikim yay\u0131nlar\u0131ndan \u00e7\u0131kan sayfa say\u0131s\u0131 ve boyutlar\u0131 itibariyle k\u00fc\u00e7\u00fck hacimli ama i\u00e7eri\u011fi ile b\u00fcy\u00fck ve dopdolu \u201cT\u00fcrkiye\u2019nin Lin\u00e7 Rejimi\u201d kitab\u0131n\u0131 tavsiye ederim. Bora bir yerde \u015f\u00f6yle diyor: \u201cYetkililerin engin ho\u015fg\u00f6r\u00fcs\u00fc, lin\u00e7 g\u00fcruhlar\u0131na fevkalade geni\u015f bir \u2018tahrik olma hakk\u0131\u2019 bah\u015fedilmesi, kimi zaman bunlar\u0131n yar\u0131 legal milis gruplar\u0131ym\u0131\u015f\u00e7as\u0131na hay\u0131rhah muameleye tabi tutulmas\u0131, T\u00fcrkiye\u2019de \u2018lin\u00e7\u2018 olgusunun son derece \u00f6nemli bir ve\u00e7hesini olu\u015fturuyor. Lin\u00e7in, me\u015frula\u015fma demeyeceksek, ola\u011fanla\u015fmas\u0131n\u0131n belki de temel sebebi budur.\u201d (s.12)<\/p>\n<p>Birka\u00e7 ay \u00f6nceki bir yaz\u0131m\u0131z\u0131n ba\u015fl\u0131\u011f\u0131 \u201cKopu\u015f\u201dtu. Kopu\u015f son y\u0131llarda h\u0131zlanan bir duygu durumunu anlat\u0131yordu bize.<\/p>\n<p style=\"text-align: justify\">T\u00fcrk \u0131rk\u00e7\u0131l\u0131\u011f\u0131 h\u0131zla kopu\u015fu do\u011furdu ve duygu kopu\u015funun ard\u0131ndan gelmekte olan\u0131 telaffuzda zorlanmaktayd\u0131k. T\u00fcrk \u0131rk\u00e7\u0131l\u0131\u011f\u0131 anayasal ve yasal dayanaklar\u0131yla, \u00f6zellikle siyaset\u00e7ilere ve g\u00fcvenlik, yarg\u0131 ve e\u011fitim camias\u0131na yans\u0131m\u0131\u015f derin izleriyle memleketi b\u00f6l\u00fcnmeye ve par\u00e7alanmaya g\u00f6t\u00fcrmektedir. Bunu g\u00f6rmek gerekir. Irk\u00e7\u0131l\u0131k yapt\u0131\u011f\u0131n\u0131 pek \u00e7ok sa\u011f ve \u201csol\u201d siyaset\u00e7i fark\u0131nda bile de\u011fil. Yasalar, \u201cT\u00fcrk evlad\u0131, T\u00fcrk yurdu, T\u00fcrk vatan\u0131\u201dndan s\u00f6z ediyor. Bununla s\u0131n\u0131rl\u0131 de\u011fil. Yasalar, \u201cT\u00fcrk \u0131rk\u0131, T\u00fcrk soyu, T\u00fcrk soylu, T\u00fcrk as\u0131ll\u0131, T\u00fcrkl\u00fck belgesi\u201d diyor. Bununla da s\u0131n\u0131rl\u0131 de\u011fil. Devlet sanki ger\u00e7ek ki\u015filer gibi, \u201csoyda\u015flardan, akraba topluluklardan\u201d s\u00f6z ediyor. Soyda\u015f ve akraba dedi\u011fi orta Asya\u2019daki baz\u0131 devletlerin halklar\u0131. T\u00fcrkiye Cumhuriyeti o devletlere ad bile veriyor: \u201cT\u00fcrk Cumhuriyetleri\u2026\u201d<\/p>\n<p>Devlet az\u0131nl\u0131k okullar\u0131nda da \u201cT\u00fcrkl\u00fck ve T\u00fcrk vatan\u0131 esast\u0131r\u201d diyor. Bununla da yetinmiyor. Her sabah \u201cT\u00fcrk\u00fcm do\u011fruyum \u00e7al\u0131\u015fkan\u0131m\u201d dedirtiyor. K\u00fc\u00e7\u00fcc\u00fck \u00e7ocuklar\u0131 feda ruhuyla yeti\u015ftiriyor; yemin ettiriyor: \u201cVarl\u0131\u011f\u0131m T\u00fcrk varl\u0131\u011f\u0131na arma\u011fan olsun\u201d.<\/p>\n<p style=\"text-align: justify\">Bu anayasa ve yasalardaki \u0131rk\u00e7\u0131 normatif d\u00fczenlemeler hayata da yans\u0131maktad\u0131r. Kamu b\u00fcrokrasisi, hukuk d\u0131\u015f\u0131 davran\u0131\u015flarda bulunanlar\u0131n her yerde kutsallar\u0131n arkas\u0131na saklanmas\u0131 bilindi\u011fi halde, milli ve dini sembolleri z\u0131rh olarak kullananlara kar\u015f\u0131 \u00e7o\u011fu kez destek\u00e7i pozisyon tak\u0131n\u0131yor. Ba\u015fbakanlar, bakanlar, vali ve kaymakamlar, lin\u00e7\u00e7i g\u00fcruhlar\u0131n yapt\u0131klar\u0131na \u201cvatansever vatanda\u015f tepkisi\u201d diyor. Katiller bile bu nitelemeden nemas\u0131n\u0131 al\u0131yor. \u0130neg\u00f6l\u2019de lin\u00e7\u00e7iler \u201c\u0130neg\u00f6ll\u00fc vatanda\u015f\u201d, lin\u00e7e maruz kalanlar \u201cdo\u011fulu ki\u015filer\u201d oluyor. D\u00f6rtyol\u2019da da b\u00f6yle oluyor. T\u0131pk\u0131 Manisa Selendi\u2019de \u00c7ingene yurtta\u015flar i\u00e7in s\u00f6ylendi\u011fi gibi. \u201cSelendililer\u201d \u201c\u00c7ingene vatanda\u015flara\u201d tepki g\u00f6stermi\u015f oluyor. D\u00f6rtyol\u2019da da yakan y\u0131kan g\u00fcruhlar, \u201cD\u00f6rtyollu vatanda\u015flar\u201d oluyor. Yak\u0131lan y\u0131k\u0131lanlar da \u201cdo\u011fulu\u201d ya da \u201cK\u00fcrt k\u00f6kenli vatanda\u015flar\u201d oluyor. Yerliler var, ger\u00e7ek sahipleri memleketin, bir de sonradan her nas\u0131lsa gelmi\u015f ve huzur ka\u00e7\u0131ran, misafirlik s\u0131n\u0131r\u0131n\u0131 a\u015fanlar (K\u00fcrtler oluyor onlar) ka\u00e7\u0131ranlar var.<\/p>\n<p style=\"text-align: justify\">Lin\u00e7 ve lin\u00e7 giri\u015fimi ceza yasas\u0131 bak\u0131m\u0131ndan su\u00e7tur. Devletin polisi, askeri, yarg\u0131s\u0131 \u0131rk\u00e7\u0131 fa\u015fist g\u00fcruhlara hukukun gerektirdi\u011fi gibi davranmal\u0131d\u0131r. Ortada milli refleks, ya da vatansever tepki falan yok. Lin\u00e7 var, sald\u0131r\u0131 var. Ya\u011fma, y\u0131kma, yakma var\u2026 Biraz tarihe bakmakta fayda var..<\/p>\n<p>Ta\u015f atan \u00e7ocu\u011fa 5-10 y\u0131l hapis cezas\u0131 veren ama bir siyasi partinin genel ba\u015fkan\u0131n\u0131n burnunu k\u0131ran tosuncuklara 5 -10 bin lira para cezas\u0131 veren sistem \u0131rk\u00e7\u0131d\u0131r, ayr\u0131mc\u0131d\u0131r ve fa\u015fist bir sistemdir. Ba\u015fka bir ad\u0131 yoktur bunun. \u00c7ok a\u00e7\u0131k bir bi\u00e7imde T\u00fcrkiye\u2019nin anayasal ve yasal sistemi \u0131rk\u00e7\u0131d\u0131r. Devlet organlar\u0131n\u0131n prati\u011fi de bu do\u011frultudad\u0131r. De\u011fi\u015fmesi gereken de budur. Bu politikalar ba\u015fa d\u00f6n\u00fcyoruz, memleketi b\u00f6l\u00fcnmeye g\u00f6t\u00fcr\u00fcyor. T\u00fcrk \u0131rk\u00e7\u0131l\u0131\u011f\u0131 memleketi b\u00f6l\u00fcnmeye g\u00f6t\u00fcr\u00fcyor.<\/p>\n<p>Irk\u00e7\u0131l\u0131\u011fa, \u0131rk\u00e7\u0131 devlet ideolojisine, lin\u00e7 eylemleri e\u015flik ediyor. Zaman\u0131nda Almanya\u2019da oldu\u011fu gibi\u2026Y\u00fczy\u0131ld\u0131r bu co\u011frafyada kimi zaman ya\u015fand\u0131\u011f\u0131 gibi\u2026<\/p>\n<p style=\"text-align: justify\"><strong>\u00a0<\/strong><strong><em>Kaynak:<\/em><\/strong><strong><em> evrensel.net<br \/>\nTarih: 29.7.2010<\/em><\/strong><\/p>\n<p style=\"text-align: justify\"><strong><em>H\u00dcSN\u00dc \u00d6ND\u00dcL<\/em><\/strong><\/p>\n","protected":false},"excerpt":{"rendered":"<p>T\u00fcrk \u0131rk\u00e7\u0131l\u0131\u011f\u0131 memleketi b\u00f6l\u00fcnmeye, par\u00e7alanmaya g\u00f6t\u00fcr\u00fcyor. Y\u00fczy\u0131l\u0131n ba\u015f\u0131ndaki \u0130ttihat\u00e7\u0131 T\u00fcrk\u00e7\u00fcler ne yap\u0131yorsa bug\u00fcn\u00fcn ittihat\u00e7\u0131lar\u0131 da onu yap\u0131yor. Irk\u00e7\u0131l\u0131k b\u00f6l\u00fcc\u00fcd\u00fcr ve \u0131rk\u00e7\u0131 sistem ve bu sistemi ayakta tutmak i\u00e7in \u00fcretilen, \u00fcretilmi\u015f politikalar, memleketi b\u00f6l\u00fcnmeye g\u00f6t\u00fcr\u00fcyor. Bu b\u00f6l\u00fcnmeyi Alman \u0131rk\u00e7\u0131l\u0131\u011f\u0131n\u0131n yapt\u0131klar\u0131n\u0131n ayn\u0131s\u0131n\u0131 yapanlar\u0131n davran\u0131\u015flar\u0131ndan g\u00f6rebiliriz. Merakl\u0131s\u0131 i\u00e7in Tan\u0131l Bora\u2019n\u0131n 2008 y\u0131l\u0131nda Birikim yay\u0131nlar\u0131ndan \u00e7\u0131kan sayfa say\u0131s\u0131 ve [&hellip;]<\/p>\n","protected":false},"author":3,"featured_media":0,"comment_status":"closed","ping_status":"open","sticky":false,"template":"","format":"standard","meta":{"footnotes":""},"categories":[14],"tags":[],"class_list":["post-1425","post","type-post","status-publish","format-standard","hentry","category-haberler"],"yoast_head":"<!-- This site is optimized with the Yoast SEO plugin v27.4 - https:\/\/yoast.com\/product\/yoast-seo-wordpress\/ -->\n<title>Lin\u00e7 - Bati Ermenistan Ve Bati Ermenileri Sorunlari Ara\u015ftirmalar Merkezi<\/title>\n<meta name=\"robots\" content=\"index, follow, max-snippet:-1, max-image-preview:large, max-video-preview:-1\" \/>\n<link rel=\"canonical\" href=\"https:\/\/akunq.net\/turkish\/2010\/07\/30\/linc\/\" \/>\n<meta property=\"og:locale\" content=\"en_US\" \/>\n<meta property=\"og:type\" content=\"article\" \/>\n<meta property=\"og:title\" content=\"Lin\u00e7 - Bati Ermenistan Ve Bati Ermenileri Sorunlari Ara\u015ftirmalar Merkezi\" \/>\n<meta property=\"og:description\" content=\"T\u00fcrk \u0131rk\u00e7\u0131l\u0131\u011f\u0131 memleketi b\u00f6l\u00fcnmeye, par\u00e7alanmaya g\u00f6t\u00fcr\u00fcyor. Y\u00fczy\u0131l\u0131n ba\u015f\u0131ndaki \u0130ttihat\u00e7\u0131 T\u00fcrk\u00e7\u00fcler ne yap\u0131yorsa bug\u00fcn\u00fcn ittihat\u00e7\u0131lar\u0131 da onu yap\u0131yor. Irk\u00e7\u0131l\u0131k b\u00f6l\u00fcc\u00fcd\u00fcr ve \u0131rk\u00e7\u0131 sistem ve bu sistemi ayakta tutmak i\u00e7in \u00fcretilen, \u00fcretilmi\u015f politikalar, memleketi b\u00f6l\u00fcnmeye g\u00f6t\u00fcr\u00fcyor. Bu b\u00f6l\u00fcnmeyi Alman \u0131rk\u00e7\u0131l\u0131\u011f\u0131n\u0131n yapt\u0131klar\u0131n\u0131n ayn\u0131s\u0131n\u0131 yapanlar\u0131n davran\u0131\u015flar\u0131ndan g\u00f6rebiliriz. Merakl\u0131s\u0131 i\u00e7in Tan\u0131l Bora\u2019n\u0131n 2008 y\u0131l\u0131nda Birikim yay\u0131nlar\u0131ndan \u00e7\u0131kan sayfa say\u0131s\u0131 ve [&hellip;]\" \/>\n<meta property=\"og:url\" content=\"https:\/\/akunq.net\/turkish\/2010\/07\/30\/linc\/\" \/>\n<meta property=\"og:site_name\" content=\"Bati Ermenistan Ve Bati Ermenileri Sorunlari Ara\u015ftirmalar Merkezi\" \/>\n<meta property=\"article:published_time\" content=\"2010-07-30T10:06:28+00:00\" \/>\n<meta name=\"author\" content=\"kalem\" \/>\n<meta name=\"twitter:card\" content=\"summary_large_image\" \/>\n<meta name=\"twitter:label1\" content=\"Written by\" \/>\n\t<meta name=\"twitter:data1\" content=\"kalem\" \/>\n\t<meta name=\"twitter:label2\" content=\"Est. reading time\" \/>\n\t<meta name=\"twitter:data2\" content=\"4 minutes\" \/>\n<script type=\"application\/ld+json\" class=\"yoast-schema-graph\">{\"@context\":\"https:\\\/\\\/schema.org\",\"@graph\":[{\"@type\":\"Article\",\"@id\":\"https:\\\/\\\/akunq.net\\\/turkish\\\/2010\\\/07\\\/30\\\/linc\\\/#article\",\"isPartOf\":{\"@id\":\"https:\\\/\\\/akunq.net\\\/turkish\\\/2010\\\/07\\\/30\\\/linc\\\/\"},\"author\":{\"name\":\"kalem\",\"@id\":\"https:\\\/\\\/akunq.net\\\/turkish\\\/#\\\/schema\\\/person\\\/135e7923d1aeb8887890799619969a6c\"},\"headline\":\"Lin\u00e7\",\"datePublished\":\"2010-07-30T10:06:28+00:00\",\"mainEntityOfPage\":{\"@id\":\"https:\\\/\\\/akunq.net\\\/turkish\\\/2010\\\/07\\\/30\\\/linc\\\/\"},\"wordCount\":820,\"articleSection\":[\"Haberler\"],\"inLanguage\":\"en-US\"},{\"@type\":\"WebPage\",\"@id\":\"https:\\\/\\\/akunq.net\\\/turkish\\\/2010\\\/07\\\/30\\\/linc\\\/\",\"url\":\"https:\\\/\\\/akunq.net\\\/turkish\\\/2010\\\/07\\\/30\\\/linc\\\/\",\"name\":\"Lin\u00e7 - Bati Ermenistan Ve Bati Ermenileri Sorunlari Ara\u015ftirmalar Merkezi\",\"isPartOf\":{\"@id\":\"https:\\\/\\\/akunq.net\\\/turkish\\\/#website\"},\"datePublished\":\"2010-07-30T10:06:28+00:00\",\"author\":{\"@id\":\"https:\\\/\\\/akunq.net\\\/turkish\\\/#\\\/schema\\\/person\\\/135e7923d1aeb8887890799619969a6c\"},\"breadcrumb\":{\"@id\":\"https:\\\/\\\/akunq.net\\\/turkish\\\/2010\\\/07\\\/30\\\/linc\\\/#breadcrumb\"},\"inLanguage\":\"en-US\",\"potentialAction\":[{\"@type\":\"ReadAction\",\"target\":[\"https:\\\/\\\/akunq.net\\\/turkish\\\/2010\\\/07\\\/30\\\/linc\\\/\"]}]},{\"@type\":\"BreadcrumbList\",\"@id\":\"https:\\\/\\\/akunq.net\\\/turkish\\\/2010\\\/07\\\/30\\\/linc\\\/#breadcrumb\",\"itemListElement\":[{\"@type\":\"ListItem\",\"position\":1,\"name\":\"Home\",\"item\":\"https:\\\/\\\/akunq.net\\\/turkish\\\/\"},{\"@type\":\"ListItem\",\"position\":2,\"name\":\"Lin\u00e7\"}]},{\"@type\":\"WebSite\",\"@id\":\"https:\\\/\\\/akunq.net\\\/turkish\\\/#website\",\"url\":\"https:\\\/\\\/akunq.net\\\/turkish\\\/\",\"name\":\"Bati Ermenistan Ve Bati Ermenileri Sorunlari Ara\u015ftirmalar Merkezi\",\"description\":\"\",\"potentialAction\":[{\"@type\":\"SearchAction\",\"target\":{\"@type\":\"EntryPoint\",\"urlTemplate\":\"https:\\\/\\\/akunq.net\\\/turkish\\\/?s={search_term_string}\"},\"query-input\":{\"@type\":\"PropertyValueSpecification\",\"valueRequired\":true,\"valueName\":\"search_term_string\"}}],\"inLanguage\":\"en-US\"},{\"@type\":\"Person\",\"@id\":\"https:\\\/\\\/akunq.net\\\/turkish\\\/#\\\/schema\\\/person\\\/135e7923d1aeb8887890799619969a6c\",\"name\":\"kalem\",\"image\":{\"@type\":\"ImageObject\",\"inLanguage\":\"en-US\",\"@id\":\"https:\\\/\\\/secure.gravatar.com\\\/avatar\\\/a06875e4b25feb5674296adf8e8a7ae1e587cebce2493fe63c456109967e27d3?s=96&d=mm&r=g\",\"url\":\"https:\\\/\\\/secure.gravatar.com\\\/avatar\\\/a06875e4b25feb5674296adf8e8a7ae1e587cebce2493fe63c456109967e27d3?s=96&d=mm&r=g\",\"contentUrl\":\"https:\\\/\\\/secure.gravatar.com\\\/avatar\\\/a06875e4b25feb5674296adf8e8a7ae1e587cebce2493fe63c456109967e27d3?s=96&d=mm&r=g\",\"caption\":\"kalem\"},\"url\":\"https:\\\/\\\/akunq.net\\\/turkish\\\/author\\\/kalem\\\/\"}]}<\/script>\n<!-- \/ Yoast SEO plugin. -->","yoast_head_json":{"title":"Lin\u00e7 - Bati Ermenistan Ve Bati Ermenileri Sorunlari Ara\u015ftirmalar Merkezi","robots":{"index":"index","follow":"follow","max-snippet":"max-snippet:-1","max-image-preview":"max-image-preview:large","max-video-preview":"max-video-preview:-1"},"canonical":"https:\/\/akunq.net\/turkish\/2010\/07\/30\/linc\/","og_locale":"en_US","og_type":"article","og_title":"Lin\u00e7 - Bati Ermenistan Ve Bati Ermenileri Sorunlari Ara\u015ftirmalar Merkezi","og_description":"T\u00fcrk \u0131rk\u00e7\u0131l\u0131\u011f\u0131 memleketi b\u00f6l\u00fcnmeye, par\u00e7alanmaya g\u00f6t\u00fcr\u00fcyor. Y\u00fczy\u0131l\u0131n ba\u015f\u0131ndaki \u0130ttihat\u00e7\u0131 T\u00fcrk\u00e7\u00fcler ne yap\u0131yorsa bug\u00fcn\u00fcn ittihat\u00e7\u0131lar\u0131 da onu yap\u0131yor. Irk\u00e7\u0131l\u0131k b\u00f6l\u00fcc\u00fcd\u00fcr ve \u0131rk\u00e7\u0131 sistem ve bu sistemi ayakta tutmak i\u00e7in \u00fcretilen, \u00fcretilmi\u015f politikalar, memleketi b\u00f6l\u00fcnmeye g\u00f6t\u00fcr\u00fcyor. Bu b\u00f6l\u00fcnmeyi Alman \u0131rk\u00e7\u0131l\u0131\u011f\u0131n\u0131n yapt\u0131klar\u0131n\u0131n ayn\u0131s\u0131n\u0131 yapanlar\u0131n davran\u0131\u015flar\u0131ndan g\u00f6rebiliriz. Merakl\u0131s\u0131 i\u00e7in Tan\u0131l Bora\u2019n\u0131n 2008 y\u0131l\u0131nda Birikim yay\u0131nlar\u0131ndan \u00e7\u0131kan sayfa say\u0131s\u0131 ve [&hellip;]","og_url":"https:\/\/akunq.net\/turkish\/2010\/07\/30\/linc\/","og_site_name":"Bati Ermenistan Ve Bati Ermenileri Sorunlari Ara\u015ftirmalar Merkezi","article_published_time":"2010-07-30T10:06:28+00:00","author":"kalem","twitter_card":"summary_large_image","twitter_misc":{"Written by":"kalem","Est. reading time":"4 minutes"},"schema":{"@context":"https:\/\/schema.org","@graph":[{"@type":"Article","@id":"https:\/\/akunq.net\/turkish\/2010\/07\/30\/linc\/#article","isPartOf":{"@id":"https:\/\/akunq.net\/turkish\/2010\/07\/30\/linc\/"},"author":{"name":"kalem","@id":"https:\/\/akunq.net\/turkish\/#\/schema\/person\/135e7923d1aeb8887890799619969a6c"},"headline":"Lin\u00e7","datePublished":"2010-07-30T10:06:28+00:00","mainEntityOfPage":{"@id":"https:\/\/akunq.net\/turkish\/2010\/07\/30\/linc\/"},"wordCount":820,"articleSection":["Haberler"],"inLanguage":"en-US"},{"@type":"WebPage","@id":"https:\/\/akunq.net\/turkish\/2010\/07\/30\/linc\/","url":"https:\/\/akunq.net\/turkish\/2010\/07\/30\/linc\/","name":"Lin\u00e7 - Bati Ermenistan Ve Bati Ermenileri Sorunlari Ara\u015ftirmalar Merkezi","isPartOf":{"@id":"https:\/\/akunq.net\/turkish\/#website"},"datePublished":"2010-07-30T10:06:28+00:00","author":{"@id":"https:\/\/akunq.net\/turkish\/#\/schema\/person\/135e7923d1aeb8887890799619969a6c"},"breadcrumb":{"@id":"https:\/\/akunq.net\/turkish\/2010\/07\/30\/linc\/#breadcrumb"},"inLanguage":"en-US","potentialAction":[{"@type":"ReadAction","target":["https:\/\/akunq.net\/turkish\/2010\/07\/30\/linc\/"]}]},{"@type":"BreadcrumbList","@id":"https:\/\/akunq.net\/turkish\/2010\/07\/30\/linc\/#breadcrumb","itemListElement":[{"@type":"ListItem","position":1,"name":"Home","item":"https:\/\/akunq.net\/turkish\/"},{"@type":"ListItem","position":2,"name":"Lin\u00e7"}]},{"@type":"WebSite","@id":"https:\/\/akunq.net\/turkish\/#website","url":"https:\/\/akunq.net\/turkish\/","name":"Bati Ermenistan Ve Bati Ermenileri Sorunlari Ara\u015ftirmalar Merkezi","description":"","potentialAction":[{"@type":"SearchAction","target":{"@type":"EntryPoint","urlTemplate":"https:\/\/akunq.net\/turkish\/?s={search_term_string}"},"query-input":{"@type":"PropertyValueSpecification","valueRequired":true,"valueName":"search_term_string"}}],"inLanguage":"en-US"},{"@type":"Person","@id":"https:\/\/akunq.net\/turkish\/#\/schema\/person\/135e7923d1aeb8887890799619969a6c","name":"kalem","image":{"@type":"ImageObject","inLanguage":"en-US","@id":"https:\/\/secure.gravatar.com\/avatar\/a06875e4b25feb5674296adf8e8a7ae1e587cebce2493fe63c456109967e27d3?s=96&d=mm&r=g","url":"https:\/\/secure.gravatar.com\/avatar\/a06875e4b25feb5674296adf8e8a7ae1e587cebce2493fe63c456109967e27d3?s=96&d=mm&r=g","contentUrl":"https:\/\/secure.gravatar.com\/avatar\/a06875e4b25feb5674296adf8e8a7ae1e587cebce2493fe63c456109967e27d3?s=96&d=mm&r=g","caption":"kalem"},"url":"https:\/\/akunq.net\/turkish\/author\/kalem\/"}]}},"_links":{"self":[{"href":"https:\/\/akunq.net\/turkish\/wp-json\/wp\/v2\/posts\/1425","targetHints":{"allow":["GET"]}}],"collection":[{"href":"https:\/\/akunq.net\/turkish\/wp-json\/wp\/v2\/posts"}],"about":[{"href":"https:\/\/akunq.net\/turkish\/wp-json\/wp\/v2\/types\/post"}],"author":[{"embeddable":true,"href":"https:\/\/akunq.net\/turkish\/wp-json\/wp\/v2\/users\/3"}],"replies":[{"embeddable":true,"href":"https:\/\/akunq.net\/turkish\/wp-json\/wp\/v2\/comments?post=1425"}],"version-history":[{"count":0,"href":"https:\/\/akunq.net\/turkish\/wp-json\/wp\/v2\/posts\/1425\/revisions"}],"wp:attachment":[{"href":"https:\/\/akunq.net\/turkish\/wp-json\/wp\/v2\/media?parent=1425"}],"wp:term":[{"taxonomy":"category","embeddable":true,"href":"https:\/\/akunq.net\/turkish\/wp-json\/wp\/v2\/categories?post=1425"},{"taxonomy":"post_tag","embeddable":true,"href":"https:\/\/akunq.net\/turkish\/wp-json\/wp\/v2\/tags?post=1425"}],"curies":[{"name":"wp","href":"https:\/\/api.w.org\/{rel}","templated":true}]}}