{"id":1420,"date":"2010-07-29T06:46:06","date_gmt":"2010-07-29T11:46:06","guid":{"rendered":"http:\/\/akunq.net\/tr\/?p=1420"},"modified":"2010-07-29T06:46:06","modified_gmt":"2010-07-29T11:46:06","slug":"ermeni-piyanist-arzruni-vanda-konser-verecek","status":"publish","type":"post","link":"https:\/\/akunq.net\/turkish\/2010\/07\/29\/ermeni-piyanist-arzruni-vanda-konser-verecek\/","title":{"rendered":"Ermeni piyanist Arzruni, Van&#8217;da konser verecek"},"content":{"rendered":"<p style=\"text-align: justify\"><strong><em>\u0130stanbul do\u011fumlu, Ermeni as\u0131ll\u0131 d\u00fcnyaca \u00fcnl\u00fc piyanist \u015eahan Arzruni, Akdamar Adas\u0131&#8217;nda bulunan Ermeni kilisesinde d\u00fczenlenecek ayin vesilesiyle Van&#8217;da konser verecek. <\/em><\/strong><\/p>\n<p style=\"text-align: justify\">Ge\u00e7ti\u011fimiz aylarda T\u00fcrkiye&#8217;nin New York Ba\u015fkonsoloslu\u011fu ile temasa ge\u00e7en Arzruni, Akdamar Adas\u0131&#8217;nda bulunan Ermeni kilisesinde 19 Eyl\u00fcl 2010 tarihinde d\u00fczenlenecek ayin vesilesiyle Van&#8217;da konser vermek istedi\u011fini belirtti. D\u0131\u015fi\u015fleri Bakanl\u0131\u011f\u0131 da Van Valili\u011fi ve 100. Y\u0131l \u00dcniversitesi ile temasa ge\u00e7erek konsere ili\u015fkin desteklerini ald\u0131. 18 Eyl\u00fcl g\u00fcn\u00fc Van 100. Y\u0131l \u00dcniversitesi&#8217;nde ger\u00e7ekle\u015ftirilmesi kararla\u015ft\u0131r\u0131lan etkinlik i\u00e7in \u00e7al\u0131\u015fmalar son a\u015famaya geldi. D\u0131\u015fi\u015fleri, konser i\u00e7in Ermeni Patrikhanesi ile de i\u015fbirli\u011fi yap\u0131yor. \u00a0<\/p>\n<p style=\"text-align: justify\">Arzruni, 100. Y\u0131l \u00dcniversitesi&#8217;nde ger\u00e7ekle\u015ftirece\u011fi konserde, ba\u015fta Y\u00fcksel Koptagel, Ferid Alnar, Adnan Saygun, Gomidas, Hovhannes Srvantsdyan olmak \u00fczere T\u00fcrk ve Ermeni bestecilerin y\u00f6re insan\u0131na da hitap edecek eserlerini seslendirecek. \u0130stanbul do\u011fumlu bariton Kevork Tavityan ve keman sanat\u00e7\u0131s\u0131 Sevil Ulucan&#8217;\u0131n da kat\u0131laca\u011f\u0131 konserde ayr\u0131ca, 2008 y\u0131l\u0131nda hayat\u0131n\u0131 kaybeden d\u00fcnyaca \u00fcnl\u00fc \u0130stanbullu kompozit\u00f6r Sirvart Karamanuk&#8217;un bestesinden yola \u00e7\u0131k\u0131larak haz\u0131rlanan ve Arzruni&#8217;nin yap\u0131mc\u0131l\u0131\u011f\u0131n\u0131 \u00fcstlendi\u011fi &#8216;Akdamar&#8217; adl\u0131 m\u00fczikal filmin g\u00f6sterimi de yap\u0131lacak.<\/p>\n<p style=\"text-align: justify\">Aile ge\u00e7mi\u015finin Akdamar&#8217;a dayanmas\u0131 nedeniyle Akdamar kilisesiyle duygusal bir ba\u011f\u0131 oldu\u011funu ifade eden \u015eahan Arzruni, uluslararas\u0131 camiada sayg\u0131 duyulan bir piyanist, etno-m\u00fczikolog ve besteci. Arzruni, 2003 y\u0131l\u0131nda Ermenistan K\u00fclt\u00fcr Bakanl\u0131\u011f\u0131&#8217;n\u0131n diasporadaki m\u00fczik temsilcisi olarak atanm\u0131\u015ft\u0131. \u0130stanbul Belediye Konservatuar\u0131 ve ard\u0131ndan ABD&#8217;nin \u00f6nde gelen m\u00fczik okullar\u0131ndan Julliard School&#8217;dan mezun olan ve New York \u00dcniversitesi&#8217;nde doktoras\u0131n\u0131 tamamlayan sanat\u00e7\u0131, Beyaz Saray da dahil bir\u00e7ok mekanda konser verdi. Arzruni, ba\u015fta Harvard, Columbia ve Michigan olmak \u00fczere bir\u00e7ok \u00fcniversitede sempozyumlar d\u00fczenleyerek, bildiriler sundu.<\/p>\n<p style=\"text-align: justify\"><strong><em>29.07.2010 <\/em><\/strong><\/p>\n<p style=\"text-align: justify\"><strong><em>http:\/\/www.dikkathaber.com\/haber\/20100729\/ermeni-piyanist-arzruni-van-da-konser-verecek.html<\/em><\/strong><\/p>\n","protected":false},"excerpt":{"rendered":"<p>\u0130stanbul do\u011fumlu, Ermeni as\u0131ll\u0131 d\u00fcnyaca \u00fcnl\u00fc piyanist \u015eahan Arzruni, Akdamar Adas\u0131&#8217;nda bulunan Ermeni kilisesinde d\u00fczenlenecek ayin vesilesiyle Van&#8217;da konser verecek. Ge\u00e7ti\u011fimiz aylarda T\u00fcrkiye&#8217;nin New York Ba\u015fkonsoloslu\u011fu ile temasa ge\u00e7en Arzruni, Akdamar Adas\u0131&#8217;nda bulunan Ermeni kilisesinde 19 Eyl\u00fcl 2010 tarihinde d\u00fczenlenecek ayin vesilesiyle Van&#8217;da konser vermek istedi\u011fini belirtti. D\u0131\u015fi\u015fleri Bakanl\u0131\u011f\u0131 da Van Valili\u011fi ve 100. Y\u0131l [&hellip;]<\/p>\n","protected":false},"author":3,"featured_media":0,"comment_status":"closed","ping_status":"open","sticky":false,"template":"","format":"standard","meta":{"footnotes":""},"categories":[14],"tags":[],"class_list":["post-1420","post","type-post","status-publish","format-standard","hentry","category-haberler"],"yoast_head":"<!-- This site is optimized with the Yoast SEO plugin v27.4 - https:\/\/yoast.com\/product\/yoast-seo-wordpress\/ -->\n<title>Ermeni piyanist Arzruni, Van&#039;da konser verecek - Bati Ermenistan Ve Bati Ermenileri Sorunlari Ara\u015ftirmalar Merkezi<\/title>\n<meta name=\"robots\" content=\"index, follow, max-snippet:-1, max-image-preview:large, max-video-preview:-1\" \/>\n<link rel=\"canonical\" href=\"https:\/\/akunq.net\/turkish\/2010\/07\/29\/ermeni-piyanist-arzruni-vanda-konser-verecek\/\" \/>\n<meta property=\"og:locale\" content=\"en_US\" \/>\n<meta property=\"og:type\" content=\"article\" \/>\n<meta property=\"og:title\" content=\"Ermeni piyanist Arzruni, Van&#039;da konser verecek - Bati Ermenistan Ve Bati Ermenileri Sorunlari Ara\u015ftirmalar Merkezi\" \/>\n<meta property=\"og:description\" content=\"\u0130stanbul do\u011fumlu, Ermeni as\u0131ll\u0131 d\u00fcnyaca \u00fcnl\u00fc piyanist \u015eahan Arzruni, Akdamar Adas\u0131&#8217;nda bulunan Ermeni kilisesinde d\u00fczenlenecek ayin vesilesiyle Van&#8217;da konser verecek. Ge\u00e7ti\u011fimiz aylarda T\u00fcrkiye&#8217;nin New York Ba\u015fkonsoloslu\u011fu ile temasa ge\u00e7en Arzruni, Akdamar Adas\u0131&#8217;nda bulunan Ermeni kilisesinde 19 Eyl\u00fcl 2010 tarihinde d\u00fczenlenecek ayin vesilesiyle Van&#8217;da konser vermek istedi\u011fini belirtti. D\u0131\u015fi\u015fleri Bakanl\u0131\u011f\u0131 da Van Valili\u011fi ve 100. Y\u0131l [&hellip;]\" \/>\n<meta property=\"og:url\" content=\"https:\/\/akunq.net\/turkish\/2010\/07\/29\/ermeni-piyanist-arzruni-vanda-konser-verecek\/\" \/>\n<meta property=\"og:site_name\" content=\"Bati Ermenistan Ve Bati Ermenileri Sorunlari Ara\u015ftirmalar Merkezi\" \/>\n<meta property=\"article:published_time\" content=\"2010-07-29T11:46:06+00:00\" \/>\n<meta name=\"author\" content=\"kalem\" \/>\n<meta name=\"twitter:card\" content=\"summary_large_image\" \/>\n<meta name=\"twitter:label1\" content=\"Written by\" \/>\n\t<meta name=\"twitter:data1\" content=\"kalem\" \/>\n\t<meta name=\"twitter:label2\" content=\"Est. reading time\" \/>\n\t<meta name=\"twitter:data2\" content=\"2 minutes\" \/>\n<script type=\"application\/ld+json\" class=\"yoast-schema-graph\">{\"@context\":\"https:\\\/\\\/schema.org\",\"@graph\":[{\"@type\":\"Article\",\"@id\":\"https:\\\/\\\/akunq.net\\\/turkish\\\/2010\\\/07\\\/29\\\/ermeni-piyanist-arzruni-vanda-konser-verecek\\\/#article\",\"isPartOf\":{\"@id\":\"https:\\\/\\\/akunq.net\\\/turkish\\\/2010\\\/07\\\/29\\\/ermeni-piyanist-arzruni-vanda-konser-verecek\\\/\"},\"author\":{\"name\":\"kalem\",\"@id\":\"https:\\\/\\\/akunq.net\\\/turkish\\\/#\\\/schema\\\/person\\\/135e7923d1aeb8887890799619969a6c\"},\"headline\":\"Ermeni piyanist Arzruni, Van&#8217;da konser verecek\",\"datePublished\":\"2010-07-29T11:46:06+00:00\",\"mainEntityOfPage\":{\"@id\":\"https:\\\/\\\/akunq.net\\\/turkish\\\/2010\\\/07\\\/29\\\/ermeni-piyanist-arzruni-vanda-konser-verecek\\\/\"},\"wordCount\":324,\"articleSection\":[\"Haberler\"],\"inLanguage\":\"en-US\"},{\"@type\":\"WebPage\",\"@id\":\"https:\\\/\\\/akunq.net\\\/turkish\\\/2010\\\/07\\\/29\\\/ermeni-piyanist-arzruni-vanda-konser-verecek\\\/\",\"url\":\"https:\\\/\\\/akunq.net\\\/turkish\\\/2010\\\/07\\\/29\\\/ermeni-piyanist-arzruni-vanda-konser-verecek\\\/\",\"name\":\"Ermeni piyanist Arzruni, Van'da konser verecek - Bati Ermenistan Ve Bati Ermenileri Sorunlari Ara\u015ftirmalar Merkezi\",\"isPartOf\":{\"@id\":\"https:\\\/\\\/akunq.net\\\/turkish\\\/#website\"},\"datePublished\":\"2010-07-29T11:46:06+00:00\",\"author\":{\"@id\":\"https:\\\/\\\/akunq.net\\\/turkish\\\/#\\\/schema\\\/person\\\/135e7923d1aeb8887890799619969a6c\"},\"breadcrumb\":{\"@id\":\"https:\\\/\\\/akunq.net\\\/turkish\\\/2010\\\/07\\\/29\\\/ermeni-piyanist-arzruni-vanda-konser-verecek\\\/#breadcrumb\"},\"inLanguage\":\"en-US\",\"potentialAction\":[{\"@type\":\"ReadAction\",\"target\":[\"https:\\\/\\\/akunq.net\\\/turkish\\\/2010\\\/07\\\/29\\\/ermeni-piyanist-arzruni-vanda-konser-verecek\\\/\"]}]},{\"@type\":\"BreadcrumbList\",\"@id\":\"https:\\\/\\\/akunq.net\\\/turkish\\\/2010\\\/07\\\/29\\\/ermeni-piyanist-arzruni-vanda-konser-verecek\\\/#breadcrumb\",\"itemListElement\":[{\"@type\":\"ListItem\",\"position\":1,\"name\":\"Home\",\"item\":\"https:\\\/\\\/akunq.net\\\/turkish\\\/\"},{\"@type\":\"ListItem\",\"position\":2,\"name\":\"Ermeni piyanist Arzruni, Van&#8217;da konser verecek\"}]},{\"@type\":\"WebSite\",\"@id\":\"https:\\\/\\\/akunq.net\\\/turkish\\\/#website\",\"url\":\"https:\\\/\\\/akunq.net\\\/turkish\\\/\",\"name\":\"Bati Ermenistan Ve Bati Ermenileri Sorunlari Ara\u015ftirmalar Merkezi\",\"description\":\"\",\"potentialAction\":[{\"@type\":\"SearchAction\",\"target\":{\"@type\":\"EntryPoint\",\"urlTemplate\":\"https:\\\/\\\/akunq.net\\\/turkish\\\/?s={search_term_string}\"},\"query-input\":{\"@type\":\"PropertyValueSpecification\",\"valueRequired\":true,\"valueName\":\"search_term_string\"}}],\"inLanguage\":\"en-US\"},{\"@type\":\"Person\",\"@id\":\"https:\\\/\\\/akunq.net\\\/turkish\\\/#\\\/schema\\\/person\\\/135e7923d1aeb8887890799619969a6c\",\"name\":\"kalem\",\"image\":{\"@type\":\"ImageObject\",\"inLanguage\":\"en-US\",\"@id\":\"https:\\\/\\\/secure.gravatar.com\\\/avatar\\\/a06875e4b25feb5674296adf8e8a7ae1e587cebce2493fe63c456109967e27d3?s=96&d=mm&r=g\",\"url\":\"https:\\\/\\\/secure.gravatar.com\\\/avatar\\\/a06875e4b25feb5674296adf8e8a7ae1e587cebce2493fe63c456109967e27d3?s=96&d=mm&r=g\",\"contentUrl\":\"https:\\\/\\\/secure.gravatar.com\\\/avatar\\\/a06875e4b25feb5674296adf8e8a7ae1e587cebce2493fe63c456109967e27d3?s=96&d=mm&r=g\",\"caption\":\"kalem\"},\"url\":\"https:\\\/\\\/akunq.net\\\/turkish\\\/author\\\/kalem\\\/\"}]}<\/script>\n<!-- \/ Yoast SEO plugin. -->","yoast_head_json":{"title":"Ermeni piyanist Arzruni, Van'da konser verecek - Bati Ermenistan Ve Bati Ermenileri Sorunlari Ara\u015ftirmalar Merkezi","robots":{"index":"index","follow":"follow","max-snippet":"max-snippet:-1","max-image-preview":"max-image-preview:large","max-video-preview":"max-video-preview:-1"},"canonical":"https:\/\/akunq.net\/turkish\/2010\/07\/29\/ermeni-piyanist-arzruni-vanda-konser-verecek\/","og_locale":"en_US","og_type":"article","og_title":"Ermeni piyanist Arzruni, Van'da konser verecek - Bati Ermenistan Ve Bati Ermenileri Sorunlari Ara\u015ftirmalar Merkezi","og_description":"\u0130stanbul do\u011fumlu, Ermeni as\u0131ll\u0131 d\u00fcnyaca \u00fcnl\u00fc piyanist \u015eahan Arzruni, Akdamar Adas\u0131&#8217;nda bulunan Ermeni kilisesinde d\u00fczenlenecek ayin vesilesiyle Van&#8217;da konser verecek. Ge\u00e7ti\u011fimiz aylarda T\u00fcrkiye&#8217;nin New York Ba\u015fkonsoloslu\u011fu ile temasa ge\u00e7en Arzruni, Akdamar Adas\u0131&#8217;nda bulunan Ermeni kilisesinde 19 Eyl\u00fcl 2010 tarihinde d\u00fczenlenecek ayin vesilesiyle Van&#8217;da konser vermek istedi\u011fini belirtti. D\u0131\u015fi\u015fleri Bakanl\u0131\u011f\u0131 da Van Valili\u011fi ve 100. Y\u0131l [&hellip;]","og_url":"https:\/\/akunq.net\/turkish\/2010\/07\/29\/ermeni-piyanist-arzruni-vanda-konser-verecek\/","og_site_name":"Bati Ermenistan Ve Bati Ermenileri Sorunlari Ara\u015ftirmalar Merkezi","article_published_time":"2010-07-29T11:46:06+00:00","author":"kalem","twitter_card":"summary_large_image","twitter_misc":{"Written by":"kalem","Est. reading time":"2 minutes"},"schema":{"@context":"https:\/\/schema.org","@graph":[{"@type":"Article","@id":"https:\/\/akunq.net\/turkish\/2010\/07\/29\/ermeni-piyanist-arzruni-vanda-konser-verecek\/#article","isPartOf":{"@id":"https:\/\/akunq.net\/turkish\/2010\/07\/29\/ermeni-piyanist-arzruni-vanda-konser-verecek\/"},"author":{"name":"kalem","@id":"https:\/\/akunq.net\/turkish\/#\/schema\/person\/135e7923d1aeb8887890799619969a6c"},"headline":"Ermeni piyanist Arzruni, Van&#8217;da konser verecek","datePublished":"2010-07-29T11:46:06+00:00","mainEntityOfPage":{"@id":"https:\/\/akunq.net\/turkish\/2010\/07\/29\/ermeni-piyanist-arzruni-vanda-konser-verecek\/"},"wordCount":324,"articleSection":["Haberler"],"inLanguage":"en-US"},{"@type":"WebPage","@id":"https:\/\/akunq.net\/turkish\/2010\/07\/29\/ermeni-piyanist-arzruni-vanda-konser-verecek\/","url":"https:\/\/akunq.net\/turkish\/2010\/07\/29\/ermeni-piyanist-arzruni-vanda-konser-verecek\/","name":"Ermeni piyanist Arzruni, Van'da konser verecek - Bati Ermenistan Ve Bati Ermenileri Sorunlari Ara\u015ftirmalar Merkezi","isPartOf":{"@id":"https:\/\/akunq.net\/turkish\/#website"},"datePublished":"2010-07-29T11:46:06+00:00","author":{"@id":"https:\/\/akunq.net\/turkish\/#\/schema\/person\/135e7923d1aeb8887890799619969a6c"},"breadcrumb":{"@id":"https:\/\/akunq.net\/turkish\/2010\/07\/29\/ermeni-piyanist-arzruni-vanda-konser-verecek\/#breadcrumb"},"inLanguage":"en-US","potentialAction":[{"@type":"ReadAction","target":["https:\/\/akunq.net\/turkish\/2010\/07\/29\/ermeni-piyanist-arzruni-vanda-konser-verecek\/"]}]},{"@type":"BreadcrumbList","@id":"https:\/\/akunq.net\/turkish\/2010\/07\/29\/ermeni-piyanist-arzruni-vanda-konser-verecek\/#breadcrumb","itemListElement":[{"@type":"ListItem","position":1,"name":"Home","item":"https:\/\/akunq.net\/turkish\/"},{"@type":"ListItem","position":2,"name":"Ermeni piyanist Arzruni, Van&#8217;da konser verecek"}]},{"@type":"WebSite","@id":"https:\/\/akunq.net\/turkish\/#website","url":"https:\/\/akunq.net\/turkish\/","name":"Bati Ermenistan Ve Bati Ermenileri Sorunlari Ara\u015ftirmalar Merkezi","description":"","potentialAction":[{"@type":"SearchAction","target":{"@type":"EntryPoint","urlTemplate":"https:\/\/akunq.net\/turkish\/?s={search_term_string}"},"query-input":{"@type":"PropertyValueSpecification","valueRequired":true,"valueName":"search_term_string"}}],"inLanguage":"en-US"},{"@type":"Person","@id":"https:\/\/akunq.net\/turkish\/#\/schema\/person\/135e7923d1aeb8887890799619969a6c","name":"kalem","image":{"@type":"ImageObject","inLanguage":"en-US","@id":"https:\/\/secure.gravatar.com\/avatar\/a06875e4b25feb5674296adf8e8a7ae1e587cebce2493fe63c456109967e27d3?s=96&d=mm&r=g","url":"https:\/\/secure.gravatar.com\/avatar\/a06875e4b25feb5674296adf8e8a7ae1e587cebce2493fe63c456109967e27d3?s=96&d=mm&r=g","contentUrl":"https:\/\/secure.gravatar.com\/avatar\/a06875e4b25feb5674296adf8e8a7ae1e587cebce2493fe63c456109967e27d3?s=96&d=mm&r=g","caption":"kalem"},"url":"https:\/\/akunq.net\/turkish\/author\/kalem\/"}]}},"_links":{"self":[{"href":"https:\/\/akunq.net\/turkish\/wp-json\/wp\/v2\/posts\/1420","targetHints":{"allow":["GET"]}}],"collection":[{"href":"https:\/\/akunq.net\/turkish\/wp-json\/wp\/v2\/posts"}],"about":[{"href":"https:\/\/akunq.net\/turkish\/wp-json\/wp\/v2\/types\/post"}],"author":[{"embeddable":true,"href":"https:\/\/akunq.net\/turkish\/wp-json\/wp\/v2\/users\/3"}],"replies":[{"embeddable":true,"href":"https:\/\/akunq.net\/turkish\/wp-json\/wp\/v2\/comments?post=1420"}],"version-history":[{"count":0,"href":"https:\/\/akunq.net\/turkish\/wp-json\/wp\/v2\/posts\/1420\/revisions"}],"wp:attachment":[{"href":"https:\/\/akunq.net\/turkish\/wp-json\/wp\/v2\/media?parent=1420"}],"wp:term":[{"taxonomy":"category","embeddable":true,"href":"https:\/\/akunq.net\/turkish\/wp-json\/wp\/v2\/categories?post=1420"},{"taxonomy":"post_tag","embeddable":true,"href":"https:\/\/akunq.net\/turkish\/wp-json\/wp\/v2\/tags?post=1420"}],"curies":[{"name":"wp","href":"https:\/\/api.w.org\/{rel}","templated":true}]}}