{"id":1418,"date":"2010-07-29T05:17:09","date_gmt":"2010-07-29T10:17:09","guid":{"rendered":"http:\/\/akunq.net\/tr\/?p=1418"},"modified":"2010-07-29T05:17:09","modified_gmt":"2010-07-29T10:17:09","slug":"17-kisilik-alman-grup-cop-topladi-2","status":"publish","type":"post","link":"https:\/\/akunq.net\/turkish\/2010\/07\/29\/17-kisilik-alman-grup-cop-topladi-2\/","title":{"rendered":"17 ki\u015filik Alman grup, \u00e7\u00f6p toplad\u0131"},"content":{"rendered":"<p style=\"text-align: justify\">Gen\u00e7lik merkezleri taraf\u0131ndan y\u00fcr\u00fct\u00fclen &#8216;Gen\u00e7lik De\u011fi\u015fim Projesi&#8217; \u00e7er\u00e7evesinde Van&#8217;da bulunan 17 ki\u015filik Alman grup, Van G\u00f6l\u00fc sahilinde yar\u0131m saatte onlarca torba dolusu \u00e7\u00f6p toplad\u0131.<\/p>\n<p>Yakla\u015f\u0131k bir haftad\u0131r Van&#8217;da bulunan grup, programlar\u0131 \u00e7er\u00e7evesinde Edremit il\u00e7esi ile Ferit Melen Havaalan\u0131 aras\u0131ndaki Van G\u00f6l\u00fc sahilinde \u00e7\u00f6p toplad\u0131lar. Van Gen\u00e7lik Merkezi liderlerinden Necmettin Ya\u015flak ve Yasemin Ku\u015fman ile birlikte ellerine eldiven takan grup \u00fcyeleri, sahilde \u00e7\u00f6p toplamaya ba\u015flad\u0131. Yar\u0131m saat i\u00e7erisinde onlarca torba dolusu \u00e7\u00f6p toplayan grup \u00fcyeleri, Van G\u00f6l\u00fc&#8217;ne sahip \u00e7\u0131k\u0131lmas\u0131n\u0131 istedi. Toplad\u0131klar\u0131 \u00e7\u00f6pleri doldurduklar\u0131 torbalar\u0131 kimisi s\u0131rt\u0131nda kimisi ise arkada\u015f\u0131yla birlikte \u00e7\u00f6p toplama b\u00f6lgesine kadar ta\u015f\u0131d\u0131.<\/p>\n<p>Alman grupta bulunan Milena, Jasmin ve Reginie isimli k\u0131zlar ise, beklemedikleri bir manzara ile kar\u015f\u0131la\u015ft\u0131klar\u0131n\u0131 s\u00f6yledi. Halk\u0131n g\u00f6le sahip \u00e7\u0131kmas\u0131n\u0131 isteyen Alman k\u0131zlar, &#8220;Bu kadar do\u011fa harikas\u0131 bir g\u00f6l nas\u0131l bu kadar kirletilir? G\u00f6le sahip \u00e7\u0131k\u0131lmas\u0131 tan\u0131t\u0131m i\u00e7in \u00e7ok \u00f6nemlidir. Buralar temiz olursa, d\u0131\u015far\u0131dan gelen insan say\u0131s\u0131 da artar ve ilin ekonomisine katk\u0131 sa\u011flar. Bu do\u011fa harikas\u0131 g\u00f6l\u00fc herkes el ele vererek korumal\u0131d\u0131r&#8221; dediler.<\/p>\n<p style=\"text-align: justify\"><strong>27\/07\/2010 <\/strong>\u00a0<\/p>\n<p style=\"text-align: justify\"><a href=\"http:\/\/www.vantvhaber.net\/8355_17-kisilik-Alman-grup,-cop-topladi.html\">http:\/\/www.vantvhaber.net\/8355_17-kisilik-Alman-grup,-cop-topladi.html<\/a><\/p>\n","protected":false},"excerpt":{"rendered":"<p>Gen\u00e7lik merkezleri taraf\u0131ndan y\u00fcr\u00fct\u00fclen &#8216;Gen\u00e7lik De\u011fi\u015fim Projesi&#8217; \u00e7er\u00e7evesinde Van&#8217;da bulunan 17 ki\u015filik Alman grup, Van G\u00f6l\u00fc sahilinde yar\u0131m saatte onlarca torba dolusu \u00e7\u00f6p toplad\u0131. Yakla\u015f\u0131k bir haftad\u0131r Van&#8217;da bulunan grup, programlar\u0131 \u00e7er\u00e7evesinde Edremit il\u00e7esi ile Ferit Melen Havaalan\u0131 aras\u0131ndaki Van G\u00f6l\u00fc sahilinde \u00e7\u00f6p toplad\u0131lar. Van Gen\u00e7lik Merkezi liderlerinden Necmettin Ya\u015flak ve Yasemin Ku\u015fman ile birlikte [&hellip;]<\/p>\n","protected":false},"author":3,"featured_media":0,"comment_status":"closed","ping_status":"open","sticky":false,"template":"","format":"standard","meta":{"footnotes":""},"categories":[14],"tags":[],"class_list":["post-1418","post","type-post","status-publish","format-standard","hentry","category-haberler"],"yoast_head":"<!-- This site is optimized with the Yoast SEO plugin v27.4 - https:\/\/yoast.com\/product\/yoast-seo-wordpress\/ -->\n<title>17 ki\u015filik Alman grup, \u00e7\u00f6p toplad\u0131 - Bati Ermenistan Ve Bati Ermenileri Sorunlari Ara\u015ftirmalar Merkezi<\/title>\n<meta name=\"robots\" content=\"index, follow, max-snippet:-1, max-image-preview:large, max-video-preview:-1\" \/>\n<link rel=\"canonical\" href=\"https:\/\/akunq.net\/turkish\/2010\/07\/29\/17-kisilik-alman-grup-cop-topladi-2\/\" \/>\n<meta property=\"og:locale\" content=\"en_US\" \/>\n<meta property=\"og:type\" content=\"article\" \/>\n<meta property=\"og:title\" content=\"17 ki\u015filik Alman grup, \u00e7\u00f6p toplad\u0131 - Bati Ermenistan Ve Bati Ermenileri Sorunlari Ara\u015ftirmalar Merkezi\" \/>\n<meta property=\"og:description\" content=\"Gen\u00e7lik merkezleri taraf\u0131ndan y\u00fcr\u00fct\u00fclen &#8216;Gen\u00e7lik De\u011fi\u015fim Projesi&#8217; \u00e7er\u00e7evesinde Van&#8217;da bulunan 17 ki\u015filik Alman grup, Van G\u00f6l\u00fc sahilinde yar\u0131m saatte onlarca torba dolusu \u00e7\u00f6p toplad\u0131. Yakla\u015f\u0131k bir haftad\u0131r Van&#8217;da bulunan grup, programlar\u0131 \u00e7er\u00e7evesinde Edremit il\u00e7esi ile Ferit Melen Havaalan\u0131 aras\u0131ndaki Van G\u00f6l\u00fc sahilinde \u00e7\u00f6p toplad\u0131lar. Van Gen\u00e7lik Merkezi liderlerinden Necmettin Ya\u015flak ve Yasemin Ku\u015fman ile birlikte [&hellip;]\" \/>\n<meta property=\"og:url\" content=\"https:\/\/akunq.net\/turkish\/2010\/07\/29\/17-kisilik-alman-grup-cop-topladi-2\/\" \/>\n<meta property=\"og:site_name\" content=\"Bati Ermenistan Ve Bati Ermenileri Sorunlari Ara\u015ftirmalar Merkezi\" \/>\n<meta property=\"article:published_time\" content=\"2010-07-29T10:17:09+00:00\" \/>\n<meta name=\"author\" content=\"kalem\" \/>\n<meta name=\"twitter:card\" content=\"summary_large_image\" \/>\n<meta name=\"twitter:label1\" content=\"Written by\" \/>\n\t<meta name=\"twitter:data1\" content=\"kalem\" \/>\n\t<meta name=\"twitter:label2\" content=\"Est. reading time\" \/>\n\t<meta name=\"twitter:data2\" content=\"1 minute\" \/>\n<script type=\"application\/ld+json\" class=\"yoast-schema-graph\">{\"@context\":\"https:\\\/\\\/schema.org\",\"@graph\":[{\"@type\":\"Article\",\"@id\":\"https:\\\/\\\/akunq.net\\\/turkish\\\/2010\\\/07\\\/29\\\/17-kisilik-alman-grup-cop-topladi-2\\\/#article\",\"isPartOf\":{\"@id\":\"https:\\\/\\\/akunq.net\\\/turkish\\\/2010\\\/07\\\/29\\\/17-kisilik-alman-grup-cop-topladi-2\\\/\"},\"author\":{\"name\":\"kalem\",\"@id\":\"https:\\\/\\\/akunq.net\\\/turkish\\\/#\\\/schema\\\/person\\\/135e7923d1aeb8887890799619969a6c\"},\"headline\":\"17 ki\u015filik Alman grup, \u00e7\u00f6p toplad\u0131\",\"datePublished\":\"2010-07-29T10:17:09+00:00\",\"mainEntityOfPage\":{\"@id\":\"https:\\\/\\\/akunq.net\\\/turkish\\\/2010\\\/07\\\/29\\\/17-kisilik-alman-grup-cop-topladi-2\\\/\"},\"wordCount\":231,\"articleSection\":[\"Haberler\"],\"inLanguage\":\"en-US\"},{\"@type\":\"WebPage\",\"@id\":\"https:\\\/\\\/akunq.net\\\/turkish\\\/2010\\\/07\\\/29\\\/17-kisilik-alman-grup-cop-topladi-2\\\/\",\"url\":\"https:\\\/\\\/akunq.net\\\/turkish\\\/2010\\\/07\\\/29\\\/17-kisilik-alman-grup-cop-topladi-2\\\/\",\"name\":\"17 ki\u015filik Alman grup, \u00e7\u00f6p toplad\u0131 - Bati Ermenistan Ve Bati Ermenileri Sorunlari Ara\u015ftirmalar Merkezi\",\"isPartOf\":{\"@id\":\"https:\\\/\\\/akunq.net\\\/turkish\\\/#website\"},\"datePublished\":\"2010-07-29T10:17:09+00:00\",\"author\":{\"@id\":\"https:\\\/\\\/akunq.net\\\/turkish\\\/#\\\/schema\\\/person\\\/135e7923d1aeb8887890799619969a6c\"},\"breadcrumb\":{\"@id\":\"https:\\\/\\\/akunq.net\\\/turkish\\\/2010\\\/07\\\/29\\\/17-kisilik-alman-grup-cop-topladi-2\\\/#breadcrumb\"},\"inLanguage\":\"en-US\",\"potentialAction\":[{\"@type\":\"ReadAction\",\"target\":[\"https:\\\/\\\/akunq.net\\\/turkish\\\/2010\\\/07\\\/29\\\/17-kisilik-alman-grup-cop-topladi-2\\\/\"]}]},{\"@type\":\"BreadcrumbList\",\"@id\":\"https:\\\/\\\/akunq.net\\\/turkish\\\/2010\\\/07\\\/29\\\/17-kisilik-alman-grup-cop-topladi-2\\\/#breadcrumb\",\"itemListElement\":[{\"@type\":\"ListItem\",\"position\":1,\"name\":\"Home\",\"item\":\"https:\\\/\\\/akunq.net\\\/turkish\\\/\"},{\"@type\":\"ListItem\",\"position\":2,\"name\":\"17 ki\u015filik Alman grup, \u00e7\u00f6p toplad\u0131\"}]},{\"@type\":\"WebSite\",\"@id\":\"https:\\\/\\\/akunq.net\\\/turkish\\\/#website\",\"url\":\"https:\\\/\\\/akunq.net\\\/turkish\\\/\",\"name\":\"Bati Ermenistan Ve Bati Ermenileri Sorunlari Ara\u015ftirmalar Merkezi\",\"description\":\"\",\"potentialAction\":[{\"@type\":\"SearchAction\",\"target\":{\"@type\":\"EntryPoint\",\"urlTemplate\":\"https:\\\/\\\/akunq.net\\\/turkish\\\/?s={search_term_string}\"},\"query-input\":{\"@type\":\"PropertyValueSpecification\",\"valueRequired\":true,\"valueName\":\"search_term_string\"}}],\"inLanguage\":\"en-US\"},{\"@type\":\"Person\",\"@id\":\"https:\\\/\\\/akunq.net\\\/turkish\\\/#\\\/schema\\\/person\\\/135e7923d1aeb8887890799619969a6c\",\"name\":\"kalem\",\"image\":{\"@type\":\"ImageObject\",\"inLanguage\":\"en-US\",\"@id\":\"https:\\\/\\\/secure.gravatar.com\\\/avatar\\\/a06875e4b25feb5674296adf8e8a7ae1e587cebce2493fe63c456109967e27d3?s=96&d=mm&r=g\",\"url\":\"https:\\\/\\\/secure.gravatar.com\\\/avatar\\\/a06875e4b25feb5674296adf8e8a7ae1e587cebce2493fe63c456109967e27d3?s=96&d=mm&r=g\",\"contentUrl\":\"https:\\\/\\\/secure.gravatar.com\\\/avatar\\\/a06875e4b25feb5674296adf8e8a7ae1e587cebce2493fe63c456109967e27d3?s=96&d=mm&r=g\",\"caption\":\"kalem\"},\"url\":\"https:\\\/\\\/akunq.net\\\/turkish\\\/author\\\/kalem\\\/\"}]}<\/script>\n<!-- \/ Yoast SEO plugin. -->","yoast_head_json":{"title":"17 ki\u015filik Alman grup, \u00e7\u00f6p toplad\u0131 - Bati Ermenistan Ve Bati Ermenileri Sorunlari Ara\u015ftirmalar Merkezi","robots":{"index":"index","follow":"follow","max-snippet":"max-snippet:-1","max-image-preview":"max-image-preview:large","max-video-preview":"max-video-preview:-1"},"canonical":"https:\/\/akunq.net\/turkish\/2010\/07\/29\/17-kisilik-alman-grup-cop-topladi-2\/","og_locale":"en_US","og_type":"article","og_title":"17 ki\u015filik Alman grup, \u00e7\u00f6p toplad\u0131 - Bati Ermenistan Ve Bati Ermenileri Sorunlari Ara\u015ftirmalar Merkezi","og_description":"Gen\u00e7lik merkezleri taraf\u0131ndan y\u00fcr\u00fct\u00fclen &#8216;Gen\u00e7lik De\u011fi\u015fim Projesi&#8217; \u00e7er\u00e7evesinde Van&#8217;da bulunan 17 ki\u015filik Alman grup, Van G\u00f6l\u00fc sahilinde yar\u0131m saatte onlarca torba dolusu \u00e7\u00f6p toplad\u0131. Yakla\u015f\u0131k bir haftad\u0131r Van&#8217;da bulunan grup, programlar\u0131 \u00e7er\u00e7evesinde Edremit il\u00e7esi ile Ferit Melen Havaalan\u0131 aras\u0131ndaki Van G\u00f6l\u00fc sahilinde \u00e7\u00f6p toplad\u0131lar. Van Gen\u00e7lik Merkezi liderlerinden Necmettin Ya\u015flak ve Yasemin Ku\u015fman ile birlikte [&hellip;]","og_url":"https:\/\/akunq.net\/turkish\/2010\/07\/29\/17-kisilik-alman-grup-cop-topladi-2\/","og_site_name":"Bati Ermenistan Ve Bati Ermenileri Sorunlari Ara\u015ftirmalar Merkezi","article_published_time":"2010-07-29T10:17:09+00:00","author":"kalem","twitter_card":"summary_large_image","twitter_misc":{"Written by":"kalem","Est. reading time":"1 minute"},"schema":{"@context":"https:\/\/schema.org","@graph":[{"@type":"Article","@id":"https:\/\/akunq.net\/turkish\/2010\/07\/29\/17-kisilik-alman-grup-cop-topladi-2\/#article","isPartOf":{"@id":"https:\/\/akunq.net\/turkish\/2010\/07\/29\/17-kisilik-alman-grup-cop-topladi-2\/"},"author":{"name":"kalem","@id":"https:\/\/akunq.net\/turkish\/#\/schema\/person\/135e7923d1aeb8887890799619969a6c"},"headline":"17 ki\u015filik Alman grup, \u00e7\u00f6p toplad\u0131","datePublished":"2010-07-29T10:17:09+00:00","mainEntityOfPage":{"@id":"https:\/\/akunq.net\/turkish\/2010\/07\/29\/17-kisilik-alman-grup-cop-topladi-2\/"},"wordCount":231,"articleSection":["Haberler"],"inLanguage":"en-US"},{"@type":"WebPage","@id":"https:\/\/akunq.net\/turkish\/2010\/07\/29\/17-kisilik-alman-grup-cop-topladi-2\/","url":"https:\/\/akunq.net\/turkish\/2010\/07\/29\/17-kisilik-alman-grup-cop-topladi-2\/","name":"17 ki\u015filik Alman grup, \u00e7\u00f6p toplad\u0131 - Bati Ermenistan Ve Bati Ermenileri Sorunlari Ara\u015ftirmalar Merkezi","isPartOf":{"@id":"https:\/\/akunq.net\/turkish\/#website"},"datePublished":"2010-07-29T10:17:09+00:00","author":{"@id":"https:\/\/akunq.net\/turkish\/#\/schema\/person\/135e7923d1aeb8887890799619969a6c"},"breadcrumb":{"@id":"https:\/\/akunq.net\/turkish\/2010\/07\/29\/17-kisilik-alman-grup-cop-topladi-2\/#breadcrumb"},"inLanguage":"en-US","potentialAction":[{"@type":"ReadAction","target":["https:\/\/akunq.net\/turkish\/2010\/07\/29\/17-kisilik-alman-grup-cop-topladi-2\/"]}]},{"@type":"BreadcrumbList","@id":"https:\/\/akunq.net\/turkish\/2010\/07\/29\/17-kisilik-alman-grup-cop-topladi-2\/#breadcrumb","itemListElement":[{"@type":"ListItem","position":1,"name":"Home","item":"https:\/\/akunq.net\/turkish\/"},{"@type":"ListItem","position":2,"name":"17 ki\u015filik Alman grup, \u00e7\u00f6p toplad\u0131"}]},{"@type":"WebSite","@id":"https:\/\/akunq.net\/turkish\/#website","url":"https:\/\/akunq.net\/turkish\/","name":"Bati Ermenistan Ve Bati Ermenileri Sorunlari Ara\u015ftirmalar Merkezi","description":"","potentialAction":[{"@type":"SearchAction","target":{"@type":"EntryPoint","urlTemplate":"https:\/\/akunq.net\/turkish\/?s={search_term_string}"},"query-input":{"@type":"PropertyValueSpecification","valueRequired":true,"valueName":"search_term_string"}}],"inLanguage":"en-US"},{"@type":"Person","@id":"https:\/\/akunq.net\/turkish\/#\/schema\/person\/135e7923d1aeb8887890799619969a6c","name":"kalem","image":{"@type":"ImageObject","inLanguage":"en-US","@id":"https:\/\/secure.gravatar.com\/avatar\/a06875e4b25feb5674296adf8e8a7ae1e587cebce2493fe63c456109967e27d3?s=96&d=mm&r=g","url":"https:\/\/secure.gravatar.com\/avatar\/a06875e4b25feb5674296adf8e8a7ae1e587cebce2493fe63c456109967e27d3?s=96&d=mm&r=g","contentUrl":"https:\/\/secure.gravatar.com\/avatar\/a06875e4b25feb5674296adf8e8a7ae1e587cebce2493fe63c456109967e27d3?s=96&d=mm&r=g","caption":"kalem"},"url":"https:\/\/akunq.net\/turkish\/author\/kalem\/"}]}},"_links":{"self":[{"href":"https:\/\/akunq.net\/turkish\/wp-json\/wp\/v2\/posts\/1418","targetHints":{"allow":["GET"]}}],"collection":[{"href":"https:\/\/akunq.net\/turkish\/wp-json\/wp\/v2\/posts"}],"about":[{"href":"https:\/\/akunq.net\/turkish\/wp-json\/wp\/v2\/types\/post"}],"author":[{"embeddable":true,"href":"https:\/\/akunq.net\/turkish\/wp-json\/wp\/v2\/users\/3"}],"replies":[{"embeddable":true,"href":"https:\/\/akunq.net\/turkish\/wp-json\/wp\/v2\/comments?post=1418"}],"version-history":[{"count":0,"href":"https:\/\/akunq.net\/turkish\/wp-json\/wp\/v2\/posts\/1418\/revisions"}],"wp:attachment":[{"href":"https:\/\/akunq.net\/turkish\/wp-json\/wp\/v2\/media?parent=1418"}],"wp:term":[{"taxonomy":"category","embeddable":true,"href":"https:\/\/akunq.net\/turkish\/wp-json\/wp\/v2\/categories?post=1418"},{"taxonomy":"post_tag","embeddable":true,"href":"https:\/\/akunq.net\/turkish\/wp-json\/wp\/v2\/tags?post=1418"}],"curies":[{"name":"wp","href":"https:\/\/api.w.org\/{rel}","templated":true}]}}