{"id":1407,"date":"2010-07-28T00:23:14","date_gmt":"2010-07-28T05:23:14","guid":{"rendered":"http:\/\/akunq.net\/tr\/?p=1407"},"modified":"2010-07-28T00:23:14","modified_gmt":"2010-07-28T05:23:14","slug":"katolikos-garegin-ii-agtamar-kilisesindeki-ayine-katilmayacak","status":"publish","type":"post","link":"https:\/\/akunq.net\/turkish\/2010\/07\/28\/katolikos-garegin-ii-agtamar-kilisesindeki-ayine-katilmayacak\/","title":{"rendered":"Katolikos Garegin II, A\u011ftamar Kilisesi&#8217;ndeki ayine kat\u0131lmayacak"},"content":{"rendered":"<p style=\"text-align: justify\">T\u00fcm D\u00fcnya Ermenileri Katolikosu Garegin II, 19 Eyl\u00fcl&#8217;de A\u011ftamar Surp Ha\u00e7 Kilisesi&#8217;ndeki yap\u0131lacak ayine kat\u0131lmayacak.<\/p>\n<p style=\"text-align: justify\">Surp E\u00e7miyadzin Katolikosluk Bas\u0131n Merkezi&#8217;nin gazetecilere yapt\u0131\u011f\u0131 a\u00e7\u0131klamad, ayine Surp E\u00e7miyadzin&#8217;in iki temsilcisinin kat\u0131laca\u011f\u0131 bildirildi.<\/p>\n<p style=\"text-align: justify\">Van\u2019da bulunan ve Ermeni d\u00fcnyas\u0131nda tarihi \u00f6neme sahip olan A\u011famar Kilisesi\u2019ne ha\u00e7 as\u0131lmas\u0131 i\u00e7in May\u0131s ay\u0131nda izin \u00e7\u0131kt\u0131.<br \/>\nAtlas Dergisi\u2019nin sorular\u0131n\u0131 cevapland\u0131ran T\u00fcrkiye K\u00fclt\u00fcr ve Turizm Bakan\u0131 Ertu\u011frul G\u00fcnay, A\u011ftamar\u2019daki Surp Ha\u00e7 Kilisesi\u2019ne ha\u00e7 as\u0131lmas\u0131 i\u00e7in Van Tabiat ve K\u00fclt\u00fcr Varl\u0131klar\u0131n\u0131 Koruma Kurulu\u2019ndan karar \u00e7\u0131kt\u0131\u011f\u0131n\u0131 s\u00f6ylemi\u015fti.<\/p>\n<p style=\"text-align: justify\">2007\u2019de restorasyonu biten Surp Ha\u00e7 Kilisesi\u2019ne ha\u00e7 konulmas\u0131 i\u00e7in T\u00fcrkiye Ermenileri Patri\u011fi Mesrob II resmen ba\u015fvurmu\u015f, bir ha\u00e7 yapt\u0131rarak Van\u2019a g\u00f6ndermi\u015fti. Ancak, gerekli izinler \u00e7\u0131kmad\u0131\u011f\u0131 i\u00e7in ha\u00e7 depoya konulmu\u015ftu. B\u00f6ylece, T\u00fcrkiye&#8217;de 12 Eyl\u00fcl&#8217;de yap\u0131lacak referandum dolay\u0131s\u0131yla 19 Eyl\u00fcl\u2019e ertelenen ayin s\u0131ras\u0131nda Surp Ha\u00e7\u2019\u0131n tepesinde ha\u00e7 da bulunacak.<\/p>\n<p style=\"text-align: justify\"><strong>\u00a0<\/strong><strong><em>Kaynak:<\/em><\/strong><strong><em> tert.am\/tr<br \/>\nTarih: 27.07.2010<\/em><\/strong><\/p>\n","protected":false},"excerpt":{"rendered":"<p>T\u00fcm D\u00fcnya Ermenileri Katolikosu Garegin II, 19 Eyl\u00fcl&#8217;de A\u011ftamar Surp Ha\u00e7 Kilisesi&#8217;ndeki yap\u0131lacak ayine kat\u0131lmayacak. Surp E\u00e7miyadzin Katolikosluk Bas\u0131n Merkezi&#8217;nin gazetecilere yapt\u0131\u011f\u0131 a\u00e7\u0131klamad, ayine Surp E\u00e7miyadzin&#8217;in iki temsilcisinin kat\u0131laca\u011f\u0131 bildirildi. Van\u2019da bulunan ve Ermeni d\u00fcnyas\u0131nda tarihi \u00f6neme sahip olan A\u011famar Kilisesi\u2019ne ha\u00e7 as\u0131lmas\u0131 i\u00e7in May\u0131s ay\u0131nda izin \u00e7\u0131kt\u0131. Atlas Dergisi\u2019nin sorular\u0131n\u0131 cevapland\u0131ran T\u00fcrkiye K\u00fclt\u00fcr ve [&hellip;]<\/p>\n","protected":false},"author":3,"featured_media":0,"comment_status":"closed","ping_status":"open","sticky":false,"template":"","format":"standard","meta":{"footnotes":""},"categories":[14],"tags":[],"class_list":["post-1407","post","type-post","status-publish","format-standard","hentry","category-haberler"],"yoast_head":"<!-- This site is optimized with the Yoast SEO plugin v27.4 - https:\/\/yoast.com\/product\/yoast-seo-wordpress\/ -->\n<title>Katolikos Garegin II, A\u011ftamar Kilisesi&#039;ndeki ayine kat\u0131lmayacak - Bati Ermenistan Ve Bati Ermenileri Sorunlari Ara\u015ftirmalar Merkezi<\/title>\n<meta name=\"robots\" content=\"index, follow, max-snippet:-1, max-image-preview:large, max-video-preview:-1\" \/>\n<link rel=\"canonical\" href=\"https:\/\/akunq.net\/turkish\/2010\/07\/28\/katolikos-garegin-ii-agtamar-kilisesindeki-ayine-katilmayacak\/\" \/>\n<meta property=\"og:locale\" content=\"en_US\" \/>\n<meta property=\"og:type\" content=\"article\" \/>\n<meta property=\"og:title\" content=\"Katolikos Garegin II, A\u011ftamar Kilisesi&#039;ndeki ayine kat\u0131lmayacak - Bati Ermenistan Ve Bati Ermenileri Sorunlari Ara\u015ftirmalar Merkezi\" \/>\n<meta property=\"og:description\" content=\"T\u00fcm D\u00fcnya Ermenileri Katolikosu Garegin II, 19 Eyl\u00fcl&#8217;de A\u011ftamar Surp Ha\u00e7 Kilisesi&#8217;ndeki yap\u0131lacak ayine kat\u0131lmayacak. Surp E\u00e7miyadzin Katolikosluk Bas\u0131n Merkezi&#8217;nin gazetecilere yapt\u0131\u011f\u0131 a\u00e7\u0131klamad, ayine Surp E\u00e7miyadzin&#8217;in iki temsilcisinin kat\u0131laca\u011f\u0131 bildirildi. Van\u2019da bulunan ve Ermeni d\u00fcnyas\u0131nda tarihi \u00f6neme sahip olan A\u011famar Kilisesi\u2019ne ha\u00e7 as\u0131lmas\u0131 i\u00e7in May\u0131s ay\u0131nda izin \u00e7\u0131kt\u0131. Atlas Dergisi\u2019nin sorular\u0131n\u0131 cevapland\u0131ran T\u00fcrkiye K\u00fclt\u00fcr ve [&hellip;]\" \/>\n<meta property=\"og:url\" content=\"https:\/\/akunq.net\/turkish\/2010\/07\/28\/katolikos-garegin-ii-agtamar-kilisesindeki-ayine-katilmayacak\/\" \/>\n<meta property=\"og:site_name\" content=\"Bati Ermenistan Ve Bati Ermenileri Sorunlari Ara\u015ftirmalar Merkezi\" \/>\n<meta property=\"article:published_time\" content=\"2010-07-28T05:23:14+00:00\" \/>\n<meta name=\"author\" content=\"kalem\" \/>\n<meta name=\"twitter:card\" content=\"summary_large_image\" \/>\n<meta name=\"twitter:label1\" content=\"Written by\" \/>\n\t<meta name=\"twitter:data1\" content=\"kalem\" \/>\n\t<meta name=\"twitter:label2\" content=\"Est. reading time\" \/>\n\t<meta name=\"twitter:data2\" content=\"1 minute\" \/>\n<script type=\"application\/ld+json\" class=\"yoast-schema-graph\">{\"@context\":\"https:\\\/\\\/schema.org\",\"@graph\":[{\"@type\":\"Article\",\"@id\":\"https:\\\/\\\/akunq.net\\\/turkish\\\/2010\\\/07\\\/28\\\/katolikos-garegin-ii-agtamar-kilisesindeki-ayine-katilmayacak\\\/#article\",\"isPartOf\":{\"@id\":\"https:\\\/\\\/akunq.net\\\/turkish\\\/2010\\\/07\\\/28\\\/katolikos-garegin-ii-agtamar-kilisesindeki-ayine-katilmayacak\\\/\"},\"author\":{\"name\":\"kalem\",\"@id\":\"https:\\\/\\\/akunq.net\\\/turkish\\\/#\\\/schema\\\/person\\\/135e7923d1aeb8887890799619969a6c\"},\"headline\":\"Katolikos Garegin II, A\u011ftamar Kilisesi&#8217;ndeki ayine kat\u0131lmayacak\",\"datePublished\":\"2010-07-28T05:23:14+00:00\",\"mainEntityOfPage\":{\"@id\":\"https:\\\/\\\/akunq.net\\\/turkish\\\/2010\\\/07\\\/28\\\/katolikos-garegin-ii-agtamar-kilisesindeki-ayine-katilmayacak\\\/\"},\"wordCount\":197,\"articleSection\":[\"Haberler\"],\"inLanguage\":\"en-US\"},{\"@type\":\"WebPage\",\"@id\":\"https:\\\/\\\/akunq.net\\\/turkish\\\/2010\\\/07\\\/28\\\/katolikos-garegin-ii-agtamar-kilisesindeki-ayine-katilmayacak\\\/\",\"url\":\"https:\\\/\\\/akunq.net\\\/turkish\\\/2010\\\/07\\\/28\\\/katolikos-garegin-ii-agtamar-kilisesindeki-ayine-katilmayacak\\\/\",\"name\":\"Katolikos Garegin II, A\u011ftamar Kilisesi'ndeki ayine kat\u0131lmayacak - Bati Ermenistan Ve Bati Ermenileri Sorunlari Ara\u015ftirmalar Merkezi\",\"isPartOf\":{\"@id\":\"https:\\\/\\\/akunq.net\\\/turkish\\\/#website\"},\"datePublished\":\"2010-07-28T05:23:14+00:00\",\"author\":{\"@id\":\"https:\\\/\\\/akunq.net\\\/turkish\\\/#\\\/schema\\\/person\\\/135e7923d1aeb8887890799619969a6c\"},\"breadcrumb\":{\"@id\":\"https:\\\/\\\/akunq.net\\\/turkish\\\/2010\\\/07\\\/28\\\/katolikos-garegin-ii-agtamar-kilisesindeki-ayine-katilmayacak\\\/#breadcrumb\"},\"inLanguage\":\"en-US\",\"potentialAction\":[{\"@type\":\"ReadAction\",\"target\":[\"https:\\\/\\\/akunq.net\\\/turkish\\\/2010\\\/07\\\/28\\\/katolikos-garegin-ii-agtamar-kilisesindeki-ayine-katilmayacak\\\/\"]}]},{\"@type\":\"BreadcrumbList\",\"@id\":\"https:\\\/\\\/akunq.net\\\/turkish\\\/2010\\\/07\\\/28\\\/katolikos-garegin-ii-agtamar-kilisesindeki-ayine-katilmayacak\\\/#breadcrumb\",\"itemListElement\":[{\"@type\":\"ListItem\",\"position\":1,\"name\":\"Home\",\"item\":\"https:\\\/\\\/akunq.net\\\/turkish\\\/\"},{\"@type\":\"ListItem\",\"position\":2,\"name\":\"Katolikos Garegin II, A\u011ftamar Kilisesi&#8217;ndeki ayine kat\u0131lmayacak\"}]},{\"@type\":\"WebSite\",\"@id\":\"https:\\\/\\\/akunq.net\\\/turkish\\\/#website\",\"url\":\"https:\\\/\\\/akunq.net\\\/turkish\\\/\",\"name\":\"Bati Ermenistan Ve Bati Ermenileri Sorunlari Ara\u015ftirmalar Merkezi\",\"description\":\"\",\"potentialAction\":[{\"@type\":\"SearchAction\",\"target\":{\"@type\":\"EntryPoint\",\"urlTemplate\":\"https:\\\/\\\/akunq.net\\\/turkish\\\/?s={search_term_string}\"},\"query-input\":{\"@type\":\"PropertyValueSpecification\",\"valueRequired\":true,\"valueName\":\"search_term_string\"}}],\"inLanguage\":\"en-US\"},{\"@type\":\"Person\",\"@id\":\"https:\\\/\\\/akunq.net\\\/turkish\\\/#\\\/schema\\\/person\\\/135e7923d1aeb8887890799619969a6c\",\"name\":\"kalem\",\"image\":{\"@type\":\"ImageObject\",\"inLanguage\":\"en-US\",\"@id\":\"https:\\\/\\\/secure.gravatar.com\\\/avatar\\\/a06875e4b25feb5674296adf8e8a7ae1e587cebce2493fe63c456109967e27d3?s=96&d=mm&r=g\",\"url\":\"https:\\\/\\\/secure.gravatar.com\\\/avatar\\\/a06875e4b25feb5674296adf8e8a7ae1e587cebce2493fe63c456109967e27d3?s=96&d=mm&r=g\",\"contentUrl\":\"https:\\\/\\\/secure.gravatar.com\\\/avatar\\\/a06875e4b25feb5674296adf8e8a7ae1e587cebce2493fe63c456109967e27d3?s=96&d=mm&r=g\",\"caption\":\"kalem\"},\"url\":\"https:\\\/\\\/akunq.net\\\/turkish\\\/author\\\/kalem\\\/\"}]}<\/script>\n<!-- \/ Yoast SEO plugin. -->","yoast_head_json":{"title":"Katolikos Garegin II, A\u011ftamar Kilisesi'ndeki ayine kat\u0131lmayacak - Bati Ermenistan Ve Bati Ermenileri Sorunlari Ara\u015ftirmalar Merkezi","robots":{"index":"index","follow":"follow","max-snippet":"max-snippet:-1","max-image-preview":"max-image-preview:large","max-video-preview":"max-video-preview:-1"},"canonical":"https:\/\/akunq.net\/turkish\/2010\/07\/28\/katolikos-garegin-ii-agtamar-kilisesindeki-ayine-katilmayacak\/","og_locale":"en_US","og_type":"article","og_title":"Katolikos Garegin II, A\u011ftamar Kilisesi'ndeki ayine kat\u0131lmayacak - Bati Ermenistan Ve Bati Ermenileri Sorunlari Ara\u015ftirmalar Merkezi","og_description":"T\u00fcm D\u00fcnya Ermenileri Katolikosu Garegin II, 19 Eyl\u00fcl&#8217;de A\u011ftamar Surp Ha\u00e7 Kilisesi&#8217;ndeki yap\u0131lacak ayine kat\u0131lmayacak. Surp E\u00e7miyadzin Katolikosluk Bas\u0131n Merkezi&#8217;nin gazetecilere yapt\u0131\u011f\u0131 a\u00e7\u0131klamad, ayine Surp E\u00e7miyadzin&#8217;in iki temsilcisinin kat\u0131laca\u011f\u0131 bildirildi. Van\u2019da bulunan ve Ermeni d\u00fcnyas\u0131nda tarihi \u00f6neme sahip olan A\u011famar Kilisesi\u2019ne ha\u00e7 as\u0131lmas\u0131 i\u00e7in May\u0131s ay\u0131nda izin \u00e7\u0131kt\u0131. Atlas Dergisi\u2019nin sorular\u0131n\u0131 cevapland\u0131ran T\u00fcrkiye K\u00fclt\u00fcr ve [&hellip;]","og_url":"https:\/\/akunq.net\/turkish\/2010\/07\/28\/katolikos-garegin-ii-agtamar-kilisesindeki-ayine-katilmayacak\/","og_site_name":"Bati Ermenistan Ve Bati Ermenileri Sorunlari Ara\u015ftirmalar Merkezi","article_published_time":"2010-07-28T05:23:14+00:00","author":"kalem","twitter_card":"summary_large_image","twitter_misc":{"Written by":"kalem","Est. reading time":"1 minute"},"schema":{"@context":"https:\/\/schema.org","@graph":[{"@type":"Article","@id":"https:\/\/akunq.net\/turkish\/2010\/07\/28\/katolikos-garegin-ii-agtamar-kilisesindeki-ayine-katilmayacak\/#article","isPartOf":{"@id":"https:\/\/akunq.net\/turkish\/2010\/07\/28\/katolikos-garegin-ii-agtamar-kilisesindeki-ayine-katilmayacak\/"},"author":{"name":"kalem","@id":"https:\/\/akunq.net\/turkish\/#\/schema\/person\/135e7923d1aeb8887890799619969a6c"},"headline":"Katolikos Garegin II, A\u011ftamar Kilisesi&#8217;ndeki ayine kat\u0131lmayacak","datePublished":"2010-07-28T05:23:14+00:00","mainEntityOfPage":{"@id":"https:\/\/akunq.net\/turkish\/2010\/07\/28\/katolikos-garegin-ii-agtamar-kilisesindeki-ayine-katilmayacak\/"},"wordCount":197,"articleSection":["Haberler"],"inLanguage":"en-US"},{"@type":"WebPage","@id":"https:\/\/akunq.net\/turkish\/2010\/07\/28\/katolikos-garegin-ii-agtamar-kilisesindeki-ayine-katilmayacak\/","url":"https:\/\/akunq.net\/turkish\/2010\/07\/28\/katolikos-garegin-ii-agtamar-kilisesindeki-ayine-katilmayacak\/","name":"Katolikos Garegin II, A\u011ftamar Kilisesi'ndeki ayine kat\u0131lmayacak - Bati Ermenistan Ve Bati Ermenileri Sorunlari Ara\u015ftirmalar Merkezi","isPartOf":{"@id":"https:\/\/akunq.net\/turkish\/#website"},"datePublished":"2010-07-28T05:23:14+00:00","author":{"@id":"https:\/\/akunq.net\/turkish\/#\/schema\/person\/135e7923d1aeb8887890799619969a6c"},"breadcrumb":{"@id":"https:\/\/akunq.net\/turkish\/2010\/07\/28\/katolikos-garegin-ii-agtamar-kilisesindeki-ayine-katilmayacak\/#breadcrumb"},"inLanguage":"en-US","potentialAction":[{"@type":"ReadAction","target":["https:\/\/akunq.net\/turkish\/2010\/07\/28\/katolikos-garegin-ii-agtamar-kilisesindeki-ayine-katilmayacak\/"]}]},{"@type":"BreadcrumbList","@id":"https:\/\/akunq.net\/turkish\/2010\/07\/28\/katolikos-garegin-ii-agtamar-kilisesindeki-ayine-katilmayacak\/#breadcrumb","itemListElement":[{"@type":"ListItem","position":1,"name":"Home","item":"https:\/\/akunq.net\/turkish\/"},{"@type":"ListItem","position":2,"name":"Katolikos Garegin II, A\u011ftamar Kilisesi&#8217;ndeki ayine kat\u0131lmayacak"}]},{"@type":"WebSite","@id":"https:\/\/akunq.net\/turkish\/#website","url":"https:\/\/akunq.net\/turkish\/","name":"Bati Ermenistan Ve Bati Ermenileri Sorunlari Ara\u015ftirmalar Merkezi","description":"","potentialAction":[{"@type":"SearchAction","target":{"@type":"EntryPoint","urlTemplate":"https:\/\/akunq.net\/turkish\/?s={search_term_string}"},"query-input":{"@type":"PropertyValueSpecification","valueRequired":true,"valueName":"search_term_string"}}],"inLanguage":"en-US"},{"@type":"Person","@id":"https:\/\/akunq.net\/turkish\/#\/schema\/person\/135e7923d1aeb8887890799619969a6c","name":"kalem","image":{"@type":"ImageObject","inLanguage":"en-US","@id":"https:\/\/secure.gravatar.com\/avatar\/a06875e4b25feb5674296adf8e8a7ae1e587cebce2493fe63c456109967e27d3?s=96&d=mm&r=g","url":"https:\/\/secure.gravatar.com\/avatar\/a06875e4b25feb5674296adf8e8a7ae1e587cebce2493fe63c456109967e27d3?s=96&d=mm&r=g","contentUrl":"https:\/\/secure.gravatar.com\/avatar\/a06875e4b25feb5674296adf8e8a7ae1e587cebce2493fe63c456109967e27d3?s=96&d=mm&r=g","caption":"kalem"},"url":"https:\/\/akunq.net\/turkish\/author\/kalem\/"}]}},"_links":{"self":[{"href":"https:\/\/akunq.net\/turkish\/wp-json\/wp\/v2\/posts\/1407","targetHints":{"allow":["GET"]}}],"collection":[{"href":"https:\/\/akunq.net\/turkish\/wp-json\/wp\/v2\/posts"}],"about":[{"href":"https:\/\/akunq.net\/turkish\/wp-json\/wp\/v2\/types\/post"}],"author":[{"embeddable":true,"href":"https:\/\/akunq.net\/turkish\/wp-json\/wp\/v2\/users\/3"}],"replies":[{"embeddable":true,"href":"https:\/\/akunq.net\/turkish\/wp-json\/wp\/v2\/comments?post=1407"}],"version-history":[{"count":0,"href":"https:\/\/akunq.net\/turkish\/wp-json\/wp\/v2\/posts\/1407\/revisions"}],"wp:attachment":[{"href":"https:\/\/akunq.net\/turkish\/wp-json\/wp\/v2\/media?parent=1407"}],"wp:term":[{"taxonomy":"category","embeddable":true,"href":"https:\/\/akunq.net\/turkish\/wp-json\/wp\/v2\/categories?post=1407"},{"taxonomy":"post_tag","embeddable":true,"href":"https:\/\/akunq.net\/turkish\/wp-json\/wp\/v2\/tags?post=1407"}],"curies":[{"name":"wp","href":"https:\/\/api.w.org\/{rel}","templated":true}]}}