{"id":1405,"date":"2010-07-27T03:20:53","date_gmt":"2010-07-27T08:20:53","guid":{"rendered":"http:\/\/akunq.net\/tr\/?p=1405"},"modified":"2010-07-27T03:20:53","modified_gmt":"2010-07-27T08:20:53","slug":"ermeni-kilisesinde-restorasyon-basladi","status":"publish","type":"post","link":"https:\/\/akunq.net\/turkish\/2010\/07\/27\/ermeni-kilisesinde-restorasyon-basladi\/","title":{"rendered":"Ermeni Kilisesi&#8217;nde Restorasyon Ba\u015flad\u0131"},"content":{"rendered":"<p style=\"text-align: justify\"><a title=\"Eski\u015fehir Haberleri\" href=\"http:\/\/www.haberler.com\/eskisehir\/\"><strong><em>Eski\u015fehir<\/em><\/strong><\/a><strong><em>&#8216;in <\/em><\/strong><a title=\"Sivrihisar Haberleri\" href=\"http:\/\/www.haberler.com\/sivrihisar\/\"><strong><em>Sivrihisar<\/em><\/strong><\/a><strong><em> \u0130l\u00e7esinde 1881 Y\u0131l\u0131nda Yapt\u0131r\u0131lan Ermeni Kiliselerinden Surp Yerortutyun, K\u00fclt\u00fcr ve Turizm Bakanl\u0131\u011f\u0131nca Restore Ettiriliyor <\/em><\/strong><\/p>\n<p style=\"text-align: justify\"><a title=\"Eski\u015fehir Haberleri\" href=\"http:\/\/www.haberler.com\/eskisehir\/\">Eski\u015fehir<\/a>&#8216;in <a title=\"Sivrihisar Haberleri\" href=\"http:\/\/www.haberler.com\/sivrihisar\/\">Sivrihisar<\/a> il\u00e7esinde 1881 y\u0131l\u0131nda yapt\u0131r\u0131lan Ermeni kiliselerinden Surp Yerortutyun, K\u00fclt\u00fcr ve Turizm Bakanl\u0131\u011f\u0131nca restore ettiriliyor.<\/p>\n<p style=\"text-align: justify\">AA muhabirinin ald\u0131\u011f\u0131 bilgiye g\u00f6re, Anadolu&#8217;daki en b\u00fcy\u00fck Ermeni kiliselerinden Surp Yerortutyun, uzun s\u00fcre depo olarak kullan\u0131ld\u0131. Kesme ta\u015fla in\u015fa edilen kilisenin arka k\u0131sm\u0131nda vaftiz, g\u00fcney k\u0131sm\u0131nda papaz odas\u0131 bulunuyor.<\/p>\n<p>Yakla\u015f\u0131k 20 y\u0131ld\u0131r metruk halde olan kilisenin iki taraf\u0131nda \u00e7an kuleleri yer al\u0131yor. Kilisenin giri\u015f kap\u0131s\u0131 \u00fczerinde melek kabartmalar\u0131 dikkat \u00e7ekiyor. \u00c7al\u0131nma tehlikesi atlatan baz\u0131 kabartmalar\u0131 belediye taraf\u0131ndan g\u00fcvenli bir yerde saklan\u0131yor. Kilise i\u00e7inde Meryem fig\u00fcrleri, freskler ve yaz\u0131lar yer al\u0131yor.<\/p>\n<p><a title=\"Sivrihisar Haberleri\" href=\"http:\/\/www.haberler.com\/sivrihisar\/\">Sivrihisar<\/a> Belediyesinin giri\u015fimlerine olumlu yan\u0131t veren <a title=\"K\u00fclt\u00fcr ve Turizm Bakanl\u0131\u011f\u0131 Haberleri\" href=\"http:\/\/www.haberler.com\/kultur-ve-turizm-bakanligi\/\">K\u00fclt\u00fcr ve Turizm Bakanl\u0131\u011f\u0131<\/a>, tarihi yap\u0131n\u0131n asl\u0131na uygun olarak restore edilmesi i\u00e7in harekete ge\u00e7ti. Restorasyon ihalesi ger\u00e7ekle\u015ftirildi ve y\u00fcklenici firma \u00e7al\u0131\u015fmalara ba\u015flad\u0131.<\/p>\n<p>Restorasyon \u00e7al\u0131\u015fmalar\u0131 tamamland\u0131\u011f\u0131nda kilisede sergi, konser ve toplant\u0131 salonlar\u0131n\u0131n yer alaca\u011f\u0131 K\u00fclt\u00fcr Evi&#8217;ne d\u00f6n\u00fc\u015ft\u00fcr\u00fclecek. Ortado\u011fu Teknik \u00dcniversitesi (ODT\u00dc) ve Gazi \u00dcniversitesi de \u00e7evre d\u00fczenlemesini yapacak. Turistlerin ziyaretine a\u00e7\u0131k tutulacak kilisenin i\u00e7 d\u00fczeni <a title=\"Sivrihisar Haberleri\" href=\"http:\/\/www.haberler.com\/sivrihisar\/\">Sivrihisar<\/a>&#8216;\u0131n y\u00f6resel hal\u0131, kilim ve benzeri tarihi eserleriyle donat\u0131lacak.<\/p>\n<p>\u0130l K\u00fclt\u00fcr ve Turizm M\u00fcd\u00fcr\u00fc Ali <a title=\"Osman G\u00fcl Haberleri\" href=\"http:\/\/www.haberler.com\/osman-gul\/\">Osman G\u00fcl<\/a>, \u00e7al\u0131\u015fmalar bitti\u011finde k\u00fclt\u00fcr merkezi olarak hizmet verecek kilisenin son y\u0131llarda canlanan il\u00e7e turizmine katk\u0131 sa\u011flayaca\u011f\u0131n\u0131 s\u00f6yledi. \u00c7al\u0131\u015fmalar\u0131n bu y\u0131l sonuna kadar tamamlanaca\u011f\u0131 bildirildi.<br \/>\n<strong><em><br \/>\nAnadolu Ajans\u0131, 25.07.2010<\/em><\/strong><\/p>\n<p style=\"text-align: justify\"><a title=\"Aydo\u011fan Haberleri\" href=\"http:\/\/www.haberler.com\/aydogan\/\"><strong><em>Aydo\u011fan<\/em><\/strong><\/a><strong><em> Alt\u0131n <\/em><\/strong><strong><em><\/em><\/strong><\/p>\n","protected":false},"excerpt":{"rendered":"<p>Eski\u015fehir&#8216;in Sivrihisar \u0130l\u00e7esinde 1881 Y\u0131l\u0131nda Yapt\u0131r\u0131lan Ermeni Kiliselerinden Surp Yerortutyun, K\u00fclt\u00fcr ve Turizm Bakanl\u0131\u011f\u0131nca Restore Ettiriliyor Eski\u015fehir&#8216;in Sivrihisar il\u00e7esinde 1881 y\u0131l\u0131nda yapt\u0131r\u0131lan Ermeni kiliselerinden Surp Yerortutyun, K\u00fclt\u00fcr ve Turizm Bakanl\u0131\u011f\u0131nca restore ettiriliyor. AA muhabirinin ald\u0131\u011f\u0131 bilgiye g\u00f6re, Anadolu&#8217;daki en b\u00fcy\u00fck Ermeni kiliselerinden Surp Yerortutyun, uzun s\u00fcre depo olarak kullan\u0131ld\u0131. Kesme ta\u015fla in\u015fa edilen kilisenin arka [&hellip;]<\/p>\n","protected":false},"author":3,"featured_media":0,"comment_status":"closed","ping_status":"open","sticky":false,"template":"","format":"standard","meta":{"footnotes":""},"categories":[14],"tags":[],"class_list":["post-1405","post","type-post","status-publish","format-standard","hentry","category-haberler"],"yoast_head":"<!-- This site is optimized with the Yoast SEO plugin v27.4 - https:\/\/yoast.com\/product\/yoast-seo-wordpress\/ -->\n<title>Ermeni Kilisesi&#039;nde Restorasyon Ba\u015flad\u0131 - Bati Ermenistan Ve Bati Ermenileri Sorunlari Ara\u015ftirmalar Merkezi<\/title>\n<meta name=\"robots\" content=\"index, follow, max-snippet:-1, max-image-preview:large, max-video-preview:-1\" \/>\n<link rel=\"canonical\" href=\"https:\/\/akunq.net\/turkish\/2010\/07\/27\/ermeni-kilisesinde-restorasyon-basladi\/\" \/>\n<meta property=\"og:locale\" content=\"en_US\" \/>\n<meta property=\"og:type\" content=\"article\" \/>\n<meta property=\"og:title\" content=\"Ermeni Kilisesi&#039;nde Restorasyon Ba\u015flad\u0131 - Bati Ermenistan Ve Bati Ermenileri Sorunlari Ara\u015ftirmalar Merkezi\" \/>\n<meta property=\"og:description\" content=\"Eski\u015fehir&#8216;in Sivrihisar \u0130l\u00e7esinde 1881 Y\u0131l\u0131nda Yapt\u0131r\u0131lan Ermeni Kiliselerinden Surp Yerortutyun, K\u00fclt\u00fcr ve Turizm Bakanl\u0131\u011f\u0131nca Restore Ettiriliyor Eski\u015fehir&#8216;in Sivrihisar il\u00e7esinde 1881 y\u0131l\u0131nda yapt\u0131r\u0131lan Ermeni kiliselerinden Surp Yerortutyun, K\u00fclt\u00fcr ve Turizm Bakanl\u0131\u011f\u0131nca restore ettiriliyor. AA muhabirinin ald\u0131\u011f\u0131 bilgiye g\u00f6re, Anadolu&#8217;daki en b\u00fcy\u00fck Ermeni kiliselerinden Surp Yerortutyun, uzun s\u00fcre depo olarak kullan\u0131ld\u0131. Kesme ta\u015fla in\u015fa edilen kilisenin arka [&hellip;]\" \/>\n<meta property=\"og:url\" content=\"https:\/\/akunq.net\/turkish\/2010\/07\/27\/ermeni-kilisesinde-restorasyon-basladi\/\" \/>\n<meta property=\"og:site_name\" content=\"Bati Ermenistan Ve Bati Ermenileri Sorunlari Ara\u015ftirmalar Merkezi\" \/>\n<meta property=\"article:published_time\" content=\"2010-07-27T08:20:53+00:00\" \/>\n<meta name=\"author\" content=\"kalem\" \/>\n<meta name=\"twitter:card\" content=\"summary_large_image\" \/>\n<meta name=\"twitter:label1\" content=\"Written by\" \/>\n\t<meta name=\"twitter:data1\" content=\"kalem\" \/>\n\t<meta name=\"twitter:label2\" content=\"Est. reading time\" \/>\n\t<meta name=\"twitter:data2\" content=\"1 minute\" \/>\n<script type=\"application\/ld+json\" class=\"yoast-schema-graph\">{\"@context\":\"https:\\\/\\\/schema.org\",\"@graph\":[{\"@type\":\"Article\",\"@id\":\"https:\\\/\\\/akunq.net\\\/turkish\\\/2010\\\/07\\\/27\\\/ermeni-kilisesinde-restorasyon-basladi\\\/#article\",\"isPartOf\":{\"@id\":\"https:\\\/\\\/akunq.net\\\/turkish\\\/2010\\\/07\\\/27\\\/ermeni-kilisesinde-restorasyon-basladi\\\/\"},\"author\":{\"name\":\"kalem\",\"@id\":\"https:\\\/\\\/akunq.net\\\/turkish\\\/#\\\/schema\\\/person\\\/135e7923d1aeb8887890799619969a6c\"},\"headline\":\"Ermeni Kilisesi&#8217;nde Restorasyon Ba\u015flad\u0131\",\"datePublished\":\"2010-07-27T08:20:53+00:00\",\"mainEntityOfPage\":{\"@id\":\"https:\\\/\\\/akunq.net\\\/turkish\\\/2010\\\/07\\\/27\\\/ermeni-kilisesinde-restorasyon-basladi\\\/\"},\"wordCount\":304,\"articleSection\":[\"Haberler\"],\"inLanguage\":\"en-US\"},{\"@type\":\"WebPage\",\"@id\":\"https:\\\/\\\/akunq.net\\\/turkish\\\/2010\\\/07\\\/27\\\/ermeni-kilisesinde-restorasyon-basladi\\\/\",\"url\":\"https:\\\/\\\/akunq.net\\\/turkish\\\/2010\\\/07\\\/27\\\/ermeni-kilisesinde-restorasyon-basladi\\\/\",\"name\":\"Ermeni Kilisesi'nde Restorasyon Ba\u015flad\u0131 - Bati Ermenistan Ve Bati Ermenileri Sorunlari Ara\u015ftirmalar Merkezi\",\"isPartOf\":{\"@id\":\"https:\\\/\\\/akunq.net\\\/turkish\\\/#website\"},\"datePublished\":\"2010-07-27T08:20:53+00:00\",\"author\":{\"@id\":\"https:\\\/\\\/akunq.net\\\/turkish\\\/#\\\/schema\\\/person\\\/135e7923d1aeb8887890799619969a6c\"},\"breadcrumb\":{\"@id\":\"https:\\\/\\\/akunq.net\\\/turkish\\\/2010\\\/07\\\/27\\\/ermeni-kilisesinde-restorasyon-basladi\\\/#breadcrumb\"},\"inLanguage\":\"en-US\",\"potentialAction\":[{\"@type\":\"ReadAction\",\"target\":[\"https:\\\/\\\/akunq.net\\\/turkish\\\/2010\\\/07\\\/27\\\/ermeni-kilisesinde-restorasyon-basladi\\\/\"]}]},{\"@type\":\"BreadcrumbList\",\"@id\":\"https:\\\/\\\/akunq.net\\\/turkish\\\/2010\\\/07\\\/27\\\/ermeni-kilisesinde-restorasyon-basladi\\\/#breadcrumb\",\"itemListElement\":[{\"@type\":\"ListItem\",\"position\":1,\"name\":\"Home\",\"item\":\"https:\\\/\\\/akunq.net\\\/turkish\\\/\"},{\"@type\":\"ListItem\",\"position\":2,\"name\":\"Ermeni Kilisesi&#8217;nde Restorasyon Ba\u015flad\u0131\"}]},{\"@type\":\"WebSite\",\"@id\":\"https:\\\/\\\/akunq.net\\\/turkish\\\/#website\",\"url\":\"https:\\\/\\\/akunq.net\\\/turkish\\\/\",\"name\":\"Bati Ermenistan Ve Bati Ermenileri Sorunlari Ara\u015ftirmalar Merkezi\",\"description\":\"\",\"potentialAction\":[{\"@type\":\"SearchAction\",\"target\":{\"@type\":\"EntryPoint\",\"urlTemplate\":\"https:\\\/\\\/akunq.net\\\/turkish\\\/?s={search_term_string}\"},\"query-input\":{\"@type\":\"PropertyValueSpecification\",\"valueRequired\":true,\"valueName\":\"search_term_string\"}}],\"inLanguage\":\"en-US\"},{\"@type\":\"Person\",\"@id\":\"https:\\\/\\\/akunq.net\\\/turkish\\\/#\\\/schema\\\/person\\\/135e7923d1aeb8887890799619969a6c\",\"name\":\"kalem\",\"image\":{\"@type\":\"ImageObject\",\"inLanguage\":\"en-US\",\"@id\":\"https:\\\/\\\/secure.gravatar.com\\\/avatar\\\/a06875e4b25feb5674296adf8e8a7ae1e587cebce2493fe63c456109967e27d3?s=96&d=mm&r=g\",\"url\":\"https:\\\/\\\/secure.gravatar.com\\\/avatar\\\/a06875e4b25feb5674296adf8e8a7ae1e587cebce2493fe63c456109967e27d3?s=96&d=mm&r=g\",\"contentUrl\":\"https:\\\/\\\/secure.gravatar.com\\\/avatar\\\/a06875e4b25feb5674296adf8e8a7ae1e587cebce2493fe63c456109967e27d3?s=96&d=mm&r=g\",\"caption\":\"kalem\"},\"url\":\"https:\\\/\\\/akunq.net\\\/turkish\\\/author\\\/kalem\\\/\"}]}<\/script>\n<!-- \/ Yoast SEO plugin. -->","yoast_head_json":{"title":"Ermeni Kilisesi'nde Restorasyon Ba\u015flad\u0131 - Bati Ermenistan Ve Bati Ermenileri Sorunlari Ara\u015ftirmalar Merkezi","robots":{"index":"index","follow":"follow","max-snippet":"max-snippet:-1","max-image-preview":"max-image-preview:large","max-video-preview":"max-video-preview:-1"},"canonical":"https:\/\/akunq.net\/turkish\/2010\/07\/27\/ermeni-kilisesinde-restorasyon-basladi\/","og_locale":"en_US","og_type":"article","og_title":"Ermeni Kilisesi'nde Restorasyon Ba\u015flad\u0131 - Bati Ermenistan Ve Bati Ermenileri Sorunlari Ara\u015ftirmalar Merkezi","og_description":"Eski\u015fehir&#8216;in Sivrihisar \u0130l\u00e7esinde 1881 Y\u0131l\u0131nda Yapt\u0131r\u0131lan Ermeni Kiliselerinden Surp Yerortutyun, K\u00fclt\u00fcr ve Turizm Bakanl\u0131\u011f\u0131nca Restore Ettiriliyor Eski\u015fehir&#8216;in Sivrihisar il\u00e7esinde 1881 y\u0131l\u0131nda yapt\u0131r\u0131lan Ermeni kiliselerinden Surp Yerortutyun, K\u00fclt\u00fcr ve Turizm Bakanl\u0131\u011f\u0131nca restore ettiriliyor. AA muhabirinin ald\u0131\u011f\u0131 bilgiye g\u00f6re, Anadolu&#8217;daki en b\u00fcy\u00fck Ermeni kiliselerinden Surp Yerortutyun, uzun s\u00fcre depo olarak kullan\u0131ld\u0131. Kesme ta\u015fla in\u015fa edilen kilisenin arka [&hellip;]","og_url":"https:\/\/akunq.net\/turkish\/2010\/07\/27\/ermeni-kilisesinde-restorasyon-basladi\/","og_site_name":"Bati Ermenistan Ve Bati Ermenileri Sorunlari Ara\u015ftirmalar Merkezi","article_published_time":"2010-07-27T08:20:53+00:00","author":"kalem","twitter_card":"summary_large_image","twitter_misc":{"Written by":"kalem","Est. reading time":"1 minute"},"schema":{"@context":"https:\/\/schema.org","@graph":[{"@type":"Article","@id":"https:\/\/akunq.net\/turkish\/2010\/07\/27\/ermeni-kilisesinde-restorasyon-basladi\/#article","isPartOf":{"@id":"https:\/\/akunq.net\/turkish\/2010\/07\/27\/ermeni-kilisesinde-restorasyon-basladi\/"},"author":{"name":"kalem","@id":"https:\/\/akunq.net\/turkish\/#\/schema\/person\/135e7923d1aeb8887890799619969a6c"},"headline":"Ermeni Kilisesi&#8217;nde Restorasyon Ba\u015flad\u0131","datePublished":"2010-07-27T08:20:53+00:00","mainEntityOfPage":{"@id":"https:\/\/akunq.net\/turkish\/2010\/07\/27\/ermeni-kilisesinde-restorasyon-basladi\/"},"wordCount":304,"articleSection":["Haberler"],"inLanguage":"en-US"},{"@type":"WebPage","@id":"https:\/\/akunq.net\/turkish\/2010\/07\/27\/ermeni-kilisesinde-restorasyon-basladi\/","url":"https:\/\/akunq.net\/turkish\/2010\/07\/27\/ermeni-kilisesinde-restorasyon-basladi\/","name":"Ermeni Kilisesi'nde Restorasyon Ba\u015flad\u0131 - Bati Ermenistan Ve Bati Ermenileri Sorunlari Ara\u015ftirmalar Merkezi","isPartOf":{"@id":"https:\/\/akunq.net\/turkish\/#website"},"datePublished":"2010-07-27T08:20:53+00:00","author":{"@id":"https:\/\/akunq.net\/turkish\/#\/schema\/person\/135e7923d1aeb8887890799619969a6c"},"breadcrumb":{"@id":"https:\/\/akunq.net\/turkish\/2010\/07\/27\/ermeni-kilisesinde-restorasyon-basladi\/#breadcrumb"},"inLanguage":"en-US","potentialAction":[{"@type":"ReadAction","target":["https:\/\/akunq.net\/turkish\/2010\/07\/27\/ermeni-kilisesinde-restorasyon-basladi\/"]}]},{"@type":"BreadcrumbList","@id":"https:\/\/akunq.net\/turkish\/2010\/07\/27\/ermeni-kilisesinde-restorasyon-basladi\/#breadcrumb","itemListElement":[{"@type":"ListItem","position":1,"name":"Home","item":"https:\/\/akunq.net\/turkish\/"},{"@type":"ListItem","position":2,"name":"Ermeni Kilisesi&#8217;nde Restorasyon Ba\u015flad\u0131"}]},{"@type":"WebSite","@id":"https:\/\/akunq.net\/turkish\/#website","url":"https:\/\/akunq.net\/turkish\/","name":"Bati Ermenistan Ve Bati Ermenileri Sorunlari Ara\u015ftirmalar Merkezi","description":"","potentialAction":[{"@type":"SearchAction","target":{"@type":"EntryPoint","urlTemplate":"https:\/\/akunq.net\/turkish\/?s={search_term_string}"},"query-input":{"@type":"PropertyValueSpecification","valueRequired":true,"valueName":"search_term_string"}}],"inLanguage":"en-US"},{"@type":"Person","@id":"https:\/\/akunq.net\/turkish\/#\/schema\/person\/135e7923d1aeb8887890799619969a6c","name":"kalem","image":{"@type":"ImageObject","inLanguage":"en-US","@id":"https:\/\/secure.gravatar.com\/avatar\/a06875e4b25feb5674296adf8e8a7ae1e587cebce2493fe63c456109967e27d3?s=96&d=mm&r=g","url":"https:\/\/secure.gravatar.com\/avatar\/a06875e4b25feb5674296adf8e8a7ae1e587cebce2493fe63c456109967e27d3?s=96&d=mm&r=g","contentUrl":"https:\/\/secure.gravatar.com\/avatar\/a06875e4b25feb5674296adf8e8a7ae1e587cebce2493fe63c456109967e27d3?s=96&d=mm&r=g","caption":"kalem"},"url":"https:\/\/akunq.net\/turkish\/author\/kalem\/"}]}},"_links":{"self":[{"href":"https:\/\/akunq.net\/turkish\/wp-json\/wp\/v2\/posts\/1405","targetHints":{"allow":["GET"]}}],"collection":[{"href":"https:\/\/akunq.net\/turkish\/wp-json\/wp\/v2\/posts"}],"about":[{"href":"https:\/\/akunq.net\/turkish\/wp-json\/wp\/v2\/types\/post"}],"author":[{"embeddable":true,"href":"https:\/\/akunq.net\/turkish\/wp-json\/wp\/v2\/users\/3"}],"replies":[{"embeddable":true,"href":"https:\/\/akunq.net\/turkish\/wp-json\/wp\/v2\/comments?post=1405"}],"version-history":[{"count":0,"href":"https:\/\/akunq.net\/turkish\/wp-json\/wp\/v2\/posts\/1405\/revisions"}],"wp:attachment":[{"href":"https:\/\/akunq.net\/turkish\/wp-json\/wp\/v2\/media?parent=1405"}],"wp:term":[{"taxonomy":"category","embeddable":true,"href":"https:\/\/akunq.net\/turkish\/wp-json\/wp\/v2\/categories?post=1405"},{"taxonomy":"post_tag","embeddable":true,"href":"https:\/\/akunq.net\/turkish\/wp-json\/wp\/v2\/tags?post=1405"}],"curies":[{"name":"wp","href":"https:\/\/api.w.org\/{rel}","templated":true}]}}