{"id":1402,"date":"2010-07-27T01:04:40","date_gmt":"2010-07-27T06:04:40","guid":{"rendered":"http:\/\/akunq.net\/tr\/?p=1402"},"modified":"2010-07-27T01:04:40","modified_gmt":"2010-07-27T06:04:40","slug":"azinlik-okullari-kayit-komisyonu-kaldirildi","status":"publish","type":"post","link":"https:\/\/akunq.net\/turkish\/2010\/07\/27\/azinlik-okullari-kayit-komisyonu-kaldirildi\/","title":{"rendered":"Az\u0131nl\u0131k okullar\u0131 kay\u0131t komisyonu kald\u0131r\u0131ld\u0131"},"content":{"rendered":"<p style=\"text-align: justify\">Y\u0131llard\u0131r \u0130stanbul Valili\u011fi b\u00fcnyesinde faaliyet g\u00f6steren ve \u00f6\u011frencilerin kay\u0131tlar\u0131n\u0131 alan Az\u0131nl\u0131k Okullar\u0131 Kay\u0131t Kabul Komisyonu, tarihe kar\u0131\u015ft\u0131. Az\u0131nl\u0131k okullar\u0131nda e\u011fitim ve \u00f6\u011fretim almak isteyen \u00f6\u011frencilerin kay\u0131t i\u015flemleri art\u0131k istedikleri okullarda, okul y\u00f6netimi taraf\u0131ndan al\u0131nabilecek. \u0130stanbul \u0130l Milli E\u011fitim M\u00fcd\u00fcr\u00fc Dr. Muammer Y\u0131ld\u0131z&#8217;\u0131n imzas\u0131yla yay\u0131mlanan, &#8216;\u00d6zel Az\u0131nl\u0131k Okullar\u0131na \u00d6\u011frenci Kabul Kay\u0131t ve Nakil \u0130\u015flemleri&#8217; konulu yaz\u0131s\u0131, 19 Temmuz&#8217;da t\u00fcm il\u00e7e milli e\u011fitim m\u00fcd\u00fcrl\u00fcklerine g\u00f6nderildi. Buna g\u00f6re 2010- 2011 e\u011fitim \u00f6\u011fretim d\u00f6neminde \u0130stanbul&#8217;da faaliyette olan az\u0131nl\u0131k okullar\u0131n\u0131n ana, ilk ve orta \u00f6\u011fretim b\u00f6l\u00fcmlerine yap\u0131lacak kay\u0131t ve nakil i\u015flemlerinin Orta\u00f6\u011fretim Genel M\u00fcd\u00fcrl\u00fc\u011f\u00fc&#8217;n\u00fcn belirledi\u011fi esaslara g\u00f6re yap\u0131laca\u011f\u0131 belirtildi.<\/p>\n<p style=\"text-align: justify\">&#8220;DO\u011eRU B\u0130R ADIM&#8221;<\/p>\n<p style=\"text-align: justify\">Az\u0131nl\u0131k Okullar\u0131 Kay\u0131t Kabul Komisyonu&#8217;nun kald\u0131r\u0131lmas\u0131n\u0131n do\u011fru bir ad\u0131m oldu\u011funu belirten Pangalt\u0131 \u0130lk\u00f6\u011fretim Okulu M\u00fcd\u00fcr\u00fc Karekin Barsamyan, &#8220;Ge\u00e7en e\u011fitim d\u00f6nemi i\u00e7erisinde az\u0131nl\u0131k okullar\u0131n\u0131n m\u00fcd\u00fcrleri olarak milli e\u011fitim m\u00fcd\u00fcr\u00fcn\u00fc ziyaret etti\u011fimizde kendisine bu s\u0131k\u0131nt\u0131m\u0131z\u0131 iletmi\u015ftik. \u0130\u015flemler \u00f6\u011frencinin okul hayat\u0131 boyunca, anaokul, birinci s\u0131n\u0131f ve lise olmak \u00fczere \u00fc\u00e7 kez tekrarlan\u0131yordu. Veliler kay\u0131t komisyonlar\u0131nda zorluklar ya\u015f\u0131yordu. Kendileri sa\u011folsunlar konuya hassasiyet g\u00f6sterdi. Art\u0131k veliler daha rahat halledebilecekler kay\u0131t i\u015flemlerini. Bu hem e\u011fitimcileri hem de velileri sevindiren g\u00fczel bir geli\u015fme oldu&#8221; diye konu\u015ftu.<\/p>\n<p style=\"text-align: justify\"><strong>Kaynak:<\/strong> sabah.com.tr<br \/>\n<strong>Tarih:<\/strong> 26.7.2010<\/p>\n<p style=\"text-align: justify\">Erhan \u00d6ZT\u00dcRK<\/p>\n","protected":false},"excerpt":{"rendered":"<p>Y\u0131llard\u0131r \u0130stanbul Valili\u011fi b\u00fcnyesinde faaliyet g\u00f6steren ve \u00f6\u011frencilerin kay\u0131tlar\u0131n\u0131 alan Az\u0131nl\u0131k Okullar\u0131 Kay\u0131t Kabul Komisyonu, tarihe kar\u0131\u015ft\u0131. Az\u0131nl\u0131k okullar\u0131nda e\u011fitim ve \u00f6\u011fretim almak isteyen \u00f6\u011frencilerin kay\u0131t i\u015flemleri art\u0131k istedikleri okullarda, okul y\u00f6netimi taraf\u0131ndan al\u0131nabilecek. \u0130stanbul \u0130l Milli E\u011fitim M\u00fcd\u00fcr\u00fc Dr. Muammer Y\u0131ld\u0131z&#8217;\u0131n imzas\u0131yla yay\u0131mlanan, &#8216;\u00d6zel Az\u0131nl\u0131k Okullar\u0131na \u00d6\u011frenci Kabul Kay\u0131t ve Nakil \u0130\u015flemleri&#8217; konulu yaz\u0131s\u0131, [&hellip;]<\/p>\n","protected":false},"author":3,"featured_media":0,"comment_status":"closed","ping_status":"open","sticky":false,"template":"","format":"standard","meta":{"footnotes":""},"categories":[14],"tags":[],"class_list":["post-1402","post","type-post","status-publish","format-standard","hentry","category-haberler"],"yoast_head":"<!-- This site is optimized with the Yoast SEO plugin v27.4 - https:\/\/yoast.com\/product\/yoast-seo-wordpress\/ -->\n<title>Az\u0131nl\u0131k okullar\u0131 kay\u0131t komisyonu kald\u0131r\u0131ld\u0131 - Bati Ermenistan Ve Bati Ermenileri Sorunlari Ara\u015ftirmalar Merkezi<\/title>\n<meta name=\"robots\" content=\"index, follow, max-snippet:-1, max-image-preview:large, max-video-preview:-1\" \/>\n<link rel=\"canonical\" href=\"https:\/\/akunq.net\/turkish\/2010\/07\/27\/azinlik-okullari-kayit-komisyonu-kaldirildi\/\" \/>\n<meta property=\"og:locale\" content=\"en_US\" \/>\n<meta property=\"og:type\" content=\"article\" \/>\n<meta property=\"og:title\" content=\"Az\u0131nl\u0131k okullar\u0131 kay\u0131t komisyonu kald\u0131r\u0131ld\u0131 - Bati Ermenistan Ve Bati Ermenileri Sorunlari Ara\u015ftirmalar Merkezi\" \/>\n<meta property=\"og:description\" content=\"Y\u0131llard\u0131r \u0130stanbul Valili\u011fi b\u00fcnyesinde faaliyet g\u00f6steren ve \u00f6\u011frencilerin kay\u0131tlar\u0131n\u0131 alan Az\u0131nl\u0131k Okullar\u0131 Kay\u0131t Kabul Komisyonu, tarihe kar\u0131\u015ft\u0131. Az\u0131nl\u0131k okullar\u0131nda e\u011fitim ve \u00f6\u011fretim almak isteyen \u00f6\u011frencilerin kay\u0131t i\u015flemleri art\u0131k istedikleri okullarda, okul y\u00f6netimi taraf\u0131ndan al\u0131nabilecek. \u0130stanbul \u0130l Milli E\u011fitim M\u00fcd\u00fcr\u00fc Dr. Muammer Y\u0131ld\u0131z&#8217;\u0131n imzas\u0131yla yay\u0131mlanan, &#8216;\u00d6zel Az\u0131nl\u0131k Okullar\u0131na \u00d6\u011frenci Kabul Kay\u0131t ve Nakil \u0130\u015flemleri&#8217; konulu yaz\u0131s\u0131, [&hellip;]\" \/>\n<meta property=\"og:url\" content=\"https:\/\/akunq.net\/turkish\/2010\/07\/27\/azinlik-okullari-kayit-komisyonu-kaldirildi\/\" \/>\n<meta property=\"og:site_name\" content=\"Bati Ermenistan Ve Bati Ermenileri Sorunlari Ara\u015ftirmalar Merkezi\" \/>\n<meta property=\"article:published_time\" content=\"2010-07-27T06:04:40+00:00\" \/>\n<meta name=\"author\" content=\"kalem\" \/>\n<meta name=\"twitter:card\" content=\"summary_large_image\" \/>\n<meta name=\"twitter:label1\" content=\"Written by\" \/>\n\t<meta name=\"twitter:data1\" content=\"kalem\" \/>\n\t<meta name=\"twitter:label2\" content=\"Est. reading time\" \/>\n\t<meta name=\"twitter:data2\" content=\"1 minute\" \/>\n<script type=\"application\/ld+json\" class=\"yoast-schema-graph\">{\"@context\":\"https:\\\/\\\/schema.org\",\"@graph\":[{\"@type\":\"Article\",\"@id\":\"https:\\\/\\\/akunq.net\\\/turkish\\\/2010\\\/07\\\/27\\\/azinlik-okullari-kayit-komisyonu-kaldirildi\\\/#article\",\"isPartOf\":{\"@id\":\"https:\\\/\\\/akunq.net\\\/turkish\\\/2010\\\/07\\\/27\\\/azinlik-okullari-kayit-komisyonu-kaldirildi\\\/\"},\"author\":{\"name\":\"kalem\",\"@id\":\"https:\\\/\\\/akunq.net\\\/turkish\\\/#\\\/schema\\\/person\\\/135e7923d1aeb8887890799619969a6c\"},\"headline\":\"Az\u0131nl\u0131k okullar\u0131 kay\u0131t komisyonu kald\u0131r\u0131ld\u0131\",\"datePublished\":\"2010-07-27T06:04:40+00:00\",\"mainEntityOfPage\":{\"@id\":\"https:\\\/\\\/akunq.net\\\/turkish\\\/2010\\\/07\\\/27\\\/azinlik-okullari-kayit-komisyonu-kaldirildi\\\/\"},\"wordCount\":303,\"articleSection\":[\"Haberler\"],\"inLanguage\":\"en-US\"},{\"@type\":\"WebPage\",\"@id\":\"https:\\\/\\\/akunq.net\\\/turkish\\\/2010\\\/07\\\/27\\\/azinlik-okullari-kayit-komisyonu-kaldirildi\\\/\",\"url\":\"https:\\\/\\\/akunq.net\\\/turkish\\\/2010\\\/07\\\/27\\\/azinlik-okullari-kayit-komisyonu-kaldirildi\\\/\",\"name\":\"Az\u0131nl\u0131k okullar\u0131 kay\u0131t komisyonu kald\u0131r\u0131ld\u0131 - Bati Ermenistan Ve Bati Ermenileri Sorunlari Ara\u015ftirmalar Merkezi\",\"isPartOf\":{\"@id\":\"https:\\\/\\\/akunq.net\\\/turkish\\\/#website\"},\"datePublished\":\"2010-07-27T06:04:40+00:00\",\"author\":{\"@id\":\"https:\\\/\\\/akunq.net\\\/turkish\\\/#\\\/schema\\\/person\\\/135e7923d1aeb8887890799619969a6c\"},\"breadcrumb\":{\"@id\":\"https:\\\/\\\/akunq.net\\\/turkish\\\/2010\\\/07\\\/27\\\/azinlik-okullari-kayit-komisyonu-kaldirildi\\\/#breadcrumb\"},\"inLanguage\":\"en-US\",\"potentialAction\":[{\"@type\":\"ReadAction\",\"target\":[\"https:\\\/\\\/akunq.net\\\/turkish\\\/2010\\\/07\\\/27\\\/azinlik-okullari-kayit-komisyonu-kaldirildi\\\/\"]}]},{\"@type\":\"BreadcrumbList\",\"@id\":\"https:\\\/\\\/akunq.net\\\/turkish\\\/2010\\\/07\\\/27\\\/azinlik-okullari-kayit-komisyonu-kaldirildi\\\/#breadcrumb\",\"itemListElement\":[{\"@type\":\"ListItem\",\"position\":1,\"name\":\"Home\",\"item\":\"https:\\\/\\\/akunq.net\\\/turkish\\\/\"},{\"@type\":\"ListItem\",\"position\":2,\"name\":\"Az\u0131nl\u0131k okullar\u0131 kay\u0131t komisyonu kald\u0131r\u0131ld\u0131\"}]},{\"@type\":\"WebSite\",\"@id\":\"https:\\\/\\\/akunq.net\\\/turkish\\\/#website\",\"url\":\"https:\\\/\\\/akunq.net\\\/turkish\\\/\",\"name\":\"Bati Ermenistan Ve Bati Ermenileri Sorunlari Ara\u015ftirmalar Merkezi\",\"description\":\"\",\"potentialAction\":[{\"@type\":\"SearchAction\",\"target\":{\"@type\":\"EntryPoint\",\"urlTemplate\":\"https:\\\/\\\/akunq.net\\\/turkish\\\/?s={search_term_string}\"},\"query-input\":{\"@type\":\"PropertyValueSpecification\",\"valueRequired\":true,\"valueName\":\"search_term_string\"}}],\"inLanguage\":\"en-US\"},{\"@type\":\"Person\",\"@id\":\"https:\\\/\\\/akunq.net\\\/turkish\\\/#\\\/schema\\\/person\\\/135e7923d1aeb8887890799619969a6c\",\"name\":\"kalem\",\"image\":{\"@type\":\"ImageObject\",\"inLanguage\":\"en-US\",\"@id\":\"https:\\\/\\\/secure.gravatar.com\\\/avatar\\\/a06875e4b25feb5674296adf8e8a7ae1e587cebce2493fe63c456109967e27d3?s=96&d=mm&r=g\",\"url\":\"https:\\\/\\\/secure.gravatar.com\\\/avatar\\\/a06875e4b25feb5674296adf8e8a7ae1e587cebce2493fe63c456109967e27d3?s=96&d=mm&r=g\",\"contentUrl\":\"https:\\\/\\\/secure.gravatar.com\\\/avatar\\\/a06875e4b25feb5674296adf8e8a7ae1e587cebce2493fe63c456109967e27d3?s=96&d=mm&r=g\",\"caption\":\"kalem\"},\"url\":\"https:\\\/\\\/akunq.net\\\/turkish\\\/author\\\/kalem\\\/\"}]}<\/script>\n<!-- \/ Yoast SEO plugin. -->","yoast_head_json":{"title":"Az\u0131nl\u0131k okullar\u0131 kay\u0131t komisyonu kald\u0131r\u0131ld\u0131 - Bati Ermenistan Ve Bati Ermenileri Sorunlari Ara\u015ftirmalar Merkezi","robots":{"index":"index","follow":"follow","max-snippet":"max-snippet:-1","max-image-preview":"max-image-preview:large","max-video-preview":"max-video-preview:-1"},"canonical":"https:\/\/akunq.net\/turkish\/2010\/07\/27\/azinlik-okullari-kayit-komisyonu-kaldirildi\/","og_locale":"en_US","og_type":"article","og_title":"Az\u0131nl\u0131k okullar\u0131 kay\u0131t komisyonu kald\u0131r\u0131ld\u0131 - Bati Ermenistan Ve Bati Ermenileri Sorunlari Ara\u015ftirmalar Merkezi","og_description":"Y\u0131llard\u0131r \u0130stanbul Valili\u011fi b\u00fcnyesinde faaliyet g\u00f6steren ve \u00f6\u011frencilerin kay\u0131tlar\u0131n\u0131 alan Az\u0131nl\u0131k Okullar\u0131 Kay\u0131t Kabul Komisyonu, tarihe kar\u0131\u015ft\u0131. Az\u0131nl\u0131k okullar\u0131nda e\u011fitim ve \u00f6\u011fretim almak isteyen \u00f6\u011frencilerin kay\u0131t i\u015flemleri art\u0131k istedikleri okullarda, okul y\u00f6netimi taraf\u0131ndan al\u0131nabilecek. \u0130stanbul \u0130l Milli E\u011fitim M\u00fcd\u00fcr\u00fc Dr. Muammer Y\u0131ld\u0131z&#8217;\u0131n imzas\u0131yla yay\u0131mlanan, &#8216;\u00d6zel Az\u0131nl\u0131k Okullar\u0131na \u00d6\u011frenci Kabul Kay\u0131t ve Nakil \u0130\u015flemleri&#8217; konulu yaz\u0131s\u0131, [&hellip;]","og_url":"https:\/\/akunq.net\/turkish\/2010\/07\/27\/azinlik-okullari-kayit-komisyonu-kaldirildi\/","og_site_name":"Bati Ermenistan Ve Bati Ermenileri Sorunlari Ara\u015ftirmalar Merkezi","article_published_time":"2010-07-27T06:04:40+00:00","author":"kalem","twitter_card":"summary_large_image","twitter_misc":{"Written by":"kalem","Est. reading time":"1 minute"},"schema":{"@context":"https:\/\/schema.org","@graph":[{"@type":"Article","@id":"https:\/\/akunq.net\/turkish\/2010\/07\/27\/azinlik-okullari-kayit-komisyonu-kaldirildi\/#article","isPartOf":{"@id":"https:\/\/akunq.net\/turkish\/2010\/07\/27\/azinlik-okullari-kayit-komisyonu-kaldirildi\/"},"author":{"name":"kalem","@id":"https:\/\/akunq.net\/turkish\/#\/schema\/person\/135e7923d1aeb8887890799619969a6c"},"headline":"Az\u0131nl\u0131k okullar\u0131 kay\u0131t komisyonu kald\u0131r\u0131ld\u0131","datePublished":"2010-07-27T06:04:40+00:00","mainEntityOfPage":{"@id":"https:\/\/akunq.net\/turkish\/2010\/07\/27\/azinlik-okullari-kayit-komisyonu-kaldirildi\/"},"wordCount":303,"articleSection":["Haberler"],"inLanguage":"en-US"},{"@type":"WebPage","@id":"https:\/\/akunq.net\/turkish\/2010\/07\/27\/azinlik-okullari-kayit-komisyonu-kaldirildi\/","url":"https:\/\/akunq.net\/turkish\/2010\/07\/27\/azinlik-okullari-kayit-komisyonu-kaldirildi\/","name":"Az\u0131nl\u0131k okullar\u0131 kay\u0131t komisyonu kald\u0131r\u0131ld\u0131 - Bati Ermenistan Ve Bati Ermenileri Sorunlari Ara\u015ftirmalar Merkezi","isPartOf":{"@id":"https:\/\/akunq.net\/turkish\/#website"},"datePublished":"2010-07-27T06:04:40+00:00","author":{"@id":"https:\/\/akunq.net\/turkish\/#\/schema\/person\/135e7923d1aeb8887890799619969a6c"},"breadcrumb":{"@id":"https:\/\/akunq.net\/turkish\/2010\/07\/27\/azinlik-okullari-kayit-komisyonu-kaldirildi\/#breadcrumb"},"inLanguage":"en-US","potentialAction":[{"@type":"ReadAction","target":["https:\/\/akunq.net\/turkish\/2010\/07\/27\/azinlik-okullari-kayit-komisyonu-kaldirildi\/"]}]},{"@type":"BreadcrumbList","@id":"https:\/\/akunq.net\/turkish\/2010\/07\/27\/azinlik-okullari-kayit-komisyonu-kaldirildi\/#breadcrumb","itemListElement":[{"@type":"ListItem","position":1,"name":"Home","item":"https:\/\/akunq.net\/turkish\/"},{"@type":"ListItem","position":2,"name":"Az\u0131nl\u0131k okullar\u0131 kay\u0131t komisyonu kald\u0131r\u0131ld\u0131"}]},{"@type":"WebSite","@id":"https:\/\/akunq.net\/turkish\/#website","url":"https:\/\/akunq.net\/turkish\/","name":"Bati Ermenistan Ve Bati Ermenileri Sorunlari Ara\u015ftirmalar Merkezi","description":"","potentialAction":[{"@type":"SearchAction","target":{"@type":"EntryPoint","urlTemplate":"https:\/\/akunq.net\/turkish\/?s={search_term_string}"},"query-input":{"@type":"PropertyValueSpecification","valueRequired":true,"valueName":"search_term_string"}}],"inLanguage":"en-US"},{"@type":"Person","@id":"https:\/\/akunq.net\/turkish\/#\/schema\/person\/135e7923d1aeb8887890799619969a6c","name":"kalem","image":{"@type":"ImageObject","inLanguage":"en-US","@id":"https:\/\/secure.gravatar.com\/avatar\/a06875e4b25feb5674296adf8e8a7ae1e587cebce2493fe63c456109967e27d3?s=96&d=mm&r=g","url":"https:\/\/secure.gravatar.com\/avatar\/a06875e4b25feb5674296adf8e8a7ae1e587cebce2493fe63c456109967e27d3?s=96&d=mm&r=g","contentUrl":"https:\/\/secure.gravatar.com\/avatar\/a06875e4b25feb5674296adf8e8a7ae1e587cebce2493fe63c456109967e27d3?s=96&d=mm&r=g","caption":"kalem"},"url":"https:\/\/akunq.net\/turkish\/author\/kalem\/"}]}},"_links":{"self":[{"href":"https:\/\/akunq.net\/turkish\/wp-json\/wp\/v2\/posts\/1402","targetHints":{"allow":["GET"]}}],"collection":[{"href":"https:\/\/akunq.net\/turkish\/wp-json\/wp\/v2\/posts"}],"about":[{"href":"https:\/\/akunq.net\/turkish\/wp-json\/wp\/v2\/types\/post"}],"author":[{"embeddable":true,"href":"https:\/\/akunq.net\/turkish\/wp-json\/wp\/v2\/users\/3"}],"replies":[{"embeddable":true,"href":"https:\/\/akunq.net\/turkish\/wp-json\/wp\/v2\/comments?post=1402"}],"version-history":[{"count":0,"href":"https:\/\/akunq.net\/turkish\/wp-json\/wp\/v2\/posts\/1402\/revisions"}],"wp:attachment":[{"href":"https:\/\/akunq.net\/turkish\/wp-json\/wp\/v2\/media?parent=1402"}],"wp:term":[{"taxonomy":"category","embeddable":true,"href":"https:\/\/akunq.net\/turkish\/wp-json\/wp\/v2\/categories?post=1402"},{"taxonomy":"post_tag","embeddable":true,"href":"https:\/\/akunq.net\/turkish\/wp-json\/wp\/v2\/tags?post=1402"}],"curies":[{"name":"wp","href":"https:\/\/api.w.org\/{rel}","templated":true}]}}