{"id":1400,"date":"2010-07-26T04:11:43","date_gmt":"2010-07-26T09:11:43","guid":{"rendered":"http:\/\/akunq.net\/tr\/?p=1400"},"modified":"2010-07-26T04:11:43","modified_gmt":"2010-07-26T09:11:43","slug":"ermeni-patrigine-jest","status":"publish","type":"post","link":"https:\/\/akunq.net\/turkish\/2010\/07\/26\/ermeni-patrigine-jest\/","title":{"rendered":"Ermeni patri\u011fine jest"},"content":{"rendered":"<p style=\"text-align: justify\"><strong>\u00a0<\/strong><strong><em>Egemen Ba\u011f\u0131\u015f&#8217;tan Mutafyan&#8217;a te\u015fekk\u00fcr<\/em><\/strong><\/p>\n<p style=\"text-align: justify\"><strong><em>\u00a0<\/em><\/strong><strong><em>Ba\u011f\u0131\u015f, Patrik Mutafyan\u2019\u0131n T\u00fcrkiye\u2019nin AB s\u00fcrecine b\u00fcy\u00fck destek verdi\u011fini s\u00f6yledi.<\/em><\/strong><\/p>\n<p style=\"text-align: justify\">Ba\u015fm\u00fczakereci Ba\u011f\u0131\u015f ileri derecede hasta olan Patrik Mutafyan\u2019a ge\u00e7mi\u015f olsun ziyaretinde bulundu. Ba\u011f\u0131\u015f, Patrik Mutafyan\u2019\u0131n T\u00fcrkiye\u2019nin AB s\u00fcrecine b\u00fcy\u00fck destek verdi\u011fini s\u00f6yledi<br \/>\nDEVLET Bakan\u0131 ve Ba\u015fm\u00fczakereci Egemen Ba\u011f\u0131\u015f d\u00fcn Kumkap\u0131\u2019da bulunan T\u00fcrkiye Ermenileri Patrikli\u011fi\u2019ni ziyaret ederek ileri derecede \u2018Frontotemporal Demans\u2019 Alzheimer hastal\u0131\u011f\u0131n\u0131n bir t\u00fcr\u00fc) rahats\u0131zl\u0131\u011f\u0131 ya\u015fayan Patrik Mesrob Minas Mutafyan\u2019a ge\u00e7mi\u015f olsun ziyaretinde bulundu. Bakan Ba\u011f\u0131\u015f hem Patrik Genel Vekili Ba\u015fepiskopos Aram Ate\u015fyan\u2019a hay\u0131rl\u0131 olsun demek i\u00e7in de geldi\u011fini ifade ederek, \u201cSay\u0131n Patrik Mutafyan t\u00fcm AB \u00fcyesi \u00fclkeleri gezerek \u00fcyelik s\u00fcrecimize b\u00fcy\u00fck destek vermi\u015ftir\u201d \u015feklinde konu\u015ftu. Egemen Ba\u011f\u0131\u015f gazetecilere \u015fu a\u00e7\u0131klamalarda bulundu:<\/p>\n<p style=\"text-align: justify\">DESTEK \u0130STED\u0130: Say\u0131n Mutafyan sa\u011fl\u0131\u011f\u0131 el verdi\u011fi \u00f6l\u00e7\u00fcde T\u00fcrkiye\u2019nin AB s\u00fcrecine \u00e7ok destek veren bir liderdi. Ger\u00e7ekten T\u00fcrkiye\u2019nin m\u00fczakere tarihi almak i\u00e7in u\u011fra\u015ft\u0131\u011f\u0131 2002-2004 aras\u0131nda, kendisi bizim de ricalar\u0131m\u0131z\u0131 k\u0131rmayarak AB \u00fcyesi b\u00fct\u00fcn \u00fclkelerin ba\u015fkentlerine destek ziyaretlerinde bulundu. Maalesef sa\u011fl\u0131k sorunlar\u0131 \u015fu anda istedi\u011fi gibi, hem kendi cemaatine hem de \u00fclkemize hizmet vermesine mani. Ayr\u0131ca, ge\u00e7ti\u011fimiz hafta T\u00fcrkiye\u2019deki Ermeni cemaati Say\u0131n Ate\u015fyan\u2019\u0131 Patrik Vekili ilan etti. Bug\u00fcn ayn\u0131 zamanda Say\u0131n Ate\u015fyana\u2019a da \u2018hay\u0131rl\u0131 olsun\u2019 demek i\u00e7in buraday\u0131m.<\/p>\n<p style=\"text-align: justify\">ATE\u015eYAN\u2019DAN R\u0130CA ETT\u0130K: Ge\u00e7en ay AB parlamenterlerini Van\u2019daki etkinliklerimize ve Akdamar Kilisesi gezisine davet etmi\u015ftik. Akdamar Kilisesi\u2019nde \u00e7evirmenlik ve rehberlik konusunda yard\u0131mc\u0131 olabilecek birisini g\u00f6ndermelerini Say\u0131n Ate\u015fyan\u2019dan rica etmi\u015ftik. Kendisi ricam\u0131z\u0131 \u2018Ben gelirim\u2019 diyerek cevapland\u0131rm\u0131\u015ft\u0131. Ac\u0131 \u015fehit haberlerinin ard\u0131ndan programlar iptal edildi ve AB parlamenterleri \u015fehit t\u00f6renine kat\u0131ld\u0131lar. T\u00f6renin ard\u0131ndan AB\u2019li vekiller bana \u2018Ter\u00f6r\u00fc AB g\u00fcndemine alaca\u011f\u0131z\u2019 dediler.<\/p>\n<p style=\"text-align: justify\"><strong><em>Emre \u00d6ZT\u00dcRK<\/em><\/strong><strong><em><\/em><\/strong><\/p>\n<p style=\"text-align: justify\"><strong><em>Kaynak:<\/em><\/strong><strong><em> gazetevatan.com<br \/>\nTarih: 25.7.2010<\/em><\/strong><\/p>\n","protected":false},"excerpt":{"rendered":"<p>\u00a0Egemen Ba\u011f\u0131\u015f&#8217;tan Mutafyan&#8217;a te\u015fekk\u00fcr \u00a0Ba\u011f\u0131\u015f, Patrik Mutafyan\u2019\u0131n T\u00fcrkiye\u2019nin AB s\u00fcrecine b\u00fcy\u00fck destek verdi\u011fini s\u00f6yledi. Ba\u015fm\u00fczakereci Ba\u011f\u0131\u015f ileri derecede hasta olan Patrik Mutafyan\u2019a ge\u00e7mi\u015f olsun ziyaretinde bulundu. Ba\u011f\u0131\u015f, Patrik Mutafyan\u2019\u0131n T\u00fcrkiye\u2019nin AB s\u00fcrecine b\u00fcy\u00fck destek verdi\u011fini s\u00f6yledi DEVLET Bakan\u0131 ve Ba\u015fm\u00fczakereci Egemen Ba\u011f\u0131\u015f d\u00fcn Kumkap\u0131\u2019da bulunan T\u00fcrkiye Ermenileri Patrikli\u011fi\u2019ni ziyaret ederek ileri derecede \u2018Frontotemporal Demans\u2019 Alzheimer [&hellip;]<\/p>\n","protected":false},"author":3,"featured_media":0,"comment_status":"closed","ping_status":"open","sticky":false,"template":"","format":"standard","meta":{"footnotes":""},"categories":[14],"tags":[],"class_list":["post-1400","post","type-post","status-publish","format-standard","hentry","category-haberler"],"yoast_head":"<!-- This site is optimized with the Yoast SEO plugin v27.4 - https:\/\/yoast.com\/product\/yoast-seo-wordpress\/ -->\n<title>Ermeni patri\u011fine jest - Bati Ermenistan Ve Bati Ermenileri Sorunlari Ara\u015ftirmalar Merkezi<\/title>\n<meta name=\"robots\" content=\"index, follow, max-snippet:-1, max-image-preview:large, max-video-preview:-1\" \/>\n<link rel=\"canonical\" href=\"https:\/\/akunq.net\/turkish\/2010\/07\/26\/ermeni-patrigine-jest\/\" \/>\n<meta property=\"og:locale\" content=\"en_US\" \/>\n<meta property=\"og:type\" content=\"article\" \/>\n<meta property=\"og:title\" content=\"Ermeni patri\u011fine jest - Bati Ermenistan Ve Bati Ermenileri Sorunlari Ara\u015ftirmalar Merkezi\" \/>\n<meta property=\"og:description\" content=\"\u00a0Egemen Ba\u011f\u0131\u015f&#8217;tan Mutafyan&#8217;a te\u015fekk\u00fcr \u00a0Ba\u011f\u0131\u015f, Patrik Mutafyan\u2019\u0131n T\u00fcrkiye\u2019nin AB s\u00fcrecine b\u00fcy\u00fck destek verdi\u011fini s\u00f6yledi. Ba\u015fm\u00fczakereci Ba\u011f\u0131\u015f ileri derecede hasta olan Patrik Mutafyan\u2019a ge\u00e7mi\u015f olsun ziyaretinde bulundu. Ba\u011f\u0131\u015f, Patrik Mutafyan\u2019\u0131n T\u00fcrkiye\u2019nin AB s\u00fcrecine b\u00fcy\u00fck destek verdi\u011fini s\u00f6yledi DEVLET Bakan\u0131 ve Ba\u015fm\u00fczakereci Egemen Ba\u011f\u0131\u015f d\u00fcn Kumkap\u0131\u2019da bulunan T\u00fcrkiye Ermenileri Patrikli\u011fi\u2019ni ziyaret ederek ileri derecede \u2018Frontotemporal Demans\u2019 Alzheimer [&hellip;]\" \/>\n<meta property=\"og:url\" content=\"https:\/\/akunq.net\/turkish\/2010\/07\/26\/ermeni-patrigine-jest\/\" \/>\n<meta property=\"og:site_name\" content=\"Bati Ermenistan Ve Bati Ermenileri Sorunlari Ara\u015ftirmalar Merkezi\" \/>\n<meta property=\"article:published_time\" content=\"2010-07-26T09:11:43+00:00\" \/>\n<meta name=\"author\" content=\"kalem\" \/>\n<meta name=\"twitter:card\" content=\"summary_large_image\" \/>\n<meta name=\"twitter:label1\" content=\"Written by\" \/>\n\t<meta name=\"twitter:data1\" content=\"kalem\" \/>\n\t<meta name=\"twitter:label2\" content=\"Est. reading time\" \/>\n\t<meta name=\"twitter:data2\" content=\"2 minutes\" \/>\n<script type=\"application\/ld+json\" class=\"yoast-schema-graph\">{\"@context\":\"https:\\\/\\\/schema.org\",\"@graph\":[{\"@type\":\"Article\",\"@id\":\"https:\\\/\\\/akunq.net\\\/turkish\\\/2010\\\/07\\\/26\\\/ermeni-patrigine-jest\\\/#article\",\"isPartOf\":{\"@id\":\"https:\\\/\\\/akunq.net\\\/turkish\\\/2010\\\/07\\\/26\\\/ermeni-patrigine-jest\\\/\"},\"author\":{\"name\":\"kalem\",\"@id\":\"https:\\\/\\\/akunq.net\\\/turkish\\\/#\\\/schema\\\/person\\\/135e7923d1aeb8887890799619969a6c\"},\"headline\":\"Ermeni patri\u011fine jest\",\"datePublished\":\"2010-07-26T09:11:43+00:00\",\"mainEntityOfPage\":{\"@id\":\"https:\\\/\\\/akunq.net\\\/turkish\\\/2010\\\/07\\\/26\\\/ermeni-patrigine-jest\\\/\"},\"wordCount\":368,\"articleSection\":[\"Haberler\"],\"inLanguage\":\"en-US\"},{\"@type\":\"WebPage\",\"@id\":\"https:\\\/\\\/akunq.net\\\/turkish\\\/2010\\\/07\\\/26\\\/ermeni-patrigine-jest\\\/\",\"url\":\"https:\\\/\\\/akunq.net\\\/turkish\\\/2010\\\/07\\\/26\\\/ermeni-patrigine-jest\\\/\",\"name\":\"Ermeni patri\u011fine jest - Bati Ermenistan Ve Bati Ermenileri Sorunlari Ara\u015ftirmalar Merkezi\",\"isPartOf\":{\"@id\":\"https:\\\/\\\/akunq.net\\\/turkish\\\/#website\"},\"datePublished\":\"2010-07-26T09:11:43+00:00\",\"author\":{\"@id\":\"https:\\\/\\\/akunq.net\\\/turkish\\\/#\\\/schema\\\/person\\\/135e7923d1aeb8887890799619969a6c\"},\"breadcrumb\":{\"@id\":\"https:\\\/\\\/akunq.net\\\/turkish\\\/2010\\\/07\\\/26\\\/ermeni-patrigine-jest\\\/#breadcrumb\"},\"inLanguage\":\"en-US\",\"potentialAction\":[{\"@type\":\"ReadAction\",\"target\":[\"https:\\\/\\\/akunq.net\\\/turkish\\\/2010\\\/07\\\/26\\\/ermeni-patrigine-jest\\\/\"]}]},{\"@type\":\"BreadcrumbList\",\"@id\":\"https:\\\/\\\/akunq.net\\\/turkish\\\/2010\\\/07\\\/26\\\/ermeni-patrigine-jest\\\/#breadcrumb\",\"itemListElement\":[{\"@type\":\"ListItem\",\"position\":1,\"name\":\"Home\",\"item\":\"https:\\\/\\\/akunq.net\\\/turkish\\\/\"},{\"@type\":\"ListItem\",\"position\":2,\"name\":\"Ermeni patri\u011fine jest\"}]},{\"@type\":\"WebSite\",\"@id\":\"https:\\\/\\\/akunq.net\\\/turkish\\\/#website\",\"url\":\"https:\\\/\\\/akunq.net\\\/turkish\\\/\",\"name\":\"Bati Ermenistan Ve Bati Ermenileri Sorunlari Ara\u015ftirmalar Merkezi\",\"description\":\"\",\"potentialAction\":[{\"@type\":\"SearchAction\",\"target\":{\"@type\":\"EntryPoint\",\"urlTemplate\":\"https:\\\/\\\/akunq.net\\\/turkish\\\/?s={search_term_string}\"},\"query-input\":{\"@type\":\"PropertyValueSpecification\",\"valueRequired\":true,\"valueName\":\"search_term_string\"}}],\"inLanguage\":\"en-US\"},{\"@type\":\"Person\",\"@id\":\"https:\\\/\\\/akunq.net\\\/turkish\\\/#\\\/schema\\\/person\\\/135e7923d1aeb8887890799619969a6c\",\"name\":\"kalem\",\"image\":{\"@type\":\"ImageObject\",\"inLanguage\":\"en-US\",\"@id\":\"https:\\\/\\\/secure.gravatar.com\\\/avatar\\\/a06875e4b25feb5674296adf8e8a7ae1e587cebce2493fe63c456109967e27d3?s=96&d=mm&r=g\",\"url\":\"https:\\\/\\\/secure.gravatar.com\\\/avatar\\\/a06875e4b25feb5674296adf8e8a7ae1e587cebce2493fe63c456109967e27d3?s=96&d=mm&r=g\",\"contentUrl\":\"https:\\\/\\\/secure.gravatar.com\\\/avatar\\\/a06875e4b25feb5674296adf8e8a7ae1e587cebce2493fe63c456109967e27d3?s=96&d=mm&r=g\",\"caption\":\"kalem\"},\"url\":\"https:\\\/\\\/akunq.net\\\/turkish\\\/author\\\/kalem\\\/\"}]}<\/script>\n<!-- \/ Yoast SEO plugin. -->","yoast_head_json":{"title":"Ermeni patri\u011fine jest - Bati Ermenistan Ve Bati Ermenileri Sorunlari Ara\u015ftirmalar Merkezi","robots":{"index":"index","follow":"follow","max-snippet":"max-snippet:-1","max-image-preview":"max-image-preview:large","max-video-preview":"max-video-preview:-1"},"canonical":"https:\/\/akunq.net\/turkish\/2010\/07\/26\/ermeni-patrigine-jest\/","og_locale":"en_US","og_type":"article","og_title":"Ermeni patri\u011fine jest - Bati Ermenistan Ve Bati Ermenileri Sorunlari Ara\u015ftirmalar Merkezi","og_description":"\u00a0Egemen Ba\u011f\u0131\u015f&#8217;tan Mutafyan&#8217;a te\u015fekk\u00fcr \u00a0Ba\u011f\u0131\u015f, Patrik Mutafyan\u2019\u0131n T\u00fcrkiye\u2019nin AB s\u00fcrecine b\u00fcy\u00fck destek verdi\u011fini s\u00f6yledi. Ba\u015fm\u00fczakereci Ba\u011f\u0131\u015f ileri derecede hasta olan Patrik Mutafyan\u2019a ge\u00e7mi\u015f olsun ziyaretinde bulundu. Ba\u011f\u0131\u015f, Patrik Mutafyan\u2019\u0131n T\u00fcrkiye\u2019nin AB s\u00fcrecine b\u00fcy\u00fck destek verdi\u011fini s\u00f6yledi DEVLET Bakan\u0131 ve Ba\u015fm\u00fczakereci Egemen Ba\u011f\u0131\u015f d\u00fcn Kumkap\u0131\u2019da bulunan T\u00fcrkiye Ermenileri Patrikli\u011fi\u2019ni ziyaret ederek ileri derecede \u2018Frontotemporal Demans\u2019 Alzheimer [&hellip;]","og_url":"https:\/\/akunq.net\/turkish\/2010\/07\/26\/ermeni-patrigine-jest\/","og_site_name":"Bati Ermenistan Ve Bati Ermenileri Sorunlari Ara\u015ftirmalar Merkezi","article_published_time":"2010-07-26T09:11:43+00:00","author":"kalem","twitter_card":"summary_large_image","twitter_misc":{"Written by":"kalem","Est. reading time":"2 minutes"},"schema":{"@context":"https:\/\/schema.org","@graph":[{"@type":"Article","@id":"https:\/\/akunq.net\/turkish\/2010\/07\/26\/ermeni-patrigine-jest\/#article","isPartOf":{"@id":"https:\/\/akunq.net\/turkish\/2010\/07\/26\/ermeni-patrigine-jest\/"},"author":{"name":"kalem","@id":"https:\/\/akunq.net\/turkish\/#\/schema\/person\/135e7923d1aeb8887890799619969a6c"},"headline":"Ermeni patri\u011fine jest","datePublished":"2010-07-26T09:11:43+00:00","mainEntityOfPage":{"@id":"https:\/\/akunq.net\/turkish\/2010\/07\/26\/ermeni-patrigine-jest\/"},"wordCount":368,"articleSection":["Haberler"],"inLanguage":"en-US"},{"@type":"WebPage","@id":"https:\/\/akunq.net\/turkish\/2010\/07\/26\/ermeni-patrigine-jest\/","url":"https:\/\/akunq.net\/turkish\/2010\/07\/26\/ermeni-patrigine-jest\/","name":"Ermeni patri\u011fine jest - Bati Ermenistan Ve Bati Ermenileri Sorunlari Ara\u015ftirmalar Merkezi","isPartOf":{"@id":"https:\/\/akunq.net\/turkish\/#website"},"datePublished":"2010-07-26T09:11:43+00:00","author":{"@id":"https:\/\/akunq.net\/turkish\/#\/schema\/person\/135e7923d1aeb8887890799619969a6c"},"breadcrumb":{"@id":"https:\/\/akunq.net\/turkish\/2010\/07\/26\/ermeni-patrigine-jest\/#breadcrumb"},"inLanguage":"en-US","potentialAction":[{"@type":"ReadAction","target":["https:\/\/akunq.net\/turkish\/2010\/07\/26\/ermeni-patrigine-jest\/"]}]},{"@type":"BreadcrumbList","@id":"https:\/\/akunq.net\/turkish\/2010\/07\/26\/ermeni-patrigine-jest\/#breadcrumb","itemListElement":[{"@type":"ListItem","position":1,"name":"Home","item":"https:\/\/akunq.net\/turkish\/"},{"@type":"ListItem","position":2,"name":"Ermeni patri\u011fine jest"}]},{"@type":"WebSite","@id":"https:\/\/akunq.net\/turkish\/#website","url":"https:\/\/akunq.net\/turkish\/","name":"Bati Ermenistan Ve Bati Ermenileri Sorunlari Ara\u015ftirmalar Merkezi","description":"","potentialAction":[{"@type":"SearchAction","target":{"@type":"EntryPoint","urlTemplate":"https:\/\/akunq.net\/turkish\/?s={search_term_string}"},"query-input":{"@type":"PropertyValueSpecification","valueRequired":true,"valueName":"search_term_string"}}],"inLanguage":"en-US"},{"@type":"Person","@id":"https:\/\/akunq.net\/turkish\/#\/schema\/person\/135e7923d1aeb8887890799619969a6c","name":"kalem","image":{"@type":"ImageObject","inLanguage":"en-US","@id":"https:\/\/secure.gravatar.com\/avatar\/a06875e4b25feb5674296adf8e8a7ae1e587cebce2493fe63c456109967e27d3?s=96&d=mm&r=g","url":"https:\/\/secure.gravatar.com\/avatar\/a06875e4b25feb5674296adf8e8a7ae1e587cebce2493fe63c456109967e27d3?s=96&d=mm&r=g","contentUrl":"https:\/\/secure.gravatar.com\/avatar\/a06875e4b25feb5674296adf8e8a7ae1e587cebce2493fe63c456109967e27d3?s=96&d=mm&r=g","caption":"kalem"},"url":"https:\/\/akunq.net\/turkish\/author\/kalem\/"}]}},"_links":{"self":[{"href":"https:\/\/akunq.net\/turkish\/wp-json\/wp\/v2\/posts\/1400","targetHints":{"allow":["GET"]}}],"collection":[{"href":"https:\/\/akunq.net\/turkish\/wp-json\/wp\/v2\/posts"}],"about":[{"href":"https:\/\/akunq.net\/turkish\/wp-json\/wp\/v2\/types\/post"}],"author":[{"embeddable":true,"href":"https:\/\/akunq.net\/turkish\/wp-json\/wp\/v2\/users\/3"}],"replies":[{"embeddable":true,"href":"https:\/\/akunq.net\/turkish\/wp-json\/wp\/v2\/comments?post=1400"}],"version-history":[{"count":0,"href":"https:\/\/akunq.net\/turkish\/wp-json\/wp\/v2\/posts\/1400\/revisions"}],"wp:attachment":[{"href":"https:\/\/akunq.net\/turkish\/wp-json\/wp\/v2\/media?parent=1400"}],"wp:term":[{"taxonomy":"category","embeddable":true,"href":"https:\/\/akunq.net\/turkish\/wp-json\/wp\/v2\/categories?post=1400"},{"taxonomy":"post_tag","embeddable":true,"href":"https:\/\/akunq.net\/turkish\/wp-json\/wp\/v2\/tags?post=1400"}],"curies":[{"name":"wp","href":"https:\/\/api.w.org\/{rel}","templated":true}]}}