{"id":1361,"date":"2010-07-24T08:55:20","date_gmt":"2010-07-24T13:55:20","guid":{"rendered":"http:\/\/akunq.net\/tr\/?p=1361"},"modified":"2010-07-24T08:55:20","modified_gmt":"2010-07-24T13:55:20","slug":"dersimli-ermeniler-kimliklerine-sahip-cikiyor","status":"publish","type":"post","link":"https:\/\/akunq.net\/turkish\/2010\/07\/24\/dersimli-ermeniler-kimliklerine-sahip-cikiyor\/","title":{"rendered":"Dersimli Ermeniler kimliklerine sahip \u00e7\u0131k\u0131yor"},"content":{"rendered":"<p style=\"text-align: justify\"><strong><em>DERS\u0130M &#8211; Dersimli Ermeniler, kimliklerine sahip \u00e7\u0131kmak ve \u00f6rg\u00fctlenmek i\u00e7in dayan\u0131\u015fma derne\u011fi kurdular.<\/p>\n<p><\/em><\/strong>Dersimli Ermeniler Sosyal K\u00fclt\u00fcr Sanat E\u011fitim Tarih \u0130nan\u00e7 Ara\u015ft\u0131rma ve Dayan\u0131\u015fma Derne\u011fi \u00e7at\u0131 alt\u0131nda bir araya gelecek olan Dersimli Ermeniler, kendi k\u00fclt\u00fcrlerine ili\u015fkin ara\u015ft\u0131rmalar yapacak ve etkinlikler d\u00fczenleyecekler.<\/p>\n<p>Giri\u015fimin s\u00f6zc\u00fcs\u00fc Mirhan Pirgi\u00e7 G\u00fcltekin, derne\u011fin Dersimli Ermeniler \u00f6zelinde kurulan ilk sivil toplum kurulu\u015fu oldu\u011funa dikkat \u00e7ekerek, \u201cDernek kendi alan\u0131nda ara\u015ft\u0131rmalar yapmak, etkinlikler d\u00fczenlemek amac\u0131yla kuruluyor&#8221; dedi.<\/p>\n<p>Derne\u011fin kurulu\u015f \u00e7al\u0131\u015fmalar\u0131n\u0131n heyecan yaratt\u0131\u011f\u0131n\u0131 da ifade eden G\u00fcltekin, iddialar\u0131n\u0131n Dersimli Ermenileri kendi dilleri, k\u00fclt\u00fcrleri, inan\u00e7lar\u0131 ile yeniden bulu\u015fturmak oldu\u011funu kaydetti ve ekledi: &#8220;\u00d6rg\u00fctlenme ba\u015far\u0131m\u0131z ve dernek etkinliklerimiz i\u00e7in ba\u015fta Dersimliler olmak \u00fczere konuya duyarl\u0131 her ki\u015fi ve kurumdan destek ve duyarl\u0131l\u0131k bekliyoruz.&#8221;<\/p>\n<p><strong><em>K\u00dcRT\u00c7E G\u0130B\u0130, ERMEN\u0130CE \u0130S\u0130MLER DE DE\u011e\u0130\u015eT\u0130R\u0130LM\u0130\u015eT\u0130<\/em><\/strong><\/p>\n<p>\u00c7ok say\u0131da Ermeni\u2019nin ya\u015fad\u0131\u011f\u0131 Dersim&#8217;de, 20. y\u00fczy\u0131l\u0131n ba\u015f\u0131na kadar kentteki halk\u0131n b\u00fcy\u00fck kesimince Ermenicenin bilindi\u011fi belirtiliyor. Ancak o d\u00f6nemlerde g\u00fcnl\u00fck ya\u015famda dahi kullan\u0131lan dil, K\u00fcrt\u00e7e gibi devletin bask\u0131 ve zul\u00fcmlerine u\u011frad\u0131. Yine Dersim&#8217;de devlet taraf\u0131ndan de\u011fi\u015ftirilmeden \u00f6nce \u00f6nemli say\u0131da k\u00f6y\u00fcn ismi de Ermeniceydi.<br \/>\nErmeni kiliseleri, hamamlar\u0131 ve mezbahalar\u0131 Dersim&#8217;de de bulunurdu ancak devlet taraf\u0131ndan kiliseler de yerlebir edilmi\u015fti.<\/p>\n<p>Ge\u00e7mi\u015fte Ermeniler ile en fazla dayan\u0131\u015fan co\u011frafyan\u0131n Dersim oldu\u011fu, s\u00f6ylenebilir. Haydar I\u015f\u0131k, bu konuyu \u015fu s\u00f6zlerle ele alm\u0131\u015ft\u0131: &#8220;Dersimliler Ermenileri nispeten korumu\u015flard\u0131. Ermeniler Alevi olmu\u015f, kom\u015fusu K\u00fcrtler gibi ya\u015f\u0131yordu. Kemalist devlet: &#8216;Sen misin bana Ermeni\u2019yi teslim etmeyen?&#8217; dedi\u011fi i\u00e7in Dersim\u2019den \u00f6fkesini 70.000 ki\u015fi katlederek ald\u0131.&#8221;<\/p>\n<p style=\"text-align: justify\">\u00a0<strong>Kaynak:<\/strong> \u00d6zel-hrayr djoxq<br \/>\n<strong>Yer:<\/strong> ABD<br \/>\nANF<br \/>\n23 Temmuz 2010<\/p>\n","protected":false},"excerpt":{"rendered":"<p>DERS\u0130M &#8211; Dersimli Ermeniler, kimliklerine sahip \u00e7\u0131kmak ve \u00f6rg\u00fctlenmek i\u00e7in dayan\u0131\u015fma derne\u011fi kurdular. Dersimli Ermeniler Sosyal K\u00fclt\u00fcr Sanat E\u011fitim Tarih \u0130nan\u00e7 Ara\u015ft\u0131rma ve Dayan\u0131\u015fma Derne\u011fi \u00e7at\u0131 alt\u0131nda bir araya gelecek olan Dersimli Ermeniler, kendi k\u00fclt\u00fcrlerine ili\u015fkin ara\u015ft\u0131rmalar yapacak ve etkinlikler d\u00fczenleyecekler. Giri\u015fimin s\u00f6zc\u00fcs\u00fc Mirhan Pirgi\u00e7 G\u00fcltekin, derne\u011fin Dersimli Ermeniler \u00f6zelinde kurulan ilk sivil toplum kurulu\u015fu [&hellip;]<\/p>\n","protected":false},"author":3,"featured_media":0,"comment_status":"closed","ping_status":"open","sticky":false,"template":"","format":"standard","meta":{"footnotes":""},"categories":[14],"tags":[],"class_list":["post-1361","post","type-post","status-publish","format-standard","hentry","category-haberler"],"yoast_head":"<!-- This site is optimized with the Yoast SEO plugin v27.4 - https:\/\/yoast.com\/product\/yoast-seo-wordpress\/ -->\n<title>Dersimli Ermeniler kimliklerine sahip \u00e7\u0131k\u0131yor - Bati Ermenistan Ve Bati Ermenileri Sorunlari Ara\u015ftirmalar Merkezi<\/title>\n<meta name=\"robots\" content=\"index, follow, max-snippet:-1, max-image-preview:large, max-video-preview:-1\" \/>\n<link rel=\"canonical\" href=\"https:\/\/akunq.net\/turkish\/2010\/07\/24\/dersimli-ermeniler-kimliklerine-sahip-cikiyor\/\" \/>\n<meta property=\"og:locale\" content=\"en_US\" \/>\n<meta property=\"og:type\" content=\"article\" \/>\n<meta property=\"og:title\" content=\"Dersimli Ermeniler kimliklerine sahip \u00e7\u0131k\u0131yor - Bati Ermenistan Ve Bati Ermenileri Sorunlari Ara\u015ftirmalar Merkezi\" \/>\n<meta property=\"og:description\" content=\"DERS\u0130M &#8211; Dersimli Ermeniler, kimliklerine sahip \u00e7\u0131kmak ve \u00f6rg\u00fctlenmek i\u00e7in dayan\u0131\u015fma derne\u011fi kurdular. Dersimli Ermeniler Sosyal K\u00fclt\u00fcr Sanat E\u011fitim Tarih \u0130nan\u00e7 Ara\u015ft\u0131rma ve Dayan\u0131\u015fma Derne\u011fi \u00e7at\u0131 alt\u0131nda bir araya gelecek olan Dersimli Ermeniler, kendi k\u00fclt\u00fcrlerine ili\u015fkin ara\u015ft\u0131rmalar yapacak ve etkinlikler d\u00fczenleyecekler. Giri\u015fimin s\u00f6zc\u00fcs\u00fc Mirhan Pirgi\u00e7 G\u00fcltekin, derne\u011fin Dersimli Ermeniler \u00f6zelinde kurulan ilk sivil toplum kurulu\u015fu [&hellip;]\" \/>\n<meta property=\"og:url\" content=\"https:\/\/akunq.net\/turkish\/2010\/07\/24\/dersimli-ermeniler-kimliklerine-sahip-cikiyor\/\" \/>\n<meta property=\"og:site_name\" content=\"Bati Ermenistan Ve Bati Ermenileri Sorunlari Ara\u015ftirmalar Merkezi\" \/>\n<meta property=\"article:published_time\" content=\"2010-07-24T13:55:20+00:00\" \/>\n<meta name=\"author\" content=\"kalem\" \/>\n<meta name=\"twitter:card\" content=\"summary_large_image\" \/>\n<meta name=\"twitter:label1\" content=\"Written by\" \/>\n\t<meta name=\"twitter:data1\" content=\"kalem\" \/>\n\t<meta name=\"twitter:label2\" content=\"Est. reading time\" \/>\n\t<meta name=\"twitter:data2\" content=\"2 minutes\" \/>\n<script type=\"application\/ld+json\" class=\"yoast-schema-graph\">{\"@context\":\"https:\\\/\\\/schema.org\",\"@graph\":[{\"@type\":\"Article\",\"@id\":\"https:\\\/\\\/akunq.net\\\/turkish\\\/2010\\\/07\\\/24\\\/dersimli-ermeniler-kimliklerine-sahip-cikiyor\\\/#article\",\"isPartOf\":{\"@id\":\"https:\\\/\\\/akunq.net\\\/turkish\\\/2010\\\/07\\\/24\\\/dersimli-ermeniler-kimliklerine-sahip-cikiyor\\\/\"},\"author\":{\"name\":\"kalem\",\"@id\":\"https:\\\/\\\/akunq.net\\\/turkish\\\/#\\\/schema\\\/person\\\/135e7923d1aeb8887890799619969a6c\"},\"headline\":\"Dersimli Ermeniler kimliklerine sahip \u00e7\u0131k\u0131yor\",\"datePublished\":\"2010-07-24T13:55:20+00:00\",\"mainEntityOfPage\":{\"@id\":\"https:\\\/\\\/akunq.net\\\/turkish\\\/2010\\\/07\\\/24\\\/dersimli-ermeniler-kimliklerine-sahip-cikiyor\\\/\"},\"wordCount\":341,\"articleSection\":[\"Haberler\"],\"inLanguage\":\"en-US\"},{\"@type\":\"WebPage\",\"@id\":\"https:\\\/\\\/akunq.net\\\/turkish\\\/2010\\\/07\\\/24\\\/dersimli-ermeniler-kimliklerine-sahip-cikiyor\\\/\",\"url\":\"https:\\\/\\\/akunq.net\\\/turkish\\\/2010\\\/07\\\/24\\\/dersimli-ermeniler-kimliklerine-sahip-cikiyor\\\/\",\"name\":\"Dersimli Ermeniler kimliklerine sahip \u00e7\u0131k\u0131yor - Bati Ermenistan Ve Bati Ermenileri Sorunlari Ara\u015ftirmalar Merkezi\",\"isPartOf\":{\"@id\":\"https:\\\/\\\/akunq.net\\\/turkish\\\/#website\"},\"datePublished\":\"2010-07-24T13:55:20+00:00\",\"author\":{\"@id\":\"https:\\\/\\\/akunq.net\\\/turkish\\\/#\\\/schema\\\/person\\\/135e7923d1aeb8887890799619969a6c\"},\"breadcrumb\":{\"@id\":\"https:\\\/\\\/akunq.net\\\/turkish\\\/2010\\\/07\\\/24\\\/dersimli-ermeniler-kimliklerine-sahip-cikiyor\\\/#breadcrumb\"},\"inLanguage\":\"en-US\",\"potentialAction\":[{\"@type\":\"ReadAction\",\"target\":[\"https:\\\/\\\/akunq.net\\\/turkish\\\/2010\\\/07\\\/24\\\/dersimli-ermeniler-kimliklerine-sahip-cikiyor\\\/\"]}]},{\"@type\":\"BreadcrumbList\",\"@id\":\"https:\\\/\\\/akunq.net\\\/turkish\\\/2010\\\/07\\\/24\\\/dersimli-ermeniler-kimliklerine-sahip-cikiyor\\\/#breadcrumb\",\"itemListElement\":[{\"@type\":\"ListItem\",\"position\":1,\"name\":\"Home\",\"item\":\"https:\\\/\\\/akunq.net\\\/turkish\\\/\"},{\"@type\":\"ListItem\",\"position\":2,\"name\":\"Dersimli Ermeniler kimliklerine sahip \u00e7\u0131k\u0131yor\"}]},{\"@type\":\"WebSite\",\"@id\":\"https:\\\/\\\/akunq.net\\\/turkish\\\/#website\",\"url\":\"https:\\\/\\\/akunq.net\\\/turkish\\\/\",\"name\":\"Bati Ermenistan Ve Bati Ermenileri Sorunlari Ara\u015ftirmalar Merkezi\",\"description\":\"\",\"potentialAction\":[{\"@type\":\"SearchAction\",\"target\":{\"@type\":\"EntryPoint\",\"urlTemplate\":\"https:\\\/\\\/akunq.net\\\/turkish\\\/?s={search_term_string}\"},\"query-input\":{\"@type\":\"PropertyValueSpecification\",\"valueRequired\":true,\"valueName\":\"search_term_string\"}}],\"inLanguage\":\"en-US\"},{\"@type\":\"Person\",\"@id\":\"https:\\\/\\\/akunq.net\\\/turkish\\\/#\\\/schema\\\/person\\\/135e7923d1aeb8887890799619969a6c\",\"name\":\"kalem\",\"image\":{\"@type\":\"ImageObject\",\"inLanguage\":\"en-US\",\"@id\":\"https:\\\/\\\/secure.gravatar.com\\\/avatar\\\/a06875e4b25feb5674296adf8e8a7ae1e587cebce2493fe63c456109967e27d3?s=96&d=mm&r=g\",\"url\":\"https:\\\/\\\/secure.gravatar.com\\\/avatar\\\/a06875e4b25feb5674296adf8e8a7ae1e587cebce2493fe63c456109967e27d3?s=96&d=mm&r=g\",\"contentUrl\":\"https:\\\/\\\/secure.gravatar.com\\\/avatar\\\/a06875e4b25feb5674296adf8e8a7ae1e587cebce2493fe63c456109967e27d3?s=96&d=mm&r=g\",\"caption\":\"kalem\"},\"url\":\"https:\\\/\\\/akunq.net\\\/turkish\\\/author\\\/kalem\\\/\"}]}<\/script>\n<!-- \/ Yoast SEO plugin. -->","yoast_head_json":{"title":"Dersimli Ermeniler kimliklerine sahip \u00e7\u0131k\u0131yor - Bati Ermenistan Ve Bati Ermenileri Sorunlari Ara\u015ftirmalar Merkezi","robots":{"index":"index","follow":"follow","max-snippet":"max-snippet:-1","max-image-preview":"max-image-preview:large","max-video-preview":"max-video-preview:-1"},"canonical":"https:\/\/akunq.net\/turkish\/2010\/07\/24\/dersimli-ermeniler-kimliklerine-sahip-cikiyor\/","og_locale":"en_US","og_type":"article","og_title":"Dersimli Ermeniler kimliklerine sahip \u00e7\u0131k\u0131yor - Bati Ermenistan Ve Bati Ermenileri Sorunlari Ara\u015ftirmalar Merkezi","og_description":"DERS\u0130M &#8211; Dersimli Ermeniler, kimliklerine sahip \u00e7\u0131kmak ve \u00f6rg\u00fctlenmek i\u00e7in dayan\u0131\u015fma derne\u011fi kurdular. Dersimli Ermeniler Sosyal K\u00fclt\u00fcr Sanat E\u011fitim Tarih \u0130nan\u00e7 Ara\u015ft\u0131rma ve Dayan\u0131\u015fma Derne\u011fi \u00e7at\u0131 alt\u0131nda bir araya gelecek olan Dersimli Ermeniler, kendi k\u00fclt\u00fcrlerine ili\u015fkin ara\u015ft\u0131rmalar yapacak ve etkinlikler d\u00fczenleyecekler. Giri\u015fimin s\u00f6zc\u00fcs\u00fc Mirhan Pirgi\u00e7 G\u00fcltekin, derne\u011fin Dersimli Ermeniler \u00f6zelinde kurulan ilk sivil toplum kurulu\u015fu [&hellip;]","og_url":"https:\/\/akunq.net\/turkish\/2010\/07\/24\/dersimli-ermeniler-kimliklerine-sahip-cikiyor\/","og_site_name":"Bati Ermenistan Ve Bati Ermenileri Sorunlari Ara\u015ftirmalar Merkezi","article_published_time":"2010-07-24T13:55:20+00:00","author":"kalem","twitter_card":"summary_large_image","twitter_misc":{"Written by":"kalem","Est. reading time":"2 minutes"},"schema":{"@context":"https:\/\/schema.org","@graph":[{"@type":"Article","@id":"https:\/\/akunq.net\/turkish\/2010\/07\/24\/dersimli-ermeniler-kimliklerine-sahip-cikiyor\/#article","isPartOf":{"@id":"https:\/\/akunq.net\/turkish\/2010\/07\/24\/dersimli-ermeniler-kimliklerine-sahip-cikiyor\/"},"author":{"name":"kalem","@id":"https:\/\/akunq.net\/turkish\/#\/schema\/person\/135e7923d1aeb8887890799619969a6c"},"headline":"Dersimli Ermeniler kimliklerine sahip \u00e7\u0131k\u0131yor","datePublished":"2010-07-24T13:55:20+00:00","mainEntityOfPage":{"@id":"https:\/\/akunq.net\/turkish\/2010\/07\/24\/dersimli-ermeniler-kimliklerine-sahip-cikiyor\/"},"wordCount":341,"articleSection":["Haberler"],"inLanguage":"en-US"},{"@type":"WebPage","@id":"https:\/\/akunq.net\/turkish\/2010\/07\/24\/dersimli-ermeniler-kimliklerine-sahip-cikiyor\/","url":"https:\/\/akunq.net\/turkish\/2010\/07\/24\/dersimli-ermeniler-kimliklerine-sahip-cikiyor\/","name":"Dersimli Ermeniler kimliklerine sahip \u00e7\u0131k\u0131yor - Bati Ermenistan Ve Bati Ermenileri Sorunlari Ara\u015ftirmalar Merkezi","isPartOf":{"@id":"https:\/\/akunq.net\/turkish\/#website"},"datePublished":"2010-07-24T13:55:20+00:00","author":{"@id":"https:\/\/akunq.net\/turkish\/#\/schema\/person\/135e7923d1aeb8887890799619969a6c"},"breadcrumb":{"@id":"https:\/\/akunq.net\/turkish\/2010\/07\/24\/dersimli-ermeniler-kimliklerine-sahip-cikiyor\/#breadcrumb"},"inLanguage":"en-US","potentialAction":[{"@type":"ReadAction","target":["https:\/\/akunq.net\/turkish\/2010\/07\/24\/dersimli-ermeniler-kimliklerine-sahip-cikiyor\/"]}]},{"@type":"BreadcrumbList","@id":"https:\/\/akunq.net\/turkish\/2010\/07\/24\/dersimli-ermeniler-kimliklerine-sahip-cikiyor\/#breadcrumb","itemListElement":[{"@type":"ListItem","position":1,"name":"Home","item":"https:\/\/akunq.net\/turkish\/"},{"@type":"ListItem","position":2,"name":"Dersimli Ermeniler kimliklerine sahip \u00e7\u0131k\u0131yor"}]},{"@type":"WebSite","@id":"https:\/\/akunq.net\/turkish\/#website","url":"https:\/\/akunq.net\/turkish\/","name":"Bati Ermenistan Ve Bati Ermenileri Sorunlari Ara\u015ftirmalar Merkezi","description":"","potentialAction":[{"@type":"SearchAction","target":{"@type":"EntryPoint","urlTemplate":"https:\/\/akunq.net\/turkish\/?s={search_term_string}"},"query-input":{"@type":"PropertyValueSpecification","valueRequired":true,"valueName":"search_term_string"}}],"inLanguage":"en-US"},{"@type":"Person","@id":"https:\/\/akunq.net\/turkish\/#\/schema\/person\/135e7923d1aeb8887890799619969a6c","name":"kalem","image":{"@type":"ImageObject","inLanguage":"en-US","@id":"https:\/\/secure.gravatar.com\/avatar\/a06875e4b25feb5674296adf8e8a7ae1e587cebce2493fe63c456109967e27d3?s=96&d=mm&r=g","url":"https:\/\/secure.gravatar.com\/avatar\/a06875e4b25feb5674296adf8e8a7ae1e587cebce2493fe63c456109967e27d3?s=96&d=mm&r=g","contentUrl":"https:\/\/secure.gravatar.com\/avatar\/a06875e4b25feb5674296adf8e8a7ae1e587cebce2493fe63c456109967e27d3?s=96&d=mm&r=g","caption":"kalem"},"url":"https:\/\/akunq.net\/turkish\/author\/kalem\/"}]}},"_links":{"self":[{"href":"https:\/\/akunq.net\/turkish\/wp-json\/wp\/v2\/posts\/1361","targetHints":{"allow":["GET"]}}],"collection":[{"href":"https:\/\/akunq.net\/turkish\/wp-json\/wp\/v2\/posts"}],"about":[{"href":"https:\/\/akunq.net\/turkish\/wp-json\/wp\/v2\/types\/post"}],"author":[{"embeddable":true,"href":"https:\/\/akunq.net\/turkish\/wp-json\/wp\/v2\/users\/3"}],"replies":[{"embeddable":true,"href":"https:\/\/akunq.net\/turkish\/wp-json\/wp\/v2\/comments?post=1361"}],"version-history":[{"count":0,"href":"https:\/\/akunq.net\/turkish\/wp-json\/wp\/v2\/posts\/1361\/revisions"}],"wp:attachment":[{"href":"https:\/\/akunq.net\/turkish\/wp-json\/wp\/v2\/media?parent=1361"}],"wp:term":[{"taxonomy":"category","embeddable":true,"href":"https:\/\/akunq.net\/turkish\/wp-json\/wp\/v2\/categories?post=1361"},{"taxonomy":"post_tag","embeddable":true,"href":"https:\/\/akunq.net\/turkish\/wp-json\/wp\/v2\/tags?post=1361"}],"curies":[{"name":"wp","href":"https:\/\/api.w.org\/{rel}","templated":true}]}}