{"id":1358,"date":"2010-07-24T05:23:49","date_gmt":"2010-07-24T10:23:49","guid":{"rendered":"http:\/\/akunq.net\/tr\/?p=1358"},"modified":"2010-07-24T05:23:49","modified_gmt":"2010-07-24T10:23:49","slug":"24-temmuzda-basin-muzesinde-ermeni-gazetecilere-ne-zaman-yer-verilecek","status":"publish","type":"post","link":"https:\/\/akunq.net\/turkish\/2010\/07\/24\/24-temmuzda-basin-muzesinde-ermeni-gazetecilere-ne-zaman-yer-verilecek\/","title":{"rendered":"24 TEMMUZ\u2019DA BASIN M\u00dcZES\u0130NDE ERMEN\u0130 GAZETEC\u0130LERE NE ZAMAN YER VER\u0130LECEK?"},"content":{"rendered":"<p style=\"text-align: justify\">Hep d\u00fc\u015f\u00fcn\u00fcp duruyorum, hadi devlet ad\u0131m atm\u0131yor, peki sivil toplum \u00f6rg\u00fctleri, meslek \u00f6rg\u00fctleri, sendikalar ni\u00e7in ad\u0131m atmaz, 1915 utanc\u0131na kar\u015f\u0131? 24 Temmuz, T\u00fcrkiye\u2019de art\u0131k sadece TGC taraf\u0131ndan, Sans\u00fcr\u00fcn kalkt\u0131\u011f\u0131 g\u00fcn olarak hala kutlan\u0131yor. Oysa 24 Temmuz bir zamanlar, ayn\u0131 Frans\u0131zlar\u0131n 14 Temmuz\u2019u gibi \u00d6zg\u00fcrl\u00fck \/ H\u00fcrriyet Bayram\u0131 olarak kutlan\u0131rd\u0131. \u00d6zg\u00fcrl\u00fck Bayram\u0131, Cumhuriyet d\u00f6neminde de 30\u2019lu y\u0131llarda kald\u0131r\u0131lana kadar kutlanmaya devam etti.<\/p>\n<p>1908 yar\u0131m kalm\u0131\u015f demokratik devrimi, co\u015fkusuna her dil, ulus ve inan\u0131\u015ftan insan\u0131 katmay\u0131 ba\u015fard\u0131\u011f\u0131 gibi, sosyalist eylem ve d\u00fc\u015f\u00fcnceye de kap\u0131 a\u00e7t\u0131. Sonras\u0131nda olu\u015fan Parlamento\u2019da ilk kez emekten yana konu\u015fmalar yap\u0131ld\u0131\u011f\u0131 gibi, reform \u00f6nerileri de getirildi. Bu arada sans\u00fcr\u00fcn kalkmas\u0131 ile, liberal, ulusalc\u0131, dinci d\u00fc\u015f\u00fcnceler yan\u0131nda sosyalist ve anar\u015fist d\u00fc\u015f\u00fcnceleri yans\u0131tan \u00e7ok renkli bir bas\u0131n da olu\u015ftu.<\/p>\n<p>1908 \u00f6ncesinde de, Osmanl\u0131 bas\u0131n\u0131nda Ermenilerin \u00f6nemli bir yeri vard\u0131. Yazarl\u0131k ve muhabirlikten, matbaa emek\u00e7ili\u011fine kadar\u2026 Ayn\u0131 zamanda, kitap yay\u0131nc\u0131l\u0131\u011f\u0131nda, matbaac\u0131l\u0131k, kli\u015fecilik, cilt\u00e7ilik alan\u0131nda da \u00f6nemli bir yere sahiptiler. Bab\u0131ali\u2019deki \u00f6nemli konumlar\u0131n\u0131n 1960\u2019l\u0131 y\u0131llar\u0131n ba\u015f\u0131na kadar devam etti\u011fini s\u00f6yleyebiliriz.<\/p>\n<p>T\u00fcrkiye Gazeteciler Cemiyetini, gecikmi\u015f bir vazife beklemekte. Bilindi\u011fi gibi Bas\u0131n M\u00fczesinde, suikaste maruz kalan, sald\u0131r\u0131 sonucu ya\u015fam\u0131n\u0131 yitiren gazetecilerin resimlerinin yer ald\u0131\u011f\u0131 bir b\u00f6l\u00fcm var. Bu b\u00f6l\u00fcme en son, ke\u015fke ya\u015fasayd\u0131 da, oraya konulmasayd\u0131, sevgili Hrant Dink\u2019in resmi konuldu.<\/p>\n<p>T\u00fcrkiye bas\u0131n\u0131n\u0131n \u00f6nemli, hala yerine getirilmemi\u015f mesleki ve vicdani bir y\u00fck\u00fcml\u00fcl\u00fc\u011f\u00fc oldu\u011funu d\u00fc\u015f\u00fcn\u00fcyorum. Osmanl\u0131 bas\u0131n\u0131nda \u00f6nemli bir yeri olan ve 1915 toplu tutuklamalar\u0131 sonras\u0131nda ya\u015fam\u0131n\u0131 yitiren Ermeni gazetecileri ve bas\u0131n emek\u00e7ilerine, Bas\u0131n M\u00fczesinde yer vermek. Bu gazeteciler sadece Ermeni dilinde \u00e7\u0131kan gazete ve dergilerde de\u011fil, ayn\u0131 zamanda T\u00fcrk\u00e7e \u00e7\u0131kan gazetelerde de yay\u0131n y\u00f6netmeni, ba\u015f yazar, edit\u00f6r, muhabir, dizgici, matbaac\u0131 ve kli\u015feci olarak \u00f6nemli i\u015flevler \u00fcstlendiler.<\/p>\n<p>2007 TGC Bas\u0131n \u00d6zg\u00fcrl\u00fc\u011f\u00fc \u00f6d\u00fcl\u00fcn\u00fc Hrant Dink ile birlikte alm\u0131\u015f olman\u0131n \u00fcst\u00fcme \u015fahsi olarak da y\u00fckledi\u011fi sorumluluk var. Bu da Bas\u0131n M\u00fczesindeki katledilen gazeteciler aras\u0131nda 1915 y\u0131l\u0131nda katledilen Ermeni gazeteci ve bas\u0131n emek\u00e7ilerinin de yer verilmesi i\u00e7in \u00e7aba harcamak. Bunun i\u00e7in ad\u0131m atman\u0131n T\u00fcrkiye Gazeteciler Sendikas\u0131 a\u00e7\u0131s\u0131ndan da manevi bir sorumluluk oldu\u011funu d\u00fc\u015f\u00fcn\u00fcyorum.<\/p>\n<p style=\"text-align: justify\">B\u00f6ylece 1908 \u00d6zg\u00fcrl\u00fck Devriminin, sokaklarda, evlerde, toplumsal mekanlarda aylarca s\u00fcren, her ulus ve inan\u0131\u015ftan insan\u0131 ortak \u00f6zg\u00fcrl\u00fck, karde\u015flik, adalet ideallerinde bulu\u015fturan o muhte\u015fem co\u015fkusunu daha farkl\u0131 bi\u00e7imde anm\u0131\u015f oluruz.<\/p>\n<p style=\"text-align: justify\">\u201c1908 a\u011fustosunda, Taksim Bah\u00e7esi\u2019nde \u201cMe\u015frutiyet m\u00fccadelesinin T \u00fc r k v e E r m e n i \u015e e h i t l e r i n i B i r l i k t e S a y g \u0131 y l a A n m a T \u00f6 r e n i\u201dnde, Zohrab Efendinin yapt\u0131\u011f\u0131 m\u00fcthi\u015f etkili bir konu\u015fma, bug\u00fcnlere kadar haf\u0131zalarda yer etti\u201d diye anlat\u0131yor Teotig, 11 Nisan An\u0131t\u0131 adl\u0131 kitab\u0131nda. Bu kitap, 1915 u\u011fursuz y\u0131l\u0131nda yitirdi\u011fimiz Ermeni yazar ve ayd\u0131nlar\u0131n\u0131n ya\u015fam \u00f6yk\u00fclerini toplayan ve hala \u00f6nemini yitirmemi\u015f olan, s\u0131ca\u011f\u0131 s\u0131ca\u011f\u0131na 1919 y\u0131l\u0131nda \u0130stanbul\u2019da yay\u0131nlanm\u0131\u015f olan ilk kaynak. K\u0131z\u0131l Pazar diye de an\u0131lan, 11 (24) Nisan toplu tutuklamas\u0131 b\u00f6ylece ilk kez belgelenmi\u015f oluyordu. Teotig\u2019in 1907 y\u0131l\u0131ndan itibaren \u00e7\u0131karm\u0131\u015f oldu\u011fu Y\u0131ll\u0131k\u2019lar, 1915 y\u0131l\u0131nda yitirilen gazeteci ve yazarlar\u0131n biyografilerine ula\u015f\u0131lmas\u0131n\u0131 \u00e7ok kolayla\u015ft\u0131rm\u0131\u015ft\u0131. Bu Y\u0131ll\u0131k\u2019lar da, \u00e7\u0131kmakta olan Ermeni gazeteleri ve dergileri hakk\u0131nda da, gazetelerin orijinal ba\u015fl\u0131klar\u0131 ile bilgi almak m\u00fcmk\u00fcnd\u00fc.<\/p>\n<p style=\"text-align: justify\">KR\u0130KOR ZOHRAB, D\u0130RAN KELEGYAN, KEVORK FER\u0130D, MARD\u0130ROS KUNDAK\u00c7IYAN, KAREK\u0130N GOZ\u0130KYAN, KR\u0130KOR TOROSYAN, RUPEN ZARTANYAN, TAN\u0130EL VARUJAN, YERUKHAN VE D\u0130\u011eERLER\u0130 T\u00dcRK\u0130YE\u2019DEK\u0130 BASIN \u015eEH\u0130TLER\u0130 ARASINDAK\u0130 YER\u0130N\u0130 ALMALI.<\/p>\n<p style=\"text-align: justify\">SABAH, AZADAMARD, CER\u0130DE-\u0130 HAVAD\u0130S, JAMANAK, CER\u0130DE-\u0130 \u015eARK\u0130YE, PUZONT\u0130YON, C\u0130HAN, GAVRO\u015e, MANZUME-\u0130 EFKAR, \u00dcN\u0130G, SAADET, NOR OR, YEN\u0130 F\u0130K\u0130R, YEPRAD VE D\u0130\u011eER GAZETELER\u0130N<br \/>\nYAZAR, ED\u0130T\u00d6R, MUHAB\u0130R, D\u0130ZG\u0130 VE MATBAA EMEK\u00c7\u0130LER\u0130N\u0130<br \/>\n\u00d6ZG\u00dcRL\u00dcK BAYRAMINDA SAYGIYLA ANIYORUM.<\/p>\n<p style=\"text-align: justify\"><strong><em>Sons\u00f6z<\/p>\n<p><\/em><\/strong><\/p>\n<p style=\"text-align: justify\">Dileriz, Bas\u0131n M\u00fczesinde katledilen gazeteciler b\u00f6l\u00fcm\u00fcne, 1915 y\u0131l\u0131nda ya\u015fam\u0131n\u0131 yitiren, Ermeni kimlikli, ba\u015fyazar\u0131, edit\u00f6r\u00fc, muhabiri ve bas\u0131n emek\u00e7isi ile t\u00fcm bu de\u011ferli insanlar\u0131n an\u0131s\u0131na bir k\u00f6\u015fe d\u00fczenlenir. Ca\u011falo\u011flu ve Beyo\u011flu\u2019nda, bu gazete, dergi, yay\u0131nevi ve kitap\u00e7\u0131lar\u0131n ge\u00e7mi\u015fte bulundu\u011fu, hanlar\u0131n, binalar\u0131n kap\u0131lar\u0131n\u0131n yan\u0131na bir an\u0131 plaketi konulur. Yazarlar\u0131n an\u0131s\u0131na da aileleri ile ya\u015fad\u0131klar\u0131 apartmanlar\u0131n ya da evlerin duvarlar\u0131na, onlar\u0131 sayg\u0131yla an\u0131msatan bir \u015feyler yaz\u0131l\u0131r. Bunun herkesin \u00e7oktan hak etmi\u015f oldu\u011fu huzuru, biraz olsun hissettirece\u011fi ve bir utanc\u0131 da her zaman diri tutaca\u011f\u0131 beklentisi ile.<\/p>\n<p style=\"text-align: justify\">\u00a0<strong>Rag\u0131p Zarakolu <\/strong>\u00a0(\u0130HD Gn. B\u015fk. Yrd.)<\/p>\n<p><a href=\"http:\/\/www.hyetert.com\/yazi3.asp?s=0&amp;Id=684&amp;DilId=1\"><strong><em>http:\/\/www.hyetert.com\/yazi3.asp?s=0&amp;Id=684&amp;DilId=1<\/em><\/strong><\/a><strong><em><\/em><\/strong><\/p>\n<p style=\"text-align: justify\"><strong><em>ID:684<br \/>\nTarih:23.07.2010<\/em><\/strong><\/p>\n","protected":false},"excerpt":{"rendered":"<p>Hep d\u00fc\u015f\u00fcn\u00fcp duruyorum, hadi devlet ad\u0131m atm\u0131yor, peki sivil toplum \u00f6rg\u00fctleri, meslek \u00f6rg\u00fctleri, sendikalar ni\u00e7in ad\u0131m atmaz, 1915 utanc\u0131na kar\u015f\u0131? 24 Temmuz, T\u00fcrkiye\u2019de art\u0131k sadece TGC taraf\u0131ndan, Sans\u00fcr\u00fcn kalkt\u0131\u011f\u0131 g\u00fcn olarak hala kutlan\u0131yor. Oysa 24 Temmuz bir zamanlar, ayn\u0131 Frans\u0131zlar\u0131n 14 Temmuz\u2019u gibi \u00d6zg\u00fcrl\u00fck \/ H\u00fcrriyet Bayram\u0131 olarak kutlan\u0131rd\u0131. \u00d6zg\u00fcrl\u00fck Bayram\u0131, Cumhuriyet d\u00f6neminde de 30\u2019lu [&hellip;]<\/p>\n","protected":false},"author":3,"featured_media":0,"comment_status":"closed","ping_status":"open","sticky":false,"template":"","format":"standard","meta":{"footnotes":""},"categories":[14],"tags":[],"class_list":["post-1358","post","type-post","status-publish","format-standard","hentry","category-haberler"],"yoast_head":"<!-- This site is optimized with the Yoast SEO plugin v27.4 - https:\/\/yoast.com\/product\/yoast-seo-wordpress\/ -->\n<title>24 TEMMUZ\u2019DA BASIN M\u00dcZES\u0130NDE ERMEN\u0130 GAZETEC\u0130LERE NE ZAMAN YER VER\u0130LECEK? - Bati Ermenistan Ve Bati Ermenileri Sorunlari Ara\u015ftirmalar Merkezi<\/title>\n<meta name=\"robots\" content=\"index, follow, max-snippet:-1, max-image-preview:large, max-video-preview:-1\" \/>\n<link rel=\"canonical\" href=\"https:\/\/akunq.net\/turkish\/2010\/07\/24\/24-temmuzda-basin-muzesinde-ermeni-gazetecilere-ne-zaman-yer-verilecek\/\" \/>\n<meta property=\"og:locale\" content=\"en_US\" \/>\n<meta property=\"og:type\" content=\"article\" \/>\n<meta property=\"og:title\" content=\"24 TEMMUZ\u2019DA BASIN M\u00dcZES\u0130NDE ERMEN\u0130 GAZETEC\u0130LERE NE ZAMAN YER VER\u0130LECEK? - Bati Ermenistan Ve Bati Ermenileri Sorunlari Ara\u015ftirmalar Merkezi\" \/>\n<meta property=\"og:description\" content=\"Hep d\u00fc\u015f\u00fcn\u00fcp duruyorum, hadi devlet ad\u0131m atm\u0131yor, peki sivil toplum \u00f6rg\u00fctleri, meslek \u00f6rg\u00fctleri, sendikalar ni\u00e7in ad\u0131m atmaz, 1915 utanc\u0131na kar\u015f\u0131? 24 Temmuz, T\u00fcrkiye\u2019de art\u0131k sadece TGC taraf\u0131ndan, Sans\u00fcr\u00fcn kalkt\u0131\u011f\u0131 g\u00fcn olarak hala kutlan\u0131yor. Oysa 24 Temmuz bir zamanlar, ayn\u0131 Frans\u0131zlar\u0131n 14 Temmuz\u2019u gibi \u00d6zg\u00fcrl\u00fck \/ H\u00fcrriyet Bayram\u0131 olarak kutlan\u0131rd\u0131. \u00d6zg\u00fcrl\u00fck Bayram\u0131, Cumhuriyet d\u00f6neminde de 30\u2019lu [&hellip;]\" \/>\n<meta property=\"og:url\" content=\"https:\/\/akunq.net\/turkish\/2010\/07\/24\/24-temmuzda-basin-muzesinde-ermeni-gazetecilere-ne-zaman-yer-verilecek\/\" \/>\n<meta property=\"og:site_name\" content=\"Bati Ermenistan Ve Bati Ermenileri Sorunlari Ara\u015ftirmalar Merkezi\" \/>\n<meta property=\"article:published_time\" content=\"2010-07-24T10:23:49+00:00\" \/>\n<meta name=\"author\" content=\"kalem\" \/>\n<meta name=\"twitter:card\" content=\"summary_large_image\" \/>\n<meta name=\"twitter:label1\" content=\"Written by\" \/>\n\t<meta name=\"twitter:data1\" content=\"kalem\" \/>\n\t<meta name=\"twitter:label2\" content=\"Est. reading time\" \/>\n\t<meta name=\"twitter:data2\" content=\"5 minutes\" \/>\n<script type=\"application\/ld+json\" class=\"yoast-schema-graph\">{\"@context\":\"https:\\\/\\\/schema.org\",\"@graph\":[{\"@type\":\"Article\",\"@id\":\"https:\\\/\\\/akunq.net\\\/turkish\\\/2010\\\/07\\\/24\\\/24-temmuzda-basin-muzesinde-ermeni-gazetecilere-ne-zaman-yer-verilecek\\\/#article\",\"isPartOf\":{\"@id\":\"https:\\\/\\\/akunq.net\\\/turkish\\\/2010\\\/07\\\/24\\\/24-temmuzda-basin-muzesinde-ermeni-gazetecilere-ne-zaman-yer-verilecek\\\/\"},\"author\":{\"name\":\"kalem\",\"@id\":\"https:\\\/\\\/akunq.net\\\/turkish\\\/#\\\/schema\\\/person\\\/135e7923d1aeb8887890799619969a6c\"},\"headline\":\"24 TEMMUZ\u2019DA BASIN M\u00dcZES\u0130NDE ERMEN\u0130 GAZETEC\u0130LERE NE ZAMAN YER VER\u0130LECEK?\",\"datePublished\":\"2010-07-24T10:23:49+00:00\",\"mainEntityOfPage\":{\"@id\":\"https:\\\/\\\/akunq.net\\\/turkish\\\/2010\\\/07\\\/24\\\/24-temmuzda-basin-muzesinde-ermeni-gazetecilere-ne-zaman-yer-verilecek\\\/\"},\"wordCount\":938,\"articleSection\":[\"Haberler\"],\"inLanguage\":\"en-US\"},{\"@type\":\"WebPage\",\"@id\":\"https:\\\/\\\/akunq.net\\\/turkish\\\/2010\\\/07\\\/24\\\/24-temmuzda-basin-muzesinde-ermeni-gazetecilere-ne-zaman-yer-verilecek\\\/\",\"url\":\"https:\\\/\\\/akunq.net\\\/turkish\\\/2010\\\/07\\\/24\\\/24-temmuzda-basin-muzesinde-ermeni-gazetecilere-ne-zaman-yer-verilecek\\\/\",\"name\":\"24 TEMMUZ\u2019DA BASIN M\u00dcZES\u0130NDE ERMEN\u0130 GAZETEC\u0130LERE NE ZAMAN YER VER\u0130LECEK? - Bati Ermenistan Ve Bati Ermenileri Sorunlari Ara\u015ftirmalar Merkezi\",\"isPartOf\":{\"@id\":\"https:\\\/\\\/akunq.net\\\/turkish\\\/#website\"},\"datePublished\":\"2010-07-24T10:23:49+00:00\",\"author\":{\"@id\":\"https:\\\/\\\/akunq.net\\\/turkish\\\/#\\\/schema\\\/person\\\/135e7923d1aeb8887890799619969a6c\"},\"breadcrumb\":{\"@id\":\"https:\\\/\\\/akunq.net\\\/turkish\\\/2010\\\/07\\\/24\\\/24-temmuzda-basin-muzesinde-ermeni-gazetecilere-ne-zaman-yer-verilecek\\\/#breadcrumb\"},\"inLanguage\":\"en-US\",\"potentialAction\":[{\"@type\":\"ReadAction\",\"target\":[\"https:\\\/\\\/akunq.net\\\/turkish\\\/2010\\\/07\\\/24\\\/24-temmuzda-basin-muzesinde-ermeni-gazetecilere-ne-zaman-yer-verilecek\\\/\"]}]},{\"@type\":\"BreadcrumbList\",\"@id\":\"https:\\\/\\\/akunq.net\\\/turkish\\\/2010\\\/07\\\/24\\\/24-temmuzda-basin-muzesinde-ermeni-gazetecilere-ne-zaman-yer-verilecek\\\/#breadcrumb\",\"itemListElement\":[{\"@type\":\"ListItem\",\"position\":1,\"name\":\"Home\",\"item\":\"https:\\\/\\\/akunq.net\\\/turkish\\\/\"},{\"@type\":\"ListItem\",\"position\":2,\"name\":\"24 TEMMUZ\u2019DA BASIN M\u00dcZES\u0130NDE ERMEN\u0130 GAZETEC\u0130LERE NE ZAMAN YER VER\u0130LECEK?\"}]},{\"@type\":\"WebSite\",\"@id\":\"https:\\\/\\\/akunq.net\\\/turkish\\\/#website\",\"url\":\"https:\\\/\\\/akunq.net\\\/turkish\\\/\",\"name\":\"Bati Ermenistan Ve Bati Ermenileri Sorunlari Ara\u015ftirmalar Merkezi\",\"description\":\"\",\"potentialAction\":[{\"@type\":\"SearchAction\",\"target\":{\"@type\":\"EntryPoint\",\"urlTemplate\":\"https:\\\/\\\/akunq.net\\\/turkish\\\/?s={search_term_string}\"},\"query-input\":{\"@type\":\"PropertyValueSpecification\",\"valueRequired\":true,\"valueName\":\"search_term_string\"}}],\"inLanguage\":\"en-US\"},{\"@type\":\"Person\",\"@id\":\"https:\\\/\\\/akunq.net\\\/turkish\\\/#\\\/schema\\\/person\\\/135e7923d1aeb8887890799619969a6c\",\"name\":\"kalem\",\"image\":{\"@type\":\"ImageObject\",\"inLanguage\":\"en-US\",\"@id\":\"https:\\\/\\\/secure.gravatar.com\\\/avatar\\\/a06875e4b25feb5674296adf8e8a7ae1e587cebce2493fe63c456109967e27d3?s=96&d=mm&r=g\",\"url\":\"https:\\\/\\\/secure.gravatar.com\\\/avatar\\\/a06875e4b25feb5674296adf8e8a7ae1e587cebce2493fe63c456109967e27d3?s=96&d=mm&r=g\",\"contentUrl\":\"https:\\\/\\\/secure.gravatar.com\\\/avatar\\\/a06875e4b25feb5674296adf8e8a7ae1e587cebce2493fe63c456109967e27d3?s=96&d=mm&r=g\",\"caption\":\"kalem\"},\"url\":\"https:\\\/\\\/akunq.net\\\/turkish\\\/author\\\/kalem\\\/\"}]}<\/script>\n<!-- \/ Yoast SEO plugin. -->","yoast_head_json":{"title":"24 TEMMUZ\u2019DA BASIN M\u00dcZES\u0130NDE ERMEN\u0130 GAZETEC\u0130LERE NE ZAMAN YER VER\u0130LECEK? - Bati Ermenistan Ve Bati Ermenileri Sorunlari Ara\u015ftirmalar Merkezi","robots":{"index":"index","follow":"follow","max-snippet":"max-snippet:-1","max-image-preview":"max-image-preview:large","max-video-preview":"max-video-preview:-1"},"canonical":"https:\/\/akunq.net\/turkish\/2010\/07\/24\/24-temmuzda-basin-muzesinde-ermeni-gazetecilere-ne-zaman-yer-verilecek\/","og_locale":"en_US","og_type":"article","og_title":"24 TEMMUZ\u2019DA BASIN M\u00dcZES\u0130NDE ERMEN\u0130 GAZETEC\u0130LERE NE ZAMAN YER VER\u0130LECEK? - Bati Ermenistan Ve Bati Ermenileri Sorunlari Ara\u015ftirmalar Merkezi","og_description":"Hep d\u00fc\u015f\u00fcn\u00fcp duruyorum, hadi devlet ad\u0131m atm\u0131yor, peki sivil toplum \u00f6rg\u00fctleri, meslek \u00f6rg\u00fctleri, sendikalar ni\u00e7in ad\u0131m atmaz, 1915 utanc\u0131na kar\u015f\u0131? 24 Temmuz, T\u00fcrkiye\u2019de art\u0131k sadece TGC taraf\u0131ndan, Sans\u00fcr\u00fcn kalkt\u0131\u011f\u0131 g\u00fcn olarak hala kutlan\u0131yor. Oysa 24 Temmuz bir zamanlar, ayn\u0131 Frans\u0131zlar\u0131n 14 Temmuz\u2019u gibi \u00d6zg\u00fcrl\u00fck \/ H\u00fcrriyet Bayram\u0131 olarak kutlan\u0131rd\u0131. \u00d6zg\u00fcrl\u00fck Bayram\u0131, Cumhuriyet d\u00f6neminde de 30\u2019lu [&hellip;]","og_url":"https:\/\/akunq.net\/turkish\/2010\/07\/24\/24-temmuzda-basin-muzesinde-ermeni-gazetecilere-ne-zaman-yer-verilecek\/","og_site_name":"Bati Ermenistan Ve Bati Ermenileri Sorunlari Ara\u015ftirmalar Merkezi","article_published_time":"2010-07-24T10:23:49+00:00","author":"kalem","twitter_card":"summary_large_image","twitter_misc":{"Written by":"kalem","Est. reading time":"5 minutes"},"schema":{"@context":"https:\/\/schema.org","@graph":[{"@type":"Article","@id":"https:\/\/akunq.net\/turkish\/2010\/07\/24\/24-temmuzda-basin-muzesinde-ermeni-gazetecilere-ne-zaman-yer-verilecek\/#article","isPartOf":{"@id":"https:\/\/akunq.net\/turkish\/2010\/07\/24\/24-temmuzda-basin-muzesinde-ermeni-gazetecilere-ne-zaman-yer-verilecek\/"},"author":{"name":"kalem","@id":"https:\/\/akunq.net\/turkish\/#\/schema\/person\/135e7923d1aeb8887890799619969a6c"},"headline":"24 TEMMUZ\u2019DA BASIN M\u00dcZES\u0130NDE ERMEN\u0130 GAZETEC\u0130LERE NE ZAMAN YER VER\u0130LECEK?","datePublished":"2010-07-24T10:23:49+00:00","mainEntityOfPage":{"@id":"https:\/\/akunq.net\/turkish\/2010\/07\/24\/24-temmuzda-basin-muzesinde-ermeni-gazetecilere-ne-zaman-yer-verilecek\/"},"wordCount":938,"articleSection":["Haberler"],"inLanguage":"en-US"},{"@type":"WebPage","@id":"https:\/\/akunq.net\/turkish\/2010\/07\/24\/24-temmuzda-basin-muzesinde-ermeni-gazetecilere-ne-zaman-yer-verilecek\/","url":"https:\/\/akunq.net\/turkish\/2010\/07\/24\/24-temmuzda-basin-muzesinde-ermeni-gazetecilere-ne-zaman-yer-verilecek\/","name":"24 TEMMUZ\u2019DA BASIN M\u00dcZES\u0130NDE ERMEN\u0130 GAZETEC\u0130LERE NE ZAMAN YER VER\u0130LECEK? - Bati Ermenistan Ve Bati Ermenileri Sorunlari Ara\u015ftirmalar Merkezi","isPartOf":{"@id":"https:\/\/akunq.net\/turkish\/#website"},"datePublished":"2010-07-24T10:23:49+00:00","author":{"@id":"https:\/\/akunq.net\/turkish\/#\/schema\/person\/135e7923d1aeb8887890799619969a6c"},"breadcrumb":{"@id":"https:\/\/akunq.net\/turkish\/2010\/07\/24\/24-temmuzda-basin-muzesinde-ermeni-gazetecilere-ne-zaman-yer-verilecek\/#breadcrumb"},"inLanguage":"en-US","potentialAction":[{"@type":"ReadAction","target":["https:\/\/akunq.net\/turkish\/2010\/07\/24\/24-temmuzda-basin-muzesinde-ermeni-gazetecilere-ne-zaman-yer-verilecek\/"]}]},{"@type":"BreadcrumbList","@id":"https:\/\/akunq.net\/turkish\/2010\/07\/24\/24-temmuzda-basin-muzesinde-ermeni-gazetecilere-ne-zaman-yer-verilecek\/#breadcrumb","itemListElement":[{"@type":"ListItem","position":1,"name":"Home","item":"https:\/\/akunq.net\/turkish\/"},{"@type":"ListItem","position":2,"name":"24 TEMMUZ\u2019DA BASIN M\u00dcZES\u0130NDE ERMEN\u0130 GAZETEC\u0130LERE NE ZAMAN YER VER\u0130LECEK?"}]},{"@type":"WebSite","@id":"https:\/\/akunq.net\/turkish\/#website","url":"https:\/\/akunq.net\/turkish\/","name":"Bati Ermenistan Ve Bati Ermenileri Sorunlari Ara\u015ftirmalar Merkezi","description":"","potentialAction":[{"@type":"SearchAction","target":{"@type":"EntryPoint","urlTemplate":"https:\/\/akunq.net\/turkish\/?s={search_term_string}"},"query-input":{"@type":"PropertyValueSpecification","valueRequired":true,"valueName":"search_term_string"}}],"inLanguage":"en-US"},{"@type":"Person","@id":"https:\/\/akunq.net\/turkish\/#\/schema\/person\/135e7923d1aeb8887890799619969a6c","name":"kalem","image":{"@type":"ImageObject","inLanguage":"en-US","@id":"https:\/\/secure.gravatar.com\/avatar\/a06875e4b25feb5674296adf8e8a7ae1e587cebce2493fe63c456109967e27d3?s=96&d=mm&r=g","url":"https:\/\/secure.gravatar.com\/avatar\/a06875e4b25feb5674296adf8e8a7ae1e587cebce2493fe63c456109967e27d3?s=96&d=mm&r=g","contentUrl":"https:\/\/secure.gravatar.com\/avatar\/a06875e4b25feb5674296adf8e8a7ae1e587cebce2493fe63c456109967e27d3?s=96&d=mm&r=g","caption":"kalem"},"url":"https:\/\/akunq.net\/turkish\/author\/kalem\/"}]}},"_links":{"self":[{"href":"https:\/\/akunq.net\/turkish\/wp-json\/wp\/v2\/posts\/1358","targetHints":{"allow":["GET"]}}],"collection":[{"href":"https:\/\/akunq.net\/turkish\/wp-json\/wp\/v2\/posts"}],"about":[{"href":"https:\/\/akunq.net\/turkish\/wp-json\/wp\/v2\/types\/post"}],"author":[{"embeddable":true,"href":"https:\/\/akunq.net\/turkish\/wp-json\/wp\/v2\/users\/3"}],"replies":[{"embeddable":true,"href":"https:\/\/akunq.net\/turkish\/wp-json\/wp\/v2\/comments?post=1358"}],"version-history":[{"count":0,"href":"https:\/\/akunq.net\/turkish\/wp-json\/wp\/v2\/posts\/1358\/revisions"}],"wp:attachment":[{"href":"https:\/\/akunq.net\/turkish\/wp-json\/wp\/v2\/media?parent=1358"}],"wp:term":[{"taxonomy":"category","embeddable":true,"href":"https:\/\/akunq.net\/turkish\/wp-json\/wp\/v2\/categories?post=1358"},{"taxonomy":"post_tag","embeddable":true,"href":"https:\/\/akunq.net\/turkish\/wp-json\/wp\/v2\/tags?post=1358"}],"curies":[{"name":"wp","href":"https:\/\/api.w.org\/{rel}","templated":true}]}}