{"id":1355,"date":"2010-07-24T01:52:56","date_gmt":"2010-07-24T06:52:56","guid":{"rendered":"http:\/\/akunq.net\/tr\/?p=1355"},"modified":"2010-07-24T01:52:56","modified_gmt":"2010-07-24T06:52:56","slug":"turkolog-ruben-melkonyan-istanbul-ermenileri-yeni-patrik-secimi-istiyor","status":"publish","type":"post","link":"https:\/\/akunq.net\/turkish\/2010\/07\/24\/turkolog-ruben-melkonyan-istanbul-ermenileri-yeni-patrik-secimi-istiyor\/","title":{"rendered":"T\u00fcrkolog Ruben Melkonyan: \u0130stanbul Ermenileri yeni patrik se\u00e7imi istiyor"},"content":{"rendered":"<p style=\"text-align: justify\">Bug\u00fcn Erivan&#8217;da gazetecilere a\u00e7\u0131klamada bulunan Erivan Devlet \u00dcniversitesi \u015earkiyat Fak\u00fcltesi Dekan Yard\u0131mc\u0131s\u0131, T\u00fcrkolog Ruben Melkonyan, \u0130stanbul Ermenilerinin yeni patrik se\u00e7imi istediklerini a\u00e7\u0131klad\u0131.<\/p>\n<p>Melkonyan &#8220;D\u00fcn ald\u0131\u011f\u0131m bilgiye g\u00f6re yeni patrik se\u00e7imi yap\u0131lmas\u0131na ili\u015fkin bir imza kampanyas\u0131 ba\u015flay\u0131p Patrik Genel Vekili&#8217;nden se\u00e7im d\u00fczenleme isteniyor&#8221; dedi.<br \/>\nMelkonyan&#8217;a g\u00f6re d\u00fcn ba\u015flayan kampanayaya 2500 ki\u015fi imza att\u0131.<\/p>\n<p>T\u00fcrkiye Ermenileri Patrikhanesi Ruhaniler Genel Meclisi, 30 Haziran&#8217;da yapt\u0131\u011f\u0131 se\u00e7imde Ruhani Meclis Ba\u015fkan\u0131 Ba\u015fepiskopos Aram Ate\u015fyan\u2019\u0131 \u201cPatrik Genel Vekili\u201d se\u00e7ti.<\/p>\n<p style=\"text-align: justify\">\u0130stanbul Valili\u011fi arac\u0131l\u0131\u011f\u0131yla 6 ay \u00f6nce T\u00fcrkiye \u0130\u00e7i\u015fleri Bakanl\u0131\u011f\u0131\u2019na ula\u015fan ba\u015fvurular\u0131 uluslararas\u0131 hukuk, teoloji ve az\u0131nl\u0131k haklar\u0131 a\u00e7\u0131s\u0131ndan de\u011ferlendiren T\u00fcrk h\u00fck\u00fcmeti, \u201cE\u015fpatriklik ya da mevcut patrik \u00f6lmeden ya da kendi iste\u011fiyle \u00e7ekilmeden yeni bir patrik se\u00e7mek do\u011fru olmaz. Temsiliyet a\u00e7\u0131s\u0131ndan da baz\u0131 sorunlar \u00e7\u0131kabilir\u201d sonucuna ula\u015ft\u0131. Partikhaneye d\u00fcn g\u00f6nderilen karar metninde de \u00f6zetle, \u201cMesrob II\u2019nin \u00f6l\u00fcm\u00fcne kadar g\u00f6revde kalmas\u0131 gerekti\u011fi ve tek ki\u015finin patrik \u00fcnvan\u0131n\u0131 ta\u015f\u0131yabilece\u011fi hat\u0131rlat\u0131ld\u0131. \u201cPatrik ya da e\u015fpatrik yerine genel patrik vekili se\u00e7imi daha uygun olacakt\u0131r\u201d denilmi\u015fti.<\/p>\n<p style=\"text-align: justify\"><strong>\u00a0<\/strong><strong>Kaynak:<\/strong> tert.am\/tr<br \/>\n<strong>Yer:<\/strong> Ermenistan<br \/>\n<strong>Tarih:<\/strong> 23.7.2010<\/p>\n","protected":false},"excerpt":{"rendered":"<p>Bug\u00fcn Erivan&#8217;da gazetecilere a\u00e7\u0131klamada bulunan Erivan Devlet \u00dcniversitesi \u015earkiyat Fak\u00fcltesi Dekan Yard\u0131mc\u0131s\u0131, T\u00fcrkolog Ruben Melkonyan, \u0130stanbul Ermenilerinin yeni patrik se\u00e7imi istediklerini a\u00e7\u0131klad\u0131. Melkonyan &#8220;D\u00fcn ald\u0131\u011f\u0131m bilgiye g\u00f6re yeni patrik se\u00e7imi yap\u0131lmas\u0131na ili\u015fkin bir imza kampanyas\u0131 ba\u015flay\u0131p Patrik Genel Vekili&#8217;nden se\u00e7im d\u00fczenleme isteniyor&#8221; dedi. Melkonyan&#8217;a g\u00f6re d\u00fcn ba\u015flayan kampanayaya 2500 ki\u015fi imza att\u0131. T\u00fcrkiye Ermenileri Patrikhanesi [&hellip;]<\/p>\n","protected":false},"author":3,"featured_media":0,"comment_status":"closed","ping_status":"open","sticky":false,"template":"","format":"standard","meta":{"footnotes":""},"categories":[14],"tags":[],"class_list":["post-1355","post","type-post","status-publish","format-standard","hentry","category-haberler"],"yoast_head":"<!-- This site is optimized with the Yoast SEO plugin v27.4 - https:\/\/yoast.com\/product\/yoast-seo-wordpress\/ -->\n<title>T\u00fcrkolog Ruben Melkonyan: \u0130stanbul Ermenileri yeni patrik se\u00e7imi istiyor - Bati Ermenistan Ve Bati Ermenileri Sorunlari Ara\u015ftirmalar Merkezi<\/title>\n<meta name=\"robots\" content=\"index, follow, max-snippet:-1, max-image-preview:large, max-video-preview:-1\" \/>\n<link rel=\"canonical\" href=\"https:\/\/akunq.net\/turkish\/2010\/07\/24\/turkolog-ruben-melkonyan-istanbul-ermenileri-yeni-patrik-secimi-istiyor\/\" \/>\n<meta property=\"og:locale\" content=\"en_US\" \/>\n<meta property=\"og:type\" content=\"article\" \/>\n<meta property=\"og:title\" content=\"T\u00fcrkolog Ruben Melkonyan: \u0130stanbul Ermenileri yeni patrik se\u00e7imi istiyor - Bati Ermenistan Ve Bati Ermenileri Sorunlari Ara\u015ftirmalar Merkezi\" \/>\n<meta property=\"og:description\" content=\"Bug\u00fcn Erivan&#8217;da gazetecilere a\u00e7\u0131klamada bulunan Erivan Devlet \u00dcniversitesi \u015earkiyat Fak\u00fcltesi Dekan Yard\u0131mc\u0131s\u0131, T\u00fcrkolog Ruben Melkonyan, \u0130stanbul Ermenilerinin yeni patrik se\u00e7imi istediklerini a\u00e7\u0131klad\u0131. Melkonyan &#8220;D\u00fcn ald\u0131\u011f\u0131m bilgiye g\u00f6re yeni patrik se\u00e7imi yap\u0131lmas\u0131na ili\u015fkin bir imza kampanyas\u0131 ba\u015flay\u0131p Patrik Genel Vekili&#8217;nden se\u00e7im d\u00fczenleme isteniyor&#8221; dedi. Melkonyan&#8217;a g\u00f6re d\u00fcn ba\u015flayan kampanayaya 2500 ki\u015fi imza att\u0131. T\u00fcrkiye Ermenileri Patrikhanesi [&hellip;]\" \/>\n<meta property=\"og:url\" content=\"https:\/\/akunq.net\/turkish\/2010\/07\/24\/turkolog-ruben-melkonyan-istanbul-ermenileri-yeni-patrik-secimi-istiyor\/\" \/>\n<meta property=\"og:site_name\" content=\"Bati Ermenistan Ve Bati Ermenileri Sorunlari Ara\u015ftirmalar Merkezi\" \/>\n<meta property=\"article:published_time\" content=\"2010-07-24T06:52:56+00:00\" \/>\n<meta name=\"author\" content=\"kalem\" \/>\n<meta name=\"twitter:card\" content=\"summary_large_image\" \/>\n<meta name=\"twitter:label1\" content=\"Written by\" \/>\n\t<meta name=\"twitter:data1\" content=\"kalem\" \/>\n\t<meta name=\"twitter:label2\" content=\"Est. reading time\" \/>\n\t<meta name=\"twitter:data2\" content=\"1 minute\" \/>\n<script type=\"application\/ld+json\" class=\"yoast-schema-graph\">{\"@context\":\"https:\\\/\\\/schema.org\",\"@graph\":[{\"@type\":\"Article\",\"@id\":\"https:\\\/\\\/akunq.net\\\/turkish\\\/2010\\\/07\\\/24\\\/turkolog-ruben-melkonyan-istanbul-ermenileri-yeni-patrik-secimi-istiyor\\\/#article\",\"isPartOf\":{\"@id\":\"https:\\\/\\\/akunq.net\\\/turkish\\\/2010\\\/07\\\/24\\\/turkolog-ruben-melkonyan-istanbul-ermenileri-yeni-patrik-secimi-istiyor\\\/\"},\"author\":{\"name\":\"kalem\",\"@id\":\"https:\\\/\\\/akunq.net\\\/turkish\\\/#\\\/schema\\\/person\\\/135e7923d1aeb8887890799619969a6c\"},\"headline\":\"T\u00fcrkolog Ruben Melkonyan: \u0130stanbul Ermenileri yeni patrik se\u00e7imi istiyor\",\"datePublished\":\"2010-07-24T06:52:56+00:00\",\"mainEntityOfPage\":{\"@id\":\"https:\\\/\\\/akunq.net\\\/turkish\\\/2010\\\/07\\\/24\\\/turkolog-ruben-melkonyan-istanbul-ermenileri-yeni-patrik-secimi-istiyor\\\/\"},\"wordCount\":236,\"articleSection\":[\"Haberler\"],\"inLanguage\":\"en-US\"},{\"@type\":\"WebPage\",\"@id\":\"https:\\\/\\\/akunq.net\\\/turkish\\\/2010\\\/07\\\/24\\\/turkolog-ruben-melkonyan-istanbul-ermenileri-yeni-patrik-secimi-istiyor\\\/\",\"url\":\"https:\\\/\\\/akunq.net\\\/turkish\\\/2010\\\/07\\\/24\\\/turkolog-ruben-melkonyan-istanbul-ermenileri-yeni-patrik-secimi-istiyor\\\/\",\"name\":\"T\u00fcrkolog Ruben Melkonyan: \u0130stanbul Ermenileri yeni patrik se\u00e7imi istiyor - Bati Ermenistan Ve Bati Ermenileri Sorunlari Ara\u015ftirmalar Merkezi\",\"isPartOf\":{\"@id\":\"https:\\\/\\\/akunq.net\\\/turkish\\\/#website\"},\"datePublished\":\"2010-07-24T06:52:56+00:00\",\"author\":{\"@id\":\"https:\\\/\\\/akunq.net\\\/turkish\\\/#\\\/schema\\\/person\\\/135e7923d1aeb8887890799619969a6c\"},\"breadcrumb\":{\"@id\":\"https:\\\/\\\/akunq.net\\\/turkish\\\/2010\\\/07\\\/24\\\/turkolog-ruben-melkonyan-istanbul-ermenileri-yeni-patrik-secimi-istiyor\\\/#breadcrumb\"},\"inLanguage\":\"en-US\",\"potentialAction\":[{\"@type\":\"ReadAction\",\"target\":[\"https:\\\/\\\/akunq.net\\\/turkish\\\/2010\\\/07\\\/24\\\/turkolog-ruben-melkonyan-istanbul-ermenileri-yeni-patrik-secimi-istiyor\\\/\"]}]},{\"@type\":\"BreadcrumbList\",\"@id\":\"https:\\\/\\\/akunq.net\\\/turkish\\\/2010\\\/07\\\/24\\\/turkolog-ruben-melkonyan-istanbul-ermenileri-yeni-patrik-secimi-istiyor\\\/#breadcrumb\",\"itemListElement\":[{\"@type\":\"ListItem\",\"position\":1,\"name\":\"Home\",\"item\":\"https:\\\/\\\/akunq.net\\\/turkish\\\/\"},{\"@type\":\"ListItem\",\"position\":2,\"name\":\"T\u00fcrkolog Ruben Melkonyan: \u0130stanbul Ermenileri yeni patrik se\u00e7imi istiyor\"}]},{\"@type\":\"WebSite\",\"@id\":\"https:\\\/\\\/akunq.net\\\/turkish\\\/#website\",\"url\":\"https:\\\/\\\/akunq.net\\\/turkish\\\/\",\"name\":\"Bati Ermenistan Ve Bati Ermenileri Sorunlari Ara\u015ftirmalar Merkezi\",\"description\":\"\",\"potentialAction\":[{\"@type\":\"SearchAction\",\"target\":{\"@type\":\"EntryPoint\",\"urlTemplate\":\"https:\\\/\\\/akunq.net\\\/turkish\\\/?s={search_term_string}\"},\"query-input\":{\"@type\":\"PropertyValueSpecification\",\"valueRequired\":true,\"valueName\":\"search_term_string\"}}],\"inLanguage\":\"en-US\"},{\"@type\":\"Person\",\"@id\":\"https:\\\/\\\/akunq.net\\\/turkish\\\/#\\\/schema\\\/person\\\/135e7923d1aeb8887890799619969a6c\",\"name\":\"kalem\",\"image\":{\"@type\":\"ImageObject\",\"inLanguage\":\"en-US\",\"@id\":\"https:\\\/\\\/secure.gravatar.com\\\/avatar\\\/a06875e4b25feb5674296adf8e8a7ae1e587cebce2493fe63c456109967e27d3?s=96&d=mm&r=g\",\"url\":\"https:\\\/\\\/secure.gravatar.com\\\/avatar\\\/a06875e4b25feb5674296adf8e8a7ae1e587cebce2493fe63c456109967e27d3?s=96&d=mm&r=g\",\"contentUrl\":\"https:\\\/\\\/secure.gravatar.com\\\/avatar\\\/a06875e4b25feb5674296adf8e8a7ae1e587cebce2493fe63c456109967e27d3?s=96&d=mm&r=g\",\"caption\":\"kalem\"},\"url\":\"https:\\\/\\\/akunq.net\\\/turkish\\\/author\\\/kalem\\\/\"}]}<\/script>\n<!-- \/ Yoast SEO plugin. -->","yoast_head_json":{"title":"T\u00fcrkolog Ruben Melkonyan: \u0130stanbul Ermenileri yeni patrik se\u00e7imi istiyor - Bati Ermenistan Ve Bati Ermenileri Sorunlari Ara\u015ftirmalar Merkezi","robots":{"index":"index","follow":"follow","max-snippet":"max-snippet:-1","max-image-preview":"max-image-preview:large","max-video-preview":"max-video-preview:-1"},"canonical":"https:\/\/akunq.net\/turkish\/2010\/07\/24\/turkolog-ruben-melkonyan-istanbul-ermenileri-yeni-patrik-secimi-istiyor\/","og_locale":"en_US","og_type":"article","og_title":"T\u00fcrkolog Ruben Melkonyan: \u0130stanbul Ermenileri yeni patrik se\u00e7imi istiyor - Bati Ermenistan Ve Bati Ermenileri Sorunlari Ara\u015ftirmalar Merkezi","og_description":"Bug\u00fcn Erivan&#8217;da gazetecilere a\u00e7\u0131klamada bulunan Erivan Devlet \u00dcniversitesi \u015earkiyat Fak\u00fcltesi Dekan Yard\u0131mc\u0131s\u0131, T\u00fcrkolog Ruben Melkonyan, \u0130stanbul Ermenilerinin yeni patrik se\u00e7imi istediklerini a\u00e7\u0131klad\u0131. Melkonyan &#8220;D\u00fcn ald\u0131\u011f\u0131m bilgiye g\u00f6re yeni patrik se\u00e7imi yap\u0131lmas\u0131na ili\u015fkin bir imza kampanyas\u0131 ba\u015flay\u0131p Patrik Genel Vekili&#8217;nden se\u00e7im d\u00fczenleme isteniyor&#8221; dedi. Melkonyan&#8217;a g\u00f6re d\u00fcn ba\u015flayan kampanayaya 2500 ki\u015fi imza att\u0131. T\u00fcrkiye Ermenileri Patrikhanesi [&hellip;]","og_url":"https:\/\/akunq.net\/turkish\/2010\/07\/24\/turkolog-ruben-melkonyan-istanbul-ermenileri-yeni-patrik-secimi-istiyor\/","og_site_name":"Bati Ermenistan Ve Bati Ermenileri Sorunlari Ara\u015ftirmalar Merkezi","article_published_time":"2010-07-24T06:52:56+00:00","author":"kalem","twitter_card":"summary_large_image","twitter_misc":{"Written by":"kalem","Est. reading time":"1 minute"},"schema":{"@context":"https:\/\/schema.org","@graph":[{"@type":"Article","@id":"https:\/\/akunq.net\/turkish\/2010\/07\/24\/turkolog-ruben-melkonyan-istanbul-ermenileri-yeni-patrik-secimi-istiyor\/#article","isPartOf":{"@id":"https:\/\/akunq.net\/turkish\/2010\/07\/24\/turkolog-ruben-melkonyan-istanbul-ermenileri-yeni-patrik-secimi-istiyor\/"},"author":{"name":"kalem","@id":"https:\/\/akunq.net\/turkish\/#\/schema\/person\/135e7923d1aeb8887890799619969a6c"},"headline":"T\u00fcrkolog Ruben Melkonyan: \u0130stanbul Ermenileri yeni patrik se\u00e7imi istiyor","datePublished":"2010-07-24T06:52:56+00:00","mainEntityOfPage":{"@id":"https:\/\/akunq.net\/turkish\/2010\/07\/24\/turkolog-ruben-melkonyan-istanbul-ermenileri-yeni-patrik-secimi-istiyor\/"},"wordCount":236,"articleSection":["Haberler"],"inLanguage":"en-US"},{"@type":"WebPage","@id":"https:\/\/akunq.net\/turkish\/2010\/07\/24\/turkolog-ruben-melkonyan-istanbul-ermenileri-yeni-patrik-secimi-istiyor\/","url":"https:\/\/akunq.net\/turkish\/2010\/07\/24\/turkolog-ruben-melkonyan-istanbul-ermenileri-yeni-patrik-secimi-istiyor\/","name":"T\u00fcrkolog Ruben Melkonyan: \u0130stanbul Ermenileri yeni patrik se\u00e7imi istiyor - Bati Ermenistan Ve Bati Ermenileri Sorunlari Ara\u015ftirmalar Merkezi","isPartOf":{"@id":"https:\/\/akunq.net\/turkish\/#website"},"datePublished":"2010-07-24T06:52:56+00:00","author":{"@id":"https:\/\/akunq.net\/turkish\/#\/schema\/person\/135e7923d1aeb8887890799619969a6c"},"breadcrumb":{"@id":"https:\/\/akunq.net\/turkish\/2010\/07\/24\/turkolog-ruben-melkonyan-istanbul-ermenileri-yeni-patrik-secimi-istiyor\/#breadcrumb"},"inLanguage":"en-US","potentialAction":[{"@type":"ReadAction","target":["https:\/\/akunq.net\/turkish\/2010\/07\/24\/turkolog-ruben-melkonyan-istanbul-ermenileri-yeni-patrik-secimi-istiyor\/"]}]},{"@type":"BreadcrumbList","@id":"https:\/\/akunq.net\/turkish\/2010\/07\/24\/turkolog-ruben-melkonyan-istanbul-ermenileri-yeni-patrik-secimi-istiyor\/#breadcrumb","itemListElement":[{"@type":"ListItem","position":1,"name":"Home","item":"https:\/\/akunq.net\/turkish\/"},{"@type":"ListItem","position":2,"name":"T\u00fcrkolog Ruben Melkonyan: \u0130stanbul Ermenileri yeni patrik se\u00e7imi istiyor"}]},{"@type":"WebSite","@id":"https:\/\/akunq.net\/turkish\/#website","url":"https:\/\/akunq.net\/turkish\/","name":"Bati Ermenistan Ve Bati Ermenileri Sorunlari Ara\u015ftirmalar Merkezi","description":"","potentialAction":[{"@type":"SearchAction","target":{"@type":"EntryPoint","urlTemplate":"https:\/\/akunq.net\/turkish\/?s={search_term_string}"},"query-input":{"@type":"PropertyValueSpecification","valueRequired":true,"valueName":"search_term_string"}}],"inLanguage":"en-US"},{"@type":"Person","@id":"https:\/\/akunq.net\/turkish\/#\/schema\/person\/135e7923d1aeb8887890799619969a6c","name":"kalem","image":{"@type":"ImageObject","inLanguage":"en-US","@id":"https:\/\/secure.gravatar.com\/avatar\/a06875e4b25feb5674296adf8e8a7ae1e587cebce2493fe63c456109967e27d3?s=96&d=mm&r=g","url":"https:\/\/secure.gravatar.com\/avatar\/a06875e4b25feb5674296adf8e8a7ae1e587cebce2493fe63c456109967e27d3?s=96&d=mm&r=g","contentUrl":"https:\/\/secure.gravatar.com\/avatar\/a06875e4b25feb5674296adf8e8a7ae1e587cebce2493fe63c456109967e27d3?s=96&d=mm&r=g","caption":"kalem"},"url":"https:\/\/akunq.net\/turkish\/author\/kalem\/"}]}},"_links":{"self":[{"href":"https:\/\/akunq.net\/turkish\/wp-json\/wp\/v2\/posts\/1355","targetHints":{"allow":["GET"]}}],"collection":[{"href":"https:\/\/akunq.net\/turkish\/wp-json\/wp\/v2\/posts"}],"about":[{"href":"https:\/\/akunq.net\/turkish\/wp-json\/wp\/v2\/types\/post"}],"author":[{"embeddable":true,"href":"https:\/\/akunq.net\/turkish\/wp-json\/wp\/v2\/users\/3"}],"replies":[{"embeddable":true,"href":"https:\/\/akunq.net\/turkish\/wp-json\/wp\/v2\/comments?post=1355"}],"version-history":[{"count":0,"href":"https:\/\/akunq.net\/turkish\/wp-json\/wp\/v2\/posts\/1355\/revisions"}],"wp:attachment":[{"href":"https:\/\/akunq.net\/turkish\/wp-json\/wp\/v2\/media?parent=1355"}],"wp:term":[{"taxonomy":"category","embeddable":true,"href":"https:\/\/akunq.net\/turkish\/wp-json\/wp\/v2\/categories?post=1355"},{"taxonomy":"post_tag","embeddable":true,"href":"https:\/\/akunq.net\/turkish\/wp-json\/wp\/v2\/tags?post=1355"}],"curies":[{"name":"wp","href":"https:\/\/api.w.org\/{rel}","templated":true}]}}