{"id":1351,"date":"2010-07-23T03:36:03","date_gmt":"2010-07-23T08:36:03","guid":{"rendered":"http:\/\/akunq.net\/tr\/?p=1351"},"modified":"2010-07-23T03:36:03","modified_gmt":"2010-07-23T08:36:03","slug":"urastan-atalaya-ermeni-sorulari","status":"publish","type":"post","link":"https:\/\/akunq.net\/turkish\/2010\/07\/23\/urastan-atalaya-ermeni-sorulari\/","title":{"rendered":"Uras\u2019tan Atalay\u2019a \u2018Ermeni\u2019 sorular\u0131"},"content":{"rendered":"<p style=\"text-align: justify\">BDP\u2019li Ufuk Uras, T\u00fcrkiye Ermenilerinin 84. patri\u011fi II. Mesrob\u2019un g\u00f6revini yerine getiremeyecek seviyede hasta olmas\u0131 nedeniyle, yeni patriklerini se\u00e7mek i\u00e7in ba\u015fvuran T\u00fcrkiye Ermenilerine bug\u00fcne kadar yan\u0131t verilmemesini TBMM g\u00fcndemine ta\u015f\u0131d\u0131.<\/p>\n<p style=\"text-align: justify\">Uras, \u0130\u00e7i\u015fleri Bakan\u0131 Be\u015fir Atalay\u2019\u0131n yan\u0131tlamas\u0131 istemiyle TBMM Ba\u015fkanl\u0131\u011f\u0131\u2019na sundu\u011fu soru \u00f6nergesinde, \u201cT\u00fcrkiye Ermenilerinin patriksiz kalmas\u0131n\u0131n \u00fclke \u00e7\u0131karlar\u0131na bir faydas\u0131 var m\u0131d\u0131r?\u201d diye sordu. Uras, \u00f6nergede \u015funlar\u0131 kaydetti:<br \/>\n\u201c84. Patrik Mesrob II\u2019nin gorevini yerine getiremeyecek derecede hastal\u0131\u011f\u0131 nedeniyle 14.01.2010\u2019da dilek\u00e7eyle yap\u0131lan Patrik se\u00e7imi ba\u015fvurusuna neden yan\u0131t verilmemi\u015ftir? \u2018Patrik Genel Vekili\u2019 m\u00fcessesesinin olu\u015fturulmas\u0131 ile ne ama\u00e7lanmaktad\u0131r? Defalarca uygulanm\u0131\u015f Ermeni Patri\u011fi se\u00e7im prosed\u00fcr\u00fcnden neden vazge\u00e7ilmektedir?\u201d<\/p>\n<p style=\"text-align: justify\"><strong>\u00a0<\/strong><strong>Kaynak:<\/strong> milliyet.com.tr<br \/>\n<strong>Tarih:<\/strong> 23.7.2010<\/p>\n<p style=\"text-align: justify\">MER\u0130\u00c7 TAFOLAR<\/p>\n","protected":false},"excerpt":{"rendered":"<p>BDP\u2019li Ufuk Uras, T\u00fcrkiye Ermenilerinin 84. patri\u011fi II. Mesrob\u2019un g\u00f6revini yerine getiremeyecek seviyede hasta olmas\u0131 nedeniyle, yeni patriklerini se\u00e7mek i\u00e7in ba\u015fvuran T\u00fcrkiye Ermenilerine bug\u00fcne kadar yan\u0131t verilmemesini TBMM g\u00fcndemine ta\u015f\u0131d\u0131. Uras, \u0130\u00e7i\u015fleri Bakan\u0131 Be\u015fir Atalay\u2019\u0131n yan\u0131tlamas\u0131 istemiyle TBMM Ba\u015fkanl\u0131\u011f\u0131\u2019na sundu\u011fu soru \u00f6nergesinde, \u201cT\u00fcrkiye Ermenilerinin patriksiz kalmas\u0131n\u0131n \u00fclke \u00e7\u0131karlar\u0131na bir faydas\u0131 var m\u0131d\u0131r?\u201d diye sordu. Uras, [&hellip;]<\/p>\n","protected":false},"author":3,"featured_media":0,"comment_status":"closed","ping_status":"open","sticky":false,"template":"","format":"standard","meta":{"footnotes":""},"categories":[14],"tags":[],"class_list":["post-1351","post","type-post","status-publish","format-standard","hentry","category-haberler"],"yoast_head":"<!-- This site is optimized with the Yoast SEO plugin v27.4 - https:\/\/yoast.com\/product\/yoast-seo-wordpress\/ -->\n<title>Uras\u2019tan Atalay\u2019a \u2018Ermeni\u2019 sorular\u0131 - Bati Ermenistan Ve Bati Ermenileri Sorunlari Ara\u015ftirmalar Merkezi<\/title>\n<meta name=\"robots\" content=\"index, follow, max-snippet:-1, max-image-preview:large, max-video-preview:-1\" \/>\n<link rel=\"canonical\" href=\"https:\/\/akunq.net\/turkish\/2010\/07\/23\/urastan-atalaya-ermeni-sorulari\/\" \/>\n<meta property=\"og:locale\" content=\"en_US\" \/>\n<meta property=\"og:type\" content=\"article\" \/>\n<meta property=\"og:title\" content=\"Uras\u2019tan Atalay\u2019a \u2018Ermeni\u2019 sorular\u0131 - Bati Ermenistan Ve Bati Ermenileri Sorunlari Ara\u015ftirmalar Merkezi\" \/>\n<meta property=\"og:description\" content=\"BDP\u2019li Ufuk Uras, T\u00fcrkiye Ermenilerinin 84. patri\u011fi II. Mesrob\u2019un g\u00f6revini yerine getiremeyecek seviyede hasta olmas\u0131 nedeniyle, yeni patriklerini se\u00e7mek i\u00e7in ba\u015fvuran T\u00fcrkiye Ermenilerine bug\u00fcne kadar yan\u0131t verilmemesini TBMM g\u00fcndemine ta\u015f\u0131d\u0131. Uras, \u0130\u00e7i\u015fleri Bakan\u0131 Be\u015fir Atalay\u2019\u0131n yan\u0131tlamas\u0131 istemiyle TBMM Ba\u015fkanl\u0131\u011f\u0131\u2019na sundu\u011fu soru \u00f6nergesinde, \u201cT\u00fcrkiye Ermenilerinin patriksiz kalmas\u0131n\u0131n \u00fclke \u00e7\u0131karlar\u0131na bir faydas\u0131 var m\u0131d\u0131r?\u201d diye sordu. Uras, [&hellip;]\" \/>\n<meta property=\"og:url\" content=\"https:\/\/akunq.net\/turkish\/2010\/07\/23\/urastan-atalaya-ermeni-sorulari\/\" \/>\n<meta property=\"og:site_name\" content=\"Bati Ermenistan Ve Bati Ermenileri Sorunlari Ara\u015ftirmalar Merkezi\" \/>\n<meta property=\"article:published_time\" content=\"2010-07-23T08:36:03+00:00\" \/>\n<meta name=\"author\" content=\"kalem\" \/>\n<meta name=\"twitter:card\" content=\"summary_large_image\" \/>\n<meta name=\"twitter:label1\" content=\"Written by\" \/>\n\t<meta name=\"twitter:data1\" content=\"kalem\" \/>\n\t<meta name=\"twitter:label2\" content=\"Est. reading time\" \/>\n\t<meta name=\"twitter:data2\" content=\"1 minute\" \/>\n<script type=\"application\/ld+json\" class=\"yoast-schema-graph\">{\"@context\":\"https:\\\/\\\/schema.org\",\"@graph\":[{\"@type\":\"Article\",\"@id\":\"https:\\\/\\\/akunq.net\\\/turkish\\\/2010\\\/07\\\/23\\\/urastan-atalaya-ermeni-sorulari\\\/#article\",\"isPartOf\":{\"@id\":\"https:\\\/\\\/akunq.net\\\/turkish\\\/2010\\\/07\\\/23\\\/urastan-atalaya-ermeni-sorulari\\\/\"},\"author\":{\"name\":\"kalem\",\"@id\":\"https:\\\/\\\/akunq.net\\\/turkish\\\/#\\\/schema\\\/person\\\/135e7923d1aeb8887890799619969a6c\"},\"headline\":\"Uras\u2019tan Atalay\u2019a \u2018Ermeni\u2019 sorular\u0131\",\"datePublished\":\"2010-07-23T08:36:03+00:00\",\"mainEntityOfPage\":{\"@id\":\"https:\\\/\\\/akunq.net\\\/turkish\\\/2010\\\/07\\\/23\\\/urastan-atalaya-ermeni-sorulari\\\/\"},\"wordCount\":146,\"articleSection\":[\"Haberler\"],\"inLanguage\":\"en-US\"},{\"@type\":\"WebPage\",\"@id\":\"https:\\\/\\\/akunq.net\\\/turkish\\\/2010\\\/07\\\/23\\\/urastan-atalaya-ermeni-sorulari\\\/\",\"url\":\"https:\\\/\\\/akunq.net\\\/turkish\\\/2010\\\/07\\\/23\\\/urastan-atalaya-ermeni-sorulari\\\/\",\"name\":\"Uras\u2019tan Atalay\u2019a \u2018Ermeni\u2019 sorular\u0131 - Bati Ermenistan Ve Bati Ermenileri Sorunlari Ara\u015ftirmalar Merkezi\",\"isPartOf\":{\"@id\":\"https:\\\/\\\/akunq.net\\\/turkish\\\/#website\"},\"datePublished\":\"2010-07-23T08:36:03+00:00\",\"author\":{\"@id\":\"https:\\\/\\\/akunq.net\\\/turkish\\\/#\\\/schema\\\/person\\\/135e7923d1aeb8887890799619969a6c\"},\"breadcrumb\":{\"@id\":\"https:\\\/\\\/akunq.net\\\/turkish\\\/2010\\\/07\\\/23\\\/urastan-atalaya-ermeni-sorulari\\\/#breadcrumb\"},\"inLanguage\":\"en-US\",\"potentialAction\":[{\"@type\":\"ReadAction\",\"target\":[\"https:\\\/\\\/akunq.net\\\/turkish\\\/2010\\\/07\\\/23\\\/urastan-atalaya-ermeni-sorulari\\\/\"]}]},{\"@type\":\"BreadcrumbList\",\"@id\":\"https:\\\/\\\/akunq.net\\\/turkish\\\/2010\\\/07\\\/23\\\/urastan-atalaya-ermeni-sorulari\\\/#breadcrumb\",\"itemListElement\":[{\"@type\":\"ListItem\",\"position\":1,\"name\":\"Home\",\"item\":\"https:\\\/\\\/akunq.net\\\/turkish\\\/\"},{\"@type\":\"ListItem\",\"position\":2,\"name\":\"Uras\u2019tan Atalay\u2019a \u2018Ermeni\u2019 sorular\u0131\"}]},{\"@type\":\"WebSite\",\"@id\":\"https:\\\/\\\/akunq.net\\\/turkish\\\/#website\",\"url\":\"https:\\\/\\\/akunq.net\\\/turkish\\\/\",\"name\":\"Bati Ermenistan Ve Bati Ermenileri Sorunlari Ara\u015ftirmalar Merkezi\",\"description\":\"\",\"potentialAction\":[{\"@type\":\"SearchAction\",\"target\":{\"@type\":\"EntryPoint\",\"urlTemplate\":\"https:\\\/\\\/akunq.net\\\/turkish\\\/?s={search_term_string}\"},\"query-input\":{\"@type\":\"PropertyValueSpecification\",\"valueRequired\":true,\"valueName\":\"search_term_string\"}}],\"inLanguage\":\"en-US\"},{\"@type\":\"Person\",\"@id\":\"https:\\\/\\\/akunq.net\\\/turkish\\\/#\\\/schema\\\/person\\\/135e7923d1aeb8887890799619969a6c\",\"name\":\"kalem\",\"image\":{\"@type\":\"ImageObject\",\"inLanguage\":\"en-US\",\"@id\":\"https:\\\/\\\/secure.gravatar.com\\\/avatar\\\/a06875e4b25feb5674296adf8e8a7ae1e587cebce2493fe63c456109967e27d3?s=96&d=mm&r=g\",\"url\":\"https:\\\/\\\/secure.gravatar.com\\\/avatar\\\/a06875e4b25feb5674296adf8e8a7ae1e587cebce2493fe63c456109967e27d3?s=96&d=mm&r=g\",\"contentUrl\":\"https:\\\/\\\/secure.gravatar.com\\\/avatar\\\/a06875e4b25feb5674296adf8e8a7ae1e587cebce2493fe63c456109967e27d3?s=96&d=mm&r=g\",\"caption\":\"kalem\"},\"url\":\"https:\\\/\\\/akunq.net\\\/turkish\\\/author\\\/kalem\\\/\"}]}<\/script>\n<!-- \/ Yoast SEO plugin. -->","yoast_head_json":{"title":"Uras\u2019tan Atalay\u2019a \u2018Ermeni\u2019 sorular\u0131 - Bati Ermenistan Ve Bati Ermenileri Sorunlari Ara\u015ftirmalar Merkezi","robots":{"index":"index","follow":"follow","max-snippet":"max-snippet:-1","max-image-preview":"max-image-preview:large","max-video-preview":"max-video-preview:-1"},"canonical":"https:\/\/akunq.net\/turkish\/2010\/07\/23\/urastan-atalaya-ermeni-sorulari\/","og_locale":"en_US","og_type":"article","og_title":"Uras\u2019tan Atalay\u2019a \u2018Ermeni\u2019 sorular\u0131 - Bati Ermenistan Ve Bati Ermenileri Sorunlari Ara\u015ftirmalar Merkezi","og_description":"BDP\u2019li Ufuk Uras, T\u00fcrkiye Ermenilerinin 84. patri\u011fi II. Mesrob\u2019un g\u00f6revini yerine getiremeyecek seviyede hasta olmas\u0131 nedeniyle, yeni patriklerini se\u00e7mek i\u00e7in ba\u015fvuran T\u00fcrkiye Ermenilerine bug\u00fcne kadar yan\u0131t verilmemesini TBMM g\u00fcndemine ta\u015f\u0131d\u0131. Uras, \u0130\u00e7i\u015fleri Bakan\u0131 Be\u015fir Atalay\u2019\u0131n yan\u0131tlamas\u0131 istemiyle TBMM Ba\u015fkanl\u0131\u011f\u0131\u2019na sundu\u011fu soru \u00f6nergesinde, \u201cT\u00fcrkiye Ermenilerinin patriksiz kalmas\u0131n\u0131n \u00fclke \u00e7\u0131karlar\u0131na bir faydas\u0131 var m\u0131d\u0131r?\u201d diye sordu. Uras, [&hellip;]","og_url":"https:\/\/akunq.net\/turkish\/2010\/07\/23\/urastan-atalaya-ermeni-sorulari\/","og_site_name":"Bati Ermenistan Ve Bati Ermenileri Sorunlari Ara\u015ftirmalar Merkezi","article_published_time":"2010-07-23T08:36:03+00:00","author":"kalem","twitter_card":"summary_large_image","twitter_misc":{"Written by":"kalem","Est. reading time":"1 minute"},"schema":{"@context":"https:\/\/schema.org","@graph":[{"@type":"Article","@id":"https:\/\/akunq.net\/turkish\/2010\/07\/23\/urastan-atalaya-ermeni-sorulari\/#article","isPartOf":{"@id":"https:\/\/akunq.net\/turkish\/2010\/07\/23\/urastan-atalaya-ermeni-sorulari\/"},"author":{"name":"kalem","@id":"https:\/\/akunq.net\/turkish\/#\/schema\/person\/135e7923d1aeb8887890799619969a6c"},"headline":"Uras\u2019tan Atalay\u2019a \u2018Ermeni\u2019 sorular\u0131","datePublished":"2010-07-23T08:36:03+00:00","mainEntityOfPage":{"@id":"https:\/\/akunq.net\/turkish\/2010\/07\/23\/urastan-atalaya-ermeni-sorulari\/"},"wordCount":146,"articleSection":["Haberler"],"inLanguage":"en-US"},{"@type":"WebPage","@id":"https:\/\/akunq.net\/turkish\/2010\/07\/23\/urastan-atalaya-ermeni-sorulari\/","url":"https:\/\/akunq.net\/turkish\/2010\/07\/23\/urastan-atalaya-ermeni-sorulari\/","name":"Uras\u2019tan Atalay\u2019a \u2018Ermeni\u2019 sorular\u0131 - Bati Ermenistan Ve Bati Ermenileri Sorunlari Ara\u015ftirmalar Merkezi","isPartOf":{"@id":"https:\/\/akunq.net\/turkish\/#website"},"datePublished":"2010-07-23T08:36:03+00:00","author":{"@id":"https:\/\/akunq.net\/turkish\/#\/schema\/person\/135e7923d1aeb8887890799619969a6c"},"breadcrumb":{"@id":"https:\/\/akunq.net\/turkish\/2010\/07\/23\/urastan-atalaya-ermeni-sorulari\/#breadcrumb"},"inLanguage":"en-US","potentialAction":[{"@type":"ReadAction","target":["https:\/\/akunq.net\/turkish\/2010\/07\/23\/urastan-atalaya-ermeni-sorulari\/"]}]},{"@type":"BreadcrumbList","@id":"https:\/\/akunq.net\/turkish\/2010\/07\/23\/urastan-atalaya-ermeni-sorulari\/#breadcrumb","itemListElement":[{"@type":"ListItem","position":1,"name":"Home","item":"https:\/\/akunq.net\/turkish\/"},{"@type":"ListItem","position":2,"name":"Uras\u2019tan Atalay\u2019a \u2018Ermeni\u2019 sorular\u0131"}]},{"@type":"WebSite","@id":"https:\/\/akunq.net\/turkish\/#website","url":"https:\/\/akunq.net\/turkish\/","name":"Bati Ermenistan Ve Bati Ermenileri Sorunlari Ara\u015ftirmalar Merkezi","description":"","potentialAction":[{"@type":"SearchAction","target":{"@type":"EntryPoint","urlTemplate":"https:\/\/akunq.net\/turkish\/?s={search_term_string}"},"query-input":{"@type":"PropertyValueSpecification","valueRequired":true,"valueName":"search_term_string"}}],"inLanguage":"en-US"},{"@type":"Person","@id":"https:\/\/akunq.net\/turkish\/#\/schema\/person\/135e7923d1aeb8887890799619969a6c","name":"kalem","image":{"@type":"ImageObject","inLanguage":"en-US","@id":"https:\/\/secure.gravatar.com\/avatar\/a06875e4b25feb5674296adf8e8a7ae1e587cebce2493fe63c456109967e27d3?s=96&d=mm&r=g","url":"https:\/\/secure.gravatar.com\/avatar\/a06875e4b25feb5674296adf8e8a7ae1e587cebce2493fe63c456109967e27d3?s=96&d=mm&r=g","contentUrl":"https:\/\/secure.gravatar.com\/avatar\/a06875e4b25feb5674296adf8e8a7ae1e587cebce2493fe63c456109967e27d3?s=96&d=mm&r=g","caption":"kalem"},"url":"https:\/\/akunq.net\/turkish\/author\/kalem\/"}]}},"_links":{"self":[{"href":"https:\/\/akunq.net\/turkish\/wp-json\/wp\/v2\/posts\/1351","targetHints":{"allow":["GET"]}}],"collection":[{"href":"https:\/\/akunq.net\/turkish\/wp-json\/wp\/v2\/posts"}],"about":[{"href":"https:\/\/akunq.net\/turkish\/wp-json\/wp\/v2\/types\/post"}],"author":[{"embeddable":true,"href":"https:\/\/akunq.net\/turkish\/wp-json\/wp\/v2\/users\/3"}],"replies":[{"embeddable":true,"href":"https:\/\/akunq.net\/turkish\/wp-json\/wp\/v2\/comments?post=1351"}],"version-history":[{"count":0,"href":"https:\/\/akunq.net\/turkish\/wp-json\/wp\/v2\/posts\/1351\/revisions"}],"wp:attachment":[{"href":"https:\/\/akunq.net\/turkish\/wp-json\/wp\/v2\/media?parent=1351"}],"wp:term":[{"taxonomy":"category","embeddable":true,"href":"https:\/\/akunq.net\/turkish\/wp-json\/wp\/v2\/categories?post=1351"},{"taxonomy":"post_tag","embeddable":true,"href":"https:\/\/akunq.net\/turkish\/wp-json\/wp\/v2\/tags?post=1351"}],"curies":[{"name":"wp","href":"https:\/\/api.w.org\/{rel}","templated":true}]}}