{"id":1338,"date":"2010-07-22T02:06:01","date_gmt":"2010-07-22T07:06:01","guid":{"rendered":"http:\/\/akunq.net\/tr\/?p=1338"},"modified":"2010-07-22T02:06:01","modified_gmt":"2010-07-22T07:06:01","slug":"meb-ermeni-okullarinda-turk-vatandasi-ermeni-asilli-cocuklar-okuyor","status":"publish","type":"post","link":"https:\/\/akunq.net\/turkish\/2010\/07\/22\/meb-ermeni-okullarinda-turk-vatandasi-ermeni-asilli-cocuklar-okuyor\/","title":{"rendered":"MEB: Ermeni okullar\u0131nda T\u00fcrk vatanda\u015f\u0131 Ermeni as\u0131ll\u0131 \u00e7ocuklar okuyor"},"content":{"rendered":"<p style=\"text-align: justify\"><strong>\u00a0<\/strong>I\u011fd\u0131r As\u0131ls\u0131z Ermeni \u0130ddialar\u0131yla M\u00fccadele Derne\u011fi (AS\u0130MDER) Ba\u015fkan\u0131 G\u00f6ksel G\u00fclbey, Ermeni okullar\u0131nda verilen e\u011fitim hakk\u0131nda bilgi edinmek i\u00e7in mektup yazd\u0131\u011f\u0131 Milli E\u011fitim Bakanl\u0131\u011f\u0131`ndan cevap geldi\u011fini bildirdi.<\/p>\n<p style=\"text-align: justify\">G\u00fclbey, konuyla ilgili olarak yapt\u0131\u011f\u0131 yaz\u0131l\u0131 a\u00e7\u0131klamada, 29 Haziran`da, Ermeni okullar\u0131nda kimlerin e\u011fitim g\u00f6rd\u00fc\u011f\u00fcn\u00fc ve ne t\u00fcr e\u011fitimler verildi\u011fini \u00f6\u011frenmek i\u00e7in Milli E\u011fitim Bakan\u0131 Nimet \u00c7ubuk\u00e7u`ya mektup yazd\u0131\u011f\u0131n\u0131 ifade etti.<\/p>\n<p style=\"text-align: justify\">\u00d6zel \u00d6\u011fretim Kurumlar\u0131 Genel M\u00fcd\u00fcr\u00fc Mehmet K\u00fc\u00e7\u00fck ve Milli E\u011fitim Bakan\u0131 Dan\u0131\u015fman\u0131 Yusuf B\u00fcy\u00fck`\u00fcn imzas\u0131 ile kendisine mektup g\u00f6nderildi\u011fini belirten G\u00fclbey, mektupta, Ermeni okullar\u0131nda T\u00fcrk vatanda\u015f\u0131 Ermeni as\u0131ll\u0131 \u00e7ocuklar\u0131n okudu\u011funun belirtildi\u011fini kaydetti.<\/p>\n<p style=\"text-align: justify\">G\u00fclbey, 5580 Say\u0131l\u0131 \u00d6zel \u00d6\u011fretim Kurumlar\u0131 Kanununun 5`inci maddesine g\u00f6re, &#8220;Bu okullarda sadece kendi az\u0131nl\u0131\u011f\u0131na mensup T\u00fcrkiye Cumhuriyeti vatanda\u015f\u0131 \u00e7ocuklar\u0131 okuyabilir&#8220; h\u00fckm\u00fc gere\u011fi, s\u00f6z konusu okullara sadece T\u00fcrkiye Cumhuriyeti vatanda\u015f\u0131 olan Ermeni \u00e7ocuklar\u0131n kay\u0131tlar\u0131n\u0131n yap\u0131ld\u0131\u011f\u0131n\u0131n ifade edildi\u011fini belirtti.<\/p>\n<p style=\"text-align: justify\">G\u00fclbey, mektupta \u015fu bilgilere yer verildi\u011fini kaydetti:<\/p>\n<p style=\"text-align: justify\">&#8220;Ermeni okullar\u0131n\u0131n ilk\u00f6\u011fretim ve orta\u00f6\u011fretim k\u0131s\u0131mlar\u0131nda okutulacak ders kitaplar\u0131 Bakanl\u0131\u011f\u0131m\u0131zca tespit edilmektedir. 22 \u00d6zel Ermeni okulundan sadece \u00d6zel Karag\u00f6zyan Ermeni \u0130lk\u00f6\u011fretim Okulu`nun yat\u0131l\u0131 b\u00f6l\u00fcm\u00fc bulunmaktad\u0131r. Ermeni okullar\u0131nda T\u00fcrk\u00e7e ve T\u00fcrk\u00e7e k\u00fclt\u00fcr dersleri 6581 say\u0131l\u0131 kanun gere\u011fi, resmi okullarda g\u00f6revli \u00f6\u011fretmenler aras\u0131ndan g\u00f6revlendirilen \u00f6\u011fretmenler taraf\u0131ndan okutulmaktad\u0131r. Bu \u00f6\u011fretmenlerden biri okulda m\u00fcd\u00fcr ba\u015fyard\u0131mc\u0131s\u0131 olarak g\u00f6rev yapmaktad\u0131r. Bakanl\u0131\u011f\u0131m\u0131z g\u00f6zetim ve denetiminde olan Ermeni okullar\u0131 da di\u011fer okullar gibi m\u00fcfetti\u015flerimizce denetlenmektedir. Birinci maddede de belirtildi\u011fi \u00fczere bu okullara sadece T\u00fcrkiye Cumhuriyeti vatanda\u015f\u0131 olan Ermeni \u00e7ocuklar\u0131 okumaktad\u0131r. Bu okullarda \u00f6\u011frencilere propaganda yap\u0131ld\u0131\u011f\u0131na ili\u015fkin herhangi bir bilgi Bakanl\u0131\u011f\u0131m\u0131za ula\u015fmam\u0131\u015ft\u0131r.&#8220;<\/p>\n<p style=\"text-align: justify\"><strong><em>Kaynak:<\/em><\/strong><strong><em> zaman.com.tr<br \/>\nTarih: 21.07.2010<\/em><\/strong><\/p>\n","protected":false},"excerpt":{"rendered":"<p>\u00a0I\u011fd\u0131r As\u0131ls\u0131z Ermeni \u0130ddialar\u0131yla M\u00fccadele Derne\u011fi (AS\u0130MDER) Ba\u015fkan\u0131 G\u00f6ksel G\u00fclbey, Ermeni okullar\u0131nda verilen e\u011fitim hakk\u0131nda bilgi edinmek i\u00e7in mektup yazd\u0131\u011f\u0131 Milli E\u011fitim Bakanl\u0131\u011f\u0131`ndan cevap geldi\u011fini bildirdi. G\u00fclbey, konuyla ilgili olarak yapt\u0131\u011f\u0131 yaz\u0131l\u0131 a\u00e7\u0131klamada, 29 Haziran`da, Ermeni okullar\u0131nda kimlerin e\u011fitim g\u00f6rd\u00fc\u011f\u00fcn\u00fc ve ne t\u00fcr e\u011fitimler verildi\u011fini \u00f6\u011frenmek i\u00e7in Milli E\u011fitim Bakan\u0131 Nimet \u00c7ubuk\u00e7u`ya mektup yazd\u0131\u011f\u0131n\u0131 ifade [&hellip;]<\/p>\n","protected":false},"author":3,"featured_media":0,"comment_status":"closed","ping_status":"open","sticky":false,"template":"","format":"standard","meta":{"footnotes":""},"categories":[14],"tags":[],"class_list":["post-1338","post","type-post","status-publish","format-standard","hentry","category-haberler"],"yoast_head":"<!-- This site is optimized with the Yoast SEO plugin v27.4 - https:\/\/yoast.com\/product\/yoast-seo-wordpress\/ -->\n<title>MEB: Ermeni okullar\u0131nda T\u00fcrk vatanda\u015f\u0131 Ermeni as\u0131ll\u0131 \u00e7ocuklar okuyor - Bati Ermenistan Ve Bati Ermenileri Sorunlari Ara\u015ftirmalar Merkezi<\/title>\n<meta name=\"robots\" content=\"index, follow, max-snippet:-1, max-image-preview:large, max-video-preview:-1\" \/>\n<link rel=\"canonical\" href=\"https:\/\/akunq.net\/turkish\/2010\/07\/22\/meb-ermeni-okullarinda-turk-vatandasi-ermeni-asilli-cocuklar-okuyor\/\" \/>\n<meta property=\"og:locale\" content=\"en_US\" \/>\n<meta property=\"og:type\" content=\"article\" \/>\n<meta property=\"og:title\" content=\"MEB: Ermeni okullar\u0131nda T\u00fcrk vatanda\u015f\u0131 Ermeni as\u0131ll\u0131 \u00e7ocuklar okuyor - Bati Ermenistan Ve Bati Ermenileri Sorunlari Ara\u015ftirmalar Merkezi\" \/>\n<meta property=\"og:description\" content=\"\u00a0I\u011fd\u0131r As\u0131ls\u0131z Ermeni \u0130ddialar\u0131yla M\u00fccadele Derne\u011fi (AS\u0130MDER) Ba\u015fkan\u0131 G\u00f6ksel G\u00fclbey, Ermeni okullar\u0131nda verilen e\u011fitim hakk\u0131nda bilgi edinmek i\u00e7in mektup yazd\u0131\u011f\u0131 Milli E\u011fitim Bakanl\u0131\u011f\u0131`ndan cevap geldi\u011fini bildirdi. G\u00fclbey, konuyla ilgili olarak yapt\u0131\u011f\u0131 yaz\u0131l\u0131 a\u00e7\u0131klamada, 29 Haziran`da, Ermeni okullar\u0131nda kimlerin e\u011fitim g\u00f6rd\u00fc\u011f\u00fcn\u00fc ve ne t\u00fcr e\u011fitimler verildi\u011fini \u00f6\u011frenmek i\u00e7in Milli E\u011fitim Bakan\u0131 Nimet \u00c7ubuk\u00e7u`ya mektup yazd\u0131\u011f\u0131n\u0131 ifade [&hellip;]\" \/>\n<meta property=\"og:url\" content=\"https:\/\/akunq.net\/turkish\/2010\/07\/22\/meb-ermeni-okullarinda-turk-vatandasi-ermeni-asilli-cocuklar-okuyor\/\" \/>\n<meta property=\"og:site_name\" content=\"Bati Ermenistan Ve Bati Ermenileri Sorunlari Ara\u015ftirmalar Merkezi\" \/>\n<meta property=\"article:published_time\" content=\"2010-07-22T07:06:01+00:00\" \/>\n<meta name=\"author\" content=\"kalem\" \/>\n<meta name=\"twitter:card\" content=\"summary_large_image\" \/>\n<meta name=\"twitter:label1\" content=\"Written by\" \/>\n\t<meta name=\"twitter:data1\" content=\"kalem\" \/>\n\t<meta name=\"twitter:label2\" content=\"Est. reading time\" \/>\n\t<meta name=\"twitter:data2\" content=\"2 minutes\" \/>\n<script type=\"application\/ld+json\" class=\"yoast-schema-graph\">{\"@context\":\"https:\\\/\\\/schema.org\",\"@graph\":[{\"@type\":\"Article\",\"@id\":\"https:\\\/\\\/akunq.net\\\/turkish\\\/2010\\\/07\\\/22\\\/meb-ermeni-okullarinda-turk-vatandasi-ermeni-asilli-cocuklar-okuyor\\\/#article\",\"isPartOf\":{\"@id\":\"https:\\\/\\\/akunq.net\\\/turkish\\\/2010\\\/07\\\/22\\\/meb-ermeni-okullarinda-turk-vatandasi-ermeni-asilli-cocuklar-okuyor\\\/\"},\"author\":{\"name\":\"kalem\",\"@id\":\"https:\\\/\\\/akunq.net\\\/turkish\\\/#\\\/schema\\\/person\\\/135e7923d1aeb8887890799619969a6c\"},\"headline\":\"MEB: Ermeni okullar\u0131nda T\u00fcrk vatanda\u015f\u0131 Ermeni as\u0131ll\u0131 \u00e7ocuklar okuyor\",\"datePublished\":\"2010-07-22T07:06:01+00:00\",\"mainEntityOfPage\":{\"@id\":\"https:\\\/\\\/akunq.net\\\/turkish\\\/2010\\\/07\\\/22\\\/meb-ermeni-okullarinda-turk-vatandasi-ermeni-asilli-cocuklar-okuyor\\\/\"},\"wordCount\":364,\"articleSection\":[\"Haberler\"],\"inLanguage\":\"en-US\"},{\"@type\":\"WebPage\",\"@id\":\"https:\\\/\\\/akunq.net\\\/turkish\\\/2010\\\/07\\\/22\\\/meb-ermeni-okullarinda-turk-vatandasi-ermeni-asilli-cocuklar-okuyor\\\/\",\"url\":\"https:\\\/\\\/akunq.net\\\/turkish\\\/2010\\\/07\\\/22\\\/meb-ermeni-okullarinda-turk-vatandasi-ermeni-asilli-cocuklar-okuyor\\\/\",\"name\":\"MEB: Ermeni okullar\u0131nda T\u00fcrk vatanda\u015f\u0131 Ermeni as\u0131ll\u0131 \u00e7ocuklar okuyor - Bati Ermenistan Ve Bati Ermenileri Sorunlari Ara\u015ftirmalar Merkezi\",\"isPartOf\":{\"@id\":\"https:\\\/\\\/akunq.net\\\/turkish\\\/#website\"},\"datePublished\":\"2010-07-22T07:06:01+00:00\",\"author\":{\"@id\":\"https:\\\/\\\/akunq.net\\\/turkish\\\/#\\\/schema\\\/person\\\/135e7923d1aeb8887890799619969a6c\"},\"breadcrumb\":{\"@id\":\"https:\\\/\\\/akunq.net\\\/turkish\\\/2010\\\/07\\\/22\\\/meb-ermeni-okullarinda-turk-vatandasi-ermeni-asilli-cocuklar-okuyor\\\/#breadcrumb\"},\"inLanguage\":\"en-US\",\"potentialAction\":[{\"@type\":\"ReadAction\",\"target\":[\"https:\\\/\\\/akunq.net\\\/turkish\\\/2010\\\/07\\\/22\\\/meb-ermeni-okullarinda-turk-vatandasi-ermeni-asilli-cocuklar-okuyor\\\/\"]}]},{\"@type\":\"BreadcrumbList\",\"@id\":\"https:\\\/\\\/akunq.net\\\/turkish\\\/2010\\\/07\\\/22\\\/meb-ermeni-okullarinda-turk-vatandasi-ermeni-asilli-cocuklar-okuyor\\\/#breadcrumb\",\"itemListElement\":[{\"@type\":\"ListItem\",\"position\":1,\"name\":\"Home\",\"item\":\"https:\\\/\\\/akunq.net\\\/turkish\\\/\"},{\"@type\":\"ListItem\",\"position\":2,\"name\":\"MEB: Ermeni okullar\u0131nda T\u00fcrk vatanda\u015f\u0131 Ermeni as\u0131ll\u0131 \u00e7ocuklar okuyor\"}]},{\"@type\":\"WebSite\",\"@id\":\"https:\\\/\\\/akunq.net\\\/turkish\\\/#website\",\"url\":\"https:\\\/\\\/akunq.net\\\/turkish\\\/\",\"name\":\"Bati Ermenistan Ve Bati Ermenileri Sorunlari Ara\u015ftirmalar Merkezi\",\"description\":\"\",\"potentialAction\":[{\"@type\":\"SearchAction\",\"target\":{\"@type\":\"EntryPoint\",\"urlTemplate\":\"https:\\\/\\\/akunq.net\\\/turkish\\\/?s={search_term_string}\"},\"query-input\":{\"@type\":\"PropertyValueSpecification\",\"valueRequired\":true,\"valueName\":\"search_term_string\"}}],\"inLanguage\":\"en-US\"},{\"@type\":\"Person\",\"@id\":\"https:\\\/\\\/akunq.net\\\/turkish\\\/#\\\/schema\\\/person\\\/135e7923d1aeb8887890799619969a6c\",\"name\":\"kalem\",\"image\":{\"@type\":\"ImageObject\",\"inLanguage\":\"en-US\",\"@id\":\"https:\\\/\\\/secure.gravatar.com\\\/avatar\\\/a06875e4b25feb5674296adf8e8a7ae1e587cebce2493fe63c456109967e27d3?s=96&d=mm&r=g\",\"url\":\"https:\\\/\\\/secure.gravatar.com\\\/avatar\\\/a06875e4b25feb5674296adf8e8a7ae1e587cebce2493fe63c456109967e27d3?s=96&d=mm&r=g\",\"contentUrl\":\"https:\\\/\\\/secure.gravatar.com\\\/avatar\\\/a06875e4b25feb5674296adf8e8a7ae1e587cebce2493fe63c456109967e27d3?s=96&d=mm&r=g\",\"caption\":\"kalem\"},\"url\":\"https:\\\/\\\/akunq.net\\\/turkish\\\/author\\\/kalem\\\/\"}]}<\/script>\n<!-- \/ Yoast SEO plugin. -->","yoast_head_json":{"title":"MEB: Ermeni okullar\u0131nda T\u00fcrk vatanda\u015f\u0131 Ermeni as\u0131ll\u0131 \u00e7ocuklar okuyor - Bati Ermenistan Ve Bati Ermenileri Sorunlari Ara\u015ftirmalar Merkezi","robots":{"index":"index","follow":"follow","max-snippet":"max-snippet:-1","max-image-preview":"max-image-preview:large","max-video-preview":"max-video-preview:-1"},"canonical":"https:\/\/akunq.net\/turkish\/2010\/07\/22\/meb-ermeni-okullarinda-turk-vatandasi-ermeni-asilli-cocuklar-okuyor\/","og_locale":"en_US","og_type":"article","og_title":"MEB: Ermeni okullar\u0131nda T\u00fcrk vatanda\u015f\u0131 Ermeni as\u0131ll\u0131 \u00e7ocuklar okuyor - Bati Ermenistan Ve Bati Ermenileri Sorunlari Ara\u015ftirmalar Merkezi","og_description":"\u00a0I\u011fd\u0131r As\u0131ls\u0131z Ermeni \u0130ddialar\u0131yla M\u00fccadele Derne\u011fi (AS\u0130MDER) Ba\u015fkan\u0131 G\u00f6ksel G\u00fclbey, Ermeni okullar\u0131nda verilen e\u011fitim hakk\u0131nda bilgi edinmek i\u00e7in mektup yazd\u0131\u011f\u0131 Milli E\u011fitim Bakanl\u0131\u011f\u0131`ndan cevap geldi\u011fini bildirdi. G\u00fclbey, konuyla ilgili olarak yapt\u0131\u011f\u0131 yaz\u0131l\u0131 a\u00e7\u0131klamada, 29 Haziran`da, Ermeni okullar\u0131nda kimlerin e\u011fitim g\u00f6rd\u00fc\u011f\u00fcn\u00fc ve ne t\u00fcr e\u011fitimler verildi\u011fini \u00f6\u011frenmek i\u00e7in Milli E\u011fitim Bakan\u0131 Nimet \u00c7ubuk\u00e7u`ya mektup yazd\u0131\u011f\u0131n\u0131 ifade [&hellip;]","og_url":"https:\/\/akunq.net\/turkish\/2010\/07\/22\/meb-ermeni-okullarinda-turk-vatandasi-ermeni-asilli-cocuklar-okuyor\/","og_site_name":"Bati Ermenistan Ve Bati Ermenileri Sorunlari Ara\u015ftirmalar Merkezi","article_published_time":"2010-07-22T07:06:01+00:00","author":"kalem","twitter_card":"summary_large_image","twitter_misc":{"Written by":"kalem","Est. reading time":"2 minutes"},"schema":{"@context":"https:\/\/schema.org","@graph":[{"@type":"Article","@id":"https:\/\/akunq.net\/turkish\/2010\/07\/22\/meb-ermeni-okullarinda-turk-vatandasi-ermeni-asilli-cocuklar-okuyor\/#article","isPartOf":{"@id":"https:\/\/akunq.net\/turkish\/2010\/07\/22\/meb-ermeni-okullarinda-turk-vatandasi-ermeni-asilli-cocuklar-okuyor\/"},"author":{"name":"kalem","@id":"https:\/\/akunq.net\/turkish\/#\/schema\/person\/135e7923d1aeb8887890799619969a6c"},"headline":"MEB: Ermeni okullar\u0131nda T\u00fcrk vatanda\u015f\u0131 Ermeni as\u0131ll\u0131 \u00e7ocuklar okuyor","datePublished":"2010-07-22T07:06:01+00:00","mainEntityOfPage":{"@id":"https:\/\/akunq.net\/turkish\/2010\/07\/22\/meb-ermeni-okullarinda-turk-vatandasi-ermeni-asilli-cocuklar-okuyor\/"},"wordCount":364,"articleSection":["Haberler"],"inLanguage":"en-US"},{"@type":"WebPage","@id":"https:\/\/akunq.net\/turkish\/2010\/07\/22\/meb-ermeni-okullarinda-turk-vatandasi-ermeni-asilli-cocuklar-okuyor\/","url":"https:\/\/akunq.net\/turkish\/2010\/07\/22\/meb-ermeni-okullarinda-turk-vatandasi-ermeni-asilli-cocuklar-okuyor\/","name":"MEB: Ermeni okullar\u0131nda T\u00fcrk vatanda\u015f\u0131 Ermeni as\u0131ll\u0131 \u00e7ocuklar okuyor - Bati Ermenistan Ve Bati Ermenileri Sorunlari Ara\u015ftirmalar Merkezi","isPartOf":{"@id":"https:\/\/akunq.net\/turkish\/#website"},"datePublished":"2010-07-22T07:06:01+00:00","author":{"@id":"https:\/\/akunq.net\/turkish\/#\/schema\/person\/135e7923d1aeb8887890799619969a6c"},"breadcrumb":{"@id":"https:\/\/akunq.net\/turkish\/2010\/07\/22\/meb-ermeni-okullarinda-turk-vatandasi-ermeni-asilli-cocuklar-okuyor\/#breadcrumb"},"inLanguage":"en-US","potentialAction":[{"@type":"ReadAction","target":["https:\/\/akunq.net\/turkish\/2010\/07\/22\/meb-ermeni-okullarinda-turk-vatandasi-ermeni-asilli-cocuklar-okuyor\/"]}]},{"@type":"BreadcrumbList","@id":"https:\/\/akunq.net\/turkish\/2010\/07\/22\/meb-ermeni-okullarinda-turk-vatandasi-ermeni-asilli-cocuklar-okuyor\/#breadcrumb","itemListElement":[{"@type":"ListItem","position":1,"name":"Home","item":"https:\/\/akunq.net\/turkish\/"},{"@type":"ListItem","position":2,"name":"MEB: Ermeni okullar\u0131nda T\u00fcrk vatanda\u015f\u0131 Ermeni as\u0131ll\u0131 \u00e7ocuklar okuyor"}]},{"@type":"WebSite","@id":"https:\/\/akunq.net\/turkish\/#website","url":"https:\/\/akunq.net\/turkish\/","name":"Bati Ermenistan Ve Bati Ermenileri Sorunlari Ara\u015ftirmalar Merkezi","description":"","potentialAction":[{"@type":"SearchAction","target":{"@type":"EntryPoint","urlTemplate":"https:\/\/akunq.net\/turkish\/?s={search_term_string}"},"query-input":{"@type":"PropertyValueSpecification","valueRequired":true,"valueName":"search_term_string"}}],"inLanguage":"en-US"},{"@type":"Person","@id":"https:\/\/akunq.net\/turkish\/#\/schema\/person\/135e7923d1aeb8887890799619969a6c","name":"kalem","image":{"@type":"ImageObject","inLanguage":"en-US","@id":"https:\/\/secure.gravatar.com\/avatar\/a06875e4b25feb5674296adf8e8a7ae1e587cebce2493fe63c456109967e27d3?s=96&d=mm&r=g","url":"https:\/\/secure.gravatar.com\/avatar\/a06875e4b25feb5674296adf8e8a7ae1e587cebce2493fe63c456109967e27d3?s=96&d=mm&r=g","contentUrl":"https:\/\/secure.gravatar.com\/avatar\/a06875e4b25feb5674296adf8e8a7ae1e587cebce2493fe63c456109967e27d3?s=96&d=mm&r=g","caption":"kalem"},"url":"https:\/\/akunq.net\/turkish\/author\/kalem\/"}]}},"_links":{"self":[{"href":"https:\/\/akunq.net\/turkish\/wp-json\/wp\/v2\/posts\/1338","targetHints":{"allow":["GET"]}}],"collection":[{"href":"https:\/\/akunq.net\/turkish\/wp-json\/wp\/v2\/posts"}],"about":[{"href":"https:\/\/akunq.net\/turkish\/wp-json\/wp\/v2\/types\/post"}],"author":[{"embeddable":true,"href":"https:\/\/akunq.net\/turkish\/wp-json\/wp\/v2\/users\/3"}],"replies":[{"embeddable":true,"href":"https:\/\/akunq.net\/turkish\/wp-json\/wp\/v2\/comments?post=1338"}],"version-history":[{"count":0,"href":"https:\/\/akunq.net\/turkish\/wp-json\/wp\/v2\/posts\/1338\/revisions"}],"wp:attachment":[{"href":"https:\/\/akunq.net\/turkish\/wp-json\/wp\/v2\/media?parent=1338"}],"wp:term":[{"taxonomy":"category","embeddable":true,"href":"https:\/\/akunq.net\/turkish\/wp-json\/wp\/v2\/categories?post=1338"},{"taxonomy":"post_tag","embeddable":true,"href":"https:\/\/akunq.net\/turkish\/wp-json\/wp\/v2\/tags?post=1338"}],"curies":[{"name":"wp","href":"https:\/\/api.w.org\/{rel}","templated":true}]}}