{"id":1334,"date":"2010-07-22T01:56:59","date_gmt":"2010-07-22T06:56:59","guid":{"rendered":"http:\/\/akunq.net\/tr\/?p=1334"},"modified":"2010-07-22T01:56:59","modified_gmt":"2010-07-22T06:56:59","slug":"dink-vakfiyla-mebin-sari-gelin-krizi-2","status":"publish","type":"post","link":"https:\/\/akunq.net\/turkish\/2010\/07\/22\/dink-vakfiyla-mebin-sari-gelin-krizi-2\/","title":{"rendered":"Dink Vakf\u0131\u2019yla MEB\u2019in \u2018Sar\u0131 Gelin\u2019 krizi"},"content":{"rendered":"<p style=\"text-align: justify\">\u00a0<strong><em>Uluslararas\u0131 Hrant Dink Vakf\u0131\u2019n\u0131n \u201cSar\u0131 Gelin &#8211; Ermeni Sorununun \u0130\u00e7 Y\u00fcz\u00fc\u201d adl\u0131 belgeselin okullarda g\u00f6sterilmesine kar\u015f\u0131 \u0130stanbul \u0130l Milli E\u011fitim M\u00fcd\u00fcrl\u00fc\u011f\u00fc aleyhine a\u00e7m\u0131\u015f oldu\u011fu dava reddedildi.<\/em><\/strong><\/p>\n<p style=\"text-align: justify\">\u00a0Uluslararas\u0131 <a href=\"http:\/\/www.milliyet.com.tr\/index\/Hrant%20Dink\" target=\"_blank\">Hrant Dink<\/a> Vakf\u0131\u2019n\u0131n, 6 b\u00f6l\u00fcml\u00fck \u201c<a href=\"http:\/\/www.milliyet.com.tr\/index\/Sari%20Gelin\" target=\"_blank\">Sar\u0131 Gelin<\/a> &#8211; <a href=\"http:\/\/www.milliyet.com.tr\/index\/Ermeni\" target=\"_blank\">Ermeni<\/a> Sorununun \u0130\u00e7 Y\u00fcz\u00fc\u201d adl\u0131 belgeselin okullarda g\u00f6sterilmesine ili\u015fkin i\u015flemin iptali istemiyle <a href=\"http:\/\/www.milliyet.com.tr\/index\/Istanbul\" target=\"_blank\">\u0130stanbul<\/a> \u0130l Milli E\u011fitim M\u00fcd\u00fcrl\u00fc\u011f\u00fc aleyhine a\u00e7m\u0131\u015f oldu\u011fu dava,\u00a0 9. \u0130stanbul \u0130dari Mahkemesi taraf\u0131ndan reddedildi.<\/p>\n<p style=\"text-align: justify\">\u0130stanbul 9. \u0130dare Mahkemesi, 25 Haziran\u2019da verdi\u011fi kararda, DVD\u2019lerin \u00f6\u011frencilere g\u00f6steriminin kesin ve y\u00fcr\u00fct\u00fclmesi zorunlu bir i\u015flem olmad\u0131\u011f\u0131, duyuru mahiyeti ta\u015f\u0131d\u0131\u011f\u0131 gerek\u00e7esiyle davay\u0131 reddetti.<\/p>\n<p style=\"text-align: justify\">Vak\u0131f, DVD\u2019lerin i\u00e7eri\u011finin, e\u011fitimin ama\u00e7lar\u0131ndan olan demokrasi k\u00fclt\u00fcr\u00fc, ho\u015fg\u00f6r\u00fc ve sorumluluk de\u011ferleri ile ba\u011fda\u015fmad\u0131\u011f\u0131, DVD i\u00e7indeki g\u00f6r\u00fcnt\u00fclerin hen\u00fcz ilk\u00f6\u011fretim \u00e7a\u011f\u0131nda olan \u00f6\u011frencilerin psikolojik ve zihinsel geli\u015fimlerini olumsuz etkileyece\u011fi gibi gerek\u00e7elerle \u0130dare Mahkemesi\u2019ne ba\u015fvurarak Milli E\u011fitim\u2019in bu uygulamas\u0131n\u0131n durdurulmas\u0131n\u0131 istemi\u015fti.\u00a0<\/p>\n<p style=\"text-align: justify\"><strong>\u2018\u0130zletin\u2019 yaz\u0131s\u0131<\/strong><\/p>\n<p style=\"text-align: justify\">Davan\u0131n reddi y\u00f6n\u00fcndeki yeni geli\u015fme \u00fczerine g\u00f6r\u00fc\u015f\u00fcne ba\u015fvurdu\u011fumuz Vakf\u0131n avukat\u0131 <a href=\"http:\/\/www.milliyet.com.tr\/index\/Fethiye\" target=\"_blank\">Fethiye<\/a> \u00c7etin, \u0130l Milli E\u011fitim M\u00fcd\u00fcrl\u00fc\u011f\u00fc taraf\u0131ndan okullara g\u00f6nderilen yaz\u0131da a\u00e7\u0131k\u00e7a, \u201c\u00d6\u011frencilere izletin, sonra raporlar\u0131 ikinci bir telefona mahal b\u0131rakmadan g\u00f6nderin\u201d denildi\u011fini belirtti.<\/p>\n<p style=\"text-align: justify\">\u00c7etin, mahkemenin davay\u0131 usulden reddetmesini de \u201cEsasa girilmesi \u00e7ok \u00f6nemliydi. E\u011fitim kurumlar\u0131nda tek yanl\u0131, \u00e7ocuklar\u0131 d\u00fc\u015fmanl\u0131\u011fa sevk eden, \u00e7ocuklar\u0131n zihinsel, ruhsal geli\u015fimini sakatlayan e\u011fitim malzemesinin bir daha kullan\u0131lmamas\u0131 a\u00e7\u0131s\u0131ndan&#8230; Bu y\u00f6nde al\u0131nacak bir karar bunun yolunu kapatacakt\u0131\u201d c\u00fcmleleriyle yorumlad\u0131.<br \/>\nBelgeselin bilimsel belgesel tan\u0131m\u0131na uymad\u0131\u011f\u0131n\u0131 belirten \u00c7etin, ilk\u00f6\u011fretim \u00f6\u011frencileri i\u00e7in ni\u00e7in sak\u0131ncal\u0131 oldu\u011funu ise \u015fu s\u00f6zlerle ifade etti:\u00a0<\/p>\n<p style=\"text-align: justify\"><strong>\u2018Tek yanl\u0131\u2019 iddias\u0131<\/strong><\/p>\n<p style=\"text-align: justify\">\u201cBelgesel, tek yanl\u0131 bir g\u00f6r\u00fc\u015f\u00fc yans\u0131t\u0131yor.\u00a0 Bu haliyle, yeti\u015fkinlere izletti\u011finizde onlar i\u00e7eri\u011fini tart\u0131\u015f\u0131r. Ama ilk\u00f6\u011fretim \u00e7a\u011f\u0131ndaki \u00e7ocuklara izlettiriyorsunuz. Onlar muhakeme yapamaz. Ayr\u0131ca di\u011fer g\u00f6r\u00fc\u015f\u00fc bilmedikleri i\u00e7in belgesel sak\u0131ncal\u0131. Belgeselde \u00f6yle sahneler, \u00f6yle g\u00f6r\u00fcnt\u00fcler var ki, kafataslar\u0131ndan olu\u015fan y\u0131\u011f\u0131nlar, kesik kafalar, cesetler gibi&#8230; Bunlar, ilk\u00f6\u011fretim \u00e7a\u011f\u0131ndaki \u00e7ocuklar\u0131n psikolojisini ve normal geli\u015fimini son derece olumsuz etkileyebilecek g\u00f6r\u00fcnt\u00fcler.\u201d<\/p>\n<p style=\"text-align: justify\">\u00c7etin, belgeselde az\u0131nl\u0131klar \u00fczerinde d\u00fc\u015fmanl\u0131k yaratacak ifadelere yer verildi\u011fini, s\u00fcrekli kullan\u0131lan \u2018Ermeniler\u2019 s\u00f6z\u00fcn\u00fcn kolektif bir grubun tamam\u0131n\u0131 hedefledi\u011fini de s\u00f6zlerine ekledi.\u00a0 \u00c7etin, karar\u0131 temyiz edeceklerini belirtti.<\/p>\n<p style=\"text-align: justify\"><strong>Yemin t\u00f6reni hat\u0131rlatmas\u0131*<\/strong><\/p>\n<p style=\"text-align: justify\">Belgeselin yap\u0131mc\u0131s\u0131, y\u00f6netmeni ve senaristi \u0130smail Uma\u00e7 ise Fethiye \u00c7etin\u2019e \u015fu s\u00f6zlerle kar\u015f\u0131 \u00e7\u0131kt\u0131: \u201cBelgeselde, <a href=\"http:\/\/www.milliyet.com.tr\/index\/Ermenistan\" target=\"_blank\">Ermenistan<\/a>\u2019daki ilkokullarda yap\u0131lan yemin t\u00f6reniyle ilgili bir sahne var. \u00c7ocuklara intikam yeminlerinin ettirildi\u011fi bu sahne, Ermenistan\u2019daki \u00f6\u011frencilerin T\u00fcrklere kar\u015f\u0131 nas\u0131l bir kin ve nefretle yeti\u015ftirildiklerini g\u00f6steriyor*. Davay\u0131 a\u00e7anlar\u0131n, bu t\u00f6renleri izlemeleri ve o \u00e7ocuklar\u0131n s\u00f6ylediklerini dinlemeleri laz\u0131m.\u201d<\/p>\n<p style=\"text-align: justify\">Yemin t\u00f6renini <a href=\"http:\/\/www.milliyet.com.tr\/index\/Amerika\" target=\"_blank\">Amerika<\/a>\u2019daki ve <a href=\"http:\/\/www.milliyet.com.tr\/index\/Italya\" target=\"_blank\">\u0130talya<\/a>\u2019daki \u00e7ocuk psikolojisi uzmanlar\u0131na sordu\u011funu belirten Uma\u00e7, \u201cBunu soran \u00e7ocuklar\u0131n psikolojisini k\u00f6t\u00fc y\u00f6nde etkileyecek bir \u015fey kullanabilir mi?\u201d diyerek, \u00e7ocuk psikolojisine verdi\u011fi \u00f6neme dikkat \u00e7ekti.<\/p>\n<p style=\"text-align: justify\">\u00a0<strong>Y\u00f6netmen belgeseli savundu<\/strong><\/p>\n<p style=\"text-align: justify\">Y\u00f6netmen Uma\u00e7, \u201cErmenistan\u2019da \u00e7ekilen belgesellerde T\u00fcrk g\u00f6r\u00fc\u015f\u00fcne yer verilmiyor. Ben Ermenistan\u2019daki <a href=\"http:\/\/www.milliyet.com.tr\/index\/soykirim\" target=\"_blank\">Soyk\u0131r\u0131m<\/a> M\u00fczesi\u2019nin genel m\u00fcd\u00fcr\u00fcn\u00fcn, <a href=\"http:\/\/www.milliyet.com.tr\/index\/Patrik\" target=\"_blank\">Patrik<\/a>\u2019in, Ermeni tarih\u00e7ilerin ve yabanc\u0131 tarih\u00e7ilerin g\u00f6r\u00fc\u015flerine yer verdim\u201d dedi. Belgeselinin tarafs\u0131z oldu\u011funu savunan Uma\u00e7 \u015f\u00f6yle devam eti:\u00a0 \u201cTarafs\u0131z bir belgesel olmasayd\u0131, <a href=\"http:\/\/www.milliyet.com.tr\/index\/Time%20Dergisi\" target=\"_blank\">Time Dergisi<\/a>\u2019yle, <a href=\"http:\/\/www.milliyet.com.tr\/index\/Polonya\" target=\"_blank\">Polonya<\/a> ve <a href=\"http:\/\/www.milliyet.com.tr\/index\/Rusya\" target=\"_blank\">Rusya<\/a>\u2019daki dergilerle da\u011f\u0131t\u0131lmazd\u0131\u201d.<\/p>\n<p style=\"text-align: justify\">Belgeselin okullara, tarih \u00f6\u011fretmenlerine yard\u0131mc\u0131 kaynak te\u015fkil etmesi i\u00e7in da\u011f\u0131t\u0131ld\u0131\u011f\u0131n\u0131 ifade eden Uma\u00e7, Milli E\u011fitim M\u00fcd\u00fcrl\u00fc\u011f\u00fc\u2019n\u00fcn yaz\u0131s\u0131nda ge\u00e7en \u201cbelgesel DVD\u2019lerinin Genel Kurmay Ba\u015fkanl\u0131\u011f\u0131 taraf\u0131ndan haz\u0131rland\u0131\u011f\u0131\u201d ibaresinin ise bilgisi dahilinde olmad\u0131\u011f\u0131n\u0131 s\u00f6zlerine ekledi.<\/p>\n<p style=\"text-align: justify\">21 Temmuz 2010<\/p>\n<p style=\"text-align: justify\"><a href=\"http:\/\/www.milliyet.com.tr\/dink-vakfi-yla-meb-in-sari-gelin%20krizi\/guncel\/haberdetay\/21.07.2010\/1266244\/default.htm?ref=OtherNews\">http:\/\/www.milliyet.com.tr\/dink-vakfi-yla-meb-in-sari-gelin krizi\/guncel\/haberdetay\/21.07.2010\/1266244\/default.htm?ref=OtherNews<\/a><\/p>\n<p style=\"text-align: justify\">*<em><strong>Veb Sitesi Y\u00f6netimi Taraf\u0131ndan: Ermenistan\u2019daki okullarda benzer bir yemin t\u00f6reni <\/strong><\/em><\/p>\n<p style=\"text-align: justify\"><em><strong>(ve genel olarak hi<\/strong><\/em><em><strong>\u00e7<\/strong><\/em><em><strong> bir yemin t\u00f6reni) yap\u0131lmamaktad\u0131r. Bu bariz bir yalan, adi bir karalamad\u0131r. <\/strong><\/em><strong><em><\/em><\/strong><\/p>\n","protected":false},"excerpt":{"rendered":"<p>\u00a0Uluslararas\u0131 Hrant Dink Vakf\u0131\u2019n\u0131n \u201cSar\u0131 Gelin &#8211; Ermeni Sorununun \u0130\u00e7 Y\u00fcz\u00fc\u201d adl\u0131 belgeselin okullarda g\u00f6sterilmesine kar\u015f\u0131 \u0130stanbul \u0130l Milli E\u011fitim M\u00fcd\u00fcrl\u00fc\u011f\u00fc aleyhine a\u00e7m\u0131\u015f oldu\u011fu dava reddedildi. \u00a0Uluslararas\u0131 Hrant Dink Vakf\u0131\u2019n\u0131n, 6 b\u00f6l\u00fcml\u00fck \u201cSar\u0131 Gelin &#8211; Ermeni Sorununun \u0130\u00e7 Y\u00fcz\u00fc\u201d adl\u0131 belgeselin okullarda g\u00f6sterilmesine ili\u015fkin i\u015flemin iptali istemiyle \u0130stanbul \u0130l Milli E\u011fitim M\u00fcd\u00fcrl\u00fc\u011f\u00fc aleyhine a\u00e7m\u0131\u015f oldu\u011fu [&hellip;]<\/p>\n","protected":false},"author":3,"featured_media":0,"comment_status":"closed","ping_status":"open","sticky":false,"template":"","format":"standard","meta":{"footnotes":""},"categories":[14],"tags":[],"class_list":["post-1334","post","type-post","status-publish","format-standard","hentry","category-haberler"],"yoast_head":"<!-- This site is optimized with the Yoast SEO plugin v27.4 - https:\/\/yoast.com\/product\/yoast-seo-wordpress\/ -->\n<title>Dink Vakf\u0131\u2019yla MEB\u2019in \u2018Sar\u0131 Gelin\u2019 krizi - Bati Ermenistan Ve Bati Ermenileri Sorunlari Ara\u015ftirmalar Merkezi<\/title>\n<meta name=\"robots\" content=\"index, follow, max-snippet:-1, max-image-preview:large, max-video-preview:-1\" \/>\n<link rel=\"canonical\" href=\"https:\/\/akunq.net\/turkish\/2010\/07\/22\/dink-vakfiyla-mebin-sari-gelin-krizi-2\/\" \/>\n<meta property=\"og:locale\" content=\"en_US\" \/>\n<meta property=\"og:type\" content=\"article\" \/>\n<meta property=\"og:title\" content=\"Dink Vakf\u0131\u2019yla MEB\u2019in \u2018Sar\u0131 Gelin\u2019 krizi - Bati Ermenistan Ve Bati Ermenileri Sorunlari Ara\u015ftirmalar Merkezi\" \/>\n<meta property=\"og:description\" content=\"\u00a0Uluslararas\u0131 Hrant Dink Vakf\u0131\u2019n\u0131n \u201cSar\u0131 Gelin &#8211; Ermeni Sorununun \u0130\u00e7 Y\u00fcz\u00fc\u201d adl\u0131 belgeselin okullarda g\u00f6sterilmesine kar\u015f\u0131 \u0130stanbul \u0130l Milli E\u011fitim M\u00fcd\u00fcrl\u00fc\u011f\u00fc aleyhine a\u00e7m\u0131\u015f oldu\u011fu dava reddedildi. \u00a0Uluslararas\u0131 Hrant Dink Vakf\u0131\u2019n\u0131n, 6 b\u00f6l\u00fcml\u00fck \u201cSar\u0131 Gelin &#8211; Ermeni Sorununun \u0130\u00e7 Y\u00fcz\u00fc\u201d adl\u0131 belgeselin okullarda g\u00f6sterilmesine ili\u015fkin i\u015flemin iptali istemiyle \u0130stanbul \u0130l Milli E\u011fitim M\u00fcd\u00fcrl\u00fc\u011f\u00fc aleyhine a\u00e7m\u0131\u015f oldu\u011fu [&hellip;]\" \/>\n<meta property=\"og:url\" content=\"https:\/\/akunq.net\/turkish\/2010\/07\/22\/dink-vakfiyla-mebin-sari-gelin-krizi-2\/\" \/>\n<meta property=\"og:site_name\" content=\"Bati Ermenistan Ve Bati Ermenileri Sorunlari Ara\u015ftirmalar Merkezi\" \/>\n<meta property=\"article:published_time\" content=\"2010-07-22T06:56:59+00:00\" \/>\n<meta name=\"author\" content=\"kalem\" \/>\n<meta name=\"twitter:card\" content=\"summary_large_image\" \/>\n<meta name=\"twitter:label1\" content=\"Written by\" \/>\n\t<meta name=\"twitter:data1\" content=\"kalem\" \/>\n\t<meta name=\"twitter:label2\" content=\"Est. reading time\" \/>\n\t<meta name=\"twitter:data2\" content=\"4 minutes\" \/>\n<script type=\"application\/ld+json\" class=\"yoast-schema-graph\">{\"@context\":\"https:\\\/\\\/schema.org\",\"@graph\":[{\"@type\":\"Article\",\"@id\":\"https:\\\/\\\/akunq.net\\\/turkish\\\/2010\\\/07\\\/22\\\/dink-vakfiyla-mebin-sari-gelin-krizi-2\\\/#article\",\"isPartOf\":{\"@id\":\"https:\\\/\\\/akunq.net\\\/turkish\\\/2010\\\/07\\\/22\\\/dink-vakfiyla-mebin-sari-gelin-krizi-2\\\/\"},\"author\":{\"name\":\"kalem\",\"@id\":\"https:\\\/\\\/akunq.net\\\/turkish\\\/#\\\/schema\\\/person\\\/135e7923d1aeb8887890799619969a6c\"},\"headline\":\"Dink Vakf\u0131\u2019yla MEB\u2019in \u2018Sar\u0131 Gelin\u2019 krizi\",\"datePublished\":\"2010-07-22T06:56:59+00:00\",\"mainEntityOfPage\":{\"@id\":\"https:\\\/\\\/akunq.net\\\/turkish\\\/2010\\\/07\\\/22\\\/dink-vakfiyla-mebin-sari-gelin-krizi-2\\\/\"},\"wordCount\":741,\"articleSection\":[\"Haberler\"],\"inLanguage\":\"en-US\"},{\"@type\":\"WebPage\",\"@id\":\"https:\\\/\\\/akunq.net\\\/turkish\\\/2010\\\/07\\\/22\\\/dink-vakfiyla-mebin-sari-gelin-krizi-2\\\/\",\"url\":\"https:\\\/\\\/akunq.net\\\/turkish\\\/2010\\\/07\\\/22\\\/dink-vakfiyla-mebin-sari-gelin-krizi-2\\\/\",\"name\":\"Dink Vakf\u0131\u2019yla MEB\u2019in \u2018Sar\u0131 Gelin\u2019 krizi - Bati Ermenistan Ve Bati Ermenileri Sorunlari Ara\u015ftirmalar Merkezi\",\"isPartOf\":{\"@id\":\"https:\\\/\\\/akunq.net\\\/turkish\\\/#website\"},\"datePublished\":\"2010-07-22T06:56:59+00:00\",\"author\":{\"@id\":\"https:\\\/\\\/akunq.net\\\/turkish\\\/#\\\/schema\\\/person\\\/135e7923d1aeb8887890799619969a6c\"},\"breadcrumb\":{\"@id\":\"https:\\\/\\\/akunq.net\\\/turkish\\\/2010\\\/07\\\/22\\\/dink-vakfiyla-mebin-sari-gelin-krizi-2\\\/#breadcrumb\"},\"inLanguage\":\"en-US\",\"potentialAction\":[{\"@type\":\"ReadAction\",\"target\":[\"https:\\\/\\\/akunq.net\\\/turkish\\\/2010\\\/07\\\/22\\\/dink-vakfiyla-mebin-sari-gelin-krizi-2\\\/\"]}]},{\"@type\":\"BreadcrumbList\",\"@id\":\"https:\\\/\\\/akunq.net\\\/turkish\\\/2010\\\/07\\\/22\\\/dink-vakfiyla-mebin-sari-gelin-krizi-2\\\/#breadcrumb\",\"itemListElement\":[{\"@type\":\"ListItem\",\"position\":1,\"name\":\"Home\",\"item\":\"https:\\\/\\\/akunq.net\\\/turkish\\\/\"},{\"@type\":\"ListItem\",\"position\":2,\"name\":\"Dink Vakf\u0131\u2019yla MEB\u2019in \u2018Sar\u0131 Gelin\u2019 krizi\"}]},{\"@type\":\"WebSite\",\"@id\":\"https:\\\/\\\/akunq.net\\\/turkish\\\/#website\",\"url\":\"https:\\\/\\\/akunq.net\\\/turkish\\\/\",\"name\":\"Bati Ermenistan Ve Bati Ermenileri Sorunlari Ara\u015ftirmalar Merkezi\",\"description\":\"\",\"potentialAction\":[{\"@type\":\"SearchAction\",\"target\":{\"@type\":\"EntryPoint\",\"urlTemplate\":\"https:\\\/\\\/akunq.net\\\/turkish\\\/?s={search_term_string}\"},\"query-input\":{\"@type\":\"PropertyValueSpecification\",\"valueRequired\":true,\"valueName\":\"search_term_string\"}}],\"inLanguage\":\"en-US\"},{\"@type\":\"Person\",\"@id\":\"https:\\\/\\\/akunq.net\\\/turkish\\\/#\\\/schema\\\/person\\\/135e7923d1aeb8887890799619969a6c\",\"name\":\"kalem\",\"image\":{\"@type\":\"ImageObject\",\"inLanguage\":\"en-US\",\"@id\":\"https:\\\/\\\/secure.gravatar.com\\\/avatar\\\/a06875e4b25feb5674296adf8e8a7ae1e587cebce2493fe63c456109967e27d3?s=96&d=mm&r=g\",\"url\":\"https:\\\/\\\/secure.gravatar.com\\\/avatar\\\/a06875e4b25feb5674296adf8e8a7ae1e587cebce2493fe63c456109967e27d3?s=96&d=mm&r=g\",\"contentUrl\":\"https:\\\/\\\/secure.gravatar.com\\\/avatar\\\/a06875e4b25feb5674296adf8e8a7ae1e587cebce2493fe63c456109967e27d3?s=96&d=mm&r=g\",\"caption\":\"kalem\"},\"url\":\"https:\\\/\\\/akunq.net\\\/turkish\\\/author\\\/kalem\\\/\"}]}<\/script>\n<!-- \/ Yoast SEO plugin. -->","yoast_head_json":{"title":"Dink Vakf\u0131\u2019yla MEB\u2019in \u2018Sar\u0131 Gelin\u2019 krizi - Bati Ermenistan Ve Bati Ermenileri Sorunlari Ara\u015ftirmalar Merkezi","robots":{"index":"index","follow":"follow","max-snippet":"max-snippet:-1","max-image-preview":"max-image-preview:large","max-video-preview":"max-video-preview:-1"},"canonical":"https:\/\/akunq.net\/turkish\/2010\/07\/22\/dink-vakfiyla-mebin-sari-gelin-krizi-2\/","og_locale":"en_US","og_type":"article","og_title":"Dink Vakf\u0131\u2019yla MEB\u2019in \u2018Sar\u0131 Gelin\u2019 krizi - Bati Ermenistan Ve Bati Ermenileri Sorunlari Ara\u015ftirmalar Merkezi","og_description":"\u00a0Uluslararas\u0131 Hrant Dink Vakf\u0131\u2019n\u0131n \u201cSar\u0131 Gelin &#8211; Ermeni Sorununun \u0130\u00e7 Y\u00fcz\u00fc\u201d adl\u0131 belgeselin okullarda g\u00f6sterilmesine kar\u015f\u0131 \u0130stanbul \u0130l Milli E\u011fitim M\u00fcd\u00fcrl\u00fc\u011f\u00fc aleyhine a\u00e7m\u0131\u015f oldu\u011fu dava reddedildi. \u00a0Uluslararas\u0131 Hrant Dink Vakf\u0131\u2019n\u0131n, 6 b\u00f6l\u00fcml\u00fck \u201cSar\u0131 Gelin &#8211; Ermeni Sorununun \u0130\u00e7 Y\u00fcz\u00fc\u201d adl\u0131 belgeselin okullarda g\u00f6sterilmesine ili\u015fkin i\u015flemin iptali istemiyle \u0130stanbul \u0130l Milli E\u011fitim M\u00fcd\u00fcrl\u00fc\u011f\u00fc aleyhine a\u00e7m\u0131\u015f oldu\u011fu [&hellip;]","og_url":"https:\/\/akunq.net\/turkish\/2010\/07\/22\/dink-vakfiyla-mebin-sari-gelin-krizi-2\/","og_site_name":"Bati Ermenistan Ve Bati Ermenileri Sorunlari Ara\u015ftirmalar Merkezi","article_published_time":"2010-07-22T06:56:59+00:00","author":"kalem","twitter_card":"summary_large_image","twitter_misc":{"Written by":"kalem","Est. reading time":"4 minutes"},"schema":{"@context":"https:\/\/schema.org","@graph":[{"@type":"Article","@id":"https:\/\/akunq.net\/turkish\/2010\/07\/22\/dink-vakfiyla-mebin-sari-gelin-krizi-2\/#article","isPartOf":{"@id":"https:\/\/akunq.net\/turkish\/2010\/07\/22\/dink-vakfiyla-mebin-sari-gelin-krizi-2\/"},"author":{"name":"kalem","@id":"https:\/\/akunq.net\/turkish\/#\/schema\/person\/135e7923d1aeb8887890799619969a6c"},"headline":"Dink Vakf\u0131\u2019yla MEB\u2019in \u2018Sar\u0131 Gelin\u2019 krizi","datePublished":"2010-07-22T06:56:59+00:00","mainEntityOfPage":{"@id":"https:\/\/akunq.net\/turkish\/2010\/07\/22\/dink-vakfiyla-mebin-sari-gelin-krizi-2\/"},"wordCount":741,"articleSection":["Haberler"],"inLanguage":"en-US"},{"@type":"WebPage","@id":"https:\/\/akunq.net\/turkish\/2010\/07\/22\/dink-vakfiyla-mebin-sari-gelin-krizi-2\/","url":"https:\/\/akunq.net\/turkish\/2010\/07\/22\/dink-vakfiyla-mebin-sari-gelin-krizi-2\/","name":"Dink Vakf\u0131\u2019yla MEB\u2019in \u2018Sar\u0131 Gelin\u2019 krizi - Bati Ermenistan Ve Bati Ermenileri Sorunlari Ara\u015ftirmalar Merkezi","isPartOf":{"@id":"https:\/\/akunq.net\/turkish\/#website"},"datePublished":"2010-07-22T06:56:59+00:00","author":{"@id":"https:\/\/akunq.net\/turkish\/#\/schema\/person\/135e7923d1aeb8887890799619969a6c"},"breadcrumb":{"@id":"https:\/\/akunq.net\/turkish\/2010\/07\/22\/dink-vakfiyla-mebin-sari-gelin-krizi-2\/#breadcrumb"},"inLanguage":"en-US","potentialAction":[{"@type":"ReadAction","target":["https:\/\/akunq.net\/turkish\/2010\/07\/22\/dink-vakfiyla-mebin-sari-gelin-krizi-2\/"]}]},{"@type":"BreadcrumbList","@id":"https:\/\/akunq.net\/turkish\/2010\/07\/22\/dink-vakfiyla-mebin-sari-gelin-krizi-2\/#breadcrumb","itemListElement":[{"@type":"ListItem","position":1,"name":"Home","item":"https:\/\/akunq.net\/turkish\/"},{"@type":"ListItem","position":2,"name":"Dink Vakf\u0131\u2019yla MEB\u2019in \u2018Sar\u0131 Gelin\u2019 krizi"}]},{"@type":"WebSite","@id":"https:\/\/akunq.net\/turkish\/#website","url":"https:\/\/akunq.net\/turkish\/","name":"Bati Ermenistan Ve Bati Ermenileri Sorunlari Ara\u015ftirmalar Merkezi","description":"","potentialAction":[{"@type":"SearchAction","target":{"@type":"EntryPoint","urlTemplate":"https:\/\/akunq.net\/turkish\/?s={search_term_string}"},"query-input":{"@type":"PropertyValueSpecification","valueRequired":true,"valueName":"search_term_string"}}],"inLanguage":"en-US"},{"@type":"Person","@id":"https:\/\/akunq.net\/turkish\/#\/schema\/person\/135e7923d1aeb8887890799619969a6c","name":"kalem","image":{"@type":"ImageObject","inLanguage":"en-US","@id":"https:\/\/secure.gravatar.com\/avatar\/a06875e4b25feb5674296adf8e8a7ae1e587cebce2493fe63c456109967e27d3?s=96&d=mm&r=g","url":"https:\/\/secure.gravatar.com\/avatar\/a06875e4b25feb5674296adf8e8a7ae1e587cebce2493fe63c456109967e27d3?s=96&d=mm&r=g","contentUrl":"https:\/\/secure.gravatar.com\/avatar\/a06875e4b25feb5674296adf8e8a7ae1e587cebce2493fe63c456109967e27d3?s=96&d=mm&r=g","caption":"kalem"},"url":"https:\/\/akunq.net\/turkish\/author\/kalem\/"}]}},"_links":{"self":[{"href":"https:\/\/akunq.net\/turkish\/wp-json\/wp\/v2\/posts\/1334","targetHints":{"allow":["GET"]}}],"collection":[{"href":"https:\/\/akunq.net\/turkish\/wp-json\/wp\/v2\/posts"}],"about":[{"href":"https:\/\/akunq.net\/turkish\/wp-json\/wp\/v2\/types\/post"}],"author":[{"embeddable":true,"href":"https:\/\/akunq.net\/turkish\/wp-json\/wp\/v2\/users\/3"}],"replies":[{"embeddable":true,"href":"https:\/\/akunq.net\/turkish\/wp-json\/wp\/v2\/comments?post=1334"}],"version-history":[{"count":0,"href":"https:\/\/akunq.net\/turkish\/wp-json\/wp\/v2\/posts\/1334\/revisions"}],"wp:attachment":[{"href":"https:\/\/akunq.net\/turkish\/wp-json\/wp\/v2\/media?parent=1334"}],"wp:term":[{"taxonomy":"category","embeddable":true,"href":"https:\/\/akunq.net\/turkish\/wp-json\/wp\/v2\/categories?post=1334"},{"taxonomy":"post_tag","embeddable":true,"href":"https:\/\/akunq.net\/turkish\/wp-json\/wp\/v2\/tags?post=1334"}],"curies":[{"name":"wp","href":"https:\/\/api.w.org\/{rel}","templated":true}]}}