{"id":1325,"date":"2010-07-19T07:32:46","date_gmt":"2010-07-19T12:32:46","guid":{"rendered":"http:\/\/akunq.net\/tr\/?p=1325"},"modified":"2010-07-19T07:32:46","modified_gmt":"2010-07-19T12:32:46","slug":"meclisin-yeni-tartismasi","status":"publish","type":"post","link":"https:\/\/akunq.net\/turkish\/2010\/07\/19\/meclisin-yeni-tartismasi\/","title":{"rendered":"Meclis&#8217;in yeni tart\u0131\u015fmas\u0131!"},"content":{"rendered":"<p style=\"text-align: justify\"><strong><em>BDP\u2019nin \u00f6nerisi kabul edilmedi ama tart\u0131\u015fmas\u0131 s\u00fcr\u00fcyor: Etnik fi\u015fleme mi \u00fclke zenginli\u011fi mi?<\/em><\/strong><\/p>\n<p style=\"text-align: justify\">BDP\u2019nin \u201cetnik say\u0131m yap\u0131ls\u0131n\u201d \u00f6nerisi kabul edilmedi ama tart\u0131\u015fmas\u0131 s\u00fcr\u00fcyor. Di\u011fer partiler BDP\u2019yi \u0131rk\u00e7\u0131l\u0131k, kafatas\u00e7\u0131l\u0131k ve etnik fi\u015fleme istemekle su\u00e7luyor.<\/p>\n<p style=\"text-align: justify\">TBMM, \u201cEtnik fi\u015fleme\u201dyi tart\u0131\u015f\u0131yor. BDP\u2019nin grup \u00f6nergesiyle g\u00fcndeme gelen \u201cEtnik say\u0131m yap\u0131lmas\u0131\u201d \u00f6nerisi \u00f6nce yumrukla\u015fmalara neden oldu, ard\u0131ndan da hem iktidar\u0131n hem muhalefetin b\u00fcy\u00fck tepkisini \u00e7ekti. BDP\u2019liler, \u201cFarkl\u0131l\u0131\u011f\u0131m\u0131z zenginli\u011fimizdir\u201d savunmas\u0131 yaparken, iktidar ve muhalefet, \u201cKafatas\u0131 \u00f6l\u00e7\u00fc m\u00fc yapaca\u011f\u0131z?\u201d yorumu yapt\u0131. TBMM\u2019de yumrukla\u015fma a\u015famas\u0131na gelen CHP Milletvekili Tayfun \u0130\u00e7li ve BDP Milletvekili S\u0131rr\u0131 Sak\u0131k, \u201cEtnik say\u0131m\u0131\u201d de\u011ferlendirdi:<\/p>\n<p style=\"text-align: justify\">SAKIK: KA\u00c7 YEZ\u0130D\u0130 KALDI D\u0130YE SORMAK IRK\u00c7ILIK DE\u011e\u0130L<\/p>\n<p style=\"text-align: justify\">\u201cHaks\u0131z \u015fekilde birbirimizi itham ediyoruz. Bu ara\u015ft\u0131rma \u00f6nergesinde de \u0131rk\u00e7\u0131l\u0131k, b\u00f6l\u00fcc\u00fcl\u00fckle ilgili toplu i\u011fne ucu kadar bir \u015fey bulamazs\u0131n\u0131z. S\u00f6ylenen \u015fu: Bu \u00fclkede farkl\u0131 halklar ya\u015f\u0131yor. Ne kadar Ermeni, ne kadar Rum kald\u0131 diye kendili\u011finden soruluyor zaten. Bu \u00fclkede ne kadar S\u00fcryani kald\u0131, ne kadar Rum kald\u0131, ka\u00e7 K\u00fcrt var deniyor, bunu bilmek en tabii hakk\u0131m\u0131z de\u011fil mi? Ama s\u00fcrekli \u00e7\u0131k\u0131p \u2018fa\u015fist, \u0131rk\u00e7\u0131, kafatas\u00e7\u0131\u2019 su\u00e7lamalar\u0131 yap\u0131l\u0131yor. Biz \u0131rk\u00e7\u0131l\u0131\u011fa ve fa\u015fizme nereden gelirse gelsin tav\u0131r alm\u0131\u015f\u0131z ve bedel \u00f6demi\u015fiz. Farkl\u0131l\u0131klar\u0131m\u0131z zenginli\u011fimiz demiyor muyuz? B\u00f6lgede eskiden Yezidi ve S\u00fcryaniler vard\u0131. Hepsi \u00e7ekip gittiler. Bunlar bizim zenginli\u011fimizdi. T\u00fcrkiye\u2019de ka\u00e7 Ermeni, Rum, Yezidi ya\u015f\u0131yor diye \u00f6\u011frenmek, ka\u00e7 K\u00fcrt yurtta\u015f\u0131m\u0131z var \u00f6\u011frenmek \u0131rk\u00e7\u0131l\u0131k de\u011fildir. Ama \u0131rk\u00e7\u0131l\u0131\u011fa kadar getirip b\u00f6yle itham etmek olmaz.\u201d<\/p>\n<p style=\"text-align: justify\">\u0130\u00c7L\u0130: APA\u00c7\u0130LER\u0130 DE SAYMI\u015eLARDI<\/p>\n<p style=\"text-align: justify\">\u201cBu a\u00e7\u0131k\u00e7a etnik fi\u015flemedir. Nas\u0131l ay\u0131racaks\u0131n\u0131z? Kan say\u0131m\u0131na g\u00f6re mi ay\u0131racaks\u0131n\u0131z? Bu \u00fclkede anne babas\u0131 K\u00fcrt- T\u00fcrk olan binlerce \u00e7ocu\u011fu hangi k\u0131sma koyacaks\u0131n\u0131z? Ben o g\u00fcnde Hitler Almanya\u2019s\u0131n\u0131 \u00f6rnek g\u00f6sterdim. 1927\u2019de say\u0131m yap\u0131ld\u0131 diyorlar. A\u00e7\u0131k\u00e7as\u0131 o kayna\u011f\u0131 nereden edinmi\u015fler merak ediyorum. \u00dcstelik diyelim ki, 1927\u2019de yap\u0131lm\u0131\u015f olsun. Bu t\u00fcr yakla\u015f\u0131mlar\u0131n ne t\u00fcr s\u0131k\u0131nt\u0131lar getirdi\u011fini de g\u00f6rd\u00fck. Bu \u00f6nerilerinin 2010 y\u0131l\u0131 T\u00fcrkiye\u2019sinde insanl\u0131k su\u00e7u oldu\u011funu kavramalar\u0131 gerekir. Bir d\u00f6nem ABD\u2019de de Apa\u00e7ileri saym\u0131\u015flard\u0131. Sonra k\u0131z\u0131lderilelerden \u00e7\u0131k\u0131p bunu yapt\u0131klar\u0131 i\u00e7in \u00f6z\u00fcr dilediler&#8230; Bu \u00f6nerilerine en b\u00fcy\u00fck tepki etnik k\u00f6ken olarak K\u00fcrt oldu\u011funu s\u00f6yleyen insanlardan geldi. Yumruk yemi\u015f boks\u00f6r gibiler ne s\u00f6yledikleri anla\u015f\u0131lm\u0131yor. Etnik kimlik \u00fczerinden siyaset yapmak insan haklar\u0131 ve demokrasi kavram\u0131 i\u00e7ine oturtulamaz. Bunlar\u0131 s\u00f6yleyeceklerine \u00e7\u0131k\u0131p, \u201cG\u00fcneydo\u011fuda a\u011fal\u0131l\u0131\u011f\u0131, feodal yap\u0131y\u0131 kald\u0131raca\u011f\u0131z\u2019 demeleri laz\u0131m. Ama yapamazlar \u00e7\u00fcnk\u00fc parlamentodaki milletvekillerinin bir k\u0131sm\u0131 \u015feyh, \u015f\u0131h, toprak a\u011fas\u0131d\u0131r.\u201d<\/p>\n<p style=\"text-align: justify\">T\u00dcRK\u00d6NE:\u2008KAFATASI\u2008MI\u2008\u00d6L\u00c7ECE\u011e\u0130Z,\u2008KAN\u2008TEST\u0130\u2008M\u0130\u2008YAPACA\u011eIZ?<\/p>\n<p style=\"text-align: justify\">\u201cEtnik say\u0131m yap\u0131lmas\u0131 bana kal\u0131rsa m\u00fcmk\u00fcn de\u011fil. Nas\u0131l yapaca\u011f\u0131z? Kafatas\u0131 m\u0131 \u00f6l\u00e7ece\u011fiz, kan testi mi yapaca\u011f\u0131z, gen haritalar\u0131 m\u0131 \u00e7\u0131karaca\u011f\u0131z? Bu co\u011frafya T\u00fcrklerin, Araplar\u0131n, \u00c7erkezlerin, K\u00fcrtlerin, Abazalar\u0131n birbirine k\u0131z al\u0131p verdi\u011fi, birbirinden ayr\u0131lamayacak \u00f6l\u00e7\u00fcde kar\u0131\u015ft\u0131\u011f\u0131 ve bundan mutluluk duydu\u011fu bir co\u011frafya. Neye ve hangi \u00f6l\u00e7\u00fcte g\u00f6re, nas\u0131l yapaca\u011f\u0131z ? T\u00fcrkiye\u2019de 1927\u2019de ve 1950\u2019lerde yap\u0131ld\u0131\u011f\u0131n\u0131 s\u00f6yleyenlerin bir defa daha durup d\u00fc\u015f\u00fcnmesi laz\u0131m. G\u00fcne\u015f dil teorisi de o zamanlar tart\u0131\u015f\u0131lm\u0131\u015ft\u0131. Avrupa\u2019da benzer bir uygulama yap\u0131l\u0131yor mu? \u00d6rne\u011fin, Fransa\u2019daki n\u00fcfus say\u0131mlar\u0131nda bir ki\u015finin etnik kimli\u011fini ve dinini sormak yasakt\u0131r. \u0130ngiltere\u2019de sokakta birine dinini sorarsan\u0131z size \u2018Kendi i\u015fine bak\u2019 der. BDP bunu \u2018\u00c7ok k\u00fclt\u00fcrl\u00fcl\u00fck ve farkl\u0131l\u0131klar\u0131n zenginle\u015ftirilmesi\u2019 gerekti\u011fi sav\u0131yla getiriyor. Oysa b\u00f6yle bir yakla\u015f\u0131m, insanlar\u0131n etiketlendi\u011fi, \u0131rk\u00e7\u0131 bir uygulama halini alabilir.<\/p>\n<p style=\"text-align: justify\">1927 SAYIMI \u0130DD\u0130ASI<\/p>\n<p style=\"text-align: justify\">BDP ara\u015ft\u0131rma \u00f6nergesinde T\u00fcrkiye\u2019de 1927\u2019de b\u00f6yle bir ara\u015ft\u0131rma yap\u0131ld\u0131\u011f\u0131n\u0131 ileri s\u00fcrd\u00fc. Bu ara\u015ft\u0131rmada vatanda\u015flara ana dillerinin soruldu\u011funu ileri s\u00fcren BDP s\u00f6zc\u00fcleri, bu n\u00fcfus say\u0131m\u0131na g\u00f6re, T\u00fcrkiye\u2019de o d\u00f6nem 11 milyon 777 bin 810 T\u00fcrk, 1 milyon 184 bin 446 K\u00fcrt, 134 bin 273 Arap oldu\u011funun belirlendi\u011fini ifade ettiler.<\/p>\n<p style=\"text-align: justify\"><strong><em>Kaynak:<\/em><\/strong><em> <strong>gazetevatan.com<br \/>\nTarih: 18.7.2010<\/strong><\/em><\/p>\n<p style=\"text-align: justify\"><strong><em>Deniz G\u00dc\u00c7ER<\/em><\/strong><\/p>\n","protected":false},"excerpt":{"rendered":"<p>BDP\u2019nin \u00f6nerisi kabul edilmedi ama tart\u0131\u015fmas\u0131 s\u00fcr\u00fcyor: Etnik fi\u015fleme mi \u00fclke zenginli\u011fi mi? BDP\u2019nin \u201cetnik say\u0131m yap\u0131ls\u0131n\u201d \u00f6nerisi kabul edilmedi ama tart\u0131\u015fmas\u0131 s\u00fcr\u00fcyor. Di\u011fer partiler BDP\u2019yi \u0131rk\u00e7\u0131l\u0131k, kafatas\u00e7\u0131l\u0131k ve etnik fi\u015fleme istemekle su\u00e7luyor. TBMM, \u201cEtnik fi\u015fleme\u201dyi tart\u0131\u015f\u0131yor. BDP\u2019nin grup \u00f6nergesiyle g\u00fcndeme gelen \u201cEtnik say\u0131m yap\u0131lmas\u0131\u201d \u00f6nerisi \u00f6nce yumrukla\u015fmalara neden oldu, ard\u0131ndan da hem iktidar\u0131n hem [&hellip;]<\/p>\n","protected":false},"author":3,"featured_media":0,"comment_status":"closed","ping_status":"open","sticky":false,"template":"","format":"standard","meta":{"footnotes":""},"categories":[14],"tags":[],"class_list":["post-1325","post","type-post","status-publish","format-standard","hentry","category-haberler"],"yoast_head":"<!-- This site is optimized with the Yoast SEO plugin v27.4 - https:\/\/yoast.com\/product\/yoast-seo-wordpress\/ -->\n<title>Meclis&#039;in yeni tart\u0131\u015fmas\u0131! - Bati Ermenistan Ve Bati Ermenileri Sorunlari Ara\u015ftirmalar Merkezi<\/title>\n<meta name=\"robots\" content=\"index, follow, max-snippet:-1, max-image-preview:large, max-video-preview:-1\" \/>\n<link rel=\"canonical\" href=\"https:\/\/akunq.net\/turkish\/2010\/07\/19\/meclisin-yeni-tartismasi\/\" \/>\n<meta property=\"og:locale\" content=\"en_US\" \/>\n<meta property=\"og:type\" content=\"article\" \/>\n<meta property=\"og:title\" content=\"Meclis&#039;in yeni tart\u0131\u015fmas\u0131! - Bati Ermenistan Ve Bati Ermenileri Sorunlari Ara\u015ftirmalar Merkezi\" \/>\n<meta property=\"og:description\" content=\"BDP\u2019nin \u00f6nerisi kabul edilmedi ama tart\u0131\u015fmas\u0131 s\u00fcr\u00fcyor: Etnik fi\u015fleme mi \u00fclke zenginli\u011fi mi? BDP\u2019nin \u201cetnik say\u0131m yap\u0131ls\u0131n\u201d \u00f6nerisi kabul edilmedi ama tart\u0131\u015fmas\u0131 s\u00fcr\u00fcyor. Di\u011fer partiler BDP\u2019yi \u0131rk\u00e7\u0131l\u0131k, kafatas\u00e7\u0131l\u0131k ve etnik fi\u015fleme istemekle su\u00e7luyor. TBMM, \u201cEtnik fi\u015fleme\u201dyi tart\u0131\u015f\u0131yor. BDP\u2019nin grup \u00f6nergesiyle g\u00fcndeme gelen \u201cEtnik say\u0131m yap\u0131lmas\u0131\u201d \u00f6nerisi \u00f6nce yumrukla\u015fmalara neden oldu, ard\u0131ndan da hem iktidar\u0131n hem [&hellip;]\" \/>\n<meta property=\"og:url\" content=\"https:\/\/akunq.net\/turkish\/2010\/07\/19\/meclisin-yeni-tartismasi\/\" \/>\n<meta property=\"og:site_name\" content=\"Bati Ermenistan Ve Bati Ermenileri Sorunlari Ara\u015ftirmalar Merkezi\" \/>\n<meta property=\"article:published_time\" content=\"2010-07-19T12:32:46+00:00\" \/>\n<meta name=\"author\" content=\"kalem\" \/>\n<meta name=\"twitter:card\" content=\"summary_large_image\" \/>\n<meta name=\"twitter:label1\" content=\"Written by\" \/>\n\t<meta name=\"twitter:data1\" content=\"kalem\" \/>\n\t<meta name=\"twitter:label2\" content=\"Est. reading time\" \/>\n\t<meta name=\"twitter:data2\" content=\"4 minutes\" \/>\n<script type=\"application\/ld+json\" class=\"yoast-schema-graph\">{\"@context\":\"https:\\\/\\\/schema.org\",\"@graph\":[{\"@type\":\"Article\",\"@id\":\"https:\\\/\\\/akunq.net\\\/turkish\\\/2010\\\/07\\\/19\\\/meclisin-yeni-tartismasi\\\/#article\",\"isPartOf\":{\"@id\":\"https:\\\/\\\/akunq.net\\\/turkish\\\/2010\\\/07\\\/19\\\/meclisin-yeni-tartismasi\\\/\"},\"author\":{\"name\":\"kalem\",\"@id\":\"https:\\\/\\\/akunq.net\\\/turkish\\\/#\\\/schema\\\/person\\\/135e7923d1aeb8887890799619969a6c\"},\"headline\":\"Meclis&#8217;in yeni tart\u0131\u015fmas\u0131!\",\"datePublished\":\"2010-07-19T12:32:46+00:00\",\"mainEntityOfPage\":{\"@id\":\"https:\\\/\\\/akunq.net\\\/turkish\\\/2010\\\/07\\\/19\\\/meclisin-yeni-tartismasi\\\/\"},\"wordCount\":813,\"articleSection\":[\"Haberler\"],\"inLanguage\":\"en-US\"},{\"@type\":\"WebPage\",\"@id\":\"https:\\\/\\\/akunq.net\\\/turkish\\\/2010\\\/07\\\/19\\\/meclisin-yeni-tartismasi\\\/\",\"url\":\"https:\\\/\\\/akunq.net\\\/turkish\\\/2010\\\/07\\\/19\\\/meclisin-yeni-tartismasi\\\/\",\"name\":\"Meclis'in yeni tart\u0131\u015fmas\u0131! - Bati Ermenistan Ve Bati Ermenileri Sorunlari Ara\u015ftirmalar Merkezi\",\"isPartOf\":{\"@id\":\"https:\\\/\\\/akunq.net\\\/turkish\\\/#website\"},\"datePublished\":\"2010-07-19T12:32:46+00:00\",\"author\":{\"@id\":\"https:\\\/\\\/akunq.net\\\/turkish\\\/#\\\/schema\\\/person\\\/135e7923d1aeb8887890799619969a6c\"},\"breadcrumb\":{\"@id\":\"https:\\\/\\\/akunq.net\\\/turkish\\\/2010\\\/07\\\/19\\\/meclisin-yeni-tartismasi\\\/#breadcrumb\"},\"inLanguage\":\"en-US\",\"potentialAction\":[{\"@type\":\"ReadAction\",\"target\":[\"https:\\\/\\\/akunq.net\\\/turkish\\\/2010\\\/07\\\/19\\\/meclisin-yeni-tartismasi\\\/\"]}]},{\"@type\":\"BreadcrumbList\",\"@id\":\"https:\\\/\\\/akunq.net\\\/turkish\\\/2010\\\/07\\\/19\\\/meclisin-yeni-tartismasi\\\/#breadcrumb\",\"itemListElement\":[{\"@type\":\"ListItem\",\"position\":1,\"name\":\"Home\",\"item\":\"https:\\\/\\\/akunq.net\\\/turkish\\\/\"},{\"@type\":\"ListItem\",\"position\":2,\"name\":\"Meclis&#8217;in yeni tart\u0131\u015fmas\u0131!\"}]},{\"@type\":\"WebSite\",\"@id\":\"https:\\\/\\\/akunq.net\\\/turkish\\\/#website\",\"url\":\"https:\\\/\\\/akunq.net\\\/turkish\\\/\",\"name\":\"Bati Ermenistan Ve Bati Ermenileri Sorunlari Ara\u015ftirmalar Merkezi\",\"description\":\"\",\"potentialAction\":[{\"@type\":\"SearchAction\",\"target\":{\"@type\":\"EntryPoint\",\"urlTemplate\":\"https:\\\/\\\/akunq.net\\\/turkish\\\/?s={search_term_string}\"},\"query-input\":{\"@type\":\"PropertyValueSpecification\",\"valueRequired\":true,\"valueName\":\"search_term_string\"}}],\"inLanguage\":\"en-US\"},{\"@type\":\"Person\",\"@id\":\"https:\\\/\\\/akunq.net\\\/turkish\\\/#\\\/schema\\\/person\\\/135e7923d1aeb8887890799619969a6c\",\"name\":\"kalem\",\"image\":{\"@type\":\"ImageObject\",\"inLanguage\":\"en-US\",\"@id\":\"https:\\\/\\\/secure.gravatar.com\\\/avatar\\\/a06875e4b25feb5674296adf8e8a7ae1e587cebce2493fe63c456109967e27d3?s=96&d=mm&r=g\",\"url\":\"https:\\\/\\\/secure.gravatar.com\\\/avatar\\\/a06875e4b25feb5674296adf8e8a7ae1e587cebce2493fe63c456109967e27d3?s=96&d=mm&r=g\",\"contentUrl\":\"https:\\\/\\\/secure.gravatar.com\\\/avatar\\\/a06875e4b25feb5674296adf8e8a7ae1e587cebce2493fe63c456109967e27d3?s=96&d=mm&r=g\",\"caption\":\"kalem\"},\"url\":\"https:\\\/\\\/akunq.net\\\/turkish\\\/author\\\/kalem\\\/\"}]}<\/script>\n<!-- \/ Yoast SEO plugin. -->","yoast_head_json":{"title":"Meclis'in yeni tart\u0131\u015fmas\u0131! - Bati Ermenistan Ve Bati Ermenileri Sorunlari Ara\u015ftirmalar Merkezi","robots":{"index":"index","follow":"follow","max-snippet":"max-snippet:-1","max-image-preview":"max-image-preview:large","max-video-preview":"max-video-preview:-1"},"canonical":"https:\/\/akunq.net\/turkish\/2010\/07\/19\/meclisin-yeni-tartismasi\/","og_locale":"en_US","og_type":"article","og_title":"Meclis'in yeni tart\u0131\u015fmas\u0131! - Bati Ermenistan Ve Bati Ermenileri Sorunlari Ara\u015ftirmalar Merkezi","og_description":"BDP\u2019nin \u00f6nerisi kabul edilmedi ama tart\u0131\u015fmas\u0131 s\u00fcr\u00fcyor: Etnik fi\u015fleme mi \u00fclke zenginli\u011fi mi? BDP\u2019nin \u201cetnik say\u0131m yap\u0131ls\u0131n\u201d \u00f6nerisi kabul edilmedi ama tart\u0131\u015fmas\u0131 s\u00fcr\u00fcyor. Di\u011fer partiler BDP\u2019yi \u0131rk\u00e7\u0131l\u0131k, kafatas\u00e7\u0131l\u0131k ve etnik fi\u015fleme istemekle su\u00e7luyor. TBMM, \u201cEtnik fi\u015fleme\u201dyi tart\u0131\u015f\u0131yor. BDP\u2019nin grup \u00f6nergesiyle g\u00fcndeme gelen \u201cEtnik say\u0131m yap\u0131lmas\u0131\u201d \u00f6nerisi \u00f6nce yumrukla\u015fmalara neden oldu, ard\u0131ndan da hem iktidar\u0131n hem [&hellip;]","og_url":"https:\/\/akunq.net\/turkish\/2010\/07\/19\/meclisin-yeni-tartismasi\/","og_site_name":"Bati Ermenistan Ve Bati Ermenileri Sorunlari Ara\u015ftirmalar Merkezi","article_published_time":"2010-07-19T12:32:46+00:00","author":"kalem","twitter_card":"summary_large_image","twitter_misc":{"Written by":"kalem","Est. reading time":"4 minutes"},"schema":{"@context":"https:\/\/schema.org","@graph":[{"@type":"Article","@id":"https:\/\/akunq.net\/turkish\/2010\/07\/19\/meclisin-yeni-tartismasi\/#article","isPartOf":{"@id":"https:\/\/akunq.net\/turkish\/2010\/07\/19\/meclisin-yeni-tartismasi\/"},"author":{"name":"kalem","@id":"https:\/\/akunq.net\/turkish\/#\/schema\/person\/135e7923d1aeb8887890799619969a6c"},"headline":"Meclis&#8217;in yeni tart\u0131\u015fmas\u0131!","datePublished":"2010-07-19T12:32:46+00:00","mainEntityOfPage":{"@id":"https:\/\/akunq.net\/turkish\/2010\/07\/19\/meclisin-yeni-tartismasi\/"},"wordCount":813,"articleSection":["Haberler"],"inLanguage":"en-US"},{"@type":"WebPage","@id":"https:\/\/akunq.net\/turkish\/2010\/07\/19\/meclisin-yeni-tartismasi\/","url":"https:\/\/akunq.net\/turkish\/2010\/07\/19\/meclisin-yeni-tartismasi\/","name":"Meclis'in yeni tart\u0131\u015fmas\u0131! - Bati Ermenistan Ve Bati Ermenileri Sorunlari Ara\u015ftirmalar Merkezi","isPartOf":{"@id":"https:\/\/akunq.net\/turkish\/#website"},"datePublished":"2010-07-19T12:32:46+00:00","author":{"@id":"https:\/\/akunq.net\/turkish\/#\/schema\/person\/135e7923d1aeb8887890799619969a6c"},"breadcrumb":{"@id":"https:\/\/akunq.net\/turkish\/2010\/07\/19\/meclisin-yeni-tartismasi\/#breadcrumb"},"inLanguage":"en-US","potentialAction":[{"@type":"ReadAction","target":["https:\/\/akunq.net\/turkish\/2010\/07\/19\/meclisin-yeni-tartismasi\/"]}]},{"@type":"BreadcrumbList","@id":"https:\/\/akunq.net\/turkish\/2010\/07\/19\/meclisin-yeni-tartismasi\/#breadcrumb","itemListElement":[{"@type":"ListItem","position":1,"name":"Home","item":"https:\/\/akunq.net\/turkish\/"},{"@type":"ListItem","position":2,"name":"Meclis&#8217;in yeni tart\u0131\u015fmas\u0131!"}]},{"@type":"WebSite","@id":"https:\/\/akunq.net\/turkish\/#website","url":"https:\/\/akunq.net\/turkish\/","name":"Bati Ermenistan Ve Bati Ermenileri Sorunlari Ara\u015ftirmalar Merkezi","description":"","potentialAction":[{"@type":"SearchAction","target":{"@type":"EntryPoint","urlTemplate":"https:\/\/akunq.net\/turkish\/?s={search_term_string}"},"query-input":{"@type":"PropertyValueSpecification","valueRequired":true,"valueName":"search_term_string"}}],"inLanguage":"en-US"},{"@type":"Person","@id":"https:\/\/akunq.net\/turkish\/#\/schema\/person\/135e7923d1aeb8887890799619969a6c","name":"kalem","image":{"@type":"ImageObject","inLanguage":"en-US","@id":"https:\/\/secure.gravatar.com\/avatar\/a06875e4b25feb5674296adf8e8a7ae1e587cebce2493fe63c456109967e27d3?s=96&d=mm&r=g","url":"https:\/\/secure.gravatar.com\/avatar\/a06875e4b25feb5674296adf8e8a7ae1e587cebce2493fe63c456109967e27d3?s=96&d=mm&r=g","contentUrl":"https:\/\/secure.gravatar.com\/avatar\/a06875e4b25feb5674296adf8e8a7ae1e587cebce2493fe63c456109967e27d3?s=96&d=mm&r=g","caption":"kalem"},"url":"https:\/\/akunq.net\/turkish\/author\/kalem\/"}]}},"_links":{"self":[{"href":"https:\/\/akunq.net\/turkish\/wp-json\/wp\/v2\/posts\/1325","targetHints":{"allow":["GET"]}}],"collection":[{"href":"https:\/\/akunq.net\/turkish\/wp-json\/wp\/v2\/posts"}],"about":[{"href":"https:\/\/akunq.net\/turkish\/wp-json\/wp\/v2\/types\/post"}],"author":[{"embeddable":true,"href":"https:\/\/akunq.net\/turkish\/wp-json\/wp\/v2\/users\/3"}],"replies":[{"embeddable":true,"href":"https:\/\/akunq.net\/turkish\/wp-json\/wp\/v2\/comments?post=1325"}],"version-history":[{"count":0,"href":"https:\/\/akunq.net\/turkish\/wp-json\/wp\/v2\/posts\/1325\/revisions"}],"wp:attachment":[{"href":"https:\/\/akunq.net\/turkish\/wp-json\/wp\/v2\/media?parent=1325"}],"wp:term":[{"taxonomy":"category","embeddable":true,"href":"https:\/\/akunq.net\/turkish\/wp-json\/wp\/v2\/categories?post=1325"},{"taxonomy":"post_tag","embeddable":true,"href":"https:\/\/akunq.net\/turkish\/wp-json\/wp\/v2\/tags?post=1325"}],"curies":[{"name":"wp","href":"https:\/\/api.w.org\/{rel}","templated":true}]}}