{"id":1296,"date":"2010-07-16T00:39:06","date_gmt":"2010-07-16T05:39:06","guid":{"rendered":"http:\/\/akunq.net\/tr\/?p=1296"},"modified":"2010-07-16T00:39:06","modified_gmt":"2010-07-16T05:39:06","slug":"es-patrik-secimi-mutesebbis-heyetinden-duyuru-no5","status":"publish","type":"post","link":"https:\/\/akunq.net\/turkish\/2010\/07\/16\/es-patrik-secimi-mutesebbis-heyetinden-duyuru-no5\/","title":{"rendered":"E\u015f Patrik Se\u00e7imi M\u00fcte\u015febbis Heyetinden Duyuru No:5"},"content":{"rendered":"<p style=\"text-align: justify\">\u00a0Heyetimizce yap\u0131lan 3 Nolu duyuruda kamuoyuna a\u00e7\u0131klad\u0131\u011f\u0131m\u0131z gibi, patrik se\u00e7imi yap\u0131lmas\u0131 istemi ile \u0130\u00e7i\u015fleri Bakanl\u0131\u011f\u0131\u2019na verilen dilek\u00e7enin z\u0131mnen (herhangi bir cevap vermeyerek) reddi ger\u00e7ekle\u015fti\u011finden, \u0130\u00e7i\u015fleri Bakanl\u0131\u011f\u0131 daval\u0131 g\u00f6sterilmek suretiyle, 09.07.2010 tarihinde, \u201cred i\u015fleminin iptali\u201d istemli bir dava a\u00e7\u0131lm\u0131\u015ft\u0131r.<\/p>\n<p>Ayr\u0131ca \u0130stanbul Valili\u011fi taraf\u0131ndan 29.06.2010 tarihinde d\u00fczenlenen \u201cpatrik se\u00e7imi\u201d talebinin reddine ili\u015fkin i\u015fleme kar\u015f\u0131 da, s\u00fcresi i\u00e7inde, yasal yollar dahil gerekli giri\u015fimlerde bulunulacakt\u0131r.<\/p>\n<p style=\"text-align: justify\">\u00a0Kamuoyuna duyurulur.<\/p>\n<p><strong><em>Patrik Se\u00e7imi M\u00fcte\u015febbis Heyet Ba\u015fkanl\u0131\u011f\u0131 <\/em><\/strong><\/p>\n<p style=\"text-align: justify\"><strong><em>\u00a0<\/em><\/strong><strong><em>ID:683<br \/>\nTarih:15.7.2010<\/em><\/strong><\/p>\n<p style=\"text-align: justify\"><a href=\"http:\/\/www.hyetert.com\/yazi3.asp?s=0&amp;Id=683&amp;DilId=1\"><strong><em>http:\/\/www.hyetert.com\/yazi3.asp?s=0&amp;Id=683&amp;DilId=1<\/em><\/strong><\/a><\/p>\n","protected":false},"excerpt":{"rendered":"<p>\u00a0Heyetimizce yap\u0131lan 3 Nolu duyuruda kamuoyuna a\u00e7\u0131klad\u0131\u011f\u0131m\u0131z gibi, patrik se\u00e7imi yap\u0131lmas\u0131 istemi ile \u0130\u00e7i\u015fleri Bakanl\u0131\u011f\u0131\u2019na verilen dilek\u00e7enin z\u0131mnen (herhangi bir cevap vermeyerek) reddi ger\u00e7ekle\u015fti\u011finden, \u0130\u00e7i\u015fleri Bakanl\u0131\u011f\u0131 daval\u0131 g\u00f6sterilmek suretiyle, 09.07.2010 tarihinde, \u201cred i\u015fleminin iptali\u201d istemli bir dava a\u00e7\u0131lm\u0131\u015ft\u0131r. Ayr\u0131ca \u0130stanbul Valili\u011fi taraf\u0131ndan 29.06.2010 tarihinde d\u00fczenlenen \u201cpatrik se\u00e7imi\u201d talebinin reddine ili\u015fkin i\u015fleme kar\u015f\u0131 da, s\u00fcresi i\u00e7inde, [&hellip;]<\/p>\n","protected":false},"author":3,"featured_media":0,"comment_status":"closed","ping_status":"open","sticky":false,"template":"","format":"standard","meta":{"footnotes":""},"categories":[14],"tags":[],"class_list":["post-1296","post","type-post","status-publish","format-standard","hentry","category-haberler"],"yoast_head":"<!-- This site is optimized with the Yoast SEO plugin v27.4 - https:\/\/yoast.com\/product\/yoast-seo-wordpress\/ -->\n<title>E\u015f Patrik Se\u00e7imi M\u00fcte\u015febbis Heyetinden Duyuru No:5 - Bati Ermenistan Ve Bati Ermenileri Sorunlari Ara\u015ftirmalar Merkezi<\/title>\n<meta name=\"robots\" content=\"index, follow, max-snippet:-1, max-image-preview:large, max-video-preview:-1\" \/>\n<link rel=\"canonical\" href=\"https:\/\/akunq.net\/turkish\/2010\/07\/16\/es-patrik-secimi-mutesebbis-heyetinden-duyuru-no5\/\" \/>\n<meta property=\"og:locale\" content=\"en_US\" \/>\n<meta property=\"og:type\" content=\"article\" \/>\n<meta property=\"og:title\" content=\"E\u015f Patrik Se\u00e7imi M\u00fcte\u015febbis Heyetinden Duyuru No:5 - Bati Ermenistan Ve Bati Ermenileri Sorunlari Ara\u015ftirmalar Merkezi\" \/>\n<meta property=\"og:description\" content=\"\u00a0Heyetimizce yap\u0131lan 3 Nolu duyuruda kamuoyuna a\u00e7\u0131klad\u0131\u011f\u0131m\u0131z gibi, patrik se\u00e7imi yap\u0131lmas\u0131 istemi ile \u0130\u00e7i\u015fleri Bakanl\u0131\u011f\u0131\u2019na verilen dilek\u00e7enin z\u0131mnen (herhangi bir cevap vermeyerek) reddi ger\u00e7ekle\u015fti\u011finden, \u0130\u00e7i\u015fleri Bakanl\u0131\u011f\u0131 daval\u0131 g\u00f6sterilmek suretiyle, 09.07.2010 tarihinde, \u201cred i\u015fleminin iptali\u201d istemli bir dava a\u00e7\u0131lm\u0131\u015ft\u0131r. Ayr\u0131ca \u0130stanbul Valili\u011fi taraf\u0131ndan 29.06.2010 tarihinde d\u00fczenlenen \u201cpatrik se\u00e7imi\u201d talebinin reddine ili\u015fkin i\u015fleme kar\u015f\u0131 da, s\u00fcresi i\u00e7inde, [&hellip;]\" \/>\n<meta property=\"og:url\" content=\"https:\/\/akunq.net\/turkish\/2010\/07\/16\/es-patrik-secimi-mutesebbis-heyetinden-duyuru-no5\/\" \/>\n<meta property=\"og:site_name\" content=\"Bati Ermenistan Ve Bati Ermenileri Sorunlari Ara\u015ftirmalar Merkezi\" \/>\n<meta property=\"article:published_time\" content=\"2010-07-16T05:39:06+00:00\" \/>\n<meta name=\"author\" content=\"kalem\" \/>\n<meta name=\"twitter:card\" content=\"summary_large_image\" \/>\n<meta name=\"twitter:label1\" content=\"Written by\" \/>\n\t<meta name=\"twitter:data1\" content=\"kalem\" \/>\n\t<meta name=\"twitter:label2\" content=\"Est. reading time\" \/>\n\t<meta name=\"twitter:data2\" content=\"1 minute\" \/>\n<script type=\"application\/ld+json\" class=\"yoast-schema-graph\">{\"@context\":\"https:\\\/\\\/schema.org\",\"@graph\":[{\"@type\":\"Article\",\"@id\":\"https:\\\/\\\/akunq.net\\\/turkish\\\/2010\\\/07\\\/16\\\/es-patrik-secimi-mutesebbis-heyetinden-duyuru-no5\\\/#article\",\"isPartOf\":{\"@id\":\"https:\\\/\\\/akunq.net\\\/turkish\\\/2010\\\/07\\\/16\\\/es-patrik-secimi-mutesebbis-heyetinden-duyuru-no5\\\/\"},\"author\":{\"name\":\"kalem\",\"@id\":\"https:\\\/\\\/akunq.net\\\/turkish\\\/#\\\/schema\\\/person\\\/135e7923d1aeb8887890799619969a6c\"},\"headline\":\"E\u015f Patrik Se\u00e7imi M\u00fcte\u015febbis Heyetinden Duyuru No:5\",\"datePublished\":\"2010-07-16T05:39:06+00:00\",\"mainEntityOfPage\":{\"@id\":\"https:\\\/\\\/akunq.net\\\/turkish\\\/2010\\\/07\\\/16\\\/es-patrik-secimi-mutesebbis-heyetinden-duyuru-no5\\\/\"},\"wordCount\":122,\"articleSection\":[\"Haberler\"],\"inLanguage\":\"en-US\"},{\"@type\":\"WebPage\",\"@id\":\"https:\\\/\\\/akunq.net\\\/turkish\\\/2010\\\/07\\\/16\\\/es-patrik-secimi-mutesebbis-heyetinden-duyuru-no5\\\/\",\"url\":\"https:\\\/\\\/akunq.net\\\/turkish\\\/2010\\\/07\\\/16\\\/es-patrik-secimi-mutesebbis-heyetinden-duyuru-no5\\\/\",\"name\":\"E\u015f Patrik Se\u00e7imi M\u00fcte\u015febbis Heyetinden Duyuru No:5 - Bati Ermenistan Ve Bati Ermenileri Sorunlari Ara\u015ftirmalar Merkezi\",\"isPartOf\":{\"@id\":\"https:\\\/\\\/akunq.net\\\/turkish\\\/#website\"},\"datePublished\":\"2010-07-16T05:39:06+00:00\",\"author\":{\"@id\":\"https:\\\/\\\/akunq.net\\\/turkish\\\/#\\\/schema\\\/person\\\/135e7923d1aeb8887890799619969a6c\"},\"breadcrumb\":{\"@id\":\"https:\\\/\\\/akunq.net\\\/turkish\\\/2010\\\/07\\\/16\\\/es-patrik-secimi-mutesebbis-heyetinden-duyuru-no5\\\/#breadcrumb\"},\"inLanguage\":\"en-US\",\"potentialAction\":[{\"@type\":\"ReadAction\",\"target\":[\"https:\\\/\\\/akunq.net\\\/turkish\\\/2010\\\/07\\\/16\\\/es-patrik-secimi-mutesebbis-heyetinden-duyuru-no5\\\/\"]}]},{\"@type\":\"BreadcrumbList\",\"@id\":\"https:\\\/\\\/akunq.net\\\/turkish\\\/2010\\\/07\\\/16\\\/es-patrik-secimi-mutesebbis-heyetinden-duyuru-no5\\\/#breadcrumb\",\"itemListElement\":[{\"@type\":\"ListItem\",\"position\":1,\"name\":\"Home\",\"item\":\"https:\\\/\\\/akunq.net\\\/turkish\\\/\"},{\"@type\":\"ListItem\",\"position\":2,\"name\":\"E\u015f Patrik Se\u00e7imi M\u00fcte\u015febbis Heyetinden Duyuru No:5\"}]},{\"@type\":\"WebSite\",\"@id\":\"https:\\\/\\\/akunq.net\\\/turkish\\\/#website\",\"url\":\"https:\\\/\\\/akunq.net\\\/turkish\\\/\",\"name\":\"Bati Ermenistan Ve Bati Ermenileri Sorunlari Ara\u015ftirmalar Merkezi\",\"description\":\"\",\"potentialAction\":[{\"@type\":\"SearchAction\",\"target\":{\"@type\":\"EntryPoint\",\"urlTemplate\":\"https:\\\/\\\/akunq.net\\\/turkish\\\/?s={search_term_string}\"},\"query-input\":{\"@type\":\"PropertyValueSpecification\",\"valueRequired\":true,\"valueName\":\"search_term_string\"}}],\"inLanguage\":\"en-US\"},{\"@type\":\"Person\",\"@id\":\"https:\\\/\\\/akunq.net\\\/turkish\\\/#\\\/schema\\\/person\\\/135e7923d1aeb8887890799619969a6c\",\"name\":\"kalem\",\"image\":{\"@type\":\"ImageObject\",\"inLanguage\":\"en-US\",\"@id\":\"https:\\\/\\\/secure.gravatar.com\\\/avatar\\\/a06875e4b25feb5674296adf8e8a7ae1e587cebce2493fe63c456109967e27d3?s=96&d=mm&r=g\",\"url\":\"https:\\\/\\\/secure.gravatar.com\\\/avatar\\\/a06875e4b25feb5674296adf8e8a7ae1e587cebce2493fe63c456109967e27d3?s=96&d=mm&r=g\",\"contentUrl\":\"https:\\\/\\\/secure.gravatar.com\\\/avatar\\\/a06875e4b25feb5674296adf8e8a7ae1e587cebce2493fe63c456109967e27d3?s=96&d=mm&r=g\",\"caption\":\"kalem\"},\"url\":\"https:\\\/\\\/akunq.net\\\/turkish\\\/author\\\/kalem\\\/\"}]}<\/script>\n<!-- \/ Yoast SEO plugin. -->","yoast_head_json":{"title":"E\u015f Patrik Se\u00e7imi M\u00fcte\u015febbis Heyetinden Duyuru No:5 - Bati Ermenistan Ve Bati Ermenileri Sorunlari Ara\u015ftirmalar Merkezi","robots":{"index":"index","follow":"follow","max-snippet":"max-snippet:-1","max-image-preview":"max-image-preview:large","max-video-preview":"max-video-preview:-1"},"canonical":"https:\/\/akunq.net\/turkish\/2010\/07\/16\/es-patrik-secimi-mutesebbis-heyetinden-duyuru-no5\/","og_locale":"en_US","og_type":"article","og_title":"E\u015f Patrik Se\u00e7imi M\u00fcte\u015febbis Heyetinden Duyuru No:5 - Bati Ermenistan Ve Bati Ermenileri Sorunlari Ara\u015ftirmalar Merkezi","og_description":"\u00a0Heyetimizce yap\u0131lan 3 Nolu duyuruda kamuoyuna a\u00e7\u0131klad\u0131\u011f\u0131m\u0131z gibi, patrik se\u00e7imi yap\u0131lmas\u0131 istemi ile \u0130\u00e7i\u015fleri Bakanl\u0131\u011f\u0131\u2019na verilen dilek\u00e7enin z\u0131mnen (herhangi bir cevap vermeyerek) reddi ger\u00e7ekle\u015fti\u011finden, \u0130\u00e7i\u015fleri Bakanl\u0131\u011f\u0131 daval\u0131 g\u00f6sterilmek suretiyle, 09.07.2010 tarihinde, \u201cred i\u015fleminin iptali\u201d istemli bir dava a\u00e7\u0131lm\u0131\u015ft\u0131r. Ayr\u0131ca \u0130stanbul Valili\u011fi taraf\u0131ndan 29.06.2010 tarihinde d\u00fczenlenen \u201cpatrik se\u00e7imi\u201d talebinin reddine ili\u015fkin i\u015fleme kar\u015f\u0131 da, s\u00fcresi i\u00e7inde, [&hellip;]","og_url":"https:\/\/akunq.net\/turkish\/2010\/07\/16\/es-patrik-secimi-mutesebbis-heyetinden-duyuru-no5\/","og_site_name":"Bati Ermenistan Ve Bati Ermenileri Sorunlari Ara\u015ftirmalar Merkezi","article_published_time":"2010-07-16T05:39:06+00:00","author":"kalem","twitter_card":"summary_large_image","twitter_misc":{"Written by":"kalem","Est. reading time":"1 minute"},"schema":{"@context":"https:\/\/schema.org","@graph":[{"@type":"Article","@id":"https:\/\/akunq.net\/turkish\/2010\/07\/16\/es-patrik-secimi-mutesebbis-heyetinden-duyuru-no5\/#article","isPartOf":{"@id":"https:\/\/akunq.net\/turkish\/2010\/07\/16\/es-patrik-secimi-mutesebbis-heyetinden-duyuru-no5\/"},"author":{"name":"kalem","@id":"https:\/\/akunq.net\/turkish\/#\/schema\/person\/135e7923d1aeb8887890799619969a6c"},"headline":"E\u015f Patrik Se\u00e7imi M\u00fcte\u015febbis Heyetinden Duyuru No:5","datePublished":"2010-07-16T05:39:06+00:00","mainEntityOfPage":{"@id":"https:\/\/akunq.net\/turkish\/2010\/07\/16\/es-patrik-secimi-mutesebbis-heyetinden-duyuru-no5\/"},"wordCount":122,"articleSection":["Haberler"],"inLanguage":"en-US"},{"@type":"WebPage","@id":"https:\/\/akunq.net\/turkish\/2010\/07\/16\/es-patrik-secimi-mutesebbis-heyetinden-duyuru-no5\/","url":"https:\/\/akunq.net\/turkish\/2010\/07\/16\/es-patrik-secimi-mutesebbis-heyetinden-duyuru-no5\/","name":"E\u015f Patrik Se\u00e7imi M\u00fcte\u015febbis Heyetinden Duyuru No:5 - Bati Ermenistan Ve Bati Ermenileri Sorunlari Ara\u015ftirmalar Merkezi","isPartOf":{"@id":"https:\/\/akunq.net\/turkish\/#website"},"datePublished":"2010-07-16T05:39:06+00:00","author":{"@id":"https:\/\/akunq.net\/turkish\/#\/schema\/person\/135e7923d1aeb8887890799619969a6c"},"breadcrumb":{"@id":"https:\/\/akunq.net\/turkish\/2010\/07\/16\/es-patrik-secimi-mutesebbis-heyetinden-duyuru-no5\/#breadcrumb"},"inLanguage":"en-US","potentialAction":[{"@type":"ReadAction","target":["https:\/\/akunq.net\/turkish\/2010\/07\/16\/es-patrik-secimi-mutesebbis-heyetinden-duyuru-no5\/"]}]},{"@type":"BreadcrumbList","@id":"https:\/\/akunq.net\/turkish\/2010\/07\/16\/es-patrik-secimi-mutesebbis-heyetinden-duyuru-no5\/#breadcrumb","itemListElement":[{"@type":"ListItem","position":1,"name":"Home","item":"https:\/\/akunq.net\/turkish\/"},{"@type":"ListItem","position":2,"name":"E\u015f Patrik Se\u00e7imi M\u00fcte\u015febbis Heyetinden Duyuru No:5"}]},{"@type":"WebSite","@id":"https:\/\/akunq.net\/turkish\/#website","url":"https:\/\/akunq.net\/turkish\/","name":"Bati Ermenistan Ve Bati Ermenileri Sorunlari Ara\u015ftirmalar Merkezi","description":"","potentialAction":[{"@type":"SearchAction","target":{"@type":"EntryPoint","urlTemplate":"https:\/\/akunq.net\/turkish\/?s={search_term_string}"},"query-input":{"@type":"PropertyValueSpecification","valueRequired":true,"valueName":"search_term_string"}}],"inLanguage":"en-US"},{"@type":"Person","@id":"https:\/\/akunq.net\/turkish\/#\/schema\/person\/135e7923d1aeb8887890799619969a6c","name":"kalem","image":{"@type":"ImageObject","inLanguage":"en-US","@id":"https:\/\/secure.gravatar.com\/avatar\/a06875e4b25feb5674296adf8e8a7ae1e587cebce2493fe63c456109967e27d3?s=96&d=mm&r=g","url":"https:\/\/secure.gravatar.com\/avatar\/a06875e4b25feb5674296adf8e8a7ae1e587cebce2493fe63c456109967e27d3?s=96&d=mm&r=g","contentUrl":"https:\/\/secure.gravatar.com\/avatar\/a06875e4b25feb5674296adf8e8a7ae1e587cebce2493fe63c456109967e27d3?s=96&d=mm&r=g","caption":"kalem"},"url":"https:\/\/akunq.net\/turkish\/author\/kalem\/"}]}},"_links":{"self":[{"href":"https:\/\/akunq.net\/turkish\/wp-json\/wp\/v2\/posts\/1296","targetHints":{"allow":["GET"]}}],"collection":[{"href":"https:\/\/akunq.net\/turkish\/wp-json\/wp\/v2\/posts"}],"about":[{"href":"https:\/\/akunq.net\/turkish\/wp-json\/wp\/v2\/types\/post"}],"author":[{"embeddable":true,"href":"https:\/\/akunq.net\/turkish\/wp-json\/wp\/v2\/users\/3"}],"replies":[{"embeddable":true,"href":"https:\/\/akunq.net\/turkish\/wp-json\/wp\/v2\/comments?post=1296"}],"version-history":[{"count":0,"href":"https:\/\/akunq.net\/turkish\/wp-json\/wp\/v2\/posts\/1296\/revisions"}],"wp:attachment":[{"href":"https:\/\/akunq.net\/turkish\/wp-json\/wp\/v2\/media?parent=1296"}],"wp:term":[{"taxonomy":"category","embeddable":true,"href":"https:\/\/akunq.net\/turkish\/wp-json\/wp\/v2\/categories?post=1296"},{"taxonomy":"post_tag","embeddable":true,"href":"https:\/\/akunq.net\/turkish\/wp-json\/wp\/v2\/tags?post=1296"}],"curies":[{"name":"wp","href":"https:\/\/api.w.org\/{rel}","templated":true}]}}