{"id":1284,"date":"2010-07-15T01:51:57","date_gmt":"2010-07-15T06:51:57","guid":{"rendered":"http:\/\/akunq.net\/tr\/?p=1284"},"modified":"2010-07-15T01:51:57","modified_gmt":"2010-07-15T06:51:57","slug":"ragip-zarakolu-erdogan-srebrenitsada-ne-hissetti","status":"publish","type":"post","link":"https:\/\/akunq.net\/turkish\/2010\/07\/15\/ragip-zarakolu-erdogan-srebrenitsada-ne-hissetti\/","title":{"rendered":"RAGIP ZARAKOLU  Erdo\u011fan Srebrenitsa\u2019da ne hissetti?"},"content":{"rendered":"<p style=\"text-align: justify\">Do\u011frusu \u00e7ok \u00f6\u011frenmek isterdim, Bay Erdo\u011fan Srebrenitsa\u2019da soyk\u0131r\u0131m kurbanlar\u0131n\u0131n an\u0131s\u0131na d\u00fczenlenen toplant\u0131da acaba ne hissediyordu?<br \/>\nAcaba, S\u0131rbistan Devlet Ba\u015fkan\u0131 Tadi\u00e7, S\u0131rbistan\u2019daki sava\u015f su\u00e7lular\u0131n\u0131n yakalanmas\u0131 i\u00e7in elinden geleni yapaca\u011f\u0131n\u0131 s\u00f6ylerken ve soyk\u0131r\u0131m kurbanlar\u0131ndan halk\u0131 ad\u0131na \u00f6z\u00fcr dilerken ne hissetti?<br \/>\nAcaba, Ermeni soyk\u0131r\u0131m\u0131 konusunda vicdani bir huzursuzluk hisseti mi?<br \/>\nBay Tadi\u00e7, Srebrenitsa k\u0131y\u0131m\u0131n\u0131n ger\u00e7ekle\u015fmesinden 15 y\u0131l \u00f6nce vicdani sorumlulu\u011funu yerine getirirken, gelecek S\u0131rp ku\u015faklar\u0131n\u0131n da bu su\u00e7a ortak edilmesinin \u00f6n\u00fcn\u00fc kesmi\u015f oldu.<br \/>\nT\u00fcrk devleti ise bu vicdani sorumlulu\u011fu 90 k\u00fcsur y\u0131ld\u0131r reddediyor.<br \/>\nB\u0131rak\u0131n en k\u00fc\u00e7\u00fck bir \u00f6z\u00fcr dileyici tavr\u0131, 2001 tarihli bir ba\u015fbakanl\u0131k genelgesi ile MGK\u2019n\u0131n bir alt birimi olarak kurulan AS\u0130MKK \u00e7al\u0131\u015fmalar\u0131na h\u00e2l\u00e2 devam etmekte.<br \/>\nNedir bu asimkaka diye soracak olursan\u0131z: As\u0131ls\u0131z Soyk\u0131r\u0131m \u0130ddialar\u0131 ile M\u00fccadele Koordinasyon Kurulu.<br \/>\n\u00c7ok ha\u015fmetli bir ismi var de\u011fil mi?<br \/>\nS\u0131rplar, b\u00f6ylesi kurumlar yaratmak yerine, omuzlar\u0131ndaki a\u011f\u0131r y\u00fck\u00fc \u00f6z\u00fcr ile biraz olsun hafiflettiler.<br \/>\nOndan bile kendimize pay \u00e7\u0131kard\u0131k.<br \/>\nSrplar\u0131 \u00f6z\u00fcr dilemeye biz ikna ettik diye.<br \/>\nPeki, ya Srplar size, \u00f6nce evinizin \u00f6n\u00fcn\u00fc temizleyin deseydi, acaba verecek bir yan\u0131t\u0131m\u0131z var m\u0131yd\u0131?<br \/>\nO zaman Bayan Clinton, Erivan\u2019da soyk\u0131r\u0131m an\u0131t\u0131n\u0131 \u201c\u015fahsi olarak\u201d ziyaret etti\u011finde, D\u0131\u015fi\u015fleri bakan\u0131m\u0131z neden, \u201cGereken tepkiyi g\u00f6sterdik\u201d dedi?<br \/>\nT\u00fcrkiye T\u00fcrklerindir gazetesi H\u00fcrriyet, neden Bayan Clinton\u2019un resmini, \u201c\u015eOK\u201d diyerek man\u015fetten verdi.<br \/>\nAcaba bir S\u0131rp gazetesi \u201c\u015eOK\u201d diye ba\u015fl\u0131k att\u0131 m\u0131, kendi devlet ba\u015fkanlar\u0131n\u0131n Bosna\u2019daki resmi alt\u0131nda?<br \/>\nAGOS\u2019un son say\u0131s\u0131nda, Gomidas Enstit\u00fcs\u00fc Y\u00f6neticisi Ara Sarafian ile yap\u0131lan bir g\u00f6r\u00fc\u015fme vard\u0131.<br \/>\nSarafian, T\u00fcrk tarih\u00e7ilerle konuyu birlikte tart\u0131\u015fmaktan yana olan bir tarih\u00e7i.<br \/>\nBu nedenle diaspora toplumu i\u00e7inde sert ele\u015ftirilere hatta hakaretlere maruz kald\u0131.<br \/>\nAra Sarafian, Emekli El\u00e7i Elekda\u011f\u2019\u0131n diyalogdan \u0131srarla ka\u00e7mas\u0131ndan \u015fikayet\u00e7i.<br \/>\nElekda\u011f ise, Ara Sarafian\u2019\u0131n akademik y\u00f6ntemle y\u0131llarca \u00fczerinde \u00e7al\u0131\u015ft\u0131\u011f\u0131, kaynaklar\u0131n\u0131 belgelendirdi\u011fi Mavi Kitap\u2019\u0131n milletvekillerine yollanan \u015fahsi kopyalar\u0131n\u0131 TBMM\u2019nin kap\u0131s\u0131ndan sokmamakla \u00f6\u011f\u00fcn\u00fcyor.<br \/>\nTBMM K\u00fct\u00fcphanesi bile, milletvekilleri incelesin diye yollanan tek kopyay\u0131 bile almay\u0131 reddetti.<br \/>\n\u015e\u00fckr\u00fc Elekda\u011f, Mavi Kitap\u2019\u0131n birinci bas\u0131m\u0131n\u0131 yapan Pencere Yay\u0131nlar\u0131 Edit\u00f6r\u00fc Muzaffer Erdo\u011fdu\u2019yu, 14 bin TL a\u011f\u0131r para cezas\u0131 \u00f6demeye mahkum ettirdi. Gerek\u00e7e ise, Taner Ak\u00e7am\u2019\u0131n \u00f6ns\u00f6z\u00fcnde kendisine hakaret edildi\u011fi. Elekda\u011f\u2019\u0131n avukatlar\u0131 Muzaffer Erdo\u011fdu\u2019dan bu para cezas\u0131n\u0131n yar\u0131s\u0131n\u0131 7 taksitte tahsil ettiler. Edit\u00f6r daha sonra \u00f6deme g\u00fc\u00e7l\u00fc\u011f\u00fcne girdi kriz nedeniyle. Eyl\u00fcl ay\u0131nda mahkeme bu cezay\u0131 \u00f6deyemedi\u011fi i\u00e7in 90 g\u00fcn hapse mahkum edebilir.<br \/>\n\u00c7ok ilgin\u00e7 bir bi\u00e7imde, \u015fahsi hakaret iddias\u0131 ile a\u00e7\u0131lan bu davada, TBMM\u2019nin yollad\u0131\u011f\u0131 gizli iki belge yer almakta. Olmayan \u015fahsi hakaret davas\u0131n\u0131 takip eden mahkemenin bu gizli belgelerden etkilendi\u011fi anla\u015f\u0131l\u0131yor. Mahkeme savunmaya bu belgeleri gizli oldu\u011fu gerek\u00e7esi ile vermeyi reddetti.<br \/>\nHerhalde \u201cmilli g\u00fcvenlik\u201d gerek\u00e7esiyle, ele\u015ftiri, \u201chakaret\u201d olarak de\u011ferlendirildi.<br \/>\nNas\u0131l Bask\u0131n Oran s\u00f6z konusu oldu\u011funda, ger\u00e7ek anlamda hakaret, \u201cele\u015ftiri\u201d kabul edilirken.<br \/>\nAcaba o dosyada hangi gizli belge vard\u0131.<br \/>\nHakaretlerin, \u201cmilli g\u00fcvenlik\u201d gerek\u00e7esi ile yap\u0131ld\u0131\u011f\u0131 m\u0131?<br \/>\nCinayet davalar\u0131nda da, b\u00f6ylesi belgeler var m\u0131? Mesela, cinayetin \u201cmilli g\u00fcvenlik\u201d gerek\u00e7esi ile i\u015flendi\u011fine dair?<br \/>\nAra Sarafian, son seyahatleri s\u0131ras\u0131nda kitap\u00e7\u0131 raflar\u0131n\u0131 kaplayan inkarc\u0131 kitaplara dikkat \u00e7ekiyor. \u0130\u015fte b\u00fct\u00fcn bunlar\u0131n arkas\u0131nda ilk ba\u015fkanl\u0131\u011f\u0131n\u0131 Devlet Bah\u00e7eli\u2019nin, daha sonrakinin Erkan Mumcu\u2019nun, bug\u00fcnk\u00fcn\u00fc ise bilmedi\u011fimiz bir ismin yapt\u0131\u011f\u0131 AS\u0130MKK yat\u0131yor.<br \/>\nVe Albay \u00c7i\u00e7ek\u2019e son d\u00f6nemde \u00fczerinde \u00e7al\u0131\u015ft\u0131\u011f\u0131 konunun ne oldu\u011fu mahkemece soruldu\u011funda, verdi\u011fi yan\u0131t \u201cpsikolojik sava\u015f\u0131m, Pontos ve Ermeni sorunu\u201d oldu.<br \/>\nHas\u0131l\u0131 Bay Erdo\u011fan\u2019\u0131n d\u00f6neminde bir yandan Ergenekon davalar\u0131 a\u00e7\u0131l\u0131rken, \u00f6te yandan bin ba\u015fl\u0131 Ergenekon \u00e7al\u0131\u015fmaya devam ediyor.<br \/>\nO zaman bu ne perhiz, bu ne lahana tur\u015fusu deme hakk\u0131m\u0131z yok mu?<\/p>\n<p style=\"text-align: justify\">\u00a0<a href=\"http:\/\/www.evrensel.net\/haber.php?haber_id=72119\">http:\/\/www.evrensel.net\/haber.php?haber_id=72119<\/a><\/p>\n<p style=\"text-align: justify\">13\/07\/2010<\/p>\n","protected":false},"excerpt":{"rendered":"<p>Do\u011frusu \u00e7ok \u00f6\u011frenmek isterdim, Bay Erdo\u011fan Srebrenitsa\u2019da soyk\u0131r\u0131m kurbanlar\u0131n\u0131n an\u0131s\u0131na d\u00fczenlenen toplant\u0131da acaba ne hissediyordu? Acaba, S\u0131rbistan Devlet Ba\u015fkan\u0131 Tadi\u00e7, S\u0131rbistan\u2019daki sava\u015f su\u00e7lular\u0131n\u0131n yakalanmas\u0131 i\u00e7in elinden geleni yapaca\u011f\u0131n\u0131 s\u00f6ylerken ve soyk\u0131r\u0131m kurbanlar\u0131ndan halk\u0131 ad\u0131na \u00f6z\u00fcr dilerken ne hissetti? Acaba, Ermeni soyk\u0131r\u0131m\u0131 konusunda vicdani bir huzursuzluk hisseti mi? Bay Tadi\u00e7, Srebrenitsa k\u0131y\u0131m\u0131n\u0131n ger\u00e7ekle\u015fmesinden 15 y\u0131l \u00f6nce [&hellip;]<\/p>\n","protected":false},"author":3,"featured_media":0,"comment_status":"closed","ping_status":"open","sticky":false,"template":"","format":"standard","meta":{"footnotes":""},"categories":[14],"tags":[],"class_list":["post-1284","post","type-post","status-publish","format-standard","hentry","category-haberler"],"yoast_head":"<!-- This site is optimized with the Yoast SEO plugin v27.4 - https:\/\/yoast.com\/product\/yoast-seo-wordpress\/ -->\n<title>RAGIP ZARAKOLU Erdo\u011fan Srebrenitsa\u2019da ne hissetti? - Bati Ermenistan Ve Bati Ermenileri Sorunlari Ara\u015ftirmalar Merkezi<\/title>\n<meta name=\"robots\" content=\"index, follow, max-snippet:-1, max-image-preview:large, max-video-preview:-1\" \/>\n<link rel=\"canonical\" href=\"https:\/\/akunq.net\/turkish\/2010\/07\/15\/ragip-zarakolu-erdogan-srebrenitsada-ne-hissetti\/\" \/>\n<meta property=\"og:locale\" content=\"en_US\" \/>\n<meta property=\"og:type\" content=\"article\" \/>\n<meta property=\"og:title\" content=\"RAGIP ZARAKOLU Erdo\u011fan Srebrenitsa\u2019da ne hissetti? - Bati Ermenistan Ve Bati Ermenileri Sorunlari Ara\u015ftirmalar Merkezi\" \/>\n<meta property=\"og:description\" content=\"Do\u011frusu \u00e7ok \u00f6\u011frenmek isterdim, Bay Erdo\u011fan Srebrenitsa\u2019da soyk\u0131r\u0131m kurbanlar\u0131n\u0131n an\u0131s\u0131na d\u00fczenlenen toplant\u0131da acaba ne hissediyordu? Acaba, S\u0131rbistan Devlet Ba\u015fkan\u0131 Tadi\u00e7, S\u0131rbistan\u2019daki sava\u015f su\u00e7lular\u0131n\u0131n yakalanmas\u0131 i\u00e7in elinden geleni yapaca\u011f\u0131n\u0131 s\u00f6ylerken ve soyk\u0131r\u0131m kurbanlar\u0131ndan halk\u0131 ad\u0131na \u00f6z\u00fcr dilerken ne hissetti? Acaba, Ermeni soyk\u0131r\u0131m\u0131 konusunda vicdani bir huzursuzluk hisseti mi? Bay Tadi\u00e7, Srebrenitsa k\u0131y\u0131m\u0131n\u0131n ger\u00e7ekle\u015fmesinden 15 y\u0131l \u00f6nce [&hellip;]\" \/>\n<meta property=\"og:url\" content=\"https:\/\/akunq.net\/turkish\/2010\/07\/15\/ragip-zarakolu-erdogan-srebrenitsada-ne-hissetti\/\" \/>\n<meta property=\"og:site_name\" content=\"Bati Ermenistan Ve Bati Ermenileri Sorunlari Ara\u015ftirmalar Merkezi\" \/>\n<meta property=\"article:published_time\" content=\"2010-07-15T06:51:57+00:00\" \/>\n<meta name=\"author\" content=\"kalem\" \/>\n<meta name=\"twitter:card\" content=\"summary_large_image\" \/>\n<meta name=\"twitter:label1\" content=\"Written by\" \/>\n\t<meta name=\"twitter:data1\" content=\"kalem\" \/>\n\t<meta name=\"twitter:label2\" content=\"Est. reading time\" \/>\n\t<meta name=\"twitter:data2\" content=\"4 minutes\" \/>\n<script type=\"application\/ld+json\" class=\"yoast-schema-graph\">{\"@context\":\"https:\\\/\\\/schema.org\",\"@graph\":[{\"@type\":\"Article\",\"@id\":\"https:\\\/\\\/akunq.net\\\/turkish\\\/2010\\\/07\\\/15\\\/ragip-zarakolu-erdogan-srebrenitsada-ne-hissetti\\\/#article\",\"isPartOf\":{\"@id\":\"https:\\\/\\\/akunq.net\\\/turkish\\\/2010\\\/07\\\/15\\\/ragip-zarakolu-erdogan-srebrenitsada-ne-hissetti\\\/\"},\"author\":{\"name\":\"kalem\",\"@id\":\"https:\\\/\\\/akunq.net\\\/turkish\\\/#\\\/schema\\\/person\\\/135e7923d1aeb8887890799619969a6c\"},\"headline\":\"RAGIP ZARAKOLU Erdo\u011fan Srebrenitsa\u2019da ne hissetti?\",\"datePublished\":\"2010-07-15T06:51:57+00:00\",\"mainEntityOfPage\":{\"@id\":\"https:\\\/\\\/akunq.net\\\/turkish\\\/2010\\\/07\\\/15\\\/ragip-zarakolu-erdogan-srebrenitsada-ne-hissetti\\\/\"},\"wordCount\":759,\"articleSection\":[\"Haberler\"],\"inLanguage\":\"en-US\"},{\"@type\":\"WebPage\",\"@id\":\"https:\\\/\\\/akunq.net\\\/turkish\\\/2010\\\/07\\\/15\\\/ragip-zarakolu-erdogan-srebrenitsada-ne-hissetti\\\/\",\"url\":\"https:\\\/\\\/akunq.net\\\/turkish\\\/2010\\\/07\\\/15\\\/ragip-zarakolu-erdogan-srebrenitsada-ne-hissetti\\\/\",\"name\":\"RAGIP ZARAKOLU Erdo\u011fan Srebrenitsa\u2019da ne hissetti? - Bati Ermenistan Ve Bati Ermenileri Sorunlari Ara\u015ftirmalar Merkezi\",\"isPartOf\":{\"@id\":\"https:\\\/\\\/akunq.net\\\/turkish\\\/#website\"},\"datePublished\":\"2010-07-15T06:51:57+00:00\",\"author\":{\"@id\":\"https:\\\/\\\/akunq.net\\\/turkish\\\/#\\\/schema\\\/person\\\/135e7923d1aeb8887890799619969a6c\"},\"breadcrumb\":{\"@id\":\"https:\\\/\\\/akunq.net\\\/turkish\\\/2010\\\/07\\\/15\\\/ragip-zarakolu-erdogan-srebrenitsada-ne-hissetti\\\/#breadcrumb\"},\"inLanguage\":\"en-US\",\"potentialAction\":[{\"@type\":\"ReadAction\",\"target\":[\"https:\\\/\\\/akunq.net\\\/turkish\\\/2010\\\/07\\\/15\\\/ragip-zarakolu-erdogan-srebrenitsada-ne-hissetti\\\/\"]}]},{\"@type\":\"BreadcrumbList\",\"@id\":\"https:\\\/\\\/akunq.net\\\/turkish\\\/2010\\\/07\\\/15\\\/ragip-zarakolu-erdogan-srebrenitsada-ne-hissetti\\\/#breadcrumb\",\"itemListElement\":[{\"@type\":\"ListItem\",\"position\":1,\"name\":\"Home\",\"item\":\"https:\\\/\\\/akunq.net\\\/turkish\\\/\"},{\"@type\":\"ListItem\",\"position\":2,\"name\":\"RAGIP ZARAKOLU Erdo\u011fan Srebrenitsa\u2019da ne hissetti?\"}]},{\"@type\":\"WebSite\",\"@id\":\"https:\\\/\\\/akunq.net\\\/turkish\\\/#website\",\"url\":\"https:\\\/\\\/akunq.net\\\/turkish\\\/\",\"name\":\"Bati Ermenistan Ve Bati Ermenileri Sorunlari Ara\u015ftirmalar Merkezi\",\"description\":\"\",\"potentialAction\":[{\"@type\":\"SearchAction\",\"target\":{\"@type\":\"EntryPoint\",\"urlTemplate\":\"https:\\\/\\\/akunq.net\\\/turkish\\\/?s={search_term_string}\"},\"query-input\":{\"@type\":\"PropertyValueSpecification\",\"valueRequired\":true,\"valueName\":\"search_term_string\"}}],\"inLanguage\":\"en-US\"},{\"@type\":\"Person\",\"@id\":\"https:\\\/\\\/akunq.net\\\/turkish\\\/#\\\/schema\\\/person\\\/135e7923d1aeb8887890799619969a6c\",\"name\":\"kalem\",\"image\":{\"@type\":\"ImageObject\",\"inLanguage\":\"en-US\",\"@id\":\"https:\\\/\\\/secure.gravatar.com\\\/avatar\\\/a06875e4b25feb5674296adf8e8a7ae1e587cebce2493fe63c456109967e27d3?s=96&d=mm&r=g\",\"url\":\"https:\\\/\\\/secure.gravatar.com\\\/avatar\\\/a06875e4b25feb5674296adf8e8a7ae1e587cebce2493fe63c456109967e27d3?s=96&d=mm&r=g\",\"contentUrl\":\"https:\\\/\\\/secure.gravatar.com\\\/avatar\\\/a06875e4b25feb5674296adf8e8a7ae1e587cebce2493fe63c456109967e27d3?s=96&d=mm&r=g\",\"caption\":\"kalem\"},\"url\":\"https:\\\/\\\/akunq.net\\\/turkish\\\/author\\\/kalem\\\/\"}]}<\/script>\n<!-- \/ Yoast SEO plugin. -->","yoast_head_json":{"title":"RAGIP ZARAKOLU Erdo\u011fan Srebrenitsa\u2019da ne hissetti? - Bati Ermenistan Ve Bati Ermenileri Sorunlari Ara\u015ftirmalar Merkezi","robots":{"index":"index","follow":"follow","max-snippet":"max-snippet:-1","max-image-preview":"max-image-preview:large","max-video-preview":"max-video-preview:-1"},"canonical":"https:\/\/akunq.net\/turkish\/2010\/07\/15\/ragip-zarakolu-erdogan-srebrenitsada-ne-hissetti\/","og_locale":"en_US","og_type":"article","og_title":"RAGIP ZARAKOLU Erdo\u011fan Srebrenitsa\u2019da ne hissetti? - Bati Ermenistan Ve Bati Ermenileri Sorunlari Ara\u015ftirmalar Merkezi","og_description":"Do\u011frusu \u00e7ok \u00f6\u011frenmek isterdim, Bay Erdo\u011fan Srebrenitsa\u2019da soyk\u0131r\u0131m kurbanlar\u0131n\u0131n an\u0131s\u0131na d\u00fczenlenen toplant\u0131da acaba ne hissediyordu? Acaba, S\u0131rbistan Devlet Ba\u015fkan\u0131 Tadi\u00e7, S\u0131rbistan\u2019daki sava\u015f su\u00e7lular\u0131n\u0131n yakalanmas\u0131 i\u00e7in elinden geleni yapaca\u011f\u0131n\u0131 s\u00f6ylerken ve soyk\u0131r\u0131m kurbanlar\u0131ndan halk\u0131 ad\u0131na \u00f6z\u00fcr dilerken ne hissetti? Acaba, Ermeni soyk\u0131r\u0131m\u0131 konusunda vicdani bir huzursuzluk hisseti mi? Bay Tadi\u00e7, Srebrenitsa k\u0131y\u0131m\u0131n\u0131n ger\u00e7ekle\u015fmesinden 15 y\u0131l \u00f6nce [&hellip;]","og_url":"https:\/\/akunq.net\/turkish\/2010\/07\/15\/ragip-zarakolu-erdogan-srebrenitsada-ne-hissetti\/","og_site_name":"Bati Ermenistan Ve Bati Ermenileri Sorunlari Ara\u015ftirmalar Merkezi","article_published_time":"2010-07-15T06:51:57+00:00","author":"kalem","twitter_card":"summary_large_image","twitter_misc":{"Written by":"kalem","Est. reading time":"4 minutes"},"schema":{"@context":"https:\/\/schema.org","@graph":[{"@type":"Article","@id":"https:\/\/akunq.net\/turkish\/2010\/07\/15\/ragip-zarakolu-erdogan-srebrenitsada-ne-hissetti\/#article","isPartOf":{"@id":"https:\/\/akunq.net\/turkish\/2010\/07\/15\/ragip-zarakolu-erdogan-srebrenitsada-ne-hissetti\/"},"author":{"name":"kalem","@id":"https:\/\/akunq.net\/turkish\/#\/schema\/person\/135e7923d1aeb8887890799619969a6c"},"headline":"RAGIP ZARAKOLU Erdo\u011fan Srebrenitsa\u2019da ne hissetti?","datePublished":"2010-07-15T06:51:57+00:00","mainEntityOfPage":{"@id":"https:\/\/akunq.net\/turkish\/2010\/07\/15\/ragip-zarakolu-erdogan-srebrenitsada-ne-hissetti\/"},"wordCount":759,"articleSection":["Haberler"],"inLanguage":"en-US"},{"@type":"WebPage","@id":"https:\/\/akunq.net\/turkish\/2010\/07\/15\/ragip-zarakolu-erdogan-srebrenitsada-ne-hissetti\/","url":"https:\/\/akunq.net\/turkish\/2010\/07\/15\/ragip-zarakolu-erdogan-srebrenitsada-ne-hissetti\/","name":"RAGIP ZARAKOLU Erdo\u011fan Srebrenitsa\u2019da ne hissetti? - Bati Ermenistan Ve Bati Ermenileri Sorunlari Ara\u015ftirmalar Merkezi","isPartOf":{"@id":"https:\/\/akunq.net\/turkish\/#website"},"datePublished":"2010-07-15T06:51:57+00:00","author":{"@id":"https:\/\/akunq.net\/turkish\/#\/schema\/person\/135e7923d1aeb8887890799619969a6c"},"breadcrumb":{"@id":"https:\/\/akunq.net\/turkish\/2010\/07\/15\/ragip-zarakolu-erdogan-srebrenitsada-ne-hissetti\/#breadcrumb"},"inLanguage":"en-US","potentialAction":[{"@type":"ReadAction","target":["https:\/\/akunq.net\/turkish\/2010\/07\/15\/ragip-zarakolu-erdogan-srebrenitsada-ne-hissetti\/"]}]},{"@type":"BreadcrumbList","@id":"https:\/\/akunq.net\/turkish\/2010\/07\/15\/ragip-zarakolu-erdogan-srebrenitsada-ne-hissetti\/#breadcrumb","itemListElement":[{"@type":"ListItem","position":1,"name":"Home","item":"https:\/\/akunq.net\/turkish\/"},{"@type":"ListItem","position":2,"name":"RAGIP ZARAKOLU Erdo\u011fan Srebrenitsa\u2019da ne hissetti?"}]},{"@type":"WebSite","@id":"https:\/\/akunq.net\/turkish\/#website","url":"https:\/\/akunq.net\/turkish\/","name":"Bati Ermenistan Ve Bati Ermenileri Sorunlari Ara\u015ftirmalar Merkezi","description":"","potentialAction":[{"@type":"SearchAction","target":{"@type":"EntryPoint","urlTemplate":"https:\/\/akunq.net\/turkish\/?s={search_term_string}"},"query-input":{"@type":"PropertyValueSpecification","valueRequired":true,"valueName":"search_term_string"}}],"inLanguage":"en-US"},{"@type":"Person","@id":"https:\/\/akunq.net\/turkish\/#\/schema\/person\/135e7923d1aeb8887890799619969a6c","name":"kalem","image":{"@type":"ImageObject","inLanguage":"en-US","@id":"https:\/\/secure.gravatar.com\/avatar\/a06875e4b25feb5674296adf8e8a7ae1e587cebce2493fe63c456109967e27d3?s=96&d=mm&r=g","url":"https:\/\/secure.gravatar.com\/avatar\/a06875e4b25feb5674296adf8e8a7ae1e587cebce2493fe63c456109967e27d3?s=96&d=mm&r=g","contentUrl":"https:\/\/secure.gravatar.com\/avatar\/a06875e4b25feb5674296adf8e8a7ae1e587cebce2493fe63c456109967e27d3?s=96&d=mm&r=g","caption":"kalem"},"url":"https:\/\/akunq.net\/turkish\/author\/kalem\/"}]}},"_links":{"self":[{"href":"https:\/\/akunq.net\/turkish\/wp-json\/wp\/v2\/posts\/1284","targetHints":{"allow":["GET"]}}],"collection":[{"href":"https:\/\/akunq.net\/turkish\/wp-json\/wp\/v2\/posts"}],"about":[{"href":"https:\/\/akunq.net\/turkish\/wp-json\/wp\/v2\/types\/post"}],"author":[{"embeddable":true,"href":"https:\/\/akunq.net\/turkish\/wp-json\/wp\/v2\/users\/3"}],"replies":[{"embeddable":true,"href":"https:\/\/akunq.net\/turkish\/wp-json\/wp\/v2\/comments?post=1284"}],"version-history":[{"count":0,"href":"https:\/\/akunq.net\/turkish\/wp-json\/wp\/v2\/posts\/1284\/revisions"}],"wp:attachment":[{"href":"https:\/\/akunq.net\/turkish\/wp-json\/wp\/v2\/media?parent=1284"}],"wp:term":[{"taxonomy":"category","embeddable":true,"href":"https:\/\/akunq.net\/turkish\/wp-json\/wp\/v2\/categories?post=1284"},{"taxonomy":"post_tag","embeddable":true,"href":"https:\/\/akunq.net\/turkish\/wp-json\/wp\/v2\/tags?post=1284"}],"curies":[{"name":"wp","href":"https:\/\/api.w.org\/{rel}","templated":true}]}}