{"id":1278,"date":"2010-07-15T01:10:51","date_gmt":"2010-07-15T06:10:51","guid":{"rendered":"http:\/\/akunq.net\/tr\/?p=1278"},"modified":"2010-07-15T01:10:51","modified_gmt":"2010-07-15T06:10:51","slug":"alti-kilise-ustu-cami-2","status":"publish","type":"post","link":"https:\/\/akunq.net\/turkish\/2010\/07\/15\/alti-kilise-ustu-cami-2\/","title":{"rendered":"Alt\u0131 kilise \u00fcst\u00fc cami"},"content":{"rendered":"<p style=\"text-align: justify\"><a rel=\"attachment wp-att-1279\" href=\"http:\/\/akunq.net\/tr\/?attachment_id=1279\"><img loading=\"lazy\" decoding=\"async\" class=\"alignleft size-medium wp-image-1279\" title=\"001_d\" src=\"http:\/\/akunq.net\/tr\/wp-content\/uploads\/2010\/07\/001_d-300x257.jpg\" alt=\"\" width=\"221\" height=\"181\" \/><\/a>D\u00fcnya&#8217;n\u0131n ilk kilisesi ve T\u00fcrkiye&#8217;nin ilk camiinin bulundu\u011fu, \u00a0ho\u015fg\u00f6r\u00fc ve bar\u0131\u015f\u0131n sembol\u00fc Hatay \u00f6yle bir yap\u0131ya ev sahipli\u011fi yap\u0131yor ki b\u00f6ylesini \u015fimdiye kadar ne duydunuz ne g\u00f6rd\u00fcn\u00fcz. Hatay&#8217;\u0131n Samanda\u011f il\u00e7esine ba\u011fl\u0131 Yo\u011funoluk K\u00f6y\u00fc&#8217;ndeki bu cami yakla\u015f\u0131k 350 y\u0131l \u00f6nce yap\u0131lm\u0131\u015f olan Ermeni Kilisesi&#8217;nin \u00fczerine in\u015fa edilmi\u015f. Alt\u0131 kilise \u00fcst\u00fc cami olan bu yap\u0131 d\u00fcnyada tek olma \u00f6zelli\u011fi ta\u015f\u0131yor. Cami 1915 &#8211; 1920 y\u0131llar\u0131 aras\u0131nda k\u00f6y\u00fc terk eden Ermeniler&#8217;in ibadethanesi olan Kilisesi\u2019nin \u00fczerine 1940 y\u0131l\u0131nda kurulmu\u015f. Ve h\u00e2la ibadethane olarak kullan\u0131lmakta. K\u00f6yl\u00fcler caminin kilise \u00fczerine in\u015fa edilmi\u015f olmas\u0131n\u0131n nedeni olarak; o y\u0131llarda Devlet taraf\u0131ndan k\u00f6ye yerle\u015ftirildiklerini, temel atacak paralar\u0131n\u0131n olmamas\u0131 ve kilise\u2019nin de \u00e7ok sa\u011flam bir yap\u0131ya sahip olmas\u0131n\u0131 <a rel=\"attachment wp-att-1280\" href=\"http:\/\/akunq.net\/tr\/?attachment_id=1280\"><img loading=\"lazy\" decoding=\"async\" class=\"alignleft size-medium wp-image-1280\" title=\"014_d\" src=\"http:\/\/akunq.net\/tr\/wp-content\/uploads\/2010\/07\/014_d-300x224.jpg\" alt=\"\" width=\"221\" height=\"173\" \/><\/a>s\u00f6yl\u00fcyorlar. K\u00f6yl\u00fcler 1940 y\u0131l\u0131nda k\u00f6ye yerle\u015ftirildikten sonra Kilise&#8217;yi bir y\u0131l boyunca cami olarak kullanm\u0131\u015flar. Ondan sonra \u00fczerine cami in\u015fa etmi\u015fler. \u0130lerleyen y\u0131llarda caminin alt\u0131ndaki kilise samanl\u0131k, ah\u0131r ve depo olarak kullan\u0131lm\u0131\u015f. K\u00f6y kahvesine girip, camiyi kullanan k\u00f6yl\u00fclerle konu\u015ftu\u011fumuzda, k\u00f6yl\u00fclerin Kilise\u2019nin ibadete a\u00e7\u0131lmas\u0131n\u0131 istedi\u011fini, bunun kendilerini mutlu edeceklerini \u00f6\u011frendik. Hac\u0131 olmak i\u00e7in Hatay\u2019a gelen Hristiyanlar\u2019la birlikte gelen \u0130stanbul Patri\u011fi de ayn\u0131 zamanda bu kiliseyi de ziyarete geliyormu\u015f. Caminin bulundu\u011fu k\u00f6y ayn\u0131 zamanda T\u00fcrkiye&#8217;nin tek Ermeni k\u00f6y\u00fc olan Vak\u0131fl\u0131&#8217;n\u0131n da kom\u015fusu. Vak\u0131fl\u0131 K\u00f6y\u00fc&#8217;ndeki Ermeni&#8217;lerle konu\u015ftu\u011fumuzda ise cami alt\u0131ndaki kiliseye \u015fimdiye kadar gereken \u00f6nemin verilmedi\u011fini, buran\u0131n ibadete a\u00e7\u0131lmas\u0131 <a rel=\"attachment wp-att-1281\" href=\"http:\/\/akunq.net\/tr\/?attachment_id=1281\"><img loading=\"lazy\" decoding=\"async\" class=\"alignleft size-medium wp-image-1281\" title=\"017_d\" src=\"http:\/\/akunq.net\/tr\/wp-content\/uploads\/2010\/07\/017_d-300x224.jpg\" alt=\"\" width=\"223\" height=\"162\" \/><\/a>gerekti\u011fini dile getiriyorlar. Vak\u0131fl\u0131lar gerekirse maddi yard\u0131mda bulunabileceklerini de s\u00f6yl\u00fcyorlar. Kilise \u00fczerine cami yap\u0131lm\u0131\u015f olmas\u0131 bizi rahats\u0131z etmiyor, o Kilise zaten k\u00f6yden g\u00f6\u00e7 eden Ermeniler taraf\u0131ndan kullan\u0131lm\u0131\u015f diyorlar. Kilise\u2019nin i\u00e7erisini gezdi\u011fimizde b\u00fcy\u00fck bir titizlikle ta\u015flara yap\u0131lm\u0131\u015f el oymac\u0131l\u0131\u011f\u0131n\u0131 g\u00f6r\u00fcyoruz. Kilise \u00e7ok sa\u011flam temel ve kolonlarla in\u015fa edilmi\u015f.<\/p>\n<p style=\"text-align: justify\"><a href=\"http:\/\/sabah.com.tr\/fotohaber\/turizm?dt=2010-7-13\" target=\"_blank\">14 Temmuz 2010, \u00c7ar\u015famba<\/a> <a href=\"http:\/\/www.sabah.com.tr\/\">www.sabah.com.tr<\/a><\/p>\n<p style=\"text-align: justify\">http:\/\/sabah.com.tr\/fotohaber\/turizm\/alti_kilise_ustu_cami?tc=30&#038;albumId=20504&#038;page=1<\/p>\n","protected":false},"excerpt":{"rendered":"<p>D\u00fcnya&#8217;n\u0131n ilk kilisesi ve T\u00fcrkiye&#8217;nin ilk camiinin bulundu\u011fu, \u00a0ho\u015fg\u00f6r\u00fc ve bar\u0131\u015f\u0131n sembol\u00fc Hatay \u00f6yle bir yap\u0131ya ev sahipli\u011fi yap\u0131yor ki b\u00f6ylesini \u015fimdiye kadar ne duydunuz ne g\u00f6rd\u00fcn\u00fcz. Hatay&#8217;\u0131n Samanda\u011f il\u00e7esine ba\u011fl\u0131 Yo\u011funoluk K\u00f6y\u00fc&#8217;ndeki bu cami yakla\u015f\u0131k 350 y\u0131l \u00f6nce yap\u0131lm\u0131\u015f olan Ermeni Kilisesi&#8217;nin \u00fczerine in\u015fa edilmi\u015f. Alt\u0131 kilise \u00fcst\u00fc cami olan bu yap\u0131 d\u00fcnyada tek [&hellip;]<\/p>\n","protected":false},"author":3,"featured_media":0,"comment_status":"closed","ping_status":"open","sticky":false,"template":"","format":"standard","meta":{"footnotes":""},"categories":[14],"tags":[],"class_list":["post-1278","post","type-post","status-publish","format-standard","hentry","category-haberler"],"yoast_head":"<!-- This site is optimized with the Yoast SEO plugin v27.4 - https:\/\/yoast.com\/product\/yoast-seo-wordpress\/ -->\n<title>Alt\u0131 kilise \u00fcst\u00fc cami - Bati Ermenistan Ve Bati Ermenileri Sorunlari Ara\u015ftirmalar Merkezi<\/title>\n<meta name=\"robots\" content=\"index, follow, max-snippet:-1, max-image-preview:large, max-video-preview:-1\" \/>\n<link rel=\"canonical\" href=\"https:\/\/akunq.net\/turkish\/2010\/07\/15\/alti-kilise-ustu-cami-2\/\" \/>\n<meta property=\"og:locale\" content=\"en_US\" \/>\n<meta property=\"og:type\" content=\"article\" \/>\n<meta property=\"og:title\" content=\"Alt\u0131 kilise \u00fcst\u00fc cami - Bati Ermenistan Ve Bati Ermenileri Sorunlari Ara\u015ftirmalar Merkezi\" \/>\n<meta property=\"og:description\" content=\"D\u00fcnya&#8217;n\u0131n ilk kilisesi ve T\u00fcrkiye&#8217;nin ilk camiinin bulundu\u011fu, \u00a0ho\u015fg\u00f6r\u00fc ve bar\u0131\u015f\u0131n sembol\u00fc Hatay \u00f6yle bir yap\u0131ya ev sahipli\u011fi yap\u0131yor ki b\u00f6ylesini \u015fimdiye kadar ne duydunuz ne g\u00f6rd\u00fcn\u00fcz. Hatay&#8217;\u0131n Samanda\u011f il\u00e7esine ba\u011fl\u0131 Yo\u011funoluk K\u00f6y\u00fc&#8217;ndeki bu cami yakla\u015f\u0131k 350 y\u0131l \u00f6nce yap\u0131lm\u0131\u015f olan Ermeni Kilisesi&#8217;nin \u00fczerine in\u015fa edilmi\u015f. Alt\u0131 kilise \u00fcst\u00fc cami olan bu yap\u0131 d\u00fcnyada tek [&hellip;]\" \/>\n<meta property=\"og:url\" content=\"https:\/\/akunq.net\/turkish\/2010\/07\/15\/alti-kilise-ustu-cami-2\/\" \/>\n<meta property=\"og:site_name\" content=\"Bati Ermenistan Ve Bati Ermenileri Sorunlari Ara\u015ftirmalar Merkezi\" \/>\n<meta property=\"article:published_time\" content=\"2010-07-15T06:10:51+00:00\" \/>\n<meta property=\"og:image\" content=\"https:\/\/akunq.net\/turkish\/wp-content\/uploads\/sites\/5\/2010\/07\/001_d.jpg\" \/>\n\t<meta property=\"og:image:width\" content=\"350\" \/>\n\t<meta property=\"og:image:height\" content=\"300\" \/>\n\t<meta property=\"og:image:type\" content=\"image\/jpeg\" \/>\n<meta name=\"author\" content=\"kalem\" \/>\n<meta name=\"twitter:card\" content=\"summary_large_image\" \/>\n<meta name=\"twitter:label1\" content=\"Written by\" \/>\n\t<meta name=\"twitter:data1\" content=\"kalem\" \/>\n\t<meta name=\"twitter:label2\" content=\"Est. reading time\" \/>\n\t<meta name=\"twitter:data2\" content=\"2 minutes\" \/>\n<script type=\"application\/ld+json\" class=\"yoast-schema-graph\">{\"@context\":\"https:\\\/\\\/schema.org\",\"@graph\":[{\"@type\":\"Article\",\"@id\":\"https:\\\/\\\/akunq.net\\\/turkish\\\/2010\\\/07\\\/15\\\/alti-kilise-ustu-cami-2\\\/#article\",\"isPartOf\":{\"@id\":\"https:\\\/\\\/akunq.net\\\/turkish\\\/2010\\\/07\\\/15\\\/alti-kilise-ustu-cami-2\\\/\"},\"author\":{\"name\":\"kalem\",\"@id\":\"https:\\\/\\\/akunq.net\\\/turkish\\\/#\\\/schema\\\/person\\\/135e7923d1aeb8887890799619969a6c\"},\"headline\":\"Alt\u0131 kilise \u00fcst\u00fc cami\",\"datePublished\":\"2010-07-15T06:10:51+00:00\",\"mainEntityOfPage\":{\"@id\":\"https:\\\/\\\/akunq.net\\\/turkish\\\/2010\\\/07\\\/15\\\/alti-kilise-ustu-cami-2\\\/\"},\"wordCount\":394,\"image\":{\"@id\":\"https:\\\/\\\/akunq.net\\\/turkish\\\/2010\\\/07\\\/15\\\/alti-kilise-ustu-cami-2\\\/#primaryimage\"},\"thumbnailUrl\":\"http:\\\/\\\/akunq.net\\\/tr\\\/wp-content\\\/uploads\\\/2010\\\/07\\\/001_d-300x257.jpg\",\"articleSection\":[\"Haberler\"],\"inLanguage\":\"en-US\"},{\"@type\":\"WebPage\",\"@id\":\"https:\\\/\\\/akunq.net\\\/turkish\\\/2010\\\/07\\\/15\\\/alti-kilise-ustu-cami-2\\\/\",\"url\":\"https:\\\/\\\/akunq.net\\\/turkish\\\/2010\\\/07\\\/15\\\/alti-kilise-ustu-cami-2\\\/\",\"name\":\"Alt\u0131 kilise \u00fcst\u00fc cami - Bati Ermenistan Ve Bati Ermenileri Sorunlari Ara\u015ftirmalar Merkezi\",\"isPartOf\":{\"@id\":\"https:\\\/\\\/akunq.net\\\/turkish\\\/#website\"},\"primaryImageOfPage\":{\"@id\":\"https:\\\/\\\/akunq.net\\\/turkish\\\/2010\\\/07\\\/15\\\/alti-kilise-ustu-cami-2\\\/#primaryimage\"},\"image\":{\"@id\":\"https:\\\/\\\/akunq.net\\\/turkish\\\/2010\\\/07\\\/15\\\/alti-kilise-ustu-cami-2\\\/#primaryimage\"},\"thumbnailUrl\":\"http:\\\/\\\/akunq.net\\\/tr\\\/wp-content\\\/uploads\\\/2010\\\/07\\\/001_d-300x257.jpg\",\"datePublished\":\"2010-07-15T06:10:51+00:00\",\"author\":{\"@id\":\"https:\\\/\\\/akunq.net\\\/turkish\\\/#\\\/schema\\\/person\\\/135e7923d1aeb8887890799619969a6c\"},\"breadcrumb\":{\"@id\":\"https:\\\/\\\/akunq.net\\\/turkish\\\/2010\\\/07\\\/15\\\/alti-kilise-ustu-cami-2\\\/#breadcrumb\"},\"inLanguage\":\"en-US\",\"potentialAction\":[{\"@type\":\"ReadAction\",\"target\":[\"https:\\\/\\\/akunq.net\\\/turkish\\\/2010\\\/07\\\/15\\\/alti-kilise-ustu-cami-2\\\/\"]}]},{\"@type\":\"ImageObject\",\"inLanguage\":\"en-US\",\"@id\":\"https:\\\/\\\/akunq.net\\\/turkish\\\/2010\\\/07\\\/15\\\/alti-kilise-ustu-cami-2\\\/#primaryimage\",\"url\":\"http:\\\/\\\/akunq.net\\\/tr\\\/wp-content\\\/uploads\\\/2010\\\/07\\\/001_d-300x257.jpg\",\"contentUrl\":\"http:\\\/\\\/akunq.net\\\/tr\\\/wp-content\\\/uploads\\\/2010\\\/07\\\/001_d-300x257.jpg\"},{\"@type\":\"BreadcrumbList\",\"@id\":\"https:\\\/\\\/akunq.net\\\/turkish\\\/2010\\\/07\\\/15\\\/alti-kilise-ustu-cami-2\\\/#breadcrumb\",\"itemListElement\":[{\"@type\":\"ListItem\",\"position\":1,\"name\":\"Home\",\"item\":\"https:\\\/\\\/akunq.net\\\/turkish\\\/\"},{\"@type\":\"ListItem\",\"position\":2,\"name\":\"Alt\u0131 kilise \u00fcst\u00fc cami\"}]},{\"@type\":\"WebSite\",\"@id\":\"https:\\\/\\\/akunq.net\\\/turkish\\\/#website\",\"url\":\"https:\\\/\\\/akunq.net\\\/turkish\\\/\",\"name\":\"Bati Ermenistan Ve Bati Ermenileri Sorunlari Ara\u015ftirmalar Merkezi\",\"description\":\"\",\"potentialAction\":[{\"@type\":\"SearchAction\",\"target\":{\"@type\":\"EntryPoint\",\"urlTemplate\":\"https:\\\/\\\/akunq.net\\\/turkish\\\/?s={search_term_string}\"},\"query-input\":{\"@type\":\"PropertyValueSpecification\",\"valueRequired\":true,\"valueName\":\"search_term_string\"}}],\"inLanguage\":\"en-US\"},{\"@type\":\"Person\",\"@id\":\"https:\\\/\\\/akunq.net\\\/turkish\\\/#\\\/schema\\\/person\\\/135e7923d1aeb8887890799619969a6c\",\"name\":\"kalem\",\"image\":{\"@type\":\"ImageObject\",\"inLanguage\":\"en-US\",\"@id\":\"https:\\\/\\\/secure.gravatar.com\\\/avatar\\\/a06875e4b25feb5674296adf8e8a7ae1e587cebce2493fe63c456109967e27d3?s=96&d=mm&r=g\",\"url\":\"https:\\\/\\\/secure.gravatar.com\\\/avatar\\\/a06875e4b25feb5674296adf8e8a7ae1e587cebce2493fe63c456109967e27d3?s=96&d=mm&r=g\",\"contentUrl\":\"https:\\\/\\\/secure.gravatar.com\\\/avatar\\\/a06875e4b25feb5674296adf8e8a7ae1e587cebce2493fe63c456109967e27d3?s=96&d=mm&r=g\",\"caption\":\"kalem\"},\"url\":\"https:\\\/\\\/akunq.net\\\/turkish\\\/author\\\/kalem\\\/\"}]}<\/script>\n<!-- \/ Yoast SEO plugin. -->","yoast_head_json":{"title":"Alt\u0131 kilise \u00fcst\u00fc cami - Bati Ermenistan Ve Bati Ermenileri Sorunlari Ara\u015ftirmalar Merkezi","robots":{"index":"index","follow":"follow","max-snippet":"max-snippet:-1","max-image-preview":"max-image-preview:large","max-video-preview":"max-video-preview:-1"},"canonical":"https:\/\/akunq.net\/turkish\/2010\/07\/15\/alti-kilise-ustu-cami-2\/","og_locale":"en_US","og_type":"article","og_title":"Alt\u0131 kilise \u00fcst\u00fc cami - Bati Ermenistan Ve Bati Ermenileri Sorunlari Ara\u015ftirmalar Merkezi","og_description":"D\u00fcnya&#8217;n\u0131n ilk kilisesi ve T\u00fcrkiye&#8217;nin ilk camiinin bulundu\u011fu, \u00a0ho\u015fg\u00f6r\u00fc ve bar\u0131\u015f\u0131n sembol\u00fc Hatay \u00f6yle bir yap\u0131ya ev sahipli\u011fi yap\u0131yor ki b\u00f6ylesini \u015fimdiye kadar ne duydunuz ne g\u00f6rd\u00fcn\u00fcz. Hatay&#8217;\u0131n Samanda\u011f il\u00e7esine ba\u011fl\u0131 Yo\u011funoluk K\u00f6y\u00fc&#8217;ndeki bu cami yakla\u015f\u0131k 350 y\u0131l \u00f6nce yap\u0131lm\u0131\u015f olan Ermeni Kilisesi&#8217;nin \u00fczerine in\u015fa edilmi\u015f. Alt\u0131 kilise \u00fcst\u00fc cami olan bu yap\u0131 d\u00fcnyada tek [&hellip;]","og_url":"https:\/\/akunq.net\/turkish\/2010\/07\/15\/alti-kilise-ustu-cami-2\/","og_site_name":"Bati Ermenistan Ve Bati Ermenileri Sorunlari Ara\u015ftirmalar Merkezi","article_published_time":"2010-07-15T06:10:51+00:00","og_image":[{"width":350,"height":300,"url":"https:\/\/akunq.net\/turkish\/wp-content\/uploads\/sites\/5\/2010\/07\/001_d.jpg","type":"image\/jpeg"}],"author":"kalem","twitter_card":"summary_large_image","twitter_misc":{"Written by":"kalem","Est. reading time":"2 minutes"},"schema":{"@context":"https:\/\/schema.org","@graph":[{"@type":"Article","@id":"https:\/\/akunq.net\/turkish\/2010\/07\/15\/alti-kilise-ustu-cami-2\/#article","isPartOf":{"@id":"https:\/\/akunq.net\/turkish\/2010\/07\/15\/alti-kilise-ustu-cami-2\/"},"author":{"name":"kalem","@id":"https:\/\/akunq.net\/turkish\/#\/schema\/person\/135e7923d1aeb8887890799619969a6c"},"headline":"Alt\u0131 kilise \u00fcst\u00fc cami","datePublished":"2010-07-15T06:10:51+00:00","mainEntityOfPage":{"@id":"https:\/\/akunq.net\/turkish\/2010\/07\/15\/alti-kilise-ustu-cami-2\/"},"wordCount":394,"image":{"@id":"https:\/\/akunq.net\/turkish\/2010\/07\/15\/alti-kilise-ustu-cami-2\/#primaryimage"},"thumbnailUrl":"http:\/\/akunq.net\/tr\/wp-content\/uploads\/2010\/07\/001_d-300x257.jpg","articleSection":["Haberler"],"inLanguage":"en-US"},{"@type":"WebPage","@id":"https:\/\/akunq.net\/turkish\/2010\/07\/15\/alti-kilise-ustu-cami-2\/","url":"https:\/\/akunq.net\/turkish\/2010\/07\/15\/alti-kilise-ustu-cami-2\/","name":"Alt\u0131 kilise \u00fcst\u00fc cami - Bati Ermenistan Ve Bati Ermenileri Sorunlari Ara\u015ftirmalar Merkezi","isPartOf":{"@id":"https:\/\/akunq.net\/turkish\/#website"},"primaryImageOfPage":{"@id":"https:\/\/akunq.net\/turkish\/2010\/07\/15\/alti-kilise-ustu-cami-2\/#primaryimage"},"image":{"@id":"https:\/\/akunq.net\/turkish\/2010\/07\/15\/alti-kilise-ustu-cami-2\/#primaryimage"},"thumbnailUrl":"http:\/\/akunq.net\/tr\/wp-content\/uploads\/2010\/07\/001_d-300x257.jpg","datePublished":"2010-07-15T06:10:51+00:00","author":{"@id":"https:\/\/akunq.net\/turkish\/#\/schema\/person\/135e7923d1aeb8887890799619969a6c"},"breadcrumb":{"@id":"https:\/\/akunq.net\/turkish\/2010\/07\/15\/alti-kilise-ustu-cami-2\/#breadcrumb"},"inLanguage":"en-US","potentialAction":[{"@type":"ReadAction","target":["https:\/\/akunq.net\/turkish\/2010\/07\/15\/alti-kilise-ustu-cami-2\/"]}]},{"@type":"ImageObject","inLanguage":"en-US","@id":"https:\/\/akunq.net\/turkish\/2010\/07\/15\/alti-kilise-ustu-cami-2\/#primaryimage","url":"http:\/\/akunq.net\/tr\/wp-content\/uploads\/2010\/07\/001_d-300x257.jpg","contentUrl":"http:\/\/akunq.net\/tr\/wp-content\/uploads\/2010\/07\/001_d-300x257.jpg"},{"@type":"BreadcrumbList","@id":"https:\/\/akunq.net\/turkish\/2010\/07\/15\/alti-kilise-ustu-cami-2\/#breadcrumb","itemListElement":[{"@type":"ListItem","position":1,"name":"Home","item":"https:\/\/akunq.net\/turkish\/"},{"@type":"ListItem","position":2,"name":"Alt\u0131 kilise \u00fcst\u00fc cami"}]},{"@type":"WebSite","@id":"https:\/\/akunq.net\/turkish\/#website","url":"https:\/\/akunq.net\/turkish\/","name":"Bati Ermenistan Ve Bati Ermenileri Sorunlari Ara\u015ftirmalar Merkezi","description":"","potentialAction":[{"@type":"SearchAction","target":{"@type":"EntryPoint","urlTemplate":"https:\/\/akunq.net\/turkish\/?s={search_term_string}"},"query-input":{"@type":"PropertyValueSpecification","valueRequired":true,"valueName":"search_term_string"}}],"inLanguage":"en-US"},{"@type":"Person","@id":"https:\/\/akunq.net\/turkish\/#\/schema\/person\/135e7923d1aeb8887890799619969a6c","name":"kalem","image":{"@type":"ImageObject","inLanguage":"en-US","@id":"https:\/\/secure.gravatar.com\/avatar\/a06875e4b25feb5674296adf8e8a7ae1e587cebce2493fe63c456109967e27d3?s=96&d=mm&r=g","url":"https:\/\/secure.gravatar.com\/avatar\/a06875e4b25feb5674296adf8e8a7ae1e587cebce2493fe63c456109967e27d3?s=96&d=mm&r=g","contentUrl":"https:\/\/secure.gravatar.com\/avatar\/a06875e4b25feb5674296adf8e8a7ae1e587cebce2493fe63c456109967e27d3?s=96&d=mm&r=g","caption":"kalem"},"url":"https:\/\/akunq.net\/turkish\/author\/kalem\/"}]}},"_links":{"self":[{"href":"https:\/\/akunq.net\/turkish\/wp-json\/wp\/v2\/posts\/1278","targetHints":{"allow":["GET"]}}],"collection":[{"href":"https:\/\/akunq.net\/turkish\/wp-json\/wp\/v2\/posts"}],"about":[{"href":"https:\/\/akunq.net\/turkish\/wp-json\/wp\/v2\/types\/post"}],"author":[{"embeddable":true,"href":"https:\/\/akunq.net\/turkish\/wp-json\/wp\/v2\/users\/3"}],"replies":[{"embeddable":true,"href":"https:\/\/akunq.net\/turkish\/wp-json\/wp\/v2\/comments?post=1278"}],"version-history":[{"count":0,"href":"https:\/\/akunq.net\/turkish\/wp-json\/wp\/v2\/posts\/1278\/revisions"}],"wp:attachment":[{"href":"https:\/\/akunq.net\/turkish\/wp-json\/wp\/v2\/media?parent=1278"}],"wp:term":[{"taxonomy":"category","embeddable":true,"href":"https:\/\/akunq.net\/turkish\/wp-json\/wp\/v2\/categories?post=1278"},{"taxonomy":"post_tag","embeddable":true,"href":"https:\/\/akunq.net\/turkish\/wp-json\/wp\/v2\/tags?post=1278"}],"curies":[{"name":"wp","href":"https:\/\/api.w.org\/{rel}","templated":true}]}}