{"id":1267,"date":"2010-07-13T04:59:15","date_gmt":"2010-07-13T09:59:15","guid":{"rendered":"http:\/\/akunq.net\/tr\/?p=1267"},"modified":"2010-07-13T04:59:15","modified_gmt":"2010-07-13T09:59:15","slug":"sozde-soykirim-belgeselinin-galasi-abd-kongresinde-yapilacak","status":"publish","type":"post","link":"https:\/\/akunq.net\/turkish\/2010\/07\/13\/sozde-soykirim-belgeselinin-galasi-abd-kongresinde-yapilacak\/","title":{"rendered":"S\u00f6zde soyk\u0131r\u0131m belgeselinin galas\u0131 ABD Kongresi`nde yap\u0131lacak"},"content":{"rendered":"<p style=\"text-align: justify\">S\u00f6zde soyk\u0131r\u0131m belgeselinin galas\u0131 ABD Kongresi`nde yap\u0131lacak.<\/p>\n<p style=\"text-align: justify\">ABD D\u0131\u015fi\u015fleri Bakan\u0131 Hillary Clinton`\u0131n Erivan`a ger\u00e7ekle\u015ftirdi\u011fi resmi ziyaret s\u0131ras\u0131nda `Soyk\u0131r\u0131m An\u0131t\u0131`na gitmesinin yank\u0131lar\u0131 devam ederken, Amerikan Kongresi \u015fimdi de `Aghet: Bir Soyk\u0131r\u0131m` adl\u0131 belgeselin galas\u0131na ev sahipli\u011fi yapmaya haz\u0131rlan\u0131yor.<\/p>\n<p style=\"text-align: justify\">Belgeselin ABD Kongresi`nde ilk kez g\u00f6sterilece\u011fi haberi Ermenistan bas\u0131n\u0131nda geni\u015f yer ald\u0131.<\/p>\n<p style=\"text-align: justify\">Alman yap\u0131mc\u0131 Eric Friedler`in \u00e7ekti\u011fi 90 dakikal\u0131k belgesel filmin ABD`deki ilk g\u00f6sterimi 21 Temmuz ak\u015fam\u0131 yap\u0131lacak. Galan\u0131n organizasyonunda \u00f6nemli rol oynayan ve `Ermeni Soyk\u0131r\u0131m\u0131` tasar\u0131lar\u0131n\u0131n g\u00fcndeme al\u0131nmas\u0131 i\u00e7in \u00e7aba g\u00f6steren Kongre \u00dcyesi Adam Schiff, galada g\u00f6rev almas\u0131ndan `onur` duydu\u011funu dile getirerek, `20. y\u00fczy\u0131l\u0131n `ilk soyk\u0131r\u0131m\u0131` hakk\u0131nda birlikte \u00e7al\u0131\u015ft\u0131\u011f\u0131m arkada\u015flar\u0131m\u0131 ve onlar\u0131n personellerini bilgilendirmek \u00fczere belgeseli g\u00f6sterime sunuyoruz. Sonunda ger\u00e7ek kazanacak.` dedi.<\/p>\n<p style=\"text-align: justify\">Belgeselin g\u00f6steriminin ard\u0131ndan, \u00f6nde gelen Ermeni lobilerinden Amerika Ermeni Ulusal Komitesi (ANCA) bir panel d\u00fczenleyecek.<\/p>\n<p style=\"text-align: justify\"><strong>Kaynak:<\/strong> zaman.com.tr<br \/>\n<strong>Yer:<\/strong> T\u00fcrkiye<br \/>\n<strong>Tarih:<\/strong> 12.7.2010<\/p>\n","protected":false},"excerpt":{"rendered":"<p>S\u00f6zde soyk\u0131r\u0131m belgeselinin galas\u0131 ABD Kongresi`nde yap\u0131lacak. ABD D\u0131\u015fi\u015fleri Bakan\u0131 Hillary Clinton`\u0131n Erivan`a ger\u00e7ekle\u015ftirdi\u011fi resmi ziyaret s\u0131ras\u0131nda `Soyk\u0131r\u0131m An\u0131t\u0131`na gitmesinin yank\u0131lar\u0131 devam ederken, Amerikan Kongresi \u015fimdi de `Aghet: Bir Soyk\u0131r\u0131m` adl\u0131 belgeselin galas\u0131na ev sahipli\u011fi yapmaya haz\u0131rlan\u0131yor. Belgeselin ABD Kongresi`nde ilk kez g\u00f6sterilece\u011fi haberi Ermenistan bas\u0131n\u0131nda geni\u015f yer ald\u0131. Alman yap\u0131mc\u0131 Eric Friedler`in \u00e7ekti\u011fi 90 [&hellip;]<\/p>\n","protected":false},"author":3,"featured_media":0,"comment_status":"closed","ping_status":"open","sticky":false,"template":"","format":"standard","meta":{"footnotes":""},"categories":[14],"tags":[],"class_list":["post-1267","post","type-post","status-publish","format-standard","hentry","category-haberler"],"yoast_head":"<!-- This site is optimized with the Yoast SEO plugin v27.4 - https:\/\/yoast.com\/product\/yoast-seo-wordpress\/ -->\n<title>S\u00f6zde soyk\u0131r\u0131m belgeselinin galas\u0131 ABD Kongresi`nde yap\u0131lacak - Bati Ermenistan Ve Bati Ermenileri Sorunlari Ara\u015ftirmalar Merkezi<\/title>\n<meta name=\"robots\" content=\"index, follow, max-snippet:-1, max-image-preview:large, max-video-preview:-1\" \/>\n<link rel=\"canonical\" href=\"https:\/\/akunq.net\/turkish\/2010\/07\/13\/sozde-soykirim-belgeselinin-galasi-abd-kongresinde-yapilacak\/\" \/>\n<meta property=\"og:locale\" content=\"en_US\" \/>\n<meta property=\"og:type\" content=\"article\" \/>\n<meta property=\"og:title\" content=\"S\u00f6zde soyk\u0131r\u0131m belgeselinin galas\u0131 ABD Kongresi`nde yap\u0131lacak - Bati Ermenistan Ve Bati Ermenileri Sorunlari Ara\u015ftirmalar Merkezi\" \/>\n<meta property=\"og:description\" content=\"S\u00f6zde soyk\u0131r\u0131m belgeselinin galas\u0131 ABD Kongresi`nde yap\u0131lacak. ABD D\u0131\u015fi\u015fleri Bakan\u0131 Hillary Clinton`\u0131n Erivan`a ger\u00e7ekle\u015ftirdi\u011fi resmi ziyaret s\u0131ras\u0131nda `Soyk\u0131r\u0131m An\u0131t\u0131`na gitmesinin yank\u0131lar\u0131 devam ederken, Amerikan Kongresi \u015fimdi de `Aghet: Bir Soyk\u0131r\u0131m` adl\u0131 belgeselin galas\u0131na ev sahipli\u011fi yapmaya haz\u0131rlan\u0131yor. Belgeselin ABD Kongresi`nde ilk kez g\u00f6sterilece\u011fi haberi Ermenistan bas\u0131n\u0131nda geni\u015f yer ald\u0131. Alman yap\u0131mc\u0131 Eric Friedler`in \u00e7ekti\u011fi 90 [&hellip;]\" \/>\n<meta property=\"og:url\" content=\"https:\/\/akunq.net\/turkish\/2010\/07\/13\/sozde-soykirim-belgeselinin-galasi-abd-kongresinde-yapilacak\/\" \/>\n<meta property=\"og:site_name\" content=\"Bati Ermenistan Ve Bati Ermenileri Sorunlari Ara\u015ftirmalar Merkezi\" \/>\n<meta property=\"article:published_time\" content=\"2010-07-13T09:59:15+00:00\" \/>\n<meta name=\"author\" content=\"kalem\" \/>\n<meta name=\"twitter:card\" content=\"summary_large_image\" \/>\n<meta name=\"twitter:label1\" content=\"Written by\" \/>\n\t<meta name=\"twitter:data1\" content=\"kalem\" \/>\n\t<meta name=\"twitter:label2\" content=\"Est. reading time\" \/>\n\t<meta name=\"twitter:data2\" content=\"1 minute\" \/>\n<script type=\"application\/ld+json\" class=\"yoast-schema-graph\">{\"@context\":\"https:\\\/\\\/schema.org\",\"@graph\":[{\"@type\":\"Article\",\"@id\":\"https:\\\/\\\/akunq.net\\\/turkish\\\/2010\\\/07\\\/13\\\/sozde-soykirim-belgeselinin-galasi-abd-kongresinde-yapilacak\\\/#article\",\"isPartOf\":{\"@id\":\"https:\\\/\\\/akunq.net\\\/turkish\\\/2010\\\/07\\\/13\\\/sozde-soykirim-belgeselinin-galasi-abd-kongresinde-yapilacak\\\/\"},\"author\":{\"name\":\"kalem\",\"@id\":\"https:\\\/\\\/akunq.net\\\/turkish\\\/#\\\/schema\\\/person\\\/135e7923d1aeb8887890799619969a6c\"},\"headline\":\"S\u00f6zde soyk\u0131r\u0131m belgeselinin galas\u0131 ABD Kongresi`nde yap\u0131lacak\",\"datePublished\":\"2010-07-13T09:59:15+00:00\",\"mainEntityOfPage\":{\"@id\":\"https:\\\/\\\/akunq.net\\\/turkish\\\/2010\\\/07\\\/13\\\/sozde-soykirim-belgeselinin-galasi-abd-kongresinde-yapilacak\\\/\"},\"wordCount\":209,\"articleSection\":[\"Haberler\"],\"inLanguage\":\"en-US\"},{\"@type\":\"WebPage\",\"@id\":\"https:\\\/\\\/akunq.net\\\/turkish\\\/2010\\\/07\\\/13\\\/sozde-soykirim-belgeselinin-galasi-abd-kongresinde-yapilacak\\\/\",\"url\":\"https:\\\/\\\/akunq.net\\\/turkish\\\/2010\\\/07\\\/13\\\/sozde-soykirim-belgeselinin-galasi-abd-kongresinde-yapilacak\\\/\",\"name\":\"S\u00f6zde soyk\u0131r\u0131m belgeselinin galas\u0131 ABD Kongresi`nde yap\u0131lacak - Bati Ermenistan Ve Bati Ermenileri Sorunlari Ara\u015ftirmalar Merkezi\",\"isPartOf\":{\"@id\":\"https:\\\/\\\/akunq.net\\\/turkish\\\/#website\"},\"datePublished\":\"2010-07-13T09:59:15+00:00\",\"author\":{\"@id\":\"https:\\\/\\\/akunq.net\\\/turkish\\\/#\\\/schema\\\/person\\\/135e7923d1aeb8887890799619969a6c\"},\"breadcrumb\":{\"@id\":\"https:\\\/\\\/akunq.net\\\/turkish\\\/2010\\\/07\\\/13\\\/sozde-soykirim-belgeselinin-galasi-abd-kongresinde-yapilacak\\\/#breadcrumb\"},\"inLanguage\":\"en-US\",\"potentialAction\":[{\"@type\":\"ReadAction\",\"target\":[\"https:\\\/\\\/akunq.net\\\/turkish\\\/2010\\\/07\\\/13\\\/sozde-soykirim-belgeselinin-galasi-abd-kongresinde-yapilacak\\\/\"]}]},{\"@type\":\"BreadcrumbList\",\"@id\":\"https:\\\/\\\/akunq.net\\\/turkish\\\/2010\\\/07\\\/13\\\/sozde-soykirim-belgeselinin-galasi-abd-kongresinde-yapilacak\\\/#breadcrumb\",\"itemListElement\":[{\"@type\":\"ListItem\",\"position\":1,\"name\":\"Home\",\"item\":\"https:\\\/\\\/akunq.net\\\/turkish\\\/\"},{\"@type\":\"ListItem\",\"position\":2,\"name\":\"S\u00f6zde soyk\u0131r\u0131m belgeselinin galas\u0131 ABD Kongresi`nde yap\u0131lacak\"}]},{\"@type\":\"WebSite\",\"@id\":\"https:\\\/\\\/akunq.net\\\/turkish\\\/#website\",\"url\":\"https:\\\/\\\/akunq.net\\\/turkish\\\/\",\"name\":\"Bati Ermenistan Ve Bati Ermenileri Sorunlari Ara\u015ftirmalar Merkezi\",\"description\":\"\",\"potentialAction\":[{\"@type\":\"SearchAction\",\"target\":{\"@type\":\"EntryPoint\",\"urlTemplate\":\"https:\\\/\\\/akunq.net\\\/turkish\\\/?s={search_term_string}\"},\"query-input\":{\"@type\":\"PropertyValueSpecification\",\"valueRequired\":true,\"valueName\":\"search_term_string\"}}],\"inLanguage\":\"en-US\"},{\"@type\":\"Person\",\"@id\":\"https:\\\/\\\/akunq.net\\\/turkish\\\/#\\\/schema\\\/person\\\/135e7923d1aeb8887890799619969a6c\",\"name\":\"kalem\",\"image\":{\"@type\":\"ImageObject\",\"inLanguage\":\"en-US\",\"@id\":\"https:\\\/\\\/secure.gravatar.com\\\/avatar\\\/a06875e4b25feb5674296adf8e8a7ae1e587cebce2493fe63c456109967e27d3?s=96&d=mm&r=g\",\"url\":\"https:\\\/\\\/secure.gravatar.com\\\/avatar\\\/a06875e4b25feb5674296adf8e8a7ae1e587cebce2493fe63c456109967e27d3?s=96&d=mm&r=g\",\"contentUrl\":\"https:\\\/\\\/secure.gravatar.com\\\/avatar\\\/a06875e4b25feb5674296adf8e8a7ae1e587cebce2493fe63c456109967e27d3?s=96&d=mm&r=g\",\"caption\":\"kalem\"},\"url\":\"https:\\\/\\\/akunq.net\\\/turkish\\\/author\\\/kalem\\\/\"}]}<\/script>\n<!-- \/ Yoast SEO plugin. -->","yoast_head_json":{"title":"S\u00f6zde soyk\u0131r\u0131m belgeselinin galas\u0131 ABD Kongresi`nde yap\u0131lacak - Bati Ermenistan Ve Bati Ermenileri Sorunlari Ara\u015ftirmalar Merkezi","robots":{"index":"index","follow":"follow","max-snippet":"max-snippet:-1","max-image-preview":"max-image-preview:large","max-video-preview":"max-video-preview:-1"},"canonical":"https:\/\/akunq.net\/turkish\/2010\/07\/13\/sozde-soykirim-belgeselinin-galasi-abd-kongresinde-yapilacak\/","og_locale":"en_US","og_type":"article","og_title":"S\u00f6zde soyk\u0131r\u0131m belgeselinin galas\u0131 ABD Kongresi`nde yap\u0131lacak - Bati Ermenistan Ve Bati Ermenileri Sorunlari Ara\u015ftirmalar Merkezi","og_description":"S\u00f6zde soyk\u0131r\u0131m belgeselinin galas\u0131 ABD Kongresi`nde yap\u0131lacak. ABD D\u0131\u015fi\u015fleri Bakan\u0131 Hillary Clinton`\u0131n Erivan`a ger\u00e7ekle\u015ftirdi\u011fi resmi ziyaret s\u0131ras\u0131nda `Soyk\u0131r\u0131m An\u0131t\u0131`na gitmesinin yank\u0131lar\u0131 devam ederken, Amerikan Kongresi \u015fimdi de `Aghet: Bir Soyk\u0131r\u0131m` adl\u0131 belgeselin galas\u0131na ev sahipli\u011fi yapmaya haz\u0131rlan\u0131yor. Belgeselin ABD Kongresi`nde ilk kez g\u00f6sterilece\u011fi haberi Ermenistan bas\u0131n\u0131nda geni\u015f yer ald\u0131. Alman yap\u0131mc\u0131 Eric Friedler`in \u00e7ekti\u011fi 90 [&hellip;]","og_url":"https:\/\/akunq.net\/turkish\/2010\/07\/13\/sozde-soykirim-belgeselinin-galasi-abd-kongresinde-yapilacak\/","og_site_name":"Bati Ermenistan Ve Bati Ermenileri Sorunlari Ara\u015ftirmalar Merkezi","article_published_time":"2010-07-13T09:59:15+00:00","author":"kalem","twitter_card":"summary_large_image","twitter_misc":{"Written by":"kalem","Est. reading time":"1 minute"},"schema":{"@context":"https:\/\/schema.org","@graph":[{"@type":"Article","@id":"https:\/\/akunq.net\/turkish\/2010\/07\/13\/sozde-soykirim-belgeselinin-galasi-abd-kongresinde-yapilacak\/#article","isPartOf":{"@id":"https:\/\/akunq.net\/turkish\/2010\/07\/13\/sozde-soykirim-belgeselinin-galasi-abd-kongresinde-yapilacak\/"},"author":{"name":"kalem","@id":"https:\/\/akunq.net\/turkish\/#\/schema\/person\/135e7923d1aeb8887890799619969a6c"},"headline":"S\u00f6zde soyk\u0131r\u0131m belgeselinin galas\u0131 ABD Kongresi`nde yap\u0131lacak","datePublished":"2010-07-13T09:59:15+00:00","mainEntityOfPage":{"@id":"https:\/\/akunq.net\/turkish\/2010\/07\/13\/sozde-soykirim-belgeselinin-galasi-abd-kongresinde-yapilacak\/"},"wordCount":209,"articleSection":["Haberler"],"inLanguage":"en-US"},{"@type":"WebPage","@id":"https:\/\/akunq.net\/turkish\/2010\/07\/13\/sozde-soykirim-belgeselinin-galasi-abd-kongresinde-yapilacak\/","url":"https:\/\/akunq.net\/turkish\/2010\/07\/13\/sozde-soykirim-belgeselinin-galasi-abd-kongresinde-yapilacak\/","name":"S\u00f6zde soyk\u0131r\u0131m belgeselinin galas\u0131 ABD Kongresi`nde yap\u0131lacak - Bati Ermenistan Ve Bati Ermenileri Sorunlari Ara\u015ftirmalar Merkezi","isPartOf":{"@id":"https:\/\/akunq.net\/turkish\/#website"},"datePublished":"2010-07-13T09:59:15+00:00","author":{"@id":"https:\/\/akunq.net\/turkish\/#\/schema\/person\/135e7923d1aeb8887890799619969a6c"},"breadcrumb":{"@id":"https:\/\/akunq.net\/turkish\/2010\/07\/13\/sozde-soykirim-belgeselinin-galasi-abd-kongresinde-yapilacak\/#breadcrumb"},"inLanguage":"en-US","potentialAction":[{"@type":"ReadAction","target":["https:\/\/akunq.net\/turkish\/2010\/07\/13\/sozde-soykirim-belgeselinin-galasi-abd-kongresinde-yapilacak\/"]}]},{"@type":"BreadcrumbList","@id":"https:\/\/akunq.net\/turkish\/2010\/07\/13\/sozde-soykirim-belgeselinin-galasi-abd-kongresinde-yapilacak\/#breadcrumb","itemListElement":[{"@type":"ListItem","position":1,"name":"Home","item":"https:\/\/akunq.net\/turkish\/"},{"@type":"ListItem","position":2,"name":"S\u00f6zde soyk\u0131r\u0131m belgeselinin galas\u0131 ABD Kongresi`nde yap\u0131lacak"}]},{"@type":"WebSite","@id":"https:\/\/akunq.net\/turkish\/#website","url":"https:\/\/akunq.net\/turkish\/","name":"Bati Ermenistan Ve Bati Ermenileri Sorunlari Ara\u015ftirmalar Merkezi","description":"","potentialAction":[{"@type":"SearchAction","target":{"@type":"EntryPoint","urlTemplate":"https:\/\/akunq.net\/turkish\/?s={search_term_string}"},"query-input":{"@type":"PropertyValueSpecification","valueRequired":true,"valueName":"search_term_string"}}],"inLanguage":"en-US"},{"@type":"Person","@id":"https:\/\/akunq.net\/turkish\/#\/schema\/person\/135e7923d1aeb8887890799619969a6c","name":"kalem","image":{"@type":"ImageObject","inLanguage":"en-US","@id":"https:\/\/secure.gravatar.com\/avatar\/a06875e4b25feb5674296adf8e8a7ae1e587cebce2493fe63c456109967e27d3?s=96&d=mm&r=g","url":"https:\/\/secure.gravatar.com\/avatar\/a06875e4b25feb5674296adf8e8a7ae1e587cebce2493fe63c456109967e27d3?s=96&d=mm&r=g","contentUrl":"https:\/\/secure.gravatar.com\/avatar\/a06875e4b25feb5674296adf8e8a7ae1e587cebce2493fe63c456109967e27d3?s=96&d=mm&r=g","caption":"kalem"},"url":"https:\/\/akunq.net\/turkish\/author\/kalem\/"}]}},"_links":{"self":[{"href":"https:\/\/akunq.net\/turkish\/wp-json\/wp\/v2\/posts\/1267","targetHints":{"allow":["GET"]}}],"collection":[{"href":"https:\/\/akunq.net\/turkish\/wp-json\/wp\/v2\/posts"}],"about":[{"href":"https:\/\/akunq.net\/turkish\/wp-json\/wp\/v2\/types\/post"}],"author":[{"embeddable":true,"href":"https:\/\/akunq.net\/turkish\/wp-json\/wp\/v2\/users\/3"}],"replies":[{"embeddable":true,"href":"https:\/\/akunq.net\/turkish\/wp-json\/wp\/v2\/comments?post=1267"}],"version-history":[{"count":0,"href":"https:\/\/akunq.net\/turkish\/wp-json\/wp\/v2\/posts\/1267\/revisions"}],"wp:attachment":[{"href":"https:\/\/akunq.net\/turkish\/wp-json\/wp\/v2\/media?parent=1267"}],"wp:term":[{"taxonomy":"category","embeddable":true,"href":"https:\/\/akunq.net\/turkish\/wp-json\/wp\/v2\/categories?post=1267"},{"taxonomy":"post_tag","embeddable":true,"href":"https:\/\/akunq.net\/turkish\/wp-json\/wp\/v2\/tags?post=1267"}],"curies":[{"name":"wp","href":"https:\/\/api.w.org\/{rel}","templated":true}]}}