{"id":1264,"date":"2010-07-13T02:03:09","date_gmt":"2010-07-13T07:03:09","guid":{"rendered":"http:\/\/akunq.net\/tr\/?p=1264"},"modified":"2010-07-13T02:03:09","modified_gmt":"2010-07-13T07:03:09","slug":"ermenice-sarkiya-trt-engeli","status":"publish","type":"post","link":"https:\/\/akunq.net\/turkish\/2010\/07\/13\/ermenice-sarkiya-trt-engeli\/","title":{"rendered":"Ermenice \u015fark\u0131ya TRT engeli"},"content":{"rendered":"<p style=\"text-align: justify\">Hayko\u2019nun o\u011flu Alex\u2019in Ermenice \u015fark\u0131s\u0131na TRT&#8217;den izin yok!<\/p>\n<p style=\"text-align: justify\">TRT, Alex\u2019in \u2018\u0130z\u2019 isimli alb\u00fcm\u00fcnde Ermenice s\u00f6yledi\u011fi \u015fark\u0131y\u0131 sak\u0131ncal\u0131 buldu. T\u00fcrk\u00e7e&#8217;si \u2018Ac\u0131yla Dolu\u2019 olan \u015fark\u0131n\u0131n TRT kanallar\u0131ndan yay\u0131nlanmas\u0131na izin verilmedi.<\/p>\n<p style=\"text-align: justify\">Vatan\u2019\u0131n haberine g\u00f6re, T\u00fcrk sinemas\u0131n\u0131n \u00f6nemli isimlerinden T\u00fcrkan \u015eoray\u2019\u0131n &#8220;Buruk Ac\u0131\u2019&#8221; olarak s\u00f6zlerini yazd\u0131\u011f\u0131 \u015fark\u0131 1980\u2019li y\u0131llarda Alex\u2019in babas\u0131 \u00fcnl\u00fc taverna \u015fark\u0131c\u0131s\u0131 Hayko taraf\u0131ndan Ermenice yaz\u0131lm\u0131\u015f ve s\u00f6ylenmi\u015fti. Hayko\u2019nun o\u011flu Alex de, yeni alb\u00fcm\u00fc i\u00e7in \u015fark\u0131y\u0131 Ermeni \u00c7ocuk Korosu ile tekrar Ermenice okudu. Orijinal haline sad\u0131k kal\u0131narak babas\u0131 Hayko taraf\u0131ndan yeniden yaz\u0131lan \u015fark\u0131y\u0131 Trt Denetleme Kurulu\u2019nun neden g\u00f6stermeden yasaklamas\u0131 gen\u00e7 \u015fark\u0131y\u0131 olduk\u00e7a \u015fa\u015f\u0131rtt\u0131.<\/p>\n<p><strong>&#8220;YASAKLAMAK \u00c7\u00d6Z\u00dcM DE\u011e\u0130L&#8221;<\/strong><\/p>\n<p style=\"text-align: justify\">Alex, \u2018Ben herhangi bir k\u00f6t\u00fc niyet ya da politik mesajlar i\u00e7ermeden bu \u015fark\u0131y\u0131 haz\u0131rlam\u0131\u015ft\u0131m. Babam\u0131n s\u00f6zlerini yazd\u0131\u011f\u0131 \u015fark\u0131y\u0131 \u00e7ocuk korosu ile st\u00fcdyoda s\u00f6ylerken \u00e7ok duygusal anlar ya\u015fad\u0131m. \u015eark\u0131n\u0131n Ermenice s\u00f6zleri tamamiyle a\u015fk\u0131 anlat\u0131yor. Yasaklamak \u00e7\u00f6z\u00fcm de\u011fil, bence halk\u0131n tercihine b\u0131rakmak laz\u0131m. Zaten halk en g\u00fczel yasa\u011f\u0131 o \u015fark\u0131y\u0131 ve sanat\u00e7\u0131y\u0131 dinlemeyerek veriyor\u201d diye konu\u015ftu.<\/p>\n<p style=\"text-align: justify\">\u00a0Ermenice &#8220;V\u0131\u015ftov Letzun&#8221; (Ac\u0131yla dolu) olan \u015fark\u0131n\u0131n T\u00fcrk\u00e7e s\u00f6zleri;<\/p>\n<p>Ac\u0131yla dolu<br \/>\nSeni g\u00f6r\u00fcr g\u00f6rmez y\u00fcre\u011fim sevgiyle doldu<br \/>\nEski g\u00fcnleri hat\u0131rlad\u0131m<br \/>\nG\u00f6zlerim ya\u015fla doldu<br \/>\n\u00d6mr\u00fcm b\u00f6yle ge\u00e7ti<br \/>\nAc\u0131 dolu hat\u0131ralarla<br \/>\nHangi kap\u0131y\u0131 \u00e7alsam<br \/>\nHer yer ac\u0131 ile dolu<br \/>\nT\u00fcm kalbimle seni ger\u00e7ekten sevdim<br \/>\nSen beni aldatt\u0131n<br \/>\nBa\u015fkalar\u0131n\u0131n yan\u0131na gittin<br \/>\nBiliyorsun sevgilim<br \/>\nBir g\u00fcn g\u00fclmedim<br \/>\nSenin yolunu g\u00f6z\u00fcmde ya\u015flarla bekledim<\/p>\n<p style=\"text-align: justify\">12 Temmuz 2010 Pazartesi, 09:58:18<\/p>\n<p style=\"text-align: justify\"><a href=\"http:\/\/www.haberturk.com\/kultur-sanat\/haber\/531500-ermenice-sarkiya-trt-engeli\">http:\/\/www.haberturk.com\/kultur-sanat\/haber\/531500-ermenice-sarkiya-trt-engeli<\/a><\/p>\n","protected":false},"excerpt":{"rendered":"<p>Hayko\u2019nun o\u011flu Alex\u2019in Ermenice \u015fark\u0131s\u0131na TRT&#8217;den izin yok! TRT, Alex\u2019in \u2018\u0130z\u2019 isimli alb\u00fcm\u00fcnde Ermenice s\u00f6yledi\u011fi \u015fark\u0131y\u0131 sak\u0131ncal\u0131 buldu. T\u00fcrk\u00e7e&#8217;si \u2018Ac\u0131yla Dolu\u2019 olan \u015fark\u0131n\u0131n TRT kanallar\u0131ndan yay\u0131nlanmas\u0131na izin verilmedi. Vatan\u2019\u0131n haberine g\u00f6re, T\u00fcrk sinemas\u0131n\u0131n \u00f6nemli isimlerinden T\u00fcrkan \u015eoray\u2019\u0131n &#8220;Buruk Ac\u0131\u2019&#8221; olarak s\u00f6zlerini yazd\u0131\u011f\u0131 \u015fark\u0131 1980\u2019li y\u0131llarda Alex\u2019in babas\u0131 \u00fcnl\u00fc taverna \u015fark\u0131c\u0131s\u0131 Hayko taraf\u0131ndan Ermenice yaz\u0131lm\u0131\u015f ve [&hellip;]<\/p>\n","protected":false},"author":3,"featured_media":0,"comment_status":"closed","ping_status":"open","sticky":false,"template":"","format":"standard","meta":{"footnotes":""},"categories":[14],"tags":[],"class_list":["post-1264","post","type-post","status-publish","format-standard","hentry","category-haberler"],"yoast_head":"<!-- This site is optimized with the Yoast SEO plugin v27.4 - https:\/\/yoast.com\/product\/yoast-seo-wordpress\/ -->\n<title>Ermenice \u015fark\u0131ya TRT engeli - Bati Ermenistan Ve Bati Ermenileri Sorunlari Ara\u015ftirmalar Merkezi<\/title>\n<meta name=\"robots\" content=\"index, follow, max-snippet:-1, max-image-preview:large, max-video-preview:-1\" \/>\n<link rel=\"canonical\" href=\"https:\/\/akunq.net\/turkish\/2010\/07\/13\/ermenice-sarkiya-trt-engeli\/\" \/>\n<meta property=\"og:locale\" content=\"en_US\" \/>\n<meta property=\"og:type\" content=\"article\" \/>\n<meta property=\"og:title\" content=\"Ermenice \u015fark\u0131ya TRT engeli - Bati Ermenistan Ve Bati Ermenileri Sorunlari Ara\u015ftirmalar Merkezi\" \/>\n<meta property=\"og:description\" content=\"Hayko\u2019nun o\u011flu Alex\u2019in Ermenice \u015fark\u0131s\u0131na TRT&#8217;den izin yok! TRT, Alex\u2019in \u2018\u0130z\u2019 isimli alb\u00fcm\u00fcnde Ermenice s\u00f6yledi\u011fi \u015fark\u0131y\u0131 sak\u0131ncal\u0131 buldu. T\u00fcrk\u00e7e&#8217;si \u2018Ac\u0131yla Dolu\u2019 olan \u015fark\u0131n\u0131n TRT kanallar\u0131ndan yay\u0131nlanmas\u0131na izin verilmedi. Vatan\u2019\u0131n haberine g\u00f6re, T\u00fcrk sinemas\u0131n\u0131n \u00f6nemli isimlerinden T\u00fcrkan \u015eoray\u2019\u0131n &#8220;Buruk Ac\u0131\u2019&#8221; olarak s\u00f6zlerini yazd\u0131\u011f\u0131 \u015fark\u0131 1980\u2019li y\u0131llarda Alex\u2019in babas\u0131 \u00fcnl\u00fc taverna \u015fark\u0131c\u0131s\u0131 Hayko taraf\u0131ndan Ermenice yaz\u0131lm\u0131\u015f ve [&hellip;]\" \/>\n<meta property=\"og:url\" content=\"https:\/\/akunq.net\/turkish\/2010\/07\/13\/ermenice-sarkiya-trt-engeli\/\" \/>\n<meta property=\"og:site_name\" content=\"Bati Ermenistan Ve Bati Ermenileri Sorunlari Ara\u015ftirmalar Merkezi\" \/>\n<meta property=\"article:published_time\" content=\"2010-07-13T07:03:09+00:00\" \/>\n<meta name=\"author\" content=\"kalem\" \/>\n<meta name=\"twitter:card\" content=\"summary_large_image\" \/>\n<meta name=\"twitter:label1\" content=\"Written by\" \/>\n\t<meta name=\"twitter:data1\" content=\"kalem\" \/>\n\t<meta name=\"twitter:label2\" content=\"Est. reading time\" \/>\n\t<meta name=\"twitter:data2\" content=\"2 minutes\" \/>\n<script type=\"application\/ld+json\" class=\"yoast-schema-graph\">{\"@context\":\"https:\\\/\\\/schema.org\",\"@graph\":[{\"@type\":\"Article\",\"@id\":\"https:\\\/\\\/akunq.net\\\/turkish\\\/2010\\\/07\\\/13\\\/ermenice-sarkiya-trt-engeli\\\/#article\",\"isPartOf\":{\"@id\":\"https:\\\/\\\/akunq.net\\\/turkish\\\/2010\\\/07\\\/13\\\/ermenice-sarkiya-trt-engeli\\\/\"},\"author\":{\"name\":\"kalem\",\"@id\":\"https:\\\/\\\/akunq.net\\\/turkish\\\/#\\\/schema\\\/person\\\/135e7923d1aeb8887890799619969a6c\"},\"headline\":\"Ermenice \u015fark\u0131ya TRT engeli\",\"datePublished\":\"2010-07-13T07:03:09+00:00\",\"mainEntityOfPage\":{\"@id\":\"https:\\\/\\\/akunq.net\\\/turkish\\\/2010\\\/07\\\/13\\\/ermenice-sarkiya-trt-engeli\\\/\"},\"wordCount\":335,\"articleSection\":[\"Haberler\"],\"inLanguage\":\"en-US\"},{\"@type\":\"WebPage\",\"@id\":\"https:\\\/\\\/akunq.net\\\/turkish\\\/2010\\\/07\\\/13\\\/ermenice-sarkiya-trt-engeli\\\/\",\"url\":\"https:\\\/\\\/akunq.net\\\/turkish\\\/2010\\\/07\\\/13\\\/ermenice-sarkiya-trt-engeli\\\/\",\"name\":\"Ermenice \u015fark\u0131ya TRT engeli - Bati Ermenistan Ve Bati Ermenileri Sorunlari Ara\u015ftirmalar Merkezi\",\"isPartOf\":{\"@id\":\"https:\\\/\\\/akunq.net\\\/turkish\\\/#website\"},\"datePublished\":\"2010-07-13T07:03:09+00:00\",\"author\":{\"@id\":\"https:\\\/\\\/akunq.net\\\/turkish\\\/#\\\/schema\\\/person\\\/135e7923d1aeb8887890799619969a6c\"},\"breadcrumb\":{\"@id\":\"https:\\\/\\\/akunq.net\\\/turkish\\\/2010\\\/07\\\/13\\\/ermenice-sarkiya-trt-engeli\\\/#breadcrumb\"},\"inLanguage\":\"en-US\",\"potentialAction\":[{\"@type\":\"ReadAction\",\"target\":[\"https:\\\/\\\/akunq.net\\\/turkish\\\/2010\\\/07\\\/13\\\/ermenice-sarkiya-trt-engeli\\\/\"]}]},{\"@type\":\"BreadcrumbList\",\"@id\":\"https:\\\/\\\/akunq.net\\\/turkish\\\/2010\\\/07\\\/13\\\/ermenice-sarkiya-trt-engeli\\\/#breadcrumb\",\"itemListElement\":[{\"@type\":\"ListItem\",\"position\":1,\"name\":\"Home\",\"item\":\"https:\\\/\\\/akunq.net\\\/turkish\\\/\"},{\"@type\":\"ListItem\",\"position\":2,\"name\":\"Ermenice \u015fark\u0131ya TRT engeli\"}]},{\"@type\":\"WebSite\",\"@id\":\"https:\\\/\\\/akunq.net\\\/turkish\\\/#website\",\"url\":\"https:\\\/\\\/akunq.net\\\/turkish\\\/\",\"name\":\"Bati Ermenistan Ve Bati Ermenileri Sorunlari Ara\u015ftirmalar Merkezi\",\"description\":\"\",\"potentialAction\":[{\"@type\":\"SearchAction\",\"target\":{\"@type\":\"EntryPoint\",\"urlTemplate\":\"https:\\\/\\\/akunq.net\\\/turkish\\\/?s={search_term_string}\"},\"query-input\":{\"@type\":\"PropertyValueSpecification\",\"valueRequired\":true,\"valueName\":\"search_term_string\"}}],\"inLanguage\":\"en-US\"},{\"@type\":\"Person\",\"@id\":\"https:\\\/\\\/akunq.net\\\/turkish\\\/#\\\/schema\\\/person\\\/135e7923d1aeb8887890799619969a6c\",\"name\":\"kalem\",\"image\":{\"@type\":\"ImageObject\",\"inLanguage\":\"en-US\",\"@id\":\"https:\\\/\\\/secure.gravatar.com\\\/avatar\\\/a06875e4b25feb5674296adf8e8a7ae1e587cebce2493fe63c456109967e27d3?s=96&d=mm&r=g\",\"url\":\"https:\\\/\\\/secure.gravatar.com\\\/avatar\\\/a06875e4b25feb5674296adf8e8a7ae1e587cebce2493fe63c456109967e27d3?s=96&d=mm&r=g\",\"contentUrl\":\"https:\\\/\\\/secure.gravatar.com\\\/avatar\\\/a06875e4b25feb5674296adf8e8a7ae1e587cebce2493fe63c456109967e27d3?s=96&d=mm&r=g\",\"caption\":\"kalem\"},\"url\":\"https:\\\/\\\/akunq.net\\\/turkish\\\/author\\\/kalem\\\/\"}]}<\/script>\n<!-- \/ Yoast SEO plugin. -->","yoast_head_json":{"title":"Ermenice \u015fark\u0131ya TRT engeli - Bati Ermenistan Ve Bati Ermenileri Sorunlari Ara\u015ftirmalar Merkezi","robots":{"index":"index","follow":"follow","max-snippet":"max-snippet:-1","max-image-preview":"max-image-preview:large","max-video-preview":"max-video-preview:-1"},"canonical":"https:\/\/akunq.net\/turkish\/2010\/07\/13\/ermenice-sarkiya-trt-engeli\/","og_locale":"en_US","og_type":"article","og_title":"Ermenice \u015fark\u0131ya TRT engeli - Bati Ermenistan Ve Bati Ermenileri Sorunlari Ara\u015ftirmalar Merkezi","og_description":"Hayko\u2019nun o\u011flu Alex\u2019in Ermenice \u015fark\u0131s\u0131na TRT&#8217;den izin yok! TRT, Alex\u2019in \u2018\u0130z\u2019 isimli alb\u00fcm\u00fcnde Ermenice s\u00f6yledi\u011fi \u015fark\u0131y\u0131 sak\u0131ncal\u0131 buldu. T\u00fcrk\u00e7e&#8217;si \u2018Ac\u0131yla Dolu\u2019 olan \u015fark\u0131n\u0131n TRT kanallar\u0131ndan yay\u0131nlanmas\u0131na izin verilmedi. Vatan\u2019\u0131n haberine g\u00f6re, T\u00fcrk sinemas\u0131n\u0131n \u00f6nemli isimlerinden T\u00fcrkan \u015eoray\u2019\u0131n &#8220;Buruk Ac\u0131\u2019&#8221; olarak s\u00f6zlerini yazd\u0131\u011f\u0131 \u015fark\u0131 1980\u2019li y\u0131llarda Alex\u2019in babas\u0131 \u00fcnl\u00fc taverna \u015fark\u0131c\u0131s\u0131 Hayko taraf\u0131ndan Ermenice yaz\u0131lm\u0131\u015f ve [&hellip;]","og_url":"https:\/\/akunq.net\/turkish\/2010\/07\/13\/ermenice-sarkiya-trt-engeli\/","og_site_name":"Bati Ermenistan Ve Bati Ermenileri Sorunlari Ara\u015ftirmalar Merkezi","article_published_time":"2010-07-13T07:03:09+00:00","author":"kalem","twitter_card":"summary_large_image","twitter_misc":{"Written by":"kalem","Est. reading time":"2 minutes"},"schema":{"@context":"https:\/\/schema.org","@graph":[{"@type":"Article","@id":"https:\/\/akunq.net\/turkish\/2010\/07\/13\/ermenice-sarkiya-trt-engeli\/#article","isPartOf":{"@id":"https:\/\/akunq.net\/turkish\/2010\/07\/13\/ermenice-sarkiya-trt-engeli\/"},"author":{"name":"kalem","@id":"https:\/\/akunq.net\/turkish\/#\/schema\/person\/135e7923d1aeb8887890799619969a6c"},"headline":"Ermenice \u015fark\u0131ya TRT engeli","datePublished":"2010-07-13T07:03:09+00:00","mainEntityOfPage":{"@id":"https:\/\/akunq.net\/turkish\/2010\/07\/13\/ermenice-sarkiya-trt-engeli\/"},"wordCount":335,"articleSection":["Haberler"],"inLanguage":"en-US"},{"@type":"WebPage","@id":"https:\/\/akunq.net\/turkish\/2010\/07\/13\/ermenice-sarkiya-trt-engeli\/","url":"https:\/\/akunq.net\/turkish\/2010\/07\/13\/ermenice-sarkiya-trt-engeli\/","name":"Ermenice \u015fark\u0131ya TRT engeli - Bati Ermenistan Ve Bati Ermenileri Sorunlari Ara\u015ftirmalar Merkezi","isPartOf":{"@id":"https:\/\/akunq.net\/turkish\/#website"},"datePublished":"2010-07-13T07:03:09+00:00","author":{"@id":"https:\/\/akunq.net\/turkish\/#\/schema\/person\/135e7923d1aeb8887890799619969a6c"},"breadcrumb":{"@id":"https:\/\/akunq.net\/turkish\/2010\/07\/13\/ermenice-sarkiya-trt-engeli\/#breadcrumb"},"inLanguage":"en-US","potentialAction":[{"@type":"ReadAction","target":["https:\/\/akunq.net\/turkish\/2010\/07\/13\/ermenice-sarkiya-trt-engeli\/"]}]},{"@type":"BreadcrumbList","@id":"https:\/\/akunq.net\/turkish\/2010\/07\/13\/ermenice-sarkiya-trt-engeli\/#breadcrumb","itemListElement":[{"@type":"ListItem","position":1,"name":"Home","item":"https:\/\/akunq.net\/turkish\/"},{"@type":"ListItem","position":2,"name":"Ermenice \u015fark\u0131ya TRT engeli"}]},{"@type":"WebSite","@id":"https:\/\/akunq.net\/turkish\/#website","url":"https:\/\/akunq.net\/turkish\/","name":"Bati Ermenistan Ve Bati Ermenileri Sorunlari Ara\u015ftirmalar Merkezi","description":"","potentialAction":[{"@type":"SearchAction","target":{"@type":"EntryPoint","urlTemplate":"https:\/\/akunq.net\/turkish\/?s={search_term_string}"},"query-input":{"@type":"PropertyValueSpecification","valueRequired":true,"valueName":"search_term_string"}}],"inLanguage":"en-US"},{"@type":"Person","@id":"https:\/\/akunq.net\/turkish\/#\/schema\/person\/135e7923d1aeb8887890799619969a6c","name":"kalem","image":{"@type":"ImageObject","inLanguage":"en-US","@id":"https:\/\/secure.gravatar.com\/avatar\/a06875e4b25feb5674296adf8e8a7ae1e587cebce2493fe63c456109967e27d3?s=96&d=mm&r=g","url":"https:\/\/secure.gravatar.com\/avatar\/a06875e4b25feb5674296adf8e8a7ae1e587cebce2493fe63c456109967e27d3?s=96&d=mm&r=g","contentUrl":"https:\/\/secure.gravatar.com\/avatar\/a06875e4b25feb5674296adf8e8a7ae1e587cebce2493fe63c456109967e27d3?s=96&d=mm&r=g","caption":"kalem"},"url":"https:\/\/akunq.net\/turkish\/author\/kalem\/"}]}},"_links":{"self":[{"href":"https:\/\/akunq.net\/turkish\/wp-json\/wp\/v2\/posts\/1264","targetHints":{"allow":["GET"]}}],"collection":[{"href":"https:\/\/akunq.net\/turkish\/wp-json\/wp\/v2\/posts"}],"about":[{"href":"https:\/\/akunq.net\/turkish\/wp-json\/wp\/v2\/types\/post"}],"author":[{"embeddable":true,"href":"https:\/\/akunq.net\/turkish\/wp-json\/wp\/v2\/users\/3"}],"replies":[{"embeddable":true,"href":"https:\/\/akunq.net\/turkish\/wp-json\/wp\/v2\/comments?post=1264"}],"version-history":[{"count":0,"href":"https:\/\/akunq.net\/turkish\/wp-json\/wp\/v2\/posts\/1264\/revisions"}],"wp:attachment":[{"href":"https:\/\/akunq.net\/turkish\/wp-json\/wp\/v2\/media?parent=1264"}],"wp:term":[{"taxonomy":"category","embeddable":true,"href":"https:\/\/akunq.net\/turkish\/wp-json\/wp\/v2\/categories?post=1264"},{"taxonomy":"post_tag","embeddable":true,"href":"https:\/\/akunq.net\/turkish\/wp-json\/wp\/v2\/tags?post=1264"}],"curies":[{"name":"wp","href":"https:\/\/api.w.org\/{rel}","templated":true}]}}