{"id":1262,"date":"2010-07-13T02:01:48","date_gmt":"2010-07-13T07:01:48","guid":{"rendered":"http:\/\/akunq.net\/tr\/?p=1262"},"modified":"2010-07-13T02:01:48","modified_gmt":"2010-07-13T07:01:48","slug":"ayin-alarmi","status":"publish","type":"post","link":"https:\/\/akunq.net\/turkish\/2010\/07\/13\/ayin-alarmi\/","title":{"rendered":"\u2018Ayin\u2019 alarm\u0131"},"content":{"rendered":"<p style=\"text-align: justify\"><strong>Trabzon\u2019daki S\u00fcmela Manast\u0131r\u0131 ile Van\u2019daki Akdamar Kilisesi\u2019nde d\u00fczenlenecek ayinler i\u00e7in polis ve jandarma \u00e7al\u0131\u015fmalar\u0131n\u0131 yo\u011funla\u015ft\u0131rd\u0131.<\/strong><\/p>\n<p style=\"text-align: justify\">K\u00fclt\u00fcr ve Turizm Bakanl\u0131\u011f\u0131, ge\u00e7en hafta \u0130\u00e7i\u015fleri Bakanl\u0131\u011f\u0131 arac\u0131l\u0131\u011f\u0131yla jandarma ve polise bir yaz\u0131 g\u00f6ndererek, S\u00fcmela Manast\u0131r\u0131\u2019nda \u0130stanbul Fener Rum Patrikhanesi\u2019nin 15 A\u011fustos\u2019ta, Akdamar Adas\u0131\u2019nda T\u00fcrkiye Ermeni Patrikhanesi\u2019nin 12 Eyl\u00fcl\u2019de ayin d\u00fczenlemek istedi\u011fi hat\u0131rlat\u0131larak, \u201cVan\u2019daki ayin tarihinin 12 Eyl\u00fcl\u2019deki referanduma denk gelmesi nedeniyle patrikhaneyle yap\u0131lan g\u00f6r\u00fc\u015fmeler sonucunda 19 Eyl\u00fcl\u2019de d\u00fczenlenmesi konusunda g\u00f6r\u00fc\u015f birli\u011fine var\u0131ld\u0131\u201d denildi. Bakanl\u0131k, jandarma ile polisin ayinler \u00f6ncesinde kente gelecek ziyaret\u00e7ilerin g\u00fcvenli\u011finin sa\u011flanmas\u0131 konusunda koordinasyonu sa\u011flamas\u0131 istendi. Trabzon ve Van\u2019a gidecek ziyaret\u00e7iler i\u00e7in 3 a\u015famal\u0131 g\u00fcvenlik plan\u0131 uygulanacak. Futbol kar\u015f\u0131la\u015fmalar\u0131nda oldu\u011fu gibi ziyaret\u00e7iler ayin \u00f6ncesi, ayin an\u0131 ve ayin sonras\u0131 olmak \u00fczere polis ve jandarma taraf\u0131ndan s\u0131k\u0131 \u015fekilde korunacak.<\/p>\n<p style=\"text-align: justify\"><strong><em>Soner G\u00dcREL <\/em><\/strong><\/p>\n<p style=\"text-align: justify\"><strong><em>H\u00fcrriyet, \u00a0<\/em><\/strong><strong><em>13.07.2010<\/em><\/strong><\/p>\n","protected":false},"excerpt":{"rendered":"<p>Trabzon\u2019daki S\u00fcmela Manast\u0131r\u0131 ile Van\u2019daki Akdamar Kilisesi\u2019nde d\u00fczenlenecek ayinler i\u00e7in polis ve jandarma \u00e7al\u0131\u015fmalar\u0131n\u0131 yo\u011funla\u015ft\u0131rd\u0131. K\u00fclt\u00fcr ve Turizm Bakanl\u0131\u011f\u0131, ge\u00e7en hafta \u0130\u00e7i\u015fleri Bakanl\u0131\u011f\u0131 arac\u0131l\u0131\u011f\u0131yla jandarma ve polise bir yaz\u0131 g\u00f6ndererek, S\u00fcmela Manast\u0131r\u0131\u2019nda \u0130stanbul Fener Rum Patrikhanesi\u2019nin 15 A\u011fustos\u2019ta, Akdamar Adas\u0131\u2019nda T\u00fcrkiye Ermeni Patrikhanesi\u2019nin 12 Eyl\u00fcl\u2019de ayin d\u00fczenlemek istedi\u011fi hat\u0131rlat\u0131larak, \u201cVan\u2019daki ayin tarihinin 12 Eyl\u00fcl\u2019deki referanduma [&hellip;]<\/p>\n","protected":false},"author":3,"featured_media":0,"comment_status":"closed","ping_status":"open","sticky":false,"template":"","format":"standard","meta":{"footnotes":""},"categories":[14],"tags":[],"class_list":["post-1262","post","type-post","status-publish","format-standard","hentry","category-haberler"],"yoast_head":"<!-- This site is optimized with the Yoast SEO plugin v27.4 - https:\/\/yoast.com\/product\/yoast-seo-wordpress\/ -->\n<title>\u2018Ayin\u2019 alarm\u0131 - Bati Ermenistan Ve Bati Ermenileri Sorunlari Ara\u015ftirmalar Merkezi<\/title>\n<meta name=\"robots\" content=\"index, follow, max-snippet:-1, max-image-preview:large, max-video-preview:-1\" \/>\n<link rel=\"canonical\" href=\"https:\/\/akunq.net\/turkish\/2010\/07\/13\/ayin-alarmi\/\" \/>\n<meta property=\"og:locale\" content=\"en_US\" \/>\n<meta property=\"og:type\" content=\"article\" \/>\n<meta property=\"og:title\" content=\"\u2018Ayin\u2019 alarm\u0131 - Bati Ermenistan Ve Bati Ermenileri Sorunlari Ara\u015ftirmalar Merkezi\" \/>\n<meta property=\"og:description\" content=\"Trabzon\u2019daki S\u00fcmela Manast\u0131r\u0131 ile Van\u2019daki Akdamar Kilisesi\u2019nde d\u00fczenlenecek ayinler i\u00e7in polis ve jandarma \u00e7al\u0131\u015fmalar\u0131n\u0131 yo\u011funla\u015ft\u0131rd\u0131. K\u00fclt\u00fcr ve Turizm Bakanl\u0131\u011f\u0131, ge\u00e7en hafta \u0130\u00e7i\u015fleri Bakanl\u0131\u011f\u0131 arac\u0131l\u0131\u011f\u0131yla jandarma ve polise bir yaz\u0131 g\u00f6ndererek, S\u00fcmela Manast\u0131r\u0131\u2019nda \u0130stanbul Fener Rum Patrikhanesi\u2019nin 15 A\u011fustos\u2019ta, Akdamar Adas\u0131\u2019nda T\u00fcrkiye Ermeni Patrikhanesi\u2019nin 12 Eyl\u00fcl\u2019de ayin d\u00fczenlemek istedi\u011fi hat\u0131rlat\u0131larak, \u201cVan\u2019daki ayin tarihinin 12 Eyl\u00fcl\u2019deki referanduma [&hellip;]\" \/>\n<meta property=\"og:url\" content=\"https:\/\/akunq.net\/turkish\/2010\/07\/13\/ayin-alarmi\/\" \/>\n<meta property=\"og:site_name\" content=\"Bati Ermenistan Ve Bati Ermenileri Sorunlari Ara\u015ftirmalar Merkezi\" \/>\n<meta property=\"article:published_time\" content=\"2010-07-13T07:01:48+00:00\" \/>\n<meta name=\"author\" content=\"kalem\" \/>\n<meta name=\"twitter:card\" content=\"summary_large_image\" \/>\n<meta name=\"twitter:label1\" content=\"Written by\" \/>\n\t<meta name=\"twitter:data1\" content=\"kalem\" \/>\n\t<meta name=\"twitter:label2\" content=\"Est. reading time\" \/>\n\t<meta name=\"twitter:data2\" content=\"1 minute\" \/>\n<script type=\"application\/ld+json\" class=\"yoast-schema-graph\">{\"@context\":\"https:\\\/\\\/schema.org\",\"@graph\":[{\"@type\":\"Article\",\"@id\":\"https:\\\/\\\/akunq.net\\\/turkish\\\/2010\\\/07\\\/13\\\/ayin-alarmi\\\/#article\",\"isPartOf\":{\"@id\":\"https:\\\/\\\/akunq.net\\\/turkish\\\/2010\\\/07\\\/13\\\/ayin-alarmi\\\/\"},\"author\":{\"name\":\"kalem\",\"@id\":\"https:\\\/\\\/akunq.net\\\/turkish\\\/#\\\/schema\\\/person\\\/135e7923d1aeb8887890799619969a6c\"},\"headline\":\"\u2018Ayin\u2019 alarm\u0131\",\"datePublished\":\"2010-07-13T07:01:48+00:00\",\"mainEntityOfPage\":{\"@id\":\"https:\\\/\\\/akunq.net\\\/turkish\\\/2010\\\/07\\\/13\\\/ayin-alarmi\\\/\"},\"wordCount\":183,\"articleSection\":[\"Haberler\"],\"inLanguage\":\"en-US\"},{\"@type\":\"WebPage\",\"@id\":\"https:\\\/\\\/akunq.net\\\/turkish\\\/2010\\\/07\\\/13\\\/ayin-alarmi\\\/\",\"url\":\"https:\\\/\\\/akunq.net\\\/turkish\\\/2010\\\/07\\\/13\\\/ayin-alarmi\\\/\",\"name\":\"\u2018Ayin\u2019 alarm\u0131 - Bati Ermenistan Ve Bati Ermenileri Sorunlari Ara\u015ftirmalar Merkezi\",\"isPartOf\":{\"@id\":\"https:\\\/\\\/akunq.net\\\/turkish\\\/#website\"},\"datePublished\":\"2010-07-13T07:01:48+00:00\",\"author\":{\"@id\":\"https:\\\/\\\/akunq.net\\\/turkish\\\/#\\\/schema\\\/person\\\/135e7923d1aeb8887890799619969a6c\"},\"breadcrumb\":{\"@id\":\"https:\\\/\\\/akunq.net\\\/turkish\\\/2010\\\/07\\\/13\\\/ayin-alarmi\\\/#breadcrumb\"},\"inLanguage\":\"en-US\",\"potentialAction\":[{\"@type\":\"ReadAction\",\"target\":[\"https:\\\/\\\/akunq.net\\\/turkish\\\/2010\\\/07\\\/13\\\/ayin-alarmi\\\/\"]}]},{\"@type\":\"BreadcrumbList\",\"@id\":\"https:\\\/\\\/akunq.net\\\/turkish\\\/2010\\\/07\\\/13\\\/ayin-alarmi\\\/#breadcrumb\",\"itemListElement\":[{\"@type\":\"ListItem\",\"position\":1,\"name\":\"Home\",\"item\":\"https:\\\/\\\/akunq.net\\\/turkish\\\/\"},{\"@type\":\"ListItem\",\"position\":2,\"name\":\"\u2018Ayin\u2019 alarm\u0131\"}]},{\"@type\":\"WebSite\",\"@id\":\"https:\\\/\\\/akunq.net\\\/turkish\\\/#website\",\"url\":\"https:\\\/\\\/akunq.net\\\/turkish\\\/\",\"name\":\"Bati Ermenistan Ve Bati Ermenileri Sorunlari Ara\u015ftirmalar Merkezi\",\"description\":\"\",\"potentialAction\":[{\"@type\":\"SearchAction\",\"target\":{\"@type\":\"EntryPoint\",\"urlTemplate\":\"https:\\\/\\\/akunq.net\\\/turkish\\\/?s={search_term_string}\"},\"query-input\":{\"@type\":\"PropertyValueSpecification\",\"valueRequired\":true,\"valueName\":\"search_term_string\"}}],\"inLanguage\":\"en-US\"},{\"@type\":\"Person\",\"@id\":\"https:\\\/\\\/akunq.net\\\/turkish\\\/#\\\/schema\\\/person\\\/135e7923d1aeb8887890799619969a6c\",\"name\":\"kalem\",\"image\":{\"@type\":\"ImageObject\",\"inLanguage\":\"en-US\",\"@id\":\"https:\\\/\\\/secure.gravatar.com\\\/avatar\\\/a06875e4b25feb5674296adf8e8a7ae1e587cebce2493fe63c456109967e27d3?s=96&d=mm&r=g\",\"url\":\"https:\\\/\\\/secure.gravatar.com\\\/avatar\\\/a06875e4b25feb5674296adf8e8a7ae1e587cebce2493fe63c456109967e27d3?s=96&d=mm&r=g\",\"contentUrl\":\"https:\\\/\\\/secure.gravatar.com\\\/avatar\\\/a06875e4b25feb5674296adf8e8a7ae1e587cebce2493fe63c456109967e27d3?s=96&d=mm&r=g\",\"caption\":\"kalem\"},\"url\":\"https:\\\/\\\/akunq.net\\\/turkish\\\/author\\\/kalem\\\/\"}]}<\/script>\n<!-- \/ Yoast SEO plugin. -->","yoast_head_json":{"title":"\u2018Ayin\u2019 alarm\u0131 - Bati Ermenistan Ve Bati Ermenileri Sorunlari Ara\u015ftirmalar Merkezi","robots":{"index":"index","follow":"follow","max-snippet":"max-snippet:-1","max-image-preview":"max-image-preview:large","max-video-preview":"max-video-preview:-1"},"canonical":"https:\/\/akunq.net\/turkish\/2010\/07\/13\/ayin-alarmi\/","og_locale":"en_US","og_type":"article","og_title":"\u2018Ayin\u2019 alarm\u0131 - Bati Ermenistan Ve Bati Ermenileri Sorunlari Ara\u015ftirmalar Merkezi","og_description":"Trabzon\u2019daki S\u00fcmela Manast\u0131r\u0131 ile Van\u2019daki Akdamar Kilisesi\u2019nde d\u00fczenlenecek ayinler i\u00e7in polis ve jandarma \u00e7al\u0131\u015fmalar\u0131n\u0131 yo\u011funla\u015ft\u0131rd\u0131. K\u00fclt\u00fcr ve Turizm Bakanl\u0131\u011f\u0131, ge\u00e7en hafta \u0130\u00e7i\u015fleri Bakanl\u0131\u011f\u0131 arac\u0131l\u0131\u011f\u0131yla jandarma ve polise bir yaz\u0131 g\u00f6ndererek, S\u00fcmela Manast\u0131r\u0131\u2019nda \u0130stanbul Fener Rum Patrikhanesi\u2019nin 15 A\u011fustos\u2019ta, Akdamar Adas\u0131\u2019nda T\u00fcrkiye Ermeni Patrikhanesi\u2019nin 12 Eyl\u00fcl\u2019de ayin d\u00fczenlemek istedi\u011fi hat\u0131rlat\u0131larak, \u201cVan\u2019daki ayin tarihinin 12 Eyl\u00fcl\u2019deki referanduma [&hellip;]","og_url":"https:\/\/akunq.net\/turkish\/2010\/07\/13\/ayin-alarmi\/","og_site_name":"Bati Ermenistan Ve Bati Ermenileri Sorunlari Ara\u015ftirmalar Merkezi","article_published_time":"2010-07-13T07:01:48+00:00","author":"kalem","twitter_card":"summary_large_image","twitter_misc":{"Written by":"kalem","Est. reading time":"1 minute"},"schema":{"@context":"https:\/\/schema.org","@graph":[{"@type":"Article","@id":"https:\/\/akunq.net\/turkish\/2010\/07\/13\/ayin-alarmi\/#article","isPartOf":{"@id":"https:\/\/akunq.net\/turkish\/2010\/07\/13\/ayin-alarmi\/"},"author":{"name":"kalem","@id":"https:\/\/akunq.net\/turkish\/#\/schema\/person\/135e7923d1aeb8887890799619969a6c"},"headline":"\u2018Ayin\u2019 alarm\u0131","datePublished":"2010-07-13T07:01:48+00:00","mainEntityOfPage":{"@id":"https:\/\/akunq.net\/turkish\/2010\/07\/13\/ayin-alarmi\/"},"wordCount":183,"articleSection":["Haberler"],"inLanguage":"en-US"},{"@type":"WebPage","@id":"https:\/\/akunq.net\/turkish\/2010\/07\/13\/ayin-alarmi\/","url":"https:\/\/akunq.net\/turkish\/2010\/07\/13\/ayin-alarmi\/","name":"\u2018Ayin\u2019 alarm\u0131 - Bati Ermenistan Ve Bati Ermenileri Sorunlari Ara\u015ftirmalar Merkezi","isPartOf":{"@id":"https:\/\/akunq.net\/turkish\/#website"},"datePublished":"2010-07-13T07:01:48+00:00","author":{"@id":"https:\/\/akunq.net\/turkish\/#\/schema\/person\/135e7923d1aeb8887890799619969a6c"},"breadcrumb":{"@id":"https:\/\/akunq.net\/turkish\/2010\/07\/13\/ayin-alarmi\/#breadcrumb"},"inLanguage":"en-US","potentialAction":[{"@type":"ReadAction","target":["https:\/\/akunq.net\/turkish\/2010\/07\/13\/ayin-alarmi\/"]}]},{"@type":"BreadcrumbList","@id":"https:\/\/akunq.net\/turkish\/2010\/07\/13\/ayin-alarmi\/#breadcrumb","itemListElement":[{"@type":"ListItem","position":1,"name":"Home","item":"https:\/\/akunq.net\/turkish\/"},{"@type":"ListItem","position":2,"name":"\u2018Ayin\u2019 alarm\u0131"}]},{"@type":"WebSite","@id":"https:\/\/akunq.net\/turkish\/#website","url":"https:\/\/akunq.net\/turkish\/","name":"Bati Ermenistan Ve Bati Ermenileri Sorunlari Ara\u015ftirmalar Merkezi","description":"","potentialAction":[{"@type":"SearchAction","target":{"@type":"EntryPoint","urlTemplate":"https:\/\/akunq.net\/turkish\/?s={search_term_string}"},"query-input":{"@type":"PropertyValueSpecification","valueRequired":true,"valueName":"search_term_string"}}],"inLanguage":"en-US"},{"@type":"Person","@id":"https:\/\/akunq.net\/turkish\/#\/schema\/person\/135e7923d1aeb8887890799619969a6c","name":"kalem","image":{"@type":"ImageObject","inLanguage":"en-US","@id":"https:\/\/secure.gravatar.com\/avatar\/a06875e4b25feb5674296adf8e8a7ae1e587cebce2493fe63c456109967e27d3?s=96&d=mm&r=g","url":"https:\/\/secure.gravatar.com\/avatar\/a06875e4b25feb5674296adf8e8a7ae1e587cebce2493fe63c456109967e27d3?s=96&d=mm&r=g","contentUrl":"https:\/\/secure.gravatar.com\/avatar\/a06875e4b25feb5674296adf8e8a7ae1e587cebce2493fe63c456109967e27d3?s=96&d=mm&r=g","caption":"kalem"},"url":"https:\/\/akunq.net\/turkish\/author\/kalem\/"}]}},"_links":{"self":[{"href":"https:\/\/akunq.net\/turkish\/wp-json\/wp\/v2\/posts\/1262","targetHints":{"allow":["GET"]}}],"collection":[{"href":"https:\/\/akunq.net\/turkish\/wp-json\/wp\/v2\/posts"}],"about":[{"href":"https:\/\/akunq.net\/turkish\/wp-json\/wp\/v2\/types\/post"}],"author":[{"embeddable":true,"href":"https:\/\/akunq.net\/turkish\/wp-json\/wp\/v2\/users\/3"}],"replies":[{"embeddable":true,"href":"https:\/\/akunq.net\/turkish\/wp-json\/wp\/v2\/comments?post=1262"}],"version-history":[{"count":0,"href":"https:\/\/akunq.net\/turkish\/wp-json\/wp\/v2\/posts\/1262\/revisions"}],"wp:attachment":[{"href":"https:\/\/akunq.net\/turkish\/wp-json\/wp\/v2\/media?parent=1262"}],"wp:term":[{"taxonomy":"category","embeddable":true,"href":"https:\/\/akunq.net\/turkish\/wp-json\/wp\/v2\/categories?post=1262"},{"taxonomy":"post_tag","embeddable":true,"href":"https:\/\/akunq.net\/turkish\/wp-json\/wp\/v2\/tags?post=1262"}],"curies":[{"name":"wp","href":"https:\/\/api.w.org\/{rel}","templated":true}]}}