{"id":1259,"date":"2010-07-10T05:15:56","date_gmt":"2010-07-10T10:15:56","guid":{"rendered":"http:\/\/akunq.net\/tr\/?p=1259"},"modified":"2010-07-10T05:15:56","modified_gmt":"2010-07-10T10:15:56","slug":"icisleri-bakanligi-valilere-ermenistan-sinirindaki-hazirliklari-sordu","status":"publish","type":"post","link":"https:\/\/akunq.net\/turkish\/2010\/07\/10\/icisleri-bakanligi-valilere-ermenistan-sinirindaki-hazirliklari-sordu\/","title":{"rendered":"\u0130\u00e7i\u015fleri Bakanl\u0131\u011f\u0131, Valilere Ermenistan S\u0131n\u0131r\u0131ndaki Haz\u0131rl\u0131klar\u0131 Sordu"},"content":{"rendered":"<p style=\"text-align: justify\"><a title=\"\u0130\u00e7i\u015fleri Bakanl\u0131\u011f\u0131 Haberleri\" href=\"http:\/\/www.haberler.com\/icisleri-bakanligi\/\"><strong><em>\u0130\u00e7i\u015fleri Bakanl\u0131\u011f\u0131<\/em><\/strong><\/a><strong><em>, <\/em><\/strong><a title=\"Kars Haberleri\" href=\"http:\/\/www.haberler.com\/kars\/\"><strong><em>Kars<\/em><\/strong><\/a><strong><em> ve <\/em><\/strong><a title=\"I\u011fd\u0131r Haberleri\" href=\"http:\/\/www.haberler.com\/igdir-ili\/\"><strong><em>I\u011fd\u0131r<\/em><\/strong><\/a><strong><em> Valiliklerine G\u00f6nderdi\u011fi Yaz\u0131da, T\u00fcrkiye ile <\/em><\/strong><a title=\"Ermenistan Haberleri\" href=\"http:\/\/www.haberler.com\/ermenistan\/\"><strong><em>Ermenistan<\/em><\/strong><\/a><strong><em> Aras\u0131nda Bulunan S\u0131n\u0131r Kap\u0131lar\u0131n\u0131n A\u00e7\u0131lmas\u0131 Durumunda Haz\u0131rl\u0131klar\u0131n Ne Kadar Zamanda Bitirilebilece\u011fini Sordu.<\/em><\/strong><\/p>\n<p style=\"text-align: justify\"><a title=\"\u0130\u00e7i\u015fleri Bakanl\u0131\u011f\u0131 Haberleri\" href=\"http:\/\/www.haberler.com\/icisleri-bakanligi\/\">\u0130\u00e7i\u015fleri Bakanl\u0131\u011f\u0131<\/a>, <a title=\"Kars Haberleri\" href=\"http:\/\/www.haberler.com\/kars\/\">Kars<\/a> ve <a title=\"I\u011fd\u0131r Haberleri\" href=\"http:\/\/www.haberler.com\/igdir-ili\/\">I\u011fd\u0131r<\/a> valiliklerine g\u00f6nderdi\u011fi yaz\u0131da, T\u00fcrkiye ile <a title=\"Ermenistan Haberleri\" href=\"http:\/\/www.haberler.com\/ermenistan\/\">Ermenistan<\/a> aras\u0131nda bulunan s\u0131n\u0131r kap\u0131lar\u0131n\u0131n a\u00e7\u0131lmas\u0131 durumunda haz\u0131rl\u0131klar\u0131n ne kadar zamanda bitirilebilece\u011fini sordu. S\u0131n\u0131r kap\u0131lar\u0131n\u0131n a\u00e7\u0131lmas\u0131 ihtimaline kar\u015f\u0131 \u00e7al\u0131\u015fmalar\u0131n\u0131 h\u0131zland\u0131ran valilikler ise bunun i\u00e7in yap\u0131lmas\u0131 gereken \u00e7al\u0131\u015fmalar\u0131 tespit ettikten sonra bakanl\u0131\u011fa bildirmek \u00fczere harekete ge\u00e7ti.<\/p>\n<p style=\"text-align: justify\">Konuyla ilgili a\u00e7\u0131klama yapan <a title=\"Kars Haberleri\" href=\"http:\/\/www.haberler.com\/kars\/\">Kars<\/a> Valisi <a title=\"Ahmet Kara Haberleri\" href=\"http:\/\/www.haberler.com\/ahmet-kara\/\">Ahmet Kara<\/a>, &#8220;Daha \u00f6nce T\u00fcrkiye D\u0131\u015fi\u015fleri Bakan\u0131 ile <a title=\"Ermenistan Haberleri\" href=\"http:\/\/www.haberler.com\/ermenistan\/\">Ermenistan<\/a> D\u0131\u015fi\u015fleri Bakan\u0131&#8217;n\u0131n <a title=\"\u0130svi\u00e7re Haberleri\" href=\"http:\/\/www.haberler.com\/isvicre\/\">\u0130svi\u00e7re<\/a>&#8216;de yapt\u0131klar\u0131 antla\u015fma var. Bu antla\u015fmalar\u0131n meclislerden ge\u00e7mesi halinde y\u00fcr\u00fcrl\u00fc\u011fe girecek. Fakat hen\u00fcz meclislerden ge\u00e7medi ve ne zaman ge\u00e7ece\u011fi de bilinememekte. Ancak; bu s\u0131n\u0131rlar\u0131n a\u00e7\u0131lmas\u0131 d\u00fc\u015f\u00fcn\u00fcld\u00fc\u011f\u00fc takdirde, s\u0131n\u0131rlar\u0131n a\u00e7\u0131lmas\u0131 halinde kap\u0131lar\u0131n haz\u0131r olup olmad\u0131\u011f\u0131, ula\u015f\u0131m yollar\u0131n\u0131n a\u00e7\u0131lmas\u0131 halinde bunlar\u0131n ne kadar bir s\u00fcrede haz\u0131r hale getirilece\u011fi konusunda <a title=\"Kars Haberleri\" href=\"http:\/\/www.haberler.com\/kars\/\">Kars<\/a> ve <a title=\"I\u011fd\u0131r Haberleri\" href=\"http:\/\/www.haberler.com\/igdir-ili\/\">I\u011fd\u0131r<\/a> valiliklerinin g\u00f6r\u00fc\u015fleri soruldu.&#8221; dedi.<\/p>\n<p style=\"text-align: justify\">Valilik olarak yapacaklar\u0131 \u00e7al\u0131\u015fmalar\u0131n ard\u0131ndan cevap vereceklerini de belirten Vali Kara, &#8220;Tabii ki burada Azerbaycanl\u0131lar\u0131n da g\u00f6n\u00fcllerinin al\u0131nmas\u0131 gerekir. \u00c7\u00fcnk\u00fc daha \u00f6nce yap\u0131lan g\u00f6r\u00fc\u015fmelerde <a title=\"Ermenistan Haberleri\" href=\"http:\/\/www.haberler.com\/ermenistan\/\">Ermenistan<\/a>&#8216;\u0131n i\u015fgal etti\u011fi <a title=\"Azerbaycan Haberleri\" href=\"http:\/\/www.haberler.com\/azerbaycan\/\">Azerbaycan<\/a> topraklar\u0131ndan \u00e7\u0131kmalar\u0131 ko\u015fullar\u0131 da vard\u0131. Bu nedenle b\u00f6yle bir anla\u015fma arifesinde bulunuyoruz. Bu nedenle bu \u015fartlar alt\u0131nda s\u0131n\u0131rlar a\u00e7\u0131l\u0131rsa da fevkalade sevin\u00e7 duyar\u0131z.&#8221; dedi.<\/p>\n<p style=\"text-align: justify\"><a title=\"Kars Haberleri\" href=\"http:\/\/www.haberler.com\/kars\/\">Kars<\/a> Valisi olarak kendisine gelen yaz\u0131da, <a title=\"Kars Haberleri\" href=\"http:\/\/www.haberler.com\/kars\/\">Kars<\/a>&#8216;\u0131n <a title=\"Akyaka Haberleri\" href=\"http:\/\/www.haberler.com\/akyaka\/\">Akyaka<\/a> il\u00e7esinde bulunan Do\u011fukap\u0131 ile ilgili olarak g\u00f6r\u00fc\u015f sorulmas\u0131n\u0131n, Do\u011fukap\u0131&#8217;n\u0131n tekrar g\u00fcndeme geldi\u011fini g\u00f6sterdi\u011fine dikkat \u00e7eken Vali Kara, \u015funlar\u0131 kaydetti: &#8220;Konunun iki \u00fclkenin meclislerinde g\u00f6r\u00fc\u015f\u00fcld\u00fc\u011f\u00fcn\u00fc zannediyorum. \u015eu anda Do\u011fukap\u0131&#8217;da herhangi bir \u00e7al\u0131\u015fma s\u00fcrd\u00fcr\u00fclm\u00fcyor. E\u011fer T\u00fcrkiye ile <a title=\"Ermenistan Haberleri\" href=\"http:\/\/www.haberler.com\/ermenistan\/\">Ermenistan<\/a> aralar\u0131nda anla\u015f\u0131r ve kap\u0131 a\u00e7\u0131l\u0131rsa Do\u011fukap\u0131 bir ayl\u0131k bir \u00e7al\u0131\u015fman\u0131n ard\u0131ndan haz\u0131r hale gelmi\u015f olabilir. Kara ve demiryolunun \u00f6n\u00fc sadece barikatlar ile kesilmi\u015f durumda. S\u0131n\u0131r a\u00e7\u0131ld\u0131\u011f\u0131nda bizim taraf\u0131m\u0131zda bulunan yollarda herhangi bir sorun yok ve ula\u015f\u0131ma da son derece uygun durumda.&#8221;<\/p>\n<p style=\"text-align: justify\"><a title=\"Kars Haberleri\" href=\"http:\/\/www.haberler.com\/kars\/\">Kars<\/a> Valisi <a title=\"Ahmet Kara Haberleri\" href=\"http:\/\/www.haberler.com\/ahmet-kara\/\">Ahmet Kara<\/a>, ayr\u0131ca demiryolunun da kullan\u0131ma haz\u0131r durumda oldu\u011funu kaydederek, &#8220;Bildi\u011fimiz kadar\u0131 ile de <a title=\"Ermenistan Haberleri\" href=\"http:\/\/www.haberler.com\/ermenistan\/\">Ermenistan<\/a> taraf\u0131nda yol kalitesi bizim tarafa g\u00f6re olduk\u00e7a bozuk. Biz de Valilik olarak bu hafta i\u00e7erisinde cevap verece\u011fiz. Teknik ekip olu\u015fturaca\u011f\u0131z ve bu ekiplerimiz oraya gidip \u00e7al\u0131\u015facak ve bir maliyet \u00e7\u0131karacaklar.&#8221; diye konu\u015ftu.<\/p>\n<p style=\"text-align: justify\">Cihan Haber Ajans\u0131<\/p>\n<p style=\"text-align: justify\">05.07.2010<\/p>\n","protected":false},"excerpt":{"rendered":"<p>\u0130\u00e7i\u015fleri Bakanl\u0131\u011f\u0131, Kars ve I\u011fd\u0131r Valiliklerine G\u00f6nderdi\u011fi Yaz\u0131da, T\u00fcrkiye ile Ermenistan Aras\u0131nda Bulunan S\u0131n\u0131r Kap\u0131lar\u0131n\u0131n A\u00e7\u0131lmas\u0131 Durumunda Haz\u0131rl\u0131klar\u0131n Ne Kadar Zamanda Bitirilebilece\u011fini Sordu. \u0130\u00e7i\u015fleri Bakanl\u0131\u011f\u0131, Kars ve I\u011fd\u0131r valiliklerine g\u00f6nderdi\u011fi yaz\u0131da, T\u00fcrkiye ile Ermenistan aras\u0131nda bulunan s\u0131n\u0131r kap\u0131lar\u0131n\u0131n a\u00e7\u0131lmas\u0131 durumunda haz\u0131rl\u0131klar\u0131n ne kadar zamanda bitirilebilece\u011fini sordu. S\u0131n\u0131r kap\u0131lar\u0131n\u0131n a\u00e7\u0131lmas\u0131 ihtimaline kar\u015f\u0131 \u00e7al\u0131\u015fmalar\u0131n\u0131 h\u0131zland\u0131ran valilikler ise [&hellip;]<\/p>\n","protected":false},"author":3,"featured_media":0,"comment_status":"closed","ping_status":"open","sticky":false,"template":"","format":"standard","meta":{"footnotes":""},"categories":[14],"tags":[],"class_list":["post-1259","post","type-post","status-publish","format-standard","hentry","category-haberler"],"yoast_head":"<!-- This site is optimized with the Yoast SEO plugin v27.4 - https:\/\/yoast.com\/product\/yoast-seo-wordpress\/ -->\n<title>\u0130\u00e7i\u015fleri Bakanl\u0131\u011f\u0131, Valilere Ermenistan S\u0131n\u0131r\u0131ndaki Haz\u0131rl\u0131klar\u0131 Sordu - Bati Ermenistan Ve Bati Ermenileri Sorunlari Ara\u015ftirmalar Merkezi<\/title>\n<meta name=\"robots\" content=\"index, follow, max-snippet:-1, max-image-preview:large, max-video-preview:-1\" \/>\n<link rel=\"canonical\" href=\"https:\/\/akunq.net\/turkish\/2010\/07\/10\/icisleri-bakanligi-valilere-ermenistan-sinirindaki-hazirliklari-sordu\/\" \/>\n<meta property=\"og:locale\" content=\"en_US\" \/>\n<meta property=\"og:type\" content=\"article\" \/>\n<meta property=\"og:title\" content=\"\u0130\u00e7i\u015fleri Bakanl\u0131\u011f\u0131, Valilere Ermenistan S\u0131n\u0131r\u0131ndaki Haz\u0131rl\u0131klar\u0131 Sordu - Bati Ermenistan Ve Bati Ermenileri Sorunlari Ara\u015ftirmalar Merkezi\" \/>\n<meta property=\"og:description\" content=\"\u0130\u00e7i\u015fleri Bakanl\u0131\u011f\u0131, Kars ve I\u011fd\u0131r Valiliklerine G\u00f6nderdi\u011fi Yaz\u0131da, T\u00fcrkiye ile Ermenistan Aras\u0131nda Bulunan S\u0131n\u0131r Kap\u0131lar\u0131n\u0131n A\u00e7\u0131lmas\u0131 Durumunda Haz\u0131rl\u0131klar\u0131n Ne Kadar Zamanda Bitirilebilece\u011fini Sordu. \u0130\u00e7i\u015fleri Bakanl\u0131\u011f\u0131, Kars ve I\u011fd\u0131r valiliklerine g\u00f6nderdi\u011fi yaz\u0131da, T\u00fcrkiye ile Ermenistan aras\u0131nda bulunan s\u0131n\u0131r kap\u0131lar\u0131n\u0131n a\u00e7\u0131lmas\u0131 durumunda haz\u0131rl\u0131klar\u0131n ne kadar zamanda bitirilebilece\u011fini sordu. S\u0131n\u0131r kap\u0131lar\u0131n\u0131n a\u00e7\u0131lmas\u0131 ihtimaline kar\u015f\u0131 \u00e7al\u0131\u015fmalar\u0131n\u0131 h\u0131zland\u0131ran valilikler ise [&hellip;]\" \/>\n<meta property=\"og:url\" content=\"https:\/\/akunq.net\/turkish\/2010\/07\/10\/icisleri-bakanligi-valilere-ermenistan-sinirindaki-hazirliklari-sordu\/\" \/>\n<meta property=\"og:site_name\" content=\"Bati Ermenistan Ve Bati Ermenileri Sorunlari Ara\u015ftirmalar Merkezi\" \/>\n<meta property=\"article:published_time\" content=\"2010-07-10T10:15:56+00:00\" \/>\n<meta name=\"author\" content=\"kalem\" \/>\n<meta name=\"twitter:card\" content=\"summary_large_image\" \/>\n<meta name=\"twitter:label1\" content=\"Written by\" \/>\n\t<meta name=\"twitter:data1\" content=\"kalem\" \/>\n\t<meta name=\"twitter:label2\" content=\"Est. reading time\" \/>\n\t<meta name=\"twitter:data2\" content=\"3 minutes\" \/>\n<script type=\"application\/ld+json\" class=\"yoast-schema-graph\">{\"@context\":\"https:\\\/\\\/schema.org\",\"@graph\":[{\"@type\":\"Article\",\"@id\":\"https:\\\/\\\/akunq.net\\\/turkish\\\/2010\\\/07\\\/10\\\/icisleri-bakanligi-valilere-ermenistan-sinirindaki-hazirliklari-sordu\\\/#article\",\"isPartOf\":{\"@id\":\"https:\\\/\\\/akunq.net\\\/turkish\\\/2010\\\/07\\\/10\\\/icisleri-bakanligi-valilere-ermenistan-sinirindaki-hazirliklari-sordu\\\/\"},\"author\":{\"name\":\"kalem\",\"@id\":\"https:\\\/\\\/akunq.net\\\/turkish\\\/#\\\/schema\\\/person\\\/135e7923d1aeb8887890799619969a6c\"},\"headline\":\"\u0130\u00e7i\u015fleri Bakanl\u0131\u011f\u0131, Valilere Ermenistan S\u0131n\u0131r\u0131ndaki Haz\u0131rl\u0131klar\u0131 Sordu\",\"datePublished\":\"2010-07-10T10:15:56+00:00\",\"mainEntityOfPage\":{\"@id\":\"https:\\\/\\\/akunq.net\\\/turkish\\\/2010\\\/07\\\/10\\\/icisleri-bakanligi-valilere-ermenistan-sinirindaki-hazirliklari-sordu\\\/\"},\"wordCount\":519,\"articleSection\":[\"Haberler\"],\"inLanguage\":\"en-US\"},{\"@type\":\"WebPage\",\"@id\":\"https:\\\/\\\/akunq.net\\\/turkish\\\/2010\\\/07\\\/10\\\/icisleri-bakanligi-valilere-ermenistan-sinirindaki-hazirliklari-sordu\\\/\",\"url\":\"https:\\\/\\\/akunq.net\\\/turkish\\\/2010\\\/07\\\/10\\\/icisleri-bakanligi-valilere-ermenistan-sinirindaki-hazirliklari-sordu\\\/\",\"name\":\"\u0130\u00e7i\u015fleri Bakanl\u0131\u011f\u0131, Valilere Ermenistan S\u0131n\u0131r\u0131ndaki Haz\u0131rl\u0131klar\u0131 Sordu - Bati Ermenistan Ve Bati Ermenileri Sorunlari Ara\u015ftirmalar Merkezi\",\"isPartOf\":{\"@id\":\"https:\\\/\\\/akunq.net\\\/turkish\\\/#website\"},\"datePublished\":\"2010-07-10T10:15:56+00:00\",\"author\":{\"@id\":\"https:\\\/\\\/akunq.net\\\/turkish\\\/#\\\/schema\\\/person\\\/135e7923d1aeb8887890799619969a6c\"},\"breadcrumb\":{\"@id\":\"https:\\\/\\\/akunq.net\\\/turkish\\\/2010\\\/07\\\/10\\\/icisleri-bakanligi-valilere-ermenistan-sinirindaki-hazirliklari-sordu\\\/#breadcrumb\"},\"inLanguage\":\"en-US\",\"potentialAction\":[{\"@type\":\"ReadAction\",\"target\":[\"https:\\\/\\\/akunq.net\\\/turkish\\\/2010\\\/07\\\/10\\\/icisleri-bakanligi-valilere-ermenistan-sinirindaki-hazirliklari-sordu\\\/\"]}]},{\"@type\":\"BreadcrumbList\",\"@id\":\"https:\\\/\\\/akunq.net\\\/turkish\\\/2010\\\/07\\\/10\\\/icisleri-bakanligi-valilere-ermenistan-sinirindaki-hazirliklari-sordu\\\/#breadcrumb\",\"itemListElement\":[{\"@type\":\"ListItem\",\"position\":1,\"name\":\"Home\",\"item\":\"https:\\\/\\\/akunq.net\\\/turkish\\\/\"},{\"@type\":\"ListItem\",\"position\":2,\"name\":\"\u0130\u00e7i\u015fleri Bakanl\u0131\u011f\u0131, Valilere Ermenistan S\u0131n\u0131r\u0131ndaki Haz\u0131rl\u0131klar\u0131 Sordu\"}]},{\"@type\":\"WebSite\",\"@id\":\"https:\\\/\\\/akunq.net\\\/turkish\\\/#website\",\"url\":\"https:\\\/\\\/akunq.net\\\/turkish\\\/\",\"name\":\"Bati Ermenistan Ve Bati Ermenileri Sorunlari Ara\u015ftirmalar Merkezi\",\"description\":\"\",\"potentialAction\":[{\"@type\":\"SearchAction\",\"target\":{\"@type\":\"EntryPoint\",\"urlTemplate\":\"https:\\\/\\\/akunq.net\\\/turkish\\\/?s={search_term_string}\"},\"query-input\":{\"@type\":\"PropertyValueSpecification\",\"valueRequired\":true,\"valueName\":\"search_term_string\"}}],\"inLanguage\":\"en-US\"},{\"@type\":\"Person\",\"@id\":\"https:\\\/\\\/akunq.net\\\/turkish\\\/#\\\/schema\\\/person\\\/135e7923d1aeb8887890799619969a6c\",\"name\":\"kalem\",\"image\":{\"@type\":\"ImageObject\",\"inLanguage\":\"en-US\",\"@id\":\"https:\\\/\\\/secure.gravatar.com\\\/avatar\\\/a06875e4b25feb5674296adf8e8a7ae1e587cebce2493fe63c456109967e27d3?s=96&d=mm&r=g\",\"url\":\"https:\\\/\\\/secure.gravatar.com\\\/avatar\\\/a06875e4b25feb5674296adf8e8a7ae1e587cebce2493fe63c456109967e27d3?s=96&d=mm&r=g\",\"contentUrl\":\"https:\\\/\\\/secure.gravatar.com\\\/avatar\\\/a06875e4b25feb5674296adf8e8a7ae1e587cebce2493fe63c456109967e27d3?s=96&d=mm&r=g\",\"caption\":\"kalem\"},\"url\":\"https:\\\/\\\/akunq.net\\\/turkish\\\/author\\\/kalem\\\/\"}]}<\/script>\n<!-- \/ Yoast SEO plugin. -->","yoast_head_json":{"title":"\u0130\u00e7i\u015fleri Bakanl\u0131\u011f\u0131, Valilere Ermenistan S\u0131n\u0131r\u0131ndaki Haz\u0131rl\u0131klar\u0131 Sordu - Bati Ermenistan Ve Bati Ermenileri Sorunlari Ara\u015ftirmalar Merkezi","robots":{"index":"index","follow":"follow","max-snippet":"max-snippet:-1","max-image-preview":"max-image-preview:large","max-video-preview":"max-video-preview:-1"},"canonical":"https:\/\/akunq.net\/turkish\/2010\/07\/10\/icisleri-bakanligi-valilere-ermenistan-sinirindaki-hazirliklari-sordu\/","og_locale":"en_US","og_type":"article","og_title":"\u0130\u00e7i\u015fleri Bakanl\u0131\u011f\u0131, Valilere Ermenistan S\u0131n\u0131r\u0131ndaki Haz\u0131rl\u0131klar\u0131 Sordu - Bati Ermenistan Ve Bati Ermenileri Sorunlari Ara\u015ftirmalar Merkezi","og_description":"\u0130\u00e7i\u015fleri Bakanl\u0131\u011f\u0131, Kars ve I\u011fd\u0131r Valiliklerine G\u00f6nderdi\u011fi Yaz\u0131da, T\u00fcrkiye ile Ermenistan Aras\u0131nda Bulunan S\u0131n\u0131r Kap\u0131lar\u0131n\u0131n A\u00e7\u0131lmas\u0131 Durumunda Haz\u0131rl\u0131klar\u0131n Ne Kadar Zamanda Bitirilebilece\u011fini Sordu. \u0130\u00e7i\u015fleri Bakanl\u0131\u011f\u0131, Kars ve I\u011fd\u0131r valiliklerine g\u00f6nderdi\u011fi yaz\u0131da, T\u00fcrkiye ile Ermenistan aras\u0131nda bulunan s\u0131n\u0131r kap\u0131lar\u0131n\u0131n a\u00e7\u0131lmas\u0131 durumunda haz\u0131rl\u0131klar\u0131n ne kadar zamanda bitirilebilece\u011fini sordu. S\u0131n\u0131r kap\u0131lar\u0131n\u0131n a\u00e7\u0131lmas\u0131 ihtimaline kar\u015f\u0131 \u00e7al\u0131\u015fmalar\u0131n\u0131 h\u0131zland\u0131ran valilikler ise [&hellip;]","og_url":"https:\/\/akunq.net\/turkish\/2010\/07\/10\/icisleri-bakanligi-valilere-ermenistan-sinirindaki-hazirliklari-sordu\/","og_site_name":"Bati Ermenistan Ve Bati Ermenileri Sorunlari Ara\u015ftirmalar Merkezi","article_published_time":"2010-07-10T10:15:56+00:00","author":"kalem","twitter_card":"summary_large_image","twitter_misc":{"Written by":"kalem","Est. reading time":"3 minutes"},"schema":{"@context":"https:\/\/schema.org","@graph":[{"@type":"Article","@id":"https:\/\/akunq.net\/turkish\/2010\/07\/10\/icisleri-bakanligi-valilere-ermenistan-sinirindaki-hazirliklari-sordu\/#article","isPartOf":{"@id":"https:\/\/akunq.net\/turkish\/2010\/07\/10\/icisleri-bakanligi-valilere-ermenistan-sinirindaki-hazirliklari-sordu\/"},"author":{"name":"kalem","@id":"https:\/\/akunq.net\/turkish\/#\/schema\/person\/135e7923d1aeb8887890799619969a6c"},"headline":"\u0130\u00e7i\u015fleri Bakanl\u0131\u011f\u0131, Valilere Ermenistan S\u0131n\u0131r\u0131ndaki Haz\u0131rl\u0131klar\u0131 Sordu","datePublished":"2010-07-10T10:15:56+00:00","mainEntityOfPage":{"@id":"https:\/\/akunq.net\/turkish\/2010\/07\/10\/icisleri-bakanligi-valilere-ermenistan-sinirindaki-hazirliklari-sordu\/"},"wordCount":519,"articleSection":["Haberler"],"inLanguage":"en-US"},{"@type":"WebPage","@id":"https:\/\/akunq.net\/turkish\/2010\/07\/10\/icisleri-bakanligi-valilere-ermenistan-sinirindaki-hazirliklari-sordu\/","url":"https:\/\/akunq.net\/turkish\/2010\/07\/10\/icisleri-bakanligi-valilere-ermenistan-sinirindaki-hazirliklari-sordu\/","name":"\u0130\u00e7i\u015fleri Bakanl\u0131\u011f\u0131, Valilere Ermenistan S\u0131n\u0131r\u0131ndaki Haz\u0131rl\u0131klar\u0131 Sordu - Bati Ermenistan Ve Bati Ermenileri Sorunlari Ara\u015ftirmalar Merkezi","isPartOf":{"@id":"https:\/\/akunq.net\/turkish\/#website"},"datePublished":"2010-07-10T10:15:56+00:00","author":{"@id":"https:\/\/akunq.net\/turkish\/#\/schema\/person\/135e7923d1aeb8887890799619969a6c"},"breadcrumb":{"@id":"https:\/\/akunq.net\/turkish\/2010\/07\/10\/icisleri-bakanligi-valilere-ermenistan-sinirindaki-hazirliklari-sordu\/#breadcrumb"},"inLanguage":"en-US","potentialAction":[{"@type":"ReadAction","target":["https:\/\/akunq.net\/turkish\/2010\/07\/10\/icisleri-bakanligi-valilere-ermenistan-sinirindaki-hazirliklari-sordu\/"]}]},{"@type":"BreadcrumbList","@id":"https:\/\/akunq.net\/turkish\/2010\/07\/10\/icisleri-bakanligi-valilere-ermenistan-sinirindaki-hazirliklari-sordu\/#breadcrumb","itemListElement":[{"@type":"ListItem","position":1,"name":"Home","item":"https:\/\/akunq.net\/turkish\/"},{"@type":"ListItem","position":2,"name":"\u0130\u00e7i\u015fleri Bakanl\u0131\u011f\u0131, Valilere Ermenistan S\u0131n\u0131r\u0131ndaki Haz\u0131rl\u0131klar\u0131 Sordu"}]},{"@type":"WebSite","@id":"https:\/\/akunq.net\/turkish\/#website","url":"https:\/\/akunq.net\/turkish\/","name":"Bati Ermenistan Ve Bati Ermenileri Sorunlari Ara\u015ftirmalar Merkezi","description":"","potentialAction":[{"@type":"SearchAction","target":{"@type":"EntryPoint","urlTemplate":"https:\/\/akunq.net\/turkish\/?s={search_term_string}"},"query-input":{"@type":"PropertyValueSpecification","valueRequired":true,"valueName":"search_term_string"}}],"inLanguage":"en-US"},{"@type":"Person","@id":"https:\/\/akunq.net\/turkish\/#\/schema\/person\/135e7923d1aeb8887890799619969a6c","name":"kalem","image":{"@type":"ImageObject","inLanguage":"en-US","@id":"https:\/\/secure.gravatar.com\/avatar\/a06875e4b25feb5674296adf8e8a7ae1e587cebce2493fe63c456109967e27d3?s=96&d=mm&r=g","url":"https:\/\/secure.gravatar.com\/avatar\/a06875e4b25feb5674296adf8e8a7ae1e587cebce2493fe63c456109967e27d3?s=96&d=mm&r=g","contentUrl":"https:\/\/secure.gravatar.com\/avatar\/a06875e4b25feb5674296adf8e8a7ae1e587cebce2493fe63c456109967e27d3?s=96&d=mm&r=g","caption":"kalem"},"url":"https:\/\/akunq.net\/turkish\/author\/kalem\/"}]}},"_links":{"self":[{"href":"https:\/\/akunq.net\/turkish\/wp-json\/wp\/v2\/posts\/1259","targetHints":{"allow":["GET"]}}],"collection":[{"href":"https:\/\/akunq.net\/turkish\/wp-json\/wp\/v2\/posts"}],"about":[{"href":"https:\/\/akunq.net\/turkish\/wp-json\/wp\/v2\/types\/post"}],"author":[{"embeddable":true,"href":"https:\/\/akunq.net\/turkish\/wp-json\/wp\/v2\/users\/3"}],"replies":[{"embeddable":true,"href":"https:\/\/akunq.net\/turkish\/wp-json\/wp\/v2\/comments?post=1259"}],"version-history":[{"count":0,"href":"https:\/\/akunq.net\/turkish\/wp-json\/wp\/v2\/posts\/1259\/revisions"}],"wp:attachment":[{"href":"https:\/\/akunq.net\/turkish\/wp-json\/wp\/v2\/media?parent=1259"}],"wp:term":[{"taxonomy":"category","embeddable":true,"href":"https:\/\/akunq.net\/turkish\/wp-json\/wp\/v2\/categories?post=1259"},{"taxonomy":"post_tag","embeddable":true,"href":"https:\/\/akunq.net\/turkish\/wp-json\/wp\/v2\/tags?post=1259"}],"curies":[{"name":"wp","href":"https:\/\/api.w.org\/{rel}","templated":true}]}}