{"id":1254,"date":"2010-07-09T01:11:53","date_gmt":"2010-07-09T06:11:53","guid":{"rendered":"http:\/\/akunq.net\/tr\/?p=1254"},"modified":"2010-07-09T01:11:53","modified_gmt":"2010-07-09T06:11:53","slug":"ruben-safrastyana-gore-turkiyede-islamci-egilimler-hissedilir-olcude-artti","status":"publish","type":"post","link":"https:\/\/akunq.net\/turkish\/2010\/07\/09\/ruben-safrastyana-gore-turkiyede-islamci-egilimler-hissedilir-olcude-artti\/","title":{"rendered":"Ruben Safrastyan\u2019a G\u00f6re T\u00fcrkiye\u2019de \u0130slamc\u0131 E\u011filimler Hissedilir \u00d6l\u00e7\u00fcde Artt\u0131"},"content":{"rendered":"<p style=\"text-align: justify\">Bug\u00fcnk\u00fc bas\u0131n toplant\u0131s\u0131nda T\u00fcrkiye\u2019deki zorla islamla\u015ft\u0131r\u0131lmalara ili\u015fkin haberlere de\u011finen Ermenistan Milli Bilimler Akademisi\u00a0 Do\u011fu Bilimler Enstit\u00fcs\u00fc M\u00fcd\u00fcr\u00fc, t\u00fcrkolog Ruben Safrastyan: \u201cSon 2-3 y\u0131lda T\u00fcrkiye\u2019de islamc\u0131 e\u011filimler hissedilir \u00f6l\u00e7\u00fcde artt\u0131. T\u00fcrkiye\u2019de H\u0131ristiyanl\u0131k ve Musevilik ba\u015fta olmak \u00fczere di\u011fer dinlere kar\u015f\u0131 olumsuz tutumun artt\u0131\u011f\u0131 farkedilmektedir. Ayr\u0131ca islamc\u0131 olan bug\u00fcnk\u00fc T\u00fcrkiye y\u00f6neticilerinin faaliyetleriyle bu olaylara katk\u0131da bulunduklar\u0131n\u0131\u00a0 g\u00f6rmekteyiz\u201d \u015feklinde konu\u015ftu.\u00a0\u00a0<\/p>\n<p style=\"text-align: justify\">Ruben Safrastyan\u2019a g\u00f6re bu durum, Ermenilerin zorla islamla\u015ft\u0131r\u0131lmalar\u0131na ve son y\u0131llarda T\u00fcrkiye\u2019de H\u0131ristiyan din adamlar\u0131n\u0131n \u00f6ld\u00fcr\u00fclmelerine neden oldu. Hrant Dink\u2019in \u201cT\u00fcrkiye\u2019de Ermeni olmak ve Ermeni kalmak kolay bir \u015fey de\u011fil\u201d s\u00f6zlerini an\u0131msatan Ruben Safrastyan, bu sebeple\u00a0 Ermenilerin T\u00fcrkiye\u2019den g\u00f6\u00e7 ettiklerinin ve Ermenice bilen gen\u00e7lerin say\u0131s\u0131nda azalma g\u00f6r\u00fcld\u00fc\u011f\u00fcn\u00fcn\u00a0 alt\u0131n\u0131 \u00e7izdi.<\/p>\n<p style=\"text-align: justify\">\u201cT\u00fcrkiye\u2019de 1955 y\u0131l\u0131ndaki olaylar\u0131n bir daha tekrarlanmayaca\u011f\u0131ndan asla emin olamay\u0131z\u201d.diyen Safrastyan o sene devlet adamlar\u0131n\u0131n g\u00f6zleri \u00f6n\u00fcnde onlarca ermeni ve rumun \u00f6ld\u00fcr\u00fcld\u00fc\u011f\u00fcn\u00fc hat\u0131rlatt\u0131. T\u00fcrkolog \u201c\u0130stanbul\u00a0 Ermeni cemaati T\u00fcrkiye y\u00f6neticilerinin elinde\u00a0 esir\u00a0 durumundad\u0131r\u201d \u015feklinde\u00a0 konu\u015ftu.<\/p>\n<p style=\"text-align: justify\">Say\u0131n Safrastyan, T\u00fcrkiye Ermenileri Patrik Vekili\u2019nin se\u00e7imiyle ilgili olarak T\u00fcrk y\u00f6neticileri\u00a0 istemedi\u011fi\u00a0 taktirde se\u00e7im olmazd\u0131.<\/p>\n<p style=\"text-align: justify\">ABD D\u0131\u015fi\u015fleri Bakan\u0131 Hillary Clinton\u2019\u0131n Ermenistan ziyaretine de de\u011finen Ermenistan Milli Bilimler Akademisi Do\u011fu Bilimler Enstit\u00fcs\u00fc M\u00fcd\u00fcr\u00fc, Clinton\u2019\u0131n Ermeni soyk\u0131r\u0131m an\u0131t\u0131na yapt\u0131\u011f\u0131 ziyaretin Ermenileri ho\u015fnut b\u0131rakmamakla beraber T\u00fcrkiye\u2019nin baz\u0131 konularda tavizlere gitmeyece\u011fi durumda\u00a0 ABD&#8217;nin\u00a0 Ermeni soyk\u0131r\u0131m\u0131n\u0131 tan\u0131yaca\u011f\u0131na dair\u00a0 T\u00fcrkiye\u2019ye y\u00f6nelik bir mesaj oldu\u011funu kaydetti.<\/p>\n<p style=\"text-align: justify\"><strong>\u00a0<\/strong><strong><em>Tert.am, <\/em><\/strong><strong><em>08.07.10<\/em><\/strong><\/p>\n<p style=\"text-align: justify\">Ermenice\u2019den \u00e7evrilmi\u015ftir<\/p>\n","protected":false},"excerpt":{"rendered":"<p>Bug\u00fcnk\u00fc bas\u0131n toplant\u0131s\u0131nda T\u00fcrkiye\u2019deki zorla islamla\u015ft\u0131r\u0131lmalara ili\u015fkin haberlere de\u011finen Ermenistan Milli Bilimler Akademisi\u00a0 Do\u011fu Bilimler Enstit\u00fcs\u00fc M\u00fcd\u00fcr\u00fc, t\u00fcrkolog Ruben Safrastyan: \u201cSon 2-3 y\u0131lda T\u00fcrkiye\u2019de islamc\u0131 e\u011filimler hissedilir \u00f6l\u00e7\u00fcde artt\u0131. T\u00fcrkiye\u2019de H\u0131ristiyanl\u0131k ve Musevilik ba\u015fta olmak \u00fczere di\u011fer dinlere kar\u015f\u0131 olumsuz tutumun artt\u0131\u011f\u0131 farkedilmektedir. Ayr\u0131ca islamc\u0131 olan bug\u00fcnk\u00fc T\u00fcrkiye y\u00f6neticilerinin faaliyetleriyle bu olaylara katk\u0131da bulunduklar\u0131n\u0131\u00a0 g\u00f6rmekteyiz\u201d [&hellip;]<\/p>\n","protected":false},"author":3,"featured_media":0,"comment_status":"closed","ping_status":"open","sticky":false,"template":"","format":"standard","meta":{"footnotes":""},"categories":[14],"tags":[],"class_list":["post-1254","post","type-post","status-publish","format-standard","hentry","category-haberler"],"yoast_head":"<!-- This site is optimized with the Yoast SEO plugin v27.4 - https:\/\/yoast.com\/product\/yoast-seo-wordpress\/ -->\n<title>Ruben Safrastyan\u2019a G\u00f6re T\u00fcrkiye\u2019de \u0130slamc\u0131 E\u011filimler Hissedilir \u00d6l\u00e7\u00fcde Artt\u0131 - Bati Ermenistan Ve Bati Ermenileri Sorunlari Ara\u015ftirmalar Merkezi<\/title>\n<meta name=\"robots\" content=\"index, follow, max-snippet:-1, max-image-preview:large, max-video-preview:-1\" \/>\n<link rel=\"canonical\" href=\"https:\/\/akunq.net\/turkish\/2010\/07\/09\/ruben-safrastyana-gore-turkiyede-islamci-egilimler-hissedilir-olcude-artti\/\" \/>\n<meta property=\"og:locale\" content=\"en_US\" \/>\n<meta property=\"og:type\" content=\"article\" \/>\n<meta property=\"og:title\" content=\"Ruben Safrastyan\u2019a G\u00f6re T\u00fcrkiye\u2019de \u0130slamc\u0131 E\u011filimler Hissedilir \u00d6l\u00e7\u00fcde Artt\u0131 - Bati Ermenistan Ve Bati Ermenileri Sorunlari Ara\u015ftirmalar Merkezi\" \/>\n<meta property=\"og:description\" content=\"Bug\u00fcnk\u00fc bas\u0131n toplant\u0131s\u0131nda T\u00fcrkiye\u2019deki zorla islamla\u015ft\u0131r\u0131lmalara ili\u015fkin haberlere de\u011finen Ermenistan Milli Bilimler Akademisi\u00a0 Do\u011fu Bilimler Enstit\u00fcs\u00fc M\u00fcd\u00fcr\u00fc, t\u00fcrkolog Ruben Safrastyan: \u201cSon 2-3 y\u0131lda T\u00fcrkiye\u2019de islamc\u0131 e\u011filimler hissedilir \u00f6l\u00e7\u00fcde artt\u0131. T\u00fcrkiye\u2019de H\u0131ristiyanl\u0131k ve Musevilik ba\u015fta olmak \u00fczere di\u011fer dinlere kar\u015f\u0131 olumsuz tutumun artt\u0131\u011f\u0131 farkedilmektedir. Ayr\u0131ca islamc\u0131 olan bug\u00fcnk\u00fc T\u00fcrkiye y\u00f6neticilerinin faaliyetleriyle bu olaylara katk\u0131da bulunduklar\u0131n\u0131\u00a0 g\u00f6rmekteyiz\u201d [&hellip;]\" \/>\n<meta property=\"og:url\" content=\"https:\/\/akunq.net\/turkish\/2010\/07\/09\/ruben-safrastyana-gore-turkiyede-islamci-egilimler-hissedilir-olcude-artti\/\" \/>\n<meta property=\"og:site_name\" content=\"Bati Ermenistan Ve Bati Ermenileri Sorunlari Ara\u015ftirmalar Merkezi\" \/>\n<meta property=\"article:published_time\" content=\"2010-07-09T06:11:53+00:00\" \/>\n<meta name=\"author\" content=\"kalem\" \/>\n<meta name=\"twitter:card\" content=\"summary_large_image\" \/>\n<meta name=\"twitter:label1\" content=\"Written by\" \/>\n\t<meta name=\"twitter:data1\" content=\"kalem\" \/>\n\t<meta name=\"twitter:label2\" content=\"Est. reading time\" \/>\n\t<meta name=\"twitter:data2\" content=\"2 minutes\" \/>\n<script type=\"application\/ld+json\" class=\"yoast-schema-graph\">{\"@context\":\"https:\\\/\\\/schema.org\",\"@graph\":[{\"@type\":\"Article\",\"@id\":\"https:\\\/\\\/akunq.net\\\/turkish\\\/2010\\\/07\\\/09\\\/ruben-safrastyana-gore-turkiyede-islamci-egilimler-hissedilir-olcude-artti\\\/#article\",\"isPartOf\":{\"@id\":\"https:\\\/\\\/akunq.net\\\/turkish\\\/2010\\\/07\\\/09\\\/ruben-safrastyana-gore-turkiyede-islamci-egilimler-hissedilir-olcude-artti\\\/\"},\"author\":{\"name\":\"kalem\",\"@id\":\"https:\\\/\\\/akunq.net\\\/turkish\\\/#\\\/schema\\\/person\\\/135e7923d1aeb8887890799619969a6c\"},\"headline\":\"Ruben Safrastyan\u2019a G\u00f6re T\u00fcrkiye\u2019de \u0130slamc\u0131 E\u011filimler Hissedilir \u00d6l\u00e7\u00fcde Artt\u0131\",\"datePublished\":\"2010-07-09T06:11:53+00:00\",\"mainEntityOfPage\":{\"@id\":\"https:\\\/\\\/akunq.net\\\/turkish\\\/2010\\\/07\\\/09\\\/ruben-safrastyana-gore-turkiyede-islamci-egilimler-hissedilir-olcude-artti\\\/\"},\"wordCount\":340,\"articleSection\":[\"Haberler\"],\"inLanguage\":\"en-US\"},{\"@type\":\"WebPage\",\"@id\":\"https:\\\/\\\/akunq.net\\\/turkish\\\/2010\\\/07\\\/09\\\/ruben-safrastyana-gore-turkiyede-islamci-egilimler-hissedilir-olcude-artti\\\/\",\"url\":\"https:\\\/\\\/akunq.net\\\/turkish\\\/2010\\\/07\\\/09\\\/ruben-safrastyana-gore-turkiyede-islamci-egilimler-hissedilir-olcude-artti\\\/\",\"name\":\"Ruben Safrastyan\u2019a G\u00f6re T\u00fcrkiye\u2019de \u0130slamc\u0131 E\u011filimler Hissedilir \u00d6l\u00e7\u00fcde Artt\u0131 - Bati Ermenistan Ve Bati Ermenileri Sorunlari Ara\u015ftirmalar Merkezi\",\"isPartOf\":{\"@id\":\"https:\\\/\\\/akunq.net\\\/turkish\\\/#website\"},\"datePublished\":\"2010-07-09T06:11:53+00:00\",\"author\":{\"@id\":\"https:\\\/\\\/akunq.net\\\/turkish\\\/#\\\/schema\\\/person\\\/135e7923d1aeb8887890799619969a6c\"},\"breadcrumb\":{\"@id\":\"https:\\\/\\\/akunq.net\\\/turkish\\\/2010\\\/07\\\/09\\\/ruben-safrastyana-gore-turkiyede-islamci-egilimler-hissedilir-olcude-artti\\\/#breadcrumb\"},\"inLanguage\":\"en-US\",\"potentialAction\":[{\"@type\":\"ReadAction\",\"target\":[\"https:\\\/\\\/akunq.net\\\/turkish\\\/2010\\\/07\\\/09\\\/ruben-safrastyana-gore-turkiyede-islamci-egilimler-hissedilir-olcude-artti\\\/\"]}]},{\"@type\":\"BreadcrumbList\",\"@id\":\"https:\\\/\\\/akunq.net\\\/turkish\\\/2010\\\/07\\\/09\\\/ruben-safrastyana-gore-turkiyede-islamci-egilimler-hissedilir-olcude-artti\\\/#breadcrumb\",\"itemListElement\":[{\"@type\":\"ListItem\",\"position\":1,\"name\":\"Home\",\"item\":\"https:\\\/\\\/akunq.net\\\/turkish\\\/\"},{\"@type\":\"ListItem\",\"position\":2,\"name\":\"Ruben Safrastyan\u2019a G\u00f6re T\u00fcrkiye\u2019de \u0130slamc\u0131 E\u011filimler Hissedilir \u00d6l\u00e7\u00fcde Artt\u0131\"}]},{\"@type\":\"WebSite\",\"@id\":\"https:\\\/\\\/akunq.net\\\/turkish\\\/#website\",\"url\":\"https:\\\/\\\/akunq.net\\\/turkish\\\/\",\"name\":\"Bati Ermenistan Ve Bati Ermenileri Sorunlari Ara\u015ftirmalar Merkezi\",\"description\":\"\",\"potentialAction\":[{\"@type\":\"SearchAction\",\"target\":{\"@type\":\"EntryPoint\",\"urlTemplate\":\"https:\\\/\\\/akunq.net\\\/turkish\\\/?s={search_term_string}\"},\"query-input\":{\"@type\":\"PropertyValueSpecification\",\"valueRequired\":true,\"valueName\":\"search_term_string\"}}],\"inLanguage\":\"en-US\"},{\"@type\":\"Person\",\"@id\":\"https:\\\/\\\/akunq.net\\\/turkish\\\/#\\\/schema\\\/person\\\/135e7923d1aeb8887890799619969a6c\",\"name\":\"kalem\",\"image\":{\"@type\":\"ImageObject\",\"inLanguage\":\"en-US\",\"@id\":\"https:\\\/\\\/secure.gravatar.com\\\/avatar\\\/a06875e4b25feb5674296adf8e8a7ae1e587cebce2493fe63c456109967e27d3?s=96&d=mm&r=g\",\"url\":\"https:\\\/\\\/secure.gravatar.com\\\/avatar\\\/a06875e4b25feb5674296adf8e8a7ae1e587cebce2493fe63c456109967e27d3?s=96&d=mm&r=g\",\"contentUrl\":\"https:\\\/\\\/secure.gravatar.com\\\/avatar\\\/a06875e4b25feb5674296adf8e8a7ae1e587cebce2493fe63c456109967e27d3?s=96&d=mm&r=g\",\"caption\":\"kalem\"},\"url\":\"https:\\\/\\\/akunq.net\\\/turkish\\\/author\\\/kalem\\\/\"}]}<\/script>\n<!-- \/ Yoast SEO plugin. -->","yoast_head_json":{"title":"Ruben Safrastyan\u2019a G\u00f6re T\u00fcrkiye\u2019de \u0130slamc\u0131 E\u011filimler Hissedilir \u00d6l\u00e7\u00fcde Artt\u0131 - Bati Ermenistan Ve Bati Ermenileri Sorunlari Ara\u015ftirmalar Merkezi","robots":{"index":"index","follow":"follow","max-snippet":"max-snippet:-1","max-image-preview":"max-image-preview:large","max-video-preview":"max-video-preview:-1"},"canonical":"https:\/\/akunq.net\/turkish\/2010\/07\/09\/ruben-safrastyana-gore-turkiyede-islamci-egilimler-hissedilir-olcude-artti\/","og_locale":"en_US","og_type":"article","og_title":"Ruben Safrastyan\u2019a G\u00f6re T\u00fcrkiye\u2019de \u0130slamc\u0131 E\u011filimler Hissedilir \u00d6l\u00e7\u00fcde Artt\u0131 - Bati Ermenistan Ve Bati Ermenileri Sorunlari Ara\u015ftirmalar Merkezi","og_description":"Bug\u00fcnk\u00fc bas\u0131n toplant\u0131s\u0131nda T\u00fcrkiye\u2019deki zorla islamla\u015ft\u0131r\u0131lmalara ili\u015fkin haberlere de\u011finen Ermenistan Milli Bilimler Akademisi\u00a0 Do\u011fu Bilimler Enstit\u00fcs\u00fc M\u00fcd\u00fcr\u00fc, t\u00fcrkolog Ruben Safrastyan: \u201cSon 2-3 y\u0131lda T\u00fcrkiye\u2019de islamc\u0131 e\u011filimler hissedilir \u00f6l\u00e7\u00fcde artt\u0131. T\u00fcrkiye\u2019de H\u0131ristiyanl\u0131k ve Musevilik ba\u015fta olmak \u00fczere di\u011fer dinlere kar\u015f\u0131 olumsuz tutumun artt\u0131\u011f\u0131 farkedilmektedir. Ayr\u0131ca islamc\u0131 olan bug\u00fcnk\u00fc T\u00fcrkiye y\u00f6neticilerinin faaliyetleriyle bu olaylara katk\u0131da bulunduklar\u0131n\u0131\u00a0 g\u00f6rmekteyiz\u201d [&hellip;]","og_url":"https:\/\/akunq.net\/turkish\/2010\/07\/09\/ruben-safrastyana-gore-turkiyede-islamci-egilimler-hissedilir-olcude-artti\/","og_site_name":"Bati Ermenistan Ve Bati Ermenileri Sorunlari Ara\u015ftirmalar Merkezi","article_published_time":"2010-07-09T06:11:53+00:00","author":"kalem","twitter_card":"summary_large_image","twitter_misc":{"Written by":"kalem","Est. reading time":"2 minutes"},"schema":{"@context":"https:\/\/schema.org","@graph":[{"@type":"Article","@id":"https:\/\/akunq.net\/turkish\/2010\/07\/09\/ruben-safrastyana-gore-turkiyede-islamci-egilimler-hissedilir-olcude-artti\/#article","isPartOf":{"@id":"https:\/\/akunq.net\/turkish\/2010\/07\/09\/ruben-safrastyana-gore-turkiyede-islamci-egilimler-hissedilir-olcude-artti\/"},"author":{"name":"kalem","@id":"https:\/\/akunq.net\/turkish\/#\/schema\/person\/135e7923d1aeb8887890799619969a6c"},"headline":"Ruben Safrastyan\u2019a G\u00f6re T\u00fcrkiye\u2019de \u0130slamc\u0131 E\u011filimler Hissedilir \u00d6l\u00e7\u00fcde Artt\u0131","datePublished":"2010-07-09T06:11:53+00:00","mainEntityOfPage":{"@id":"https:\/\/akunq.net\/turkish\/2010\/07\/09\/ruben-safrastyana-gore-turkiyede-islamci-egilimler-hissedilir-olcude-artti\/"},"wordCount":340,"articleSection":["Haberler"],"inLanguage":"en-US"},{"@type":"WebPage","@id":"https:\/\/akunq.net\/turkish\/2010\/07\/09\/ruben-safrastyana-gore-turkiyede-islamci-egilimler-hissedilir-olcude-artti\/","url":"https:\/\/akunq.net\/turkish\/2010\/07\/09\/ruben-safrastyana-gore-turkiyede-islamci-egilimler-hissedilir-olcude-artti\/","name":"Ruben Safrastyan\u2019a G\u00f6re T\u00fcrkiye\u2019de \u0130slamc\u0131 E\u011filimler Hissedilir \u00d6l\u00e7\u00fcde Artt\u0131 - Bati Ermenistan Ve Bati Ermenileri Sorunlari Ara\u015ftirmalar Merkezi","isPartOf":{"@id":"https:\/\/akunq.net\/turkish\/#website"},"datePublished":"2010-07-09T06:11:53+00:00","author":{"@id":"https:\/\/akunq.net\/turkish\/#\/schema\/person\/135e7923d1aeb8887890799619969a6c"},"breadcrumb":{"@id":"https:\/\/akunq.net\/turkish\/2010\/07\/09\/ruben-safrastyana-gore-turkiyede-islamci-egilimler-hissedilir-olcude-artti\/#breadcrumb"},"inLanguage":"en-US","potentialAction":[{"@type":"ReadAction","target":["https:\/\/akunq.net\/turkish\/2010\/07\/09\/ruben-safrastyana-gore-turkiyede-islamci-egilimler-hissedilir-olcude-artti\/"]}]},{"@type":"BreadcrumbList","@id":"https:\/\/akunq.net\/turkish\/2010\/07\/09\/ruben-safrastyana-gore-turkiyede-islamci-egilimler-hissedilir-olcude-artti\/#breadcrumb","itemListElement":[{"@type":"ListItem","position":1,"name":"Home","item":"https:\/\/akunq.net\/turkish\/"},{"@type":"ListItem","position":2,"name":"Ruben Safrastyan\u2019a G\u00f6re T\u00fcrkiye\u2019de \u0130slamc\u0131 E\u011filimler Hissedilir \u00d6l\u00e7\u00fcde Artt\u0131"}]},{"@type":"WebSite","@id":"https:\/\/akunq.net\/turkish\/#website","url":"https:\/\/akunq.net\/turkish\/","name":"Bati Ermenistan Ve Bati Ermenileri Sorunlari Ara\u015ftirmalar Merkezi","description":"","potentialAction":[{"@type":"SearchAction","target":{"@type":"EntryPoint","urlTemplate":"https:\/\/akunq.net\/turkish\/?s={search_term_string}"},"query-input":{"@type":"PropertyValueSpecification","valueRequired":true,"valueName":"search_term_string"}}],"inLanguage":"en-US"},{"@type":"Person","@id":"https:\/\/akunq.net\/turkish\/#\/schema\/person\/135e7923d1aeb8887890799619969a6c","name":"kalem","image":{"@type":"ImageObject","inLanguage":"en-US","@id":"https:\/\/secure.gravatar.com\/avatar\/a06875e4b25feb5674296adf8e8a7ae1e587cebce2493fe63c456109967e27d3?s=96&d=mm&r=g","url":"https:\/\/secure.gravatar.com\/avatar\/a06875e4b25feb5674296adf8e8a7ae1e587cebce2493fe63c456109967e27d3?s=96&d=mm&r=g","contentUrl":"https:\/\/secure.gravatar.com\/avatar\/a06875e4b25feb5674296adf8e8a7ae1e587cebce2493fe63c456109967e27d3?s=96&d=mm&r=g","caption":"kalem"},"url":"https:\/\/akunq.net\/turkish\/author\/kalem\/"}]}},"_links":{"self":[{"href":"https:\/\/akunq.net\/turkish\/wp-json\/wp\/v2\/posts\/1254","targetHints":{"allow":["GET"]}}],"collection":[{"href":"https:\/\/akunq.net\/turkish\/wp-json\/wp\/v2\/posts"}],"about":[{"href":"https:\/\/akunq.net\/turkish\/wp-json\/wp\/v2\/types\/post"}],"author":[{"embeddable":true,"href":"https:\/\/akunq.net\/turkish\/wp-json\/wp\/v2\/users\/3"}],"replies":[{"embeddable":true,"href":"https:\/\/akunq.net\/turkish\/wp-json\/wp\/v2\/comments?post=1254"}],"version-history":[{"count":0,"href":"https:\/\/akunq.net\/turkish\/wp-json\/wp\/v2\/posts\/1254\/revisions"}],"wp:attachment":[{"href":"https:\/\/akunq.net\/turkish\/wp-json\/wp\/v2\/media?parent=1254"}],"wp:term":[{"taxonomy":"category","embeddable":true,"href":"https:\/\/akunq.net\/turkish\/wp-json\/wp\/v2\/categories?post=1254"},{"taxonomy":"post_tag","embeddable":true,"href":"https:\/\/akunq.net\/turkish\/wp-json\/wp\/v2\/tags?post=1254"}],"curies":[{"name":"wp","href":"https:\/\/api.w.org\/{rel}","templated":true}]}}