{"id":1251,"date":"2010-07-08T06:00:28","date_gmt":"2010-07-08T11:00:28","guid":{"rendered":"http:\/\/akunq.net\/tr\/?p=1251"},"modified":"2010-07-08T06:00:28","modified_gmt":"2010-07-08T11:00:28","slug":"lozani-herkese-uygulamak","status":"publish","type":"post","link":"https:\/\/akunq.net\/turkish\/2010\/07\/08\/lozani-herkese-uygulamak\/","title":{"rendered":"Lozan`\u0131 herkese uygulamak"},"content":{"rendered":"<p style=\"text-align: justify\">Lozan Antla\u015fmas\u0131 T\u00fcrkiye Cumhuriyeti`nin kurucu antla\u015fmas\u0131.<\/p>\n<p style=\"text-align: justify\">Bu antla\u015fmay\u0131 de\u011fi\u015ftirmek istemek hem ger\u00e7ek\u00e7i hem de pek anlaml\u0131 de\u011fil. Ama Lozan Antla\u015fmas\u0131`n\u0131 geni\u015fleterek, yayg\u0131nla\u015ft\u0131rarak, t\u00fcm vatanda\u015flara uygulayarak T\u00fcrkiye`nin bug\u00fcn kar\u015f\u0131 kar\u015f\u0131ya bulundu\u011fu baz\u0131 sorunlara \u00e7are aramak m\u00fcmk\u00fcn.<\/p>\n<p style=\"text-align: justify\">Lozan Antla\u015fmas\u0131`nda beni s\u00f6zel olarak en \u00e7ok rahats\u0131z eden konu az\u0131nl\u0131k tabiri.<\/p>\n<p style=\"text-align: justify\">Bu topraklarda y\u00fczlerce sene birlikte ya\u015fad\u0131\u011f\u0131m\u0131z ve yurtta\u015flar\u0131m\u0131z olan rumlara, ermenilere, musevilere az\u0131nl\u0131k demek do\u011frusu kelime olarak da hi\u00e7 ho\u015fuma gitmiyor.<\/p>\n<p style=\"text-align: justify\">Asl\u0131nda Lozan Antla\u015fmas\u0131, KA\u011eIT \u00dcZER\u0130NDE, az\u0131nl\u0131k denen vatanda\u015flar\u0131m\u0131za az\u0131nl\u0131k stat\u00fcs\u00fcnde olmayanlara oranla daha fazla hak tan\u0131yan bir antla\u015fma.<\/p>\n<p style=\"text-align: justify\">Az\u0131nl\u0131k denen vatanda\u015flar\u0131m\u0131z az\u0131nl\u0131k stat\u00fcs\u00fcnde olmayan vatanda\u015flar\u0131n t\u00fcm haklar\u0131na sahipler, ilaveten 1923`den beri kendi ana dillerinde e\u011fitim yapabiliyorlar, kendi dillerinde gazete \u00e7\u0131karabiliyorlar, vs. Dedi\u011fim gibi bu haklar genellikle ka\u011f\u0131t \u00fczerinde zira az\u0131nl\u0131k vatanda\u015flar\u0131m\u0131z\u0131n i\u00e7inden b\u00fcrokraside g\u00f6rev alabilen, subay olabilen (yedek subay de\u011fil), kaymakam, vali olabilen art\u0131k hi\u00e7 yok. Ama, yine de ka\u011f\u0131t \u00fczerinde az\u0131nl\u0131k olmayan vatanda\u015flardan daha fazla hakka sahipler.<\/p>\n<p style=\"text-align: justify\">2010 senesinde art\u0131k bu haklardan geri gitmek hem teknik olarak, hem de siyaseten ho\u015f de\u011fil.<\/p>\n<p style=\"text-align: justify\">Ama ayn\u0131 haklar\u0131 t\u00fcm vatanda\u015flara geni\u015fletmek neden m\u00fcmk\u00fcn olmas\u0131n?<\/p>\n<p style=\"text-align: justify\">Hem b\u00f6ylece Lozan`dan geri ad\u0131m at\u0131lmam\u0131\u015f, hem de Lozan`\u0131n sadece az\u0131nl\u0131k tan\u0131m\u0131na giren vatanda\u015flara tan\u0131d\u0131\u011f\u0131 t\u00fcm haklar anayasal-genel haklar haline gelir.<\/p>\n<p style=\"text-align: justify\">Ve b\u00f6ylece y\u00fczlerce senedir birlikte ya\u015fad\u0131\u011f\u0131m\u0131z rumlara, ermenilere, musevilere az\u0131nl\u0131k deme ay\u0131b\u0131ndan da kurtulmu\u015f oluruz.<\/p>\n<p style=\"text-align: justify\">Bizim kulland\u0131\u011f\u0131m\u0131z anlamda az\u0131nl\u0131k tan\u0131m\u0131 zaten tarihsel olarak \u00e7ok eskimeye ba\u015flayan bir tan\u0131m.<\/p>\n<p style=\"text-align: justify\">Birinci D\u00fcnya Sava\u015f\u0131 sonras\u0131 imparatorluklar\u0131n, bu arada da Osmanl\u0131 \u0130mparatorlu\u011fu`nun da\u011f\u0131ld\u0131\u011f\u0131 senelerde, art\u0131k tarihsel bir kategori olmaya y\u00fcz tutan ulus-devlet tan\u0131m\u0131n\u0131n bir kavram\u0131 az\u0131nl\u0131k kavram\u0131.<br \/>\nBu tan\u0131m\u0131 bug\u00fcn \u00fclkemizde art\u0131k sadece rum, ermeni ve musevi unsurlarla s\u0131n\u0131rl\u0131 tutmak yerine Lozan`\u0131n getirdi\u011fi pozitif ay\u0131r\u0131mc\u0131l\u0131\u011f\u0131 t\u00fcm arzu eden gruplara, bu gruplara da az\u0131nl\u0131k da demeden, geni\u015fletilmi\u015f k\u00fclt\u00fcrel haklar \u00e7er\u00e7evesinde tutmak belki de en ak\u0131lc\u0131 yol.<\/p>\n<p style=\"text-align: justify\">\u00c7ocuklu\u011fumun ge\u00e7ti\u011fi Kad\u0131k\u00f6y`de rum gazeteci bir amcan\u0131n rum evlerine rumca gazete da\u011f\u0131tt\u0131\u011f\u0131n\u0131 \u00e7ok iyi hat\u0131rl\u0131yorum; bu durumun Lozan`dan gelen bir pozitif ayr\u0131mc\u0131l\u0131k oldu\u011funu o tarihlerde bilmiyor idim ama ayn\u0131 tarihlerde mesela k\u00fcrt\u00e7e gazete yay\u0131nlanmas\u0131 yasak idi.<\/p>\n<p style=\"text-align: justify\">Lozan az\u0131nl\u0131klar\u0131 kendi ana dillerinde e\u011fitim yapabiliyorlar ama bug\u00fcn hala mesela k\u00fcrtler yapam\u0131yor.<\/p>\n<p style=\"text-align: justify\">Meselenin anlams\u0131zl\u0131\u011f\u0131n\u0131, sa\u00e7mal\u0131\u011f\u0131n\u0131 siz de g\u00f6r\u00fcyorsunuz.<\/p>\n<p style=\"text-align: justify\">Bug\u00fcn bu pozitif ayr\u0131mc\u0131l\u0131\u011f\u0131, rumlar\u0131n, ermenilerin, musevilerin sahip oldu\u011fu bu haklar\u0131, Lozan`dan teknik anlamda geri ad\u0131m da atmadan, vatanda\u015fl\u0131k haklar\u0131 haline getirmek kan\u0131mca d\u00fc\u015f\u00fcn\u00fclmesi gereken \u00f6nemli bir konu.<\/p>\n<p style=\"text-align: justify\">Din \u00f6zg\u00fcrl\u00fc\u011f\u00fcn\u00fc de ayn\u0131 \u00e7er\u00e7eve i\u00e7ine kolayca sokabilirsiniz.<\/p>\n<p style=\"text-align: justify\">Devlet kafas\u0131ndaki cendereden kurtulabilir ise toplum da seneler sonra belki biraz nefes alabilecektir.<br \/>\nEser Karaka\u015f<strong><\/strong><\/p>\n<p style=\"text-align: justify\"><strong>Kaynak:<\/strong> stargazete.com<\/p>\n<p style=\"text-align: justify\"><strong>Tarih:<\/strong> 6.7.2010<\/p>\n","protected":false},"excerpt":{"rendered":"<p>Lozan Antla\u015fmas\u0131 T\u00fcrkiye Cumhuriyeti`nin kurucu antla\u015fmas\u0131. Bu antla\u015fmay\u0131 de\u011fi\u015ftirmek istemek hem ger\u00e7ek\u00e7i hem de pek anlaml\u0131 de\u011fil. Ama Lozan Antla\u015fmas\u0131`n\u0131 geni\u015fleterek, yayg\u0131nla\u015ft\u0131rarak, t\u00fcm vatanda\u015flara uygulayarak T\u00fcrkiye`nin bug\u00fcn kar\u015f\u0131 kar\u015f\u0131ya bulundu\u011fu baz\u0131 sorunlara \u00e7are aramak m\u00fcmk\u00fcn. Lozan Antla\u015fmas\u0131`nda beni s\u00f6zel olarak en \u00e7ok rahats\u0131z eden konu az\u0131nl\u0131k tabiri. Bu topraklarda y\u00fczlerce sene birlikte ya\u015fad\u0131\u011f\u0131m\u0131z ve yurtta\u015flar\u0131m\u0131z [&hellip;]<\/p>\n","protected":false},"author":3,"featured_media":0,"comment_status":"closed","ping_status":"open","sticky":false,"template":"","format":"standard","meta":{"footnotes":""},"categories":[14],"tags":[],"class_list":["post-1251","post","type-post","status-publish","format-standard","hentry","category-haberler"],"yoast_head":"<!-- This site is optimized with the Yoast SEO plugin v27.4 - https:\/\/yoast.com\/product\/yoast-seo-wordpress\/ -->\n<title>Lozan`\u0131 herkese uygulamak - Bati Ermenistan Ve Bati Ermenileri Sorunlari Ara\u015ftirmalar Merkezi<\/title>\n<meta name=\"robots\" content=\"index, follow, max-snippet:-1, max-image-preview:large, max-video-preview:-1\" \/>\n<link rel=\"canonical\" href=\"https:\/\/akunq.net\/turkish\/2010\/07\/08\/lozani-herkese-uygulamak\/\" \/>\n<meta property=\"og:locale\" content=\"en_US\" \/>\n<meta property=\"og:type\" content=\"article\" \/>\n<meta property=\"og:title\" content=\"Lozan`\u0131 herkese uygulamak - Bati Ermenistan Ve Bati Ermenileri Sorunlari Ara\u015ftirmalar Merkezi\" \/>\n<meta property=\"og:description\" content=\"Lozan Antla\u015fmas\u0131 T\u00fcrkiye Cumhuriyeti`nin kurucu antla\u015fmas\u0131. Bu antla\u015fmay\u0131 de\u011fi\u015ftirmek istemek hem ger\u00e7ek\u00e7i hem de pek anlaml\u0131 de\u011fil. Ama Lozan Antla\u015fmas\u0131`n\u0131 geni\u015fleterek, yayg\u0131nla\u015ft\u0131rarak, t\u00fcm vatanda\u015flara uygulayarak T\u00fcrkiye`nin bug\u00fcn kar\u015f\u0131 kar\u015f\u0131ya bulundu\u011fu baz\u0131 sorunlara \u00e7are aramak m\u00fcmk\u00fcn. Lozan Antla\u015fmas\u0131`nda beni s\u00f6zel olarak en \u00e7ok rahats\u0131z eden konu az\u0131nl\u0131k tabiri. Bu topraklarda y\u00fczlerce sene birlikte ya\u015fad\u0131\u011f\u0131m\u0131z ve yurtta\u015flar\u0131m\u0131z [&hellip;]\" \/>\n<meta property=\"og:url\" content=\"https:\/\/akunq.net\/turkish\/2010\/07\/08\/lozani-herkese-uygulamak\/\" \/>\n<meta property=\"og:site_name\" content=\"Bati Ermenistan Ve Bati Ermenileri Sorunlari Ara\u015ftirmalar Merkezi\" \/>\n<meta property=\"article:published_time\" content=\"2010-07-08T11:00:28+00:00\" \/>\n<meta name=\"author\" content=\"kalem\" \/>\n<meta name=\"twitter:card\" content=\"summary_large_image\" \/>\n<meta name=\"twitter:label1\" content=\"Written by\" \/>\n\t<meta name=\"twitter:data1\" content=\"kalem\" \/>\n\t<meta name=\"twitter:label2\" content=\"Est. reading time\" \/>\n\t<meta name=\"twitter:data2\" content=\"3 minutes\" \/>\n<script type=\"application\/ld+json\" class=\"yoast-schema-graph\">{\"@context\":\"https:\\\/\\\/schema.org\",\"@graph\":[{\"@type\":\"Article\",\"@id\":\"https:\\\/\\\/akunq.net\\\/turkish\\\/2010\\\/07\\\/08\\\/lozani-herkese-uygulamak\\\/#article\",\"isPartOf\":{\"@id\":\"https:\\\/\\\/akunq.net\\\/turkish\\\/2010\\\/07\\\/08\\\/lozani-herkese-uygulamak\\\/\"},\"author\":{\"name\":\"kalem\",\"@id\":\"https:\\\/\\\/akunq.net\\\/turkish\\\/#\\\/schema\\\/person\\\/135e7923d1aeb8887890799619969a6c\"},\"headline\":\"Lozan`\u0131 herkese uygulamak\",\"datePublished\":\"2010-07-08T11:00:28+00:00\",\"mainEntityOfPage\":{\"@id\":\"https:\\\/\\\/akunq.net\\\/turkish\\\/2010\\\/07\\\/08\\\/lozani-herkese-uygulamak\\\/\"},\"wordCount\":596,\"articleSection\":[\"Haberler\"],\"inLanguage\":\"en-US\"},{\"@type\":\"WebPage\",\"@id\":\"https:\\\/\\\/akunq.net\\\/turkish\\\/2010\\\/07\\\/08\\\/lozani-herkese-uygulamak\\\/\",\"url\":\"https:\\\/\\\/akunq.net\\\/turkish\\\/2010\\\/07\\\/08\\\/lozani-herkese-uygulamak\\\/\",\"name\":\"Lozan`\u0131 herkese uygulamak - Bati Ermenistan Ve Bati Ermenileri Sorunlari Ara\u015ftirmalar Merkezi\",\"isPartOf\":{\"@id\":\"https:\\\/\\\/akunq.net\\\/turkish\\\/#website\"},\"datePublished\":\"2010-07-08T11:00:28+00:00\",\"author\":{\"@id\":\"https:\\\/\\\/akunq.net\\\/turkish\\\/#\\\/schema\\\/person\\\/135e7923d1aeb8887890799619969a6c\"},\"breadcrumb\":{\"@id\":\"https:\\\/\\\/akunq.net\\\/turkish\\\/2010\\\/07\\\/08\\\/lozani-herkese-uygulamak\\\/#breadcrumb\"},\"inLanguage\":\"en-US\",\"potentialAction\":[{\"@type\":\"ReadAction\",\"target\":[\"https:\\\/\\\/akunq.net\\\/turkish\\\/2010\\\/07\\\/08\\\/lozani-herkese-uygulamak\\\/\"]}]},{\"@type\":\"BreadcrumbList\",\"@id\":\"https:\\\/\\\/akunq.net\\\/turkish\\\/2010\\\/07\\\/08\\\/lozani-herkese-uygulamak\\\/#breadcrumb\",\"itemListElement\":[{\"@type\":\"ListItem\",\"position\":1,\"name\":\"Home\",\"item\":\"https:\\\/\\\/akunq.net\\\/turkish\\\/\"},{\"@type\":\"ListItem\",\"position\":2,\"name\":\"Lozan`\u0131 herkese uygulamak\"}]},{\"@type\":\"WebSite\",\"@id\":\"https:\\\/\\\/akunq.net\\\/turkish\\\/#website\",\"url\":\"https:\\\/\\\/akunq.net\\\/turkish\\\/\",\"name\":\"Bati Ermenistan Ve Bati Ermenileri Sorunlari Ara\u015ftirmalar Merkezi\",\"description\":\"\",\"potentialAction\":[{\"@type\":\"SearchAction\",\"target\":{\"@type\":\"EntryPoint\",\"urlTemplate\":\"https:\\\/\\\/akunq.net\\\/turkish\\\/?s={search_term_string}\"},\"query-input\":{\"@type\":\"PropertyValueSpecification\",\"valueRequired\":true,\"valueName\":\"search_term_string\"}}],\"inLanguage\":\"en-US\"},{\"@type\":\"Person\",\"@id\":\"https:\\\/\\\/akunq.net\\\/turkish\\\/#\\\/schema\\\/person\\\/135e7923d1aeb8887890799619969a6c\",\"name\":\"kalem\",\"image\":{\"@type\":\"ImageObject\",\"inLanguage\":\"en-US\",\"@id\":\"https:\\\/\\\/secure.gravatar.com\\\/avatar\\\/a06875e4b25feb5674296adf8e8a7ae1e587cebce2493fe63c456109967e27d3?s=96&d=mm&r=g\",\"url\":\"https:\\\/\\\/secure.gravatar.com\\\/avatar\\\/a06875e4b25feb5674296adf8e8a7ae1e587cebce2493fe63c456109967e27d3?s=96&d=mm&r=g\",\"contentUrl\":\"https:\\\/\\\/secure.gravatar.com\\\/avatar\\\/a06875e4b25feb5674296adf8e8a7ae1e587cebce2493fe63c456109967e27d3?s=96&d=mm&r=g\",\"caption\":\"kalem\"},\"url\":\"https:\\\/\\\/akunq.net\\\/turkish\\\/author\\\/kalem\\\/\"}]}<\/script>\n<!-- \/ Yoast SEO plugin. -->","yoast_head_json":{"title":"Lozan`\u0131 herkese uygulamak - Bati Ermenistan Ve Bati Ermenileri Sorunlari Ara\u015ftirmalar Merkezi","robots":{"index":"index","follow":"follow","max-snippet":"max-snippet:-1","max-image-preview":"max-image-preview:large","max-video-preview":"max-video-preview:-1"},"canonical":"https:\/\/akunq.net\/turkish\/2010\/07\/08\/lozani-herkese-uygulamak\/","og_locale":"en_US","og_type":"article","og_title":"Lozan`\u0131 herkese uygulamak - Bati Ermenistan Ve Bati Ermenileri Sorunlari Ara\u015ftirmalar Merkezi","og_description":"Lozan Antla\u015fmas\u0131 T\u00fcrkiye Cumhuriyeti`nin kurucu antla\u015fmas\u0131. Bu antla\u015fmay\u0131 de\u011fi\u015ftirmek istemek hem ger\u00e7ek\u00e7i hem de pek anlaml\u0131 de\u011fil. Ama Lozan Antla\u015fmas\u0131`n\u0131 geni\u015fleterek, yayg\u0131nla\u015ft\u0131rarak, t\u00fcm vatanda\u015flara uygulayarak T\u00fcrkiye`nin bug\u00fcn kar\u015f\u0131 kar\u015f\u0131ya bulundu\u011fu baz\u0131 sorunlara \u00e7are aramak m\u00fcmk\u00fcn. Lozan Antla\u015fmas\u0131`nda beni s\u00f6zel olarak en \u00e7ok rahats\u0131z eden konu az\u0131nl\u0131k tabiri. Bu topraklarda y\u00fczlerce sene birlikte ya\u015fad\u0131\u011f\u0131m\u0131z ve yurtta\u015flar\u0131m\u0131z [&hellip;]","og_url":"https:\/\/akunq.net\/turkish\/2010\/07\/08\/lozani-herkese-uygulamak\/","og_site_name":"Bati Ermenistan Ve Bati Ermenileri Sorunlari Ara\u015ftirmalar Merkezi","article_published_time":"2010-07-08T11:00:28+00:00","author":"kalem","twitter_card":"summary_large_image","twitter_misc":{"Written by":"kalem","Est. reading time":"3 minutes"},"schema":{"@context":"https:\/\/schema.org","@graph":[{"@type":"Article","@id":"https:\/\/akunq.net\/turkish\/2010\/07\/08\/lozani-herkese-uygulamak\/#article","isPartOf":{"@id":"https:\/\/akunq.net\/turkish\/2010\/07\/08\/lozani-herkese-uygulamak\/"},"author":{"name":"kalem","@id":"https:\/\/akunq.net\/turkish\/#\/schema\/person\/135e7923d1aeb8887890799619969a6c"},"headline":"Lozan`\u0131 herkese uygulamak","datePublished":"2010-07-08T11:00:28+00:00","mainEntityOfPage":{"@id":"https:\/\/akunq.net\/turkish\/2010\/07\/08\/lozani-herkese-uygulamak\/"},"wordCount":596,"articleSection":["Haberler"],"inLanguage":"en-US"},{"@type":"WebPage","@id":"https:\/\/akunq.net\/turkish\/2010\/07\/08\/lozani-herkese-uygulamak\/","url":"https:\/\/akunq.net\/turkish\/2010\/07\/08\/lozani-herkese-uygulamak\/","name":"Lozan`\u0131 herkese uygulamak - Bati Ermenistan Ve Bati Ermenileri Sorunlari Ara\u015ftirmalar Merkezi","isPartOf":{"@id":"https:\/\/akunq.net\/turkish\/#website"},"datePublished":"2010-07-08T11:00:28+00:00","author":{"@id":"https:\/\/akunq.net\/turkish\/#\/schema\/person\/135e7923d1aeb8887890799619969a6c"},"breadcrumb":{"@id":"https:\/\/akunq.net\/turkish\/2010\/07\/08\/lozani-herkese-uygulamak\/#breadcrumb"},"inLanguage":"en-US","potentialAction":[{"@type":"ReadAction","target":["https:\/\/akunq.net\/turkish\/2010\/07\/08\/lozani-herkese-uygulamak\/"]}]},{"@type":"BreadcrumbList","@id":"https:\/\/akunq.net\/turkish\/2010\/07\/08\/lozani-herkese-uygulamak\/#breadcrumb","itemListElement":[{"@type":"ListItem","position":1,"name":"Home","item":"https:\/\/akunq.net\/turkish\/"},{"@type":"ListItem","position":2,"name":"Lozan`\u0131 herkese uygulamak"}]},{"@type":"WebSite","@id":"https:\/\/akunq.net\/turkish\/#website","url":"https:\/\/akunq.net\/turkish\/","name":"Bati Ermenistan Ve Bati Ermenileri Sorunlari Ara\u015ftirmalar Merkezi","description":"","potentialAction":[{"@type":"SearchAction","target":{"@type":"EntryPoint","urlTemplate":"https:\/\/akunq.net\/turkish\/?s={search_term_string}"},"query-input":{"@type":"PropertyValueSpecification","valueRequired":true,"valueName":"search_term_string"}}],"inLanguage":"en-US"},{"@type":"Person","@id":"https:\/\/akunq.net\/turkish\/#\/schema\/person\/135e7923d1aeb8887890799619969a6c","name":"kalem","image":{"@type":"ImageObject","inLanguage":"en-US","@id":"https:\/\/secure.gravatar.com\/avatar\/a06875e4b25feb5674296adf8e8a7ae1e587cebce2493fe63c456109967e27d3?s=96&d=mm&r=g","url":"https:\/\/secure.gravatar.com\/avatar\/a06875e4b25feb5674296adf8e8a7ae1e587cebce2493fe63c456109967e27d3?s=96&d=mm&r=g","contentUrl":"https:\/\/secure.gravatar.com\/avatar\/a06875e4b25feb5674296adf8e8a7ae1e587cebce2493fe63c456109967e27d3?s=96&d=mm&r=g","caption":"kalem"},"url":"https:\/\/akunq.net\/turkish\/author\/kalem\/"}]}},"_links":{"self":[{"href":"https:\/\/akunq.net\/turkish\/wp-json\/wp\/v2\/posts\/1251","targetHints":{"allow":["GET"]}}],"collection":[{"href":"https:\/\/akunq.net\/turkish\/wp-json\/wp\/v2\/posts"}],"about":[{"href":"https:\/\/akunq.net\/turkish\/wp-json\/wp\/v2\/types\/post"}],"author":[{"embeddable":true,"href":"https:\/\/akunq.net\/turkish\/wp-json\/wp\/v2\/users\/3"}],"replies":[{"embeddable":true,"href":"https:\/\/akunq.net\/turkish\/wp-json\/wp\/v2\/comments?post=1251"}],"version-history":[{"count":0,"href":"https:\/\/akunq.net\/turkish\/wp-json\/wp\/v2\/posts\/1251\/revisions"}],"wp:attachment":[{"href":"https:\/\/akunq.net\/turkish\/wp-json\/wp\/v2\/media?parent=1251"}],"wp:term":[{"taxonomy":"category","embeddable":true,"href":"https:\/\/akunq.net\/turkish\/wp-json\/wp\/v2\/categories?post=1251"},{"taxonomy":"post_tag","embeddable":true,"href":"https:\/\/akunq.net\/turkish\/wp-json\/wp\/v2\/tags?post=1251"}],"curies":[{"name":"wp","href":"https:\/\/api.w.org\/{rel}","templated":true}]}}