{"id":1248,"date":"2010-07-08T05:16:23","date_gmt":"2010-07-08T10:16:23","guid":{"rendered":"http:\/\/akunq.net\/tr\/?p=1248"},"modified":"2010-07-08T05:16:23","modified_gmt":"2010-07-08T10:16:23","slug":"mrg-dini-milliyetcilik-tirmanista","status":"publish","type":"post","link":"https:\/\/akunq.net\/turkish\/2010\/07\/08\/mrg-dini-milliyetcilik-tirmanista\/","title":{"rendered":"MRG: &#8216;D\u0130N\u0130 M\u0130LL\u0130YET\u00c7\u0130L\u0130K TIRMANI\u015eTA&#8217;"},"content":{"rendered":"<p style=\"text-align: justify\">Az\u0131nl\u0131k Haklar\u0131 Grubunun (Minority Rights Group) bug\u00fcn yay\u0131mlanan y\u0131ll\u0131k raporunda, dini milliyet\u00e7ili\u011fin t\u0131rmand\u0131\u011f\u0131n\u0131 dini ho\u015fg\u00f6r\u00fcs\u00fczl\u00fc\u011f\u00fcn d\u00fcnyada az\u0131nl\u0131klara y\u00f6nelik zul\u00fcmlerin ba\u015fl\u0131ca nedeni oldu\u011fu vurguland\u0131.<\/p>\n<p style=\"text-align: justify\">Dini ho\u015fg\u00f6r\u00fcs\u00fczl\u00fc\u011f\u00fcn, d\u00fcnyada az\u0131nl\u0131klara y\u00f6nelik zul\u00fcmlerin ba\u015fl\u0131ca nedenlerinden biri oldu\u011fu bildirildi.<\/p>\n<p style=\"text-align: justify\">Az\u0131nl\u0131k Haklar\u0131 Grubunun (Minority Rights Group) bug\u00fcn yay\u0131mlanan y\u0131ll\u0131k raporunda, dini milliyet\u00e7ili\u011fin t\u0131rman\u0131\u015f\u0131, dini az\u0131nl\u0131klar\u0131n ekonomik olarak marjinalle\u015fmesi ve ter\u00f6rle m\u00fccadele yasalar\u0131n\u0131n suistimal edilmesinin, dini az\u0131nl\u0131klara kar\u015f\u0131 zul\u00fcmlerin art\u0131\u015f e\u011filimini besledi\u011fi belirtildi.<\/p>\n<p style=\"text-align: justify\">Grubun direkt\u00f6r\u00fc Mark Lattimer, dini ho\u015fg\u00f6r\u00fcs\u00fczl\u00fc\u011f\u00fcn yeni bir \u0131rk\u00e7\u0131l\u0131k oldu\u011funu, y\u0131llar boyunca \u0131rk ayr\u0131m\u0131na maruz kalan bir\u00e7ok toplulu\u011fun \u015fimdi de dini inan\u00e7lar\u0131ndan dolay\u0131 hedef haline geldiklerini kaydetti.<\/p>\n<p style=\"text-align: justify\">Raporda, Irak&#8217;ta Hristiyanlar, Sabiiler, Yezidiler, Bahailer gibi dini az\u0131nl\u0131klar\u0131n, \u00f6ld\u00fcr\u00fclme, ka\u00e7\u0131r\u0131lma veya tecav\u00fcz gibi \u015fiddet eylemlerinin hedefi olduklar\u0131 belirtildi.<\/p>\n<p style=\"text-align: justify\">Raporda, dini az\u0131nl\u0131klar\u0131n, dinin sicile i\u015flenmesi konusundaki yerel yasalar\u0131n da engeline tak\u0131ld\u0131\u011f\u0131 kaydedildi, M\u0131s\u0131r&#8217;da Bahailerin dini aidiyetleri konusunda yalan s\u00f6ylemeyi reddetmeleri durumunda kimlik kart\u0131 alamad\u0131\u011f\u0131 ve bir\u00e7ok kamu hizmetinden yararland\u0131r\u0131lmad\u0131\u011f\u0131n\u0131n g\u00f6r\u00fcld\u00fc\u011f\u00fc belirtildi.\u00a0<\/p>\n<p style=\"text-align: justify\"><strong>Kaynak:<\/strong> haber10.com<br \/>\n<strong>Tarih:<\/strong> 4.7.2010<\/p>\n","protected":false},"excerpt":{"rendered":"<p>Az\u0131nl\u0131k Haklar\u0131 Grubunun (Minority Rights Group) bug\u00fcn yay\u0131mlanan y\u0131ll\u0131k raporunda, dini milliyet\u00e7ili\u011fin t\u0131rmand\u0131\u011f\u0131n\u0131 dini ho\u015fg\u00f6r\u00fcs\u00fczl\u00fc\u011f\u00fcn d\u00fcnyada az\u0131nl\u0131klara y\u00f6nelik zul\u00fcmlerin ba\u015fl\u0131ca nedeni oldu\u011fu vurguland\u0131. Dini ho\u015fg\u00f6r\u00fcs\u00fczl\u00fc\u011f\u00fcn, d\u00fcnyada az\u0131nl\u0131klara y\u00f6nelik zul\u00fcmlerin ba\u015fl\u0131ca nedenlerinden biri oldu\u011fu bildirildi. Az\u0131nl\u0131k Haklar\u0131 Grubunun (Minority Rights Group) bug\u00fcn yay\u0131mlanan y\u0131ll\u0131k raporunda, dini milliyet\u00e7ili\u011fin t\u0131rman\u0131\u015f\u0131, dini az\u0131nl\u0131klar\u0131n ekonomik olarak marjinalle\u015fmesi ve ter\u00f6rle m\u00fccadele [&hellip;]<\/p>\n","protected":false},"author":3,"featured_media":0,"comment_status":"closed","ping_status":"open","sticky":false,"template":"","format":"standard","meta":{"footnotes":""},"categories":[14],"tags":[],"class_list":["post-1248","post","type-post","status-publish","format-standard","hentry","category-haberler"],"yoast_head":"<!-- This site is optimized with the Yoast SEO plugin v27.4 - https:\/\/yoast.com\/product\/yoast-seo-wordpress\/ -->\n<title>MRG: &#039;D\u0130N\u0130 M\u0130LL\u0130YET\u00c7\u0130L\u0130K TIRMANI\u015eTA&#039; - Bati Ermenistan Ve Bati Ermenileri Sorunlari Ara\u015ftirmalar Merkezi<\/title>\n<meta name=\"robots\" content=\"index, follow, max-snippet:-1, max-image-preview:large, max-video-preview:-1\" \/>\n<link rel=\"canonical\" href=\"https:\/\/akunq.net\/turkish\/2010\/07\/08\/mrg-dini-milliyetcilik-tirmanista\/\" \/>\n<meta property=\"og:locale\" content=\"en_US\" \/>\n<meta property=\"og:type\" content=\"article\" \/>\n<meta property=\"og:title\" content=\"MRG: &#039;D\u0130N\u0130 M\u0130LL\u0130YET\u00c7\u0130L\u0130K TIRMANI\u015eTA&#039; - Bati Ermenistan Ve Bati Ermenileri Sorunlari Ara\u015ftirmalar Merkezi\" \/>\n<meta property=\"og:description\" content=\"Az\u0131nl\u0131k Haklar\u0131 Grubunun (Minority Rights Group) bug\u00fcn yay\u0131mlanan y\u0131ll\u0131k raporunda, dini milliyet\u00e7ili\u011fin t\u0131rmand\u0131\u011f\u0131n\u0131 dini ho\u015fg\u00f6r\u00fcs\u00fczl\u00fc\u011f\u00fcn d\u00fcnyada az\u0131nl\u0131klara y\u00f6nelik zul\u00fcmlerin ba\u015fl\u0131ca nedeni oldu\u011fu vurguland\u0131. Dini ho\u015fg\u00f6r\u00fcs\u00fczl\u00fc\u011f\u00fcn, d\u00fcnyada az\u0131nl\u0131klara y\u00f6nelik zul\u00fcmlerin ba\u015fl\u0131ca nedenlerinden biri oldu\u011fu bildirildi. Az\u0131nl\u0131k Haklar\u0131 Grubunun (Minority Rights Group) bug\u00fcn yay\u0131mlanan y\u0131ll\u0131k raporunda, dini milliyet\u00e7ili\u011fin t\u0131rman\u0131\u015f\u0131, dini az\u0131nl\u0131klar\u0131n ekonomik olarak marjinalle\u015fmesi ve ter\u00f6rle m\u00fccadele [&hellip;]\" \/>\n<meta property=\"og:url\" content=\"https:\/\/akunq.net\/turkish\/2010\/07\/08\/mrg-dini-milliyetcilik-tirmanista\/\" \/>\n<meta property=\"og:site_name\" content=\"Bati Ermenistan Ve Bati Ermenileri Sorunlari Ara\u015ftirmalar Merkezi\" \/>\n<meta property=\"article:published_time\" content=\"2010-07-08T10:16:23+00:00\" \/>\n<meta name=\"author\" content=\"kalem\" \/>\n<meta name=\"twitter:card\" content=\"summary_large_image\" \/>\n<meta name=\"twitter:label1\" content=\"Written by\" \/>\n\t<meta name=\"twitter:data1\" content=\"kalem\" \/>\n\t<meta name=\"twitter:label2\" content=\"Est. reading time\" \/>\n\t<meta name=\"twitter:data2\" content=\"1 minute\" \/>\n<script type=\"application\/ld+json\" class=\"yoast-schema-graph\">{\"@context\":\"https:\\\/\\\/schema.org\",\"@graph\":[{\"@type\":\"Article\",\"@id\":\"https:\\\/\\\/akunq.net\\\/turkish\\\/2010\\\/07\\\/08\\\/mrg-dini-milliyetcilik-tirmanista\\\/#article\",\"isPartOf\":{\"@id\":\"https:\\\/\\\/akunq.net\\\/turkish\\\/2010\\\/07\\\/08\\\/mrg-dini-milliyetcilik-tirmanista\\\/\"},\"author\":{\"name\":\"kalem\",\"@id\":\"https:\\\/\\\/akunq.net\\\/turkish\\\/#\\\/schema\\\/person\\\/135e7923d1aeb8887890799619969a6c\"},\"headline\":\"MRG: &#8216;D\u0130N\u0130 M\u0130LL\u0130YET\u00c7\u0130L\u0130K TIRMANI\u015eTA&#8217;\",\"datePublished\":\"2010-07-08T10:16:23+00:00\",\"mainEntityOfPage\":{\"@id\":\"https:\\\/\\\/akunq.net\\\/turkish\\\/2010\\\/07\\\/08\\\/mrg-dini-milliyetcilik-tirmanista\\\/\"},\"wordCount\":256,\"articleSection\":[\"Haberler\"],\"inLanguage\":\"en-US\"},{\"@type\":\"WebPage\",\"@id\":\"https:\\\/\\\/akunq.net\\\/turkish\\\/2010\\\/07\\\/08\\\/mrg-dini-milliyetcilik-tirmanista\\\/\",\"url\":\"https:\\\/\\\/akunq.net\\\/turkish\\\/2010\\\/07\\\/08\\\/mrg-dini-milliyetcilik-tirmanista\\\/\",\"name\":\"MRG: 'D\u0130N\u0130 M\u0130LL\u0130YET\u00c7\u0130L\u0130K TIRMANI\u015eTA' - Bati Ermenistan Ve Bati Ermenileri Sorunlari Ara\u015ftirmalar Merkezi\",\"isPartOf\":{\"@id\":\"https:\\\/\\\/akunq.net\\\/turkish\\\/#website\"},\"datePublished\":\"2010-07-08T10:16:23+00:00\",\"author\":{\"@id\":\"https:\\\/\\\/akunq.net\\\/turkish\\\/#\\\/schema\\\/person\\\/135e7923d1aeb8887890799619969a6c\"},\"breadcrumb\":{\"@id\":\"https:\\\/\\\/akunq.net\\\/turkish\\\/2010\\\/07\\\/08\\\/mrg-dini-milliyetcilik-tirmanista\\\/#breadcrumb\"},\"inLanguage\":\"en-US\",\"potentialAction\":[{\"@type\":\"ReadAction\",\"target\":[\"https:\\\/\\\/akunq.net\\\/turkish\\\/2010\\\/07\\\/08\\\/mrg-dini-milliyetcilik-tirmanista\\\/\"]}]},{\"@type\":\"BreadcrumbList\",\"@id\":\"https:\\\/\\\/akunq.net\\\/turkish\\\/2010\\\/07\\\/08\\\/mrg-dini-milliyetcilik-tirmanista\\\/#breadcrumb\",\"itemListElement\":[{\"@type\":\"ListItem\",\"position\":1,\"name\":\"Home\",\"item\":\"https:\\\/\\\/akunq.net\\\/turkish\\\/\"},{\"@type\":\"ListItem\",\"position\":2,\"name\":\"MRG: &#8216;D\u0130N\u0130 M\u0130LL\u0130YET\u00c7\u0130L\u0130K TIRMANI\u015eTA&#8217;\"}]},{\"@type\":\"WebSite\",\"@id\":\"https:\\\/\\\/akunq.net\\\/turkish\\\/#website\",\"url\":\"https:\\\/\\\/akunq.net\\\/turkish\\\/\",\"name\":\"Bati Ermenistan Ve Bati Ermenileri Sorunlari Ara\u015ftirmalar Merkezi\",\"description\":\"\",\"potentialAction\":[{\"@type\":\"SearchAction\",\"target\":{\"@type\":\"EntryPoint\",\"urlTemplate\":\"https:\\\/\\\/akunq.net\\\/turkish\\\/?s={search_term_string}\"},\"query-input\":{\"@type\":\"PropertyValueSpecification\",\"valueRequired\":true,\"valueName\":\"search_term_string\"}}],\"inLanguage\":\"en-US\"},{\"@type\":\"Person\",\"@id\":\"https:\\\/\\\/akunq.net\\\/turkish\\\/#\\\/schema\\\/person\\\/135e7923d1aeb8887890799619969a6c\",\"name\":\"kalem\",\"image\":{\"@type\":\"ImageObject\",\"inLanguage\":\"en-US\",\"@id\":\"https:\\\/\\\/secure.gravatar.com\\\/avatar\\\/a06875e4b25feb5674296adf8e8a7ae1e587cebce2493fe63c456109967e27d3?s=96&d=mm&r=g\",\"url\":\"https:\\\/\\\/secure.gravatar.com\\\/avatar\\\/a06875e4b25feb5674296adf8e8a7ae1e587cebce2493fe63c456109967e27d3?s=96&d=mm&r=g\",\"contentUrl\":\"https:\\\/\\\/secure.gravatar.com\\\/avatar\\\/a06875e4b25feb5674296adf8e8a7ae1e587cebce2493fe63c456109967e27d3?s=96&d=mm&r=g\",\"caption\":\"kalem\"},\"url\":\"https:\\\/\\\/akunq.net\\\/turkish\\\/author\\\/kalem\\\/\"}]}<\/script>\n<!-- \/ Yoast SEO plugin. -->","yoast_head_json":{"title":"MRG: 'D\u0130N\u0130 M\u0130LL\u0130YET\u00c7\u0130L\u0130K TIRMANI\u015eTA' - Bati Ermenistan Ve Bati Ermenileri Sorunlari Ara\u015ftirmalar Merkezi","robots":{"index":"index","follow":"follow","max-snippet":"max-snippet:-1","max-image-preview":"max-image-preview:large","max-video-preview":"max-video-preview:-1"},"canonical":"https:\/\/akunq.net\/turkish\/2010\/07\/08\/mrg-dini-milliyetcilik-tirmanista\/","og_locale":"en_US","og_type":"article","og_title":"MRG: 'D\u0130N\u0130 M\u0130LL\u0130YET\u00c7\u0130L\u0130K TIRMANI\u015eTA' - Bati Ermenistan Ve Bati Ermenileri Sorunlari Ara\u015ftirmalar Merkezi","og_description":"Az\u0131nl\u0131k Haklar\u0131 Grubunun (Minority Rights Group) bug\u00fcn yay\u0131mlanan y\u0131ll\u0131k raporunda, dini milliyet\u00e7ili\u011fin t\u0131rmand\u0131\u011f\u0131n\u0131 dini ho\u015fg\u00f6r\u00fcs\u00fczl\u00fc\u011f\u00fcn d\u00fcnyada az\u0131nl\u0131klara y\u00f6nelik zul\u00fcmlerin ba\u015fl\u0131ca nedeni oldu\u011fu vurguland\u0131. Dini ho\u015fg\u00f6r\u00fcs\u00fczl\u00fc\u011f\u00fcn, d\u00fcnyada az\u0131nl\u0131klara y\u00f6nelik zul\u00fcmlerin ba\u015fl\u0131ca nedenlerinden biri oldu\u011fu bildirildi. Az\u0131nl\u0131k Haklar\u0131 Grubunun (Minority Rights Group) bug\u00fcn yay\u0131mlanan y\u0131ll\u0131k raporunda, dini milliyet\u00e7ili\u011fin t\u0131rman\u0131\u015f\u0131, dini az\u0131nl\u0131klar\u0131n ekonomik olarak marjinalle\u015fmesi ve ter\u00f6rle m\u00fccadele [&hellip;]","og_url":"https:\/\/akunq.net\/turkish\/2010\/07\/08\/mrg-dini-milliyetcilik-tirmanista\/","og_site_name":"Bati Ermenistan Ve Bati Ermenileri Sorunlari Ara\u015ftirmalar Merkezi","article_published_time":"2010-07-08T10:16:23+00:00","author":"kalem","twitter_card":"summary_large_image","twitter_misc":{"Written by":"kalem","Est. reading time":"1 minute"},"schema":{"@context":"https:\/\/schema.org","@graph":[{"@type":"Article","@id":"https:\/\/akunq.net\/turkish\/2010\/07\/08\/mrg-dini-milliyetcilik-tirmanista\/#article","isPartOf":{"@id":"https:\/\/akunq.net\/turkish\/2010\/07\/08\/mrg-dini-milliyetcilik-tirmanista\/"},"author":{"name":"kalem","@id":"https:\/\/akunq.net\/turkish\/#\/schema\/person\/135e7923d1aeb8887890799619969a6c"},"headline":"MRG: &#8216;D\u0130N\u0130 M\u0130LL\u0130YET\u00c7\u0130L\u0130K TIRMANI\u015eTA&#8217;","datePublished":"2010-07-08T10:16:23+00:00","mainEntityOfPage":{"@id":"https:\/\/akunq.net\/turkish\/2010\/07\/08\/mrg-dini-milliyetcilik-tirmanista\/"},"wordCount":256,"articleSection":["Haberler"],"inLanguage":"en-US"},{"@type":"WebPage","@id":"https:\/\/akunq.net\/turkish\/2010\/07\/08\/mrg-dini-milliyetcilik-tirmanista\/","url":"https:\/\/akunq.net\/turkish\/2010\/07\/08\/mrg-dini-milliyetcilik-tirmanista\/","name":"MRG: 'D\u0130N\u0130 M\u0130LL\u0130YET\u00c7\u0130L\u0130K TIRMANI\u015eTA' - Bati Ermenistan Ve Bati Ermenileri Sorunlari Ara\u015ftirmalar Merkezi","isPartOf":{"@id":"https:\/\/akunq.net\/turkish\/#website"},"datePublished":"2010-07-08T10:16:23+00:00","author":{"@id":"https:\/\/akunq.net\/turkish\/#\/schema\/person\/135e7923d1aeb8887890799619969a6c"},"breadcrumb":{"@id":"https:\/\/akunq.net\/turkish\/2010\/07\/08\/mrg-dini-milliyetcilik-tirmanista\/#breadcrumb"},"inLanguage":"en-US","potentialAction":[{"@type":"ReadAction","target":["https:\/\/akunq.net\/turkish\/2010\/07\/08\/mrg-dini-milliyetcilik-tirmanista\/"]}]},{"@type":"BreadcrumbList","@id":"https:\/\/akunq.net\/turkish\/2010\/07\/08\/mrg-dini-milliyetcilik-tirmanista\/#breadcrumb","itemListElement":[{"@type":"ListItem","position":1,"name":"Home","item":"https:\/\/akunq.net\/turkish\/"},{"@type":"ListItem","position":2,"name":"MRG: &#8216;D\u0130N\u0130 M\u0130LL\u0130YET\u00c7\u0130L\u0130K TIRMANI\u015eTA&#8217;"}]},{"@type":"WebSite","@id":"https:\/\/akunq.net\/turkish\/#website","url":"https:\/\/akunq.net\/turkish\/","name":"Bati Ermenistan Ve Bati Ermenileri Sorunlari Ara\u015ftirmalar Merkezi","description":"","potentialAction":[{"@type":"SearchAction","target":{"@type":"EntryPoint","urlTemplate":"https:\/\/akunq.net\/turkish\/?s={search_term_string}"},"query-input":{"@type":"PropertyValueSpecification","valueRequired":true,"valueName":"search_term_string"}}],"inLanguage":"en-US"},{"@type":"Person","@id":"https:\/\/akunq.net\/turkish\/#\/schema\/person\/135e7923d1aeb8887890799619969a6c","name":"kalem","image":{"@type":"ImageObject","inLanguage":"en-US","@id":"https:\/\/secure.gravatar.com\/avatar\/a06875e4b25feb5674296adf8e8a7ae1e587cebce2493fe63c456109967e27d3?s=96&d=mm&r=g","url":"https:\/\/secure.gravatar.com\/avatar\/a06875e4b25feb5674296adf8e8a7ae1e587cebce2493fe63c456109967e27d3?s=96&d=mm&r=g","contentUrl":"https:\/\/secure.gravatar.com\/avatar\/a06875e4b25feb5674296adf8e8a7ae1e587cebce2493fe63c456109967e27d3?s=96&d=mm&r=g","caption":"kalem"},"url":"https:\/\/akunq.net\/turkish\/author\/kalem\/"}]}},"_links":{"self":[{"href":"https:\/\/akunq.net\/turkish\/wp-json\/wp\/v2\/posts\/1248","targetHints":{"allow":["GET"]}}],"collection":[{"href":"https:\/\/akunq.net\/turkish\/wp-json\/wp\/v2\/posts"}],"about":[{"href":"https:\/\/akunq.net\/turkish\/wp-json\/wp\/v2\/types\/post"}],"author":[{"embeddable":true,"href":"https:\/\/akunq.net\/turkish\/wp-json\/wp\/v2\/users\/3"}],"replies":[{"embeddable":true,"href":"https:\/\/akunq.net\/turkish\/wp-json\/wp\/v2\/comments?post=1248"}],"version-history":[{"count":0,"href":"https:\/\/akunq.net\/turkish\/wp-json\/wp\/v2\/posts\/1248\/revisions"}],"wp:attachment":[{"href":"https:\/\/akunq.net\/turkish\/wp-json\/wp\/v2\/media?parent=1248"}],"wp:term":[{"taxonomy":"category","embeddable":true,"href":"https:\/\/akunq.net\/turkish\/wp-json\/wp\/v2\/categories?post=1248"},{"taxonomy":"post_tag","embeddable":true,"href":"https:\/\/akunq.net\/turkish\/wp-json\/wp\/v2\/tags?post=1248"}],"curies":[{"name":"wp","href":"https:\/\/api.w.org\/{rel}","templated":true}]}}