{"id":1237,"date":"2010-07-07T05:47:26","date_gmt":"2010-07-07T10:47:26","guid":{"rendered":"http:\/\/akunq.net\/tr\/?p=1237"},"modified":"2010-07-07T05:47:26","modified_gmt":"2010-07-07T10:47:26","slug":"cumhuriyet-gizleneni-sever","status":"publish","type":"post","link":"https:\/\/akunq.net\/turkish\/2010\/07\/07\/cumhuriyet-gizleneni-sever\/","title":{"rendered":"Cumhuriyet gizleneni sever"},"content":{"rendered":"<p style=\"text-align: justify\"><strong><em>T\u00fcrkiye Cumhuriyeti\u2019nde K\u00fcrt, Alevi, Ermeni olarak ya\u015famak serbesttir ancak bu kimli\u011fi hat\u0131rlamak ve hat\u0131rlatmak su\u00e7tur. <\/em><\/strong><em><\/em><\/p>\n<p style=\"text-align: justify\">Bizden istenen bu \u00fcst kimlik, sosyoloji biliminin anlatt\u0131\u011f\u0131 alt kimlik \u00fcst kimlik kavramlar\u0131n\u0131n tamamen d\u0131\u015f\u0131nda bir kimlik kurgulamas\u0131d\u0131r. Alt kimlik kendine ait i\u00e7 kimlik \u00fcst kimlik ise onu di\u011ferleri ile b\u00fct\u00fcnle\u015ftiren birle\u015ftirici bir \u00fcst kimlik de\u011fil sadece alt kimli\u011fi gizleyen bir \u00f6rt\u00fc \u00f6zelli\u011fi ta\u015f\u0131maktad\u0131r.<\/p>\n<p style=\"text-align: justify\">Cumhuriyet toplumlar\u0131 kul k\u00f6le d\u00fczeninden kurtar\u0131p kendisine azat kabul etmez kullar yapal\u0131beri bizlere neler emredip nelerden nehyetti\u011fi konusunda \u00e7ok\u00e7a bilgilendirilmi\u015ftik. Ancak bize bi\u00e7ti\u011fi rol\u00fcn ne oldu\u011funu son g\u00fcnlerdeki olaylar kadar a\u00e7\u0131k\u00e7a anlatamam\u0131\u015ft\u0131. Cumhuriyetin kullar\u0131 olarak nerede durdu\u011fumuz \u015fu son olaylarda iyice belirginle\u015fti. Biz de uzun ve yorucu ara\u015ft\u0131rma derdinden kurtulduk. Me\u011fer Cumhuriyeti\u2019n bizden istedi\u011fi sadece kimli\u011fimizi saklay\u0131p onun beklentisine uygun kimliklere sahipmi\u015f gibi davranmam\u0131z imi\u015f. Bu kadar basit, kimli\u011fin her ne ise onu gizle ve \u00fczerine bir \u00fcst kimlik giy.<\/p>\n<p style=\"text-align: justify\">\u00a0Hakk\u0131n\u0131 yememek laz\u0131m Cumhuriyet\u2019in insanlar\u0131n K\u00fcrt, Alevi, dindar, Ermeni, Yahudi olmas\u0131 ile sorunu yoktur. Onun tek sorunu bu kimli\u011fin kamusal alanda temsil edilmesidir. Herhangi bir alt kimli\u011fe sahip olabilirsiniz ancak bunu alenen ifade edilmesidir problem olan. T\u00fcrkiye Cumhuriyeti\u2019nde K\u00fcrt olarak ya\u015famak serbesttir ancak bu kimli\u011fi hat\u0131rlamak ve hat\u0131rlatmak su\u00e7tur. Aynen \u00f6yle de Alevi toplumu vars\u0131n olsun ama bu isimle varl\u0131\u011f\u0131n\u0131 kamusal alanda boy g\u00f6stermesi tehlikeli ve yasakt\u0131r. Camiler a\u00e7\u0131kt\u0131r, isteyen ibadetini yapar ancak biz g\u00f6rmeyelim der Cumhuriyet. Dindar diye bir topluluk vard\u0131r ama \u00f6nemli olan onun ortal\u0131kta g\u00f6r\u00fcnmemesidir. Ba\u015f\u0131n\u0131 a\u00e7\u0131nca \u00fcniversiteye girebilir hatta \u00f6nemli mevkilere bile gelebilir. Tayyip Erdo\u011fan\u2019\u0131n cumhurba\u015fkan\u0131 olmas\u0131 de\u011fildir sorun. Sorun asl\u0131nda k\u00fc\u00e7\u00fck bir detayd\u0131r. E\u015fi ba\u015f\u0131n\u0131 a\u00e7s\u0131n, kimli\u011fini saklas\u0131n \u00f6ylece istedi\u011fi yere gidebilir. K\u00fcrt, Alevi ve di\u011ferleri Cumhuriyet cennetinde istedikleri \u015fekilde ya\u015famakta serbesttir ama kimlik denen yasak elmay\u0131 yememek kayd\u0131yla. Kemal K\u0131l\u0131\u00e7daro\u011flu\u2019nun bir f\u0131r\u00e7a darbesi ile hem Horasan T\u00fcrk\u2019\u00fc hem peygamber torunu yap\u0131lmas\u0131, onun T\u00fcrk ve S\u00fcnn\u00ee kimli\u011fine b\u00fcr\u00fcnd\u00fcr\u00fclmesi \u00e7abas\u0131d\u0131r.<\/p>\n<p style=\"text-align: justify\">Bizdeki Cumhuriyet ve cumhuriyet\u00e7ilerin bu yakla\u015f\u0131m\u0131 insanlar\u0131, kitleleri kendileri olmamaya te\u015fvik ediyor hatta itiyor. \u0130nsanlar art\u0131k her \u015feyi gizli kapakl\u0131 yapmaya sevkediyor. Hat\u0131rlam\u0131yor ve hat\u0131rlatm\u0131yorsan K\u00fcrt, Alevi, M\u00fcsl\u00fcman, Ermeni, Yahudi her ne olursan ol gel ama ne bize ne ba\u015fkalar\u0131na bunu hissettirmemek kayd\u0131 ile gel. Bu durumda kimli\u011fini gizleyenlere s\u00f6yleyecek bir s\u00f6z\u00fcm\u00fcz de kalm\u0131yor. \u00c7\u00fcnk\u00fc onlar bu duruma itilmi\u015flerdir.<\/p>\n<p style=\"text-align: justify\">\u015eairin s\u00f6yledi\u011fi gibi halk\u0131na;<\/p>\n<p style=\"text-align: justify\">\u201cGizlesen de a\u015fik\u00e2r etsen de can\u0131ms\u0131n benim\u201d diyecek bir Cumhuriyete ihtiyac\u0131m\u0131z var. Gelecek y\u0131llar\u0131n bize b\u00f6yle bir Cumhuriyet getirmesi temennisi ile&#8230;<\/p>\n<p style=\"text-align: justify\"><strong>Indiana \u00dcniversitesi, PhD \u00d6\u011frencisi<\/strong><\/p>\n<p style=\"text-align: justify\"><strong>\u0130HSAN \u00c7OLAK<\/strong><\/p>\n<p style=\"text-align: justify\"><strong><a href=\"mailto:icolak@umail.iu.edu\">icolak@umail.iu.edu<\/a> <\/strong><\/p>\n<p style=\"text-align: justify\"><strong>Taraf <\/strong><em>&#8211; Istanbul &#8211; <\/em>05.07.2010<\/p>\n","protected":false},"excerpt":{"rendered":"<p>T\u00fcrkiye Cumhuriyeti\u2019nde K\u00fcrt, Alevi, Ermeni olarak ya\u015famak serbesttir ancak bu kimli\u011fi hat\u0131rlamak ve hat\u0131rlatmak su\u00e7tur. Bizden istenen bu \u00fcst kimlik, sosyoloji biliminin anlatt\u0131\u011f\u0131 alt kimlik \u00fcst kimlik kavramlar\u0131n\u0131n tamamen d\u0131\u015f\u0131nda bir kimlik kurgulamas\u0131d\u0131r. Alt kimlik kendine ait i\u00e7 kimlik \u00fcst kimlik ise onu di\u011ferleri ile b\u00fct\u00fcnle\u015ftiren birle\u015ftirici bir \u00fcst kimlik de\u011fil sadece alt kimli\u011fi gizleyen [&hellip;]<\/p>\n","protected":false},"author":3,"featured_media":0,"comment_status":"closed","ping_status":"open","sticky":false,"template":"","format":"standard","meta":{"footnotes":""},"categories":[14],"tags":[],"class_list":["post-1237","post","type-post","status-publish","format-standard","hentry","category-haberler"],"yoast_head":"<!-- This site is optimized with the Yoast SEO plugin v27.4 - https:\/\/yoast.com\/product\/yoast-seo-wordpress\/ -->\n<title>Cumhuriyet gizleneni sever - Bati Ermenistan Ve Bati Ermenileri Sorunlari Ara\u015ftirmalar Merkezi<\/title>\n<meta name=\"robots\" content=\"index, follow, max-snippet:-1, max-image-preview:large, max-video-preview:-1\" \/>\n<link rel=\"canonical\" href=\"https:\/\/akunq.net\/turkish\/2010\/07\/07\/cumhuriyet-gizleneni-sever\/\" \/>\n<meta property=\"og:locale\" content=\"en_US\" \/>\n<meta property=\"og:type\" content=\"article\" \/>\n<meta property=\"og:title\" content=\"Cumhuriyet gizleneni sever - Bati Ermenistan Ve Bati Ermenileri Sorunlari Ara\u015ftirmalar Merkezi\" \/>\n<meta property=\"og:description\" content=\"T\u00fcrkiye Cumhuriyeti\u2019nde K\u00fcrt, Alevi, Ermeni olarak ya\u015famak serbesttir ancak bu kimli\u011fi hat\u0131rlamak ve hat\u0131rlatmak su\u00e7tur. Bizden istenen bu \u00fcst kimlik, sosyoloji biliminin anlatt\u0131\u011f\u0131 alt kimlik \u00fcst kimlik kavramlar\u0131n\u0131n tamamen d\u0131\u015f\u0131nda bir kimlik kurgulamas\u0131d\u0131r. Alt kimlik kendine ait i\u00e7 kimlik \u00fcst kimlik ise onu di\u011ferleri ile b\u00fct\u00fcnle\u015ftiren birle\u015ftirici bir \u00fcst kimlik de\u011fil sadece alt kimli\u011fi gizleyen [&hellip;]\" \/>\n<meta property=\"og:url\" content=\"https:\/\/akunq.net\/turkish\/2010\/07\/07\/cumhuriyet-gizleneni-sever\/\" \/>\n<meta property=\"og:site_name\" content=\"Bati Ermenistan Ve Bati Ermenileri Sorunlari Ara\u015ftirmalar Merkezi\" \/>\n<meta property=\"article:published_time\" content=\"2010-07-07T10:47:26+00:00\" \/>\n<meta name=\"author\" content=\"kalem\" \/>\n<meta name=\"twitter:card\" content=\"summary_large_image\" \/>\n<meta name=\"twitter:label1\" content=\"Written by\" \/>\n\t<meta name=\"twitter:data1\" content=\"kalem\" \/>\n\t<meta name=\"twitter:label2\" content=\"Est. reading time\" \/>\n\t<meta name=\"twitter:data2\" content=\"3 minutes\" \/>\n<script type=\"application\/ld+json\" class=\"yoast-schema-graph\">{\"@context\":\"https:\\\/\\\/schema.org\",\"@graph\":[{\"@type\":\"Article\",\"@id\":\"https:\\\/\\\/akunq.net\\\/turkish\\\/2010\\\/07\\\/07\\\/cumhuriyet-gizleneni-sever\\\/#article\",\"isPartOf\":{\"@id\":\"https:\\\/\\\/akunq.net\\\/turkish\\\/2010\\\/07\\\/07\\\/cumhuriyet-gizleneni-sever\\\/\"},\"author\":{\"name\":\"kalem\",\"@id\":\"https:\\\/\\\/akunq.net\\\/turkish\\\/#\\\/schema\\\/person\\\/135e7923d1aeb8887890799619969a6c\"},\"headline\":\"Cumhuriyet gizleneni sever\",\"datePublished\":\"2010-07-07T10:47:26+00:00\",\"mainEntityOfPage\":{\"@id\":\"https:\\\/\\\/akunq.net\\\/turkish\\\/2010\\\/07\\\/07\\\/cumhuriyet-gizleneni-sever\\\/\"},\"wordCount\":538,\"articleSection\":[\"Haberler\"],\"inLanguage\":\"en-US\"},{\"@type\":\"WebPage\",\"@id\":\"https:\\\/\\\/akunq.net\\\/turkish\\\/2010\\\/07\\\/07\\\/cumhuriyet-gizleneni-sever\\\/\",\"url\":\"https:\\\/\\\/akunq.net\\\/turkish\\\/2010\\\/07\\\/07\\\/cumhuriyet-gizleneni-sever\\\/\",\"name\":\"Cumhuriyet gizleneni sever - Bati Ermenistan Ve Bati Ermenileri Sorunlari Ara\u015ftirmalar Merkezi\",\"isPartOf\":{\"@id\":\"https:\\\/\\\/akunq.net\\\/turkish\\\/#website\"},\"datePublished\":\"2010-07-07T10:47:26+00:00\",\"author\":{\"@id\":\"https:\\\/\\\/akunq.net\\\/turkish\\\/#\\\/schema\\\/person\\\/135e7923d1aeb8887890799619969a6c\"},\"breadcrumb\":{\"@id\":\"https:\\\/\\\/akunq.net\\\/turkish\\\/2010\\\/07\\\/07\\\/cumhuriyet-gizleneni-sever\\\/#breadcrumb\"},\"inLanguage\":\"en-US\",\"potentialAction\":[{\"@type\":\"ReadAction\",\"target\":[\"https:\\\/\\\/akunq.net\\\/turkish\\\/2010\\\/07\\\/07\\\/cumhuriyet-gizleneni-sever\\\/\"]}]},{\"@type\":\"BreadcrumbList\",\"@id\":\"https:\\\/\\\/akunq.net\\\/turkish\\\/2010\\\/07\\\/07\\\/cumhuriyet-gizleneni-sever\\\/#breadcrumb\",\"itemListElement\":[{\"@type\":\"ListItem\",\"position\":1,\"name\":\"Home\",\"item\":\"https:\\\/\\\/akunq.net\\\/turkish\\\/\"},{\"@type\":\"ListItem\",\"position\":2,\"name\":\"Cumhuriyet gizleneni sever\"}]},{\"@type\":\"WebSite\",\"@id\":\"https:\\\/\\\/akunq.net\\\/turkish\\\/#website\",\"url\":\"https:\\\/\\\/akunq.net\\\/turkish\\\/\",\"name\":\"Bati Ermenistan Ve Bati Ermenileri Sorunlari Ara\u015ftirmalar Merkezi\",\"description\":\"\",\"potentialAction\":[{\"@type\":\"SearchAction\",\"target\":{\"@type\":\"EntryPoint\",\"urlTemplate\":\"https:\\\/\\\/akunq.net\\\/turkish\\\/?s={search_term_string}\"},\"query-input\":{\"@type\":\"PropertyValueSpecification\",\"valueRequired\":true,\"valueName\":\"search_term_string\"}}],\"inLanguage\":\"en-US\"},{\"@type\":\"Person\",\"@id\":\"https:\\\/\\\/akunq.net\\\/turkish\\\/#\\\/schema\\\/person\\\/135e7923d1aeb8887890799619969a6c\",\"name\":\"kalem\",\"image\":{\"@type\":\"ImageObject\",\"inLanguage\":\"en-US\",\"@id\":\"https:\\\/\\\/secure.gravatar.com\\\/avatar\\\/a06875e4b25feb5674296adf8e8a7ae1e587cebce2493fe63c456109967e27d3?s=96&d=mm&r=g\",\"url\":\"https:\\\/\\\/secure.gravatar.com\\\/avatar\\\/a06875e4b25feb5674296adf8e8a7ae1e587cebce2493fe63c456109967e27d3?s=96&d=mm&r=g\",\"contentUrl\":\"https:\\\/\\\/secure.gravatar.com\\\/avatar\\\/a06875e4b25feb5674296adf8e8a7ae1e587cebce2493fe63c456109967e27d3?s=96&d=mm&r=g\",\"caption\":\"kalem\"},\"url\":\"https:\\\/\\\/akunq.net\\\/turkish\\\/author\\\/kalem\\\/\"}]}<\/script>\n<!-- \/ Yoast SEO plugin. -->","yoast_head_json":{"title":"Cumhuriyet gizleneni sever - Bati Ermenistan Ve Bati Ermenileri Sorunlari Ara\u015ftirmalar Merkezi","robots":{"index":"index","follow":"follow","max-snippet":"max-snippet:-1","max-image-preview":"max-image-preview:large","max-video-preview":"max-video-preview:-1"},"canonical":"https:\/\/akunq.net\/turkish\/2010\/07\/07\/cumhuriyet-gizleneni-sever\/","og_locale":"en_US","og_type":"article","og_title":"Cumhuriyet gizleneni sever - Bati Ermenistan Ve Bati Ermenileri Sorunlari Ara\u015ftirmalar Merkezi","og_description":"T\u00fcrkiye Cumhuriyeti\u2019nde K\u00fcrt, Alevi, Ermeni olarak ya\u015famak serbesttir ancak bu kimli\u011fi hat\u0131rlamak ve hat\u0131rlatmak su\u00e7tur. Bizden istenen bu \u00fcst kimlik, sosyoloji biliminin anlatt\u0131\u011f\u0131 alt kimlik \u00fcst kimlik kavramlar\u0131n\u0131n tamamen d\u0131\u015f\u0131nda bir kimlik kurgulamas\u0131d\u0131r. Alt kimlik kendine ait i\u00e7 kimlik \u00fcst kimlik ise onu di\u011ferleri ile b\u00fct\u00fcnle\u015ftiren birle\u015ftirici bir \u00fcst kimlik de\u011fil sadece alt kimli\u011fi gizleyen [&hellip;]","og_url":"https:\/\/akunq.net\/turkish\/2010\/07\/07\/cumhuriyet-gizleneni-sever\/","og_site_name":"Bati Ermenistan Ve Bati Ermenileri Sorunlari Ara\u015ftirmalar Merkezi","article_published_time":"2010-07-07T10:47:26+00:00","author":"kalem","twitter_card":"summary_large_image","twitter_misc":{"Written by":"kalem","Est. reading time":"3 minutes"},"schema":{"@context":"https:\/\/schema.org","@graph":[{"@type":"Article","@id":"https:\/\/akunq.net\/turkish\/2010\/07\/07\/cumhuriyet-gizleneni-sever\/#article","isPartOf":{"@id":"https:\/\/akunq.net\/turkish\/2010\/07\/07\/cumhuriyet-gizleneni-sever\/"},"author":{"name":"kalem","@id":"https:\/\/akunq.net\/turkish\/#\/schema\/person\/135e7923d1aeb8887890799619969a6c"},"headline":"Cumhuriyet gizleneni sever","datePublished":"2010-07-07T10:47:26+00:00","mainEntityOfPage":{"@id":"https:\/\/akunq.net\/turkish\/2010\/07\/07\/cumhuriyet-gizleneni-sever\/"},"wordCount":538,"articleSection":["Haberler"],"inLanguage":"en-US"},{"@type":"WebPage","@id":"https:\/\/akunq.net\/turkish\/2010\/07\/07\/cumhuriyet-gizleneni-sever\/","url":"https:\/\/akunq.net\/turkish\/2010\/07\/07\/cumhuriyet-gizleneni-sever\/","name":"Cumhuriyet gizleneni sever - Bati Ermenistan Ve Bati Ermenileri Sorunlari Ara\u015ftirmalar Merkezi","isPartOf":{"@id":"https:\/\/akunq.net\/turkish\/#website"},"datePublished":"2010-07-07T10:47:26+00:00","author":{"@id":"https:\/\/akunq.net\/turkish\/#\/schema\/person\/135e7923d1aeb8887890799619969a6c"},"breadcrumb":{"@id":"https:\/\/akunq.net\/turkish\/2010\/07\/07\/cumhuriyet-gizleneni-sever\/#breadcrumb"},"inLanguage":"en-US","potentialAction":[{"@type":"ReadAction","target":["https:\/\/akunq.net\/turkish\/2010\/07\/07\/cumhuriyet-gizleneni-sever\/"]}]},{"@type":"BreadcrumbList","@id":"https:\/\/akunq.net\/turkish\/2010\/07\/07\/cumhuriyet-gizleneni-sever\/#breadcrumb","itemListElement":[{"@type":"ListItem","position":1,"name":"Home","item":"https:\/\/akunq.net\/turkish\/"},{"@type":"ListItem","position":2,"name":"Cumhuriyet gizleneni sever"}]},{"@type":"WebSite","@id":"https:\/\/akunq.net\/turkish\/#website","url":"https:\/\/akunq.net\/turkish\/","name":"Bati Ermenistan Ve Bati Ermenileri Sorunlari Ara\u015ftirmalar Merkezi","description":"","potentialAction":[{"@type":"SearchAction","target":{"@type":"EntryPoint","urlTemplate":"https:\/\/akunq.net\/turkish\/?s={search_term_string}"},"query-input":{"@type":"PropertyValueSpecification","valueRequired":true,"valueName":"search_term_string"}}],"inLanguage":"en-US"},{"@type":"Person","@id":"https:\/\/akunq.net\/turkish\/#\/schema\/person\/135e7923d1aeb8887890799619969a6c","name":"kalem","image":{"@type":"ImageObject","inLanguage":"en-US","@id":"https:\/\/secure.gravatar.com\/avatar\/a06875e4b25feb5674296adf8e8a7ae1e587cebce2493fe63c456109967e27d3?s=96&d=mm&r=g","url":"https:\/\/secure.gravatar.com\/avatar\/a06875e4b25feb5674296adf8e8a7ae1e587cebce2493fe63c456109967e27d3?s=96&d=mm&r=g","contentUrl":"https:\/\/secure.gravatar.com\/avatar\/a06875e4b25feb5674296adf8e8a7ae1e587cebce2493fe63c456109967e27d3?s=96&d=mm&r=g","caption":"kalem"},"url":"https:\/\/akunq.net\/turkish\/author\/kalem\/"}]}},"_links":{"self":[{"href":"https:\/\/akunq.net\/turkish\/wp-json\/wp\/v2\/posts\/1237","targetHints":{"allow":["GET"]}}],"collection":[{"href":"https:\/\/akunq.net\/turkish\/wp-json\/wp\/v2\/posts"}],"about":[{"href":"https:\/\/akunq.net\/turkish\/wp-json\/wp\/v2\/types\/post"}],"author":[{"embeddable":true,"href":"https:\/\/akunq.net\/turkish\/wp-json\/wp\/v2\/users\/3"}],"replies":[{"embeddable":true,"href":"https:\/\/akunq.net\/turkish\/wp-json\/wp\/v2\/comments?post=1237"}],"version-history":[{"count":0,"href":"https:\/\/akunq.net\/turkish\/wp-json\/wp\/v2\/posts\/1237\/revisions"}],"wp:attachment":[{"href":"https:\/\/akunq.net\/turkish\/wp-json\/wp\/v2\/media?parent=1237"}],"wp:term":[{"taxonomy":"category","embeddable":true,"href":"https:\/\/akunq.net\/turkish\/wp-json\/wp\/v2\/categories?post=1237"},{"taxonomy":"post_tag","embeddable":true,"href":"https:\/\/akunq.net\/turkish\/wp-json\/wp\/v2\/tags?post=1237"}],"curies":[{"name":"wp","href":"https:\/\/api.w.org\/{rel}","templated":true}]}}