{"id":1209,"date":"2010-07-06T02:42:51","date_gmt":"2010-07-06T07:42:51","guid":{"rendered":"http:\/\/akunq.net\/tr\/?p=1209"},"modified":"2010-07-06T02:42:51","modified_gmt":"2010-07-06T07:42:51","slug":"istanbulun-ermeni-mimarlari-tanitiliyor","status":"publish","type":"post","link":"https:\/\/akunq.net\/turkish\/2010\/07\/06\/istanbulun-ermeni-mimarlari-tanitiliyor\/","title":{"rendered":"\u0130stanbul&#8217;un Ermeni mimarlar\u0131 tan\u0131t\u0131l\u0131yor"},"content":{"rendered":"<p style=\"text-align: justify\"><strong>\u00a0<\/strong><strong><em>Uluslararas\u0131 Hrant Dink vakf\u0131, bir sergi ve kitap projesiyle, \u0130stanbul&#8217;un Ermeni mimarlar\u0131n\u0131 tan\u0131tacak. <\/em><\/strong><\/p>\n<p style=\"text-align: justify\">\u00a0Uluslararas\u0131 Hrant Dink Vakf\u0131, Hayrat Canland\u0131ran ve Ara\u015ft\u0131ran Mimar ve M\u00fchendisler Dayan\u0131\u015fma Derne\u011fi (HAYCAR) i\u015fbirli\u011fiyle haz\u0131rlayaca\u011f\u0131 bir sergi ve kitap projesiyle, \u0130stanbul&#8217;un Ermeni mimarlar\u0131n\u0131 tan\u0131tacak.<\/p>\n<p style=\"text-align: justify\">Vak\u0131ftan yap\u0131lan a\u00e7\u0131klamaya g\u00f6re, \u0130stanbul 2010 Avrupa K\u00fclt\u00fcr Ba\u015fkenti etkinlikleri kapsam\u0131nda kas\u0131m ay\u0131nda hayata ge\u00e7irilecek olan <em>&#8221;\u0130stanbul&#8217;un Ermeni Mimarlar\u0131 ve \u0130stanbul Mimarl\u0131\u011f\u0131na Katk\u0131lar\u0131&#8217;<\/em>&#8216; konulu projeyle, \u0130stanbul&#8217;un \u015fekillenmesinde rol\u00fc olan ve ad\u0131 unutulmu\u015f Ermeni mimarlar tan\u0131t\u0131lacak. Projenin k\u00fcrat\u00f6rl\u00fc\u011f\u00fcn\u00fc, mimar Hasan Kuruyaz\u0131c\u0131 yapacak.<br \/>\n<em><a rel=\"attachment wp-att-1214\" href=\"http:\/\/akunq.net\/tr\/?attachment_id=1214\"><img loading=\"lazy\" decoding=\"async\" class=\"alignnone size-large wp-image-1214\" title=\"dolmabahce_sarayi_-stanbul\" src=\"http:\/\/akunq.net\/tr\/wp-content\/uploads\/2010\/07\/dolmabahce_sarayi_-stanbul1-600x311.jpg\" alt=\"\" width=\"600\" height=\"311\" \/><\/a><\/em><\/p>\n<p style=\"text-align: justify\"><em>\u0130stanbul\u2019da Balyan Ailesi\u2019nin in\u015fa etti\u011fi Dolmabah\u00e7e Saray\u0131 (19. y\u00fczy\u0131l)<\/em><\/p>\n<p style=\"text-align: justify\">Projede, 19. y\u00fczy\u0131l sonu ve 20. y\u00fczy\u0131l ba\u015f\u0131nda \u0130stanbul&#8217;da ya\u015fam\u0131\u015f ve eser b\u0131rakm\u0131\u015f Ermeni mimarlar\u0131n ya\u015fam \u00f6yk\u00fcleri, yapt\u0131klar\u0131 binalar\u0131n tarih\u00e7eleri, mimari \u00e7izimleri ve binalar\u0131n eski g\u00f6r\u00fcnt\u00fclerine ait belgeler yer alacak.<br \/>\nKuruyaz\u0131c\u0131&#8217;n\u0131n Kurtulu\u015f, Pangalt\u0131, Taksim, Cihangir, Tarlaba\u015f\u0131, T\u00fcnel, Galata, Emin\u00f6n\u00fc ve Mahmutpa\u015fa&#8217;da gezerek olu\u015fturdu\u011fu listedeki isimler, bir sergi ve kitapla kamuoyuna tan\u0131t\u0131lacak.<br \/>\nA\u00e7\u0131klamada g\u00f6r\u00fc\u015flerine yer verilen Kuruyaz\u0131c\u0131, \u0130stanbul&#8217;da 19. y\u00fczy\u0131ldan kalma b\u00fcy\u00fck bir bina stokunun bulundu\u011funu, bunlar\u0131n \u00e7o\u011funun yak\u0131l\u0131p y\u0131k\u0131ld\u0131\u011f\u0131 halde, ayakta kalmay\u0131 ba\u015farabildi\u011fini belirtti.<br \/>\nKuruyaz\u0131c\u0131, bu kadar \u00e7ok binay\u0131 kimin yapt\u0131\u011f\u0131n\u0131 bulmak i\u00e7in bir ara\u015ft\u0131rma yapmaya karar verdi\u011fini ifade etti.<\/p>\n<p style=\"text-align: justify\">\u00a0<a href=\"http:\/\/www.internethaber.com\/\"><strong><em><\/em><\/strong><strong><em><\/em><\/strong><\/a><a href=\"http:\/\/www.internethaber.com\">http:\/\/www.internethaber.com<\/a><\/p>\n<p style=\"text-align: justify\"><strong><em>05.07.2010<\/em><\/strong><\/p>\n","protected":false},"excerpt":{"rendered":"<p>\u00a0Uluslararas\u0131 Hrant Dink vakf\u0131, bir sergi ve kitap projesiyle, \u0130stanbul&#8217;un Ermeni mimarlar\u0131n\u0131 tan\u0131tacak. \u00a0Uluslararas\u0131 Hrant Dink Vakf\u0131, Hayrat Canland\u0131ran ve Ara\u015ft\u0131ran Mimar ve M\u00fchendisler Dayan\u0131\u015fma Derne\u011fi (HAYCAR) i\u015fbirli\u011fiyle haz\u0131rlayaca\u011f\u0131 bir sergi ve kitap projesiyle, \u0130stanbul&#8217;un Ermeni mimarlar\u0131n\u0131 tan\u0131tacak. Vak\u0131ftan yap\u0131lan a\u00e7\u0131klamaya g\u00f6re, \u0130stanbul 2010 Avrupa K\u00fclt\u00fcr Ba\u015fkenti etkinlikleri kapsam\u0131nda kas\u0131m ay\u0131nda hayata ge\u00e7irilecek olan &#8221;\u0130stanbul&#8217;un [&hellip;]<\/p>\n","protected":false},"author":3,"featured_media":0,"comment_status":"closed","ping_status":"open","sticky":false,"template":"","format":"standard","meta":{"footnotes":""},"categories":[14],"tags":[],"class_list":["post-1209","post","type-post","status-publish","format-standard","hentry","category-haberler"],"yoast_head":"<!-- This site is optimized with the Yoast SEO plugin v27.4 - https:\/\/yoast.com\/product\/yoast-seo-wordpress\/ -->\n<title>\u0130stanbul&#039;un Ermeni mimarlar\u0131 tan\u0131t\u0131l\u0131yor - Bati Ermenistan Ve Bati Ermenileri Sorunlari Ara\u015ftirmalar Merkezi<\/title>\n<meta name=\"robots\" content=\"index, follow, max-snippet:-1, max-image-preview:large, max-video-preview:-1\" \/>\n<link rel=\"canonical\" href=\"https:\/\/akunq.net\/turkish\/2010\/07\/06\/istanbulun-ermeni-mimarlari-tanitiliyor\/\" \/>\n<meta property=\"og:locale\" content=\"en_US\" \/>\n<meta property=\"og:type\" content=\"article\" \/>\n<meta property=\"og:title\" content=\"\u0130stanbul&#039;un Ermeni mimarlar\u0131 tan\u0131t\u0131l\u0131yor - Bati Ermenistan Ve Bati Ermenileri Sorunlari Ara\u015ftirmalar Merkezi\" \/>\n<meta property=\"og:description\" content=\"\u00a0Uluslararas\u0131 Hrant Dink vakf\u0131, bir sergi ve kitap projesiyle, \u0130stanbul&#8217;un Ermeni mimarlar\u0131n\u0131 tan\u0131tacak. \u00a0Uluslararas\u0131 Hrant Dink Vakf\u0131, Hayrat Canland\u0131ran ve Ara\u015ft\u0131ran Mimar ve M\u00fchendisler Dayan\u0131\u015fma Derne\u011fi (HAYCAR) i\u015fbirli\u011fiyle haz\u0131rlayaca\u011f\u0131 bir sergi ve kitap projesiyle, \u0130stanbul&#8217;un Ermeni mimarlar\u0131n\u0131 tan\u0131tacak. Vak\u0131ftan yap\u0131lan a\u00e7\u0131klamaya g\u00f6re, \u0130stanbul 2010 Avrupa K\u00fclt\u00fcr Ba\u015fkenti etkinlikleri kapsam\u0131nda kas\u0131m ay\u0131nda hayata ge\u00e7irilecek olan &#8221;\u0130stanbul&#8217;un [&hellip;]\" \/>\n<meta property=\"og:url\" content=\"https:\/\/akunq.net\/turkish\/2010\/07\/06\/istanbulun-ermeni-mimarlari-tanitiliyor\/\" \/>\n<meta property=\"og:site_name\" content=\"Bati Ermenistan Ve Bati Ermenileri Sorunlari Ara\u015ftirmalar Merkezi\" \/>\n<meta property=\"article:published_time\" content=\"2010-07-06T07:42:51+00:00\" \/>\n<meta name=\"author\" content=\"kalem\" \/>\n<meta name=\"twitter:card\" content=\"summary_large_image\" \/>\n<meta name=\"twitter:label1\" content=\"Written by\" \/>\n\t<meta name=\"twitter:data1\" content=\"kalem\" \/>\n\t<meta name=\"twitter:label2\" content=\"Est. reading time\" \/>\n\t<meta name=\"twitter:data2\" content=\"1 minute\" \/>\n<script type=\"application\/ld+json\" class=\"yoast-schema-graph\">{\"@context\":\"https:\\\/\\\/schema.org\",\"@graph\":[{\"@type\":\"Article\",\"@id\":\"https:\\\/\\\/akunq.net\\\/turkish\\\/2010\\\/07\\\/06\\\/istanbulun-ermeni-mimarlari-tanitiliyor\\\/#article\",\"isPartOf\":{\"@id\":\"https:\\\/\\\/akunq.net\\\/turkish\\\/2010\\\/07\\\/06\\\/istanbulun-ermeni-mimarlari-tanitiliyor\\\/\"},\"author\":{\"name\":\"kalem\",\"@id\":\"https:\\\/\\\/akunq.net\\\/turkish\\\/#\\\/schema\\\/person\\\/135e7923d1aeb8887890799619969a6c\"},\"headline\":\"\u0130stanbul&#8217;un Ermeni mimarlar\u0131 tan\u0131t\u0131l\u0131yor\",\"datePublished\":\"2010-07-06T07:42:51+00:00\",\"mainEntityOfPage\":{\"@id\":\"https:\\\/\\\/akunq.net\\\/turkish\\\/2010\\\/07\\\/06\\\/istanbulun-ermeni-mimarlari-tanitiliyor\\\/\"},\"wordCount\":275,\"image\":{\"@id\":\"https:\\\/\\\/akunq.net\\\/turkish\\\/2010\\\/07\\\/06\\\/istanbulun-ermeni-mimarlari-tanitiliyor\\\/#primaryimage\"},\"thumbnailUrl\":\"http:\\\/\\\/akunq.net\\\/tr\\\/wp-content\\\/uploads\\\/2010\\\/07\\\/dolmabahce_sarayi_-stanbul1-600x311.jpg\",\"articleSection\":[\"Haberler\"],\"inLanguage\":\"en-US\"},{\"@type\":\"WebPage\",\"@id\":\"https:\\\/\\\/akunq.net\\\/turkish\\\/2010\\\/07\\\/06\\\/istanbulun-ermeni-mimarlari-tanitiliyor\\\/\",\"url\":\"https:\\\/\\\/akunq.net\\\/turkish\\\/2010\\\/07\\\/06\\\/istanbulun-ermeni-mimarlari-tanitiliyor\\\/\",\"name\":\"\u0130stanbul'un Ermeni mimarlar\u0131 tan\u0131t\u0131l\u0131yor - Bati Ermenistan Ve Bati Ermenileri Sorunlari Ara\u015ftirmalar Merkezi\",\"isPartOf\":{\"@id\":\"https:\\\/\\\/akunq.net\\\/turkish\\\/#website\"},\"primaryImageOfPage\":{\"@id\":\"https:\\\/\\\/akunq.net\\\/turkish\\\/2010\\\/07\\\/06\\\/istanbulun-ermeni-mimarlari-tanitiliyor\\\/#primaryimage\"},\"image\":{\"@id\":\"https:\\\/\\\/akunq.net\\\/turkish\\\/2010\\\/07\\\/06\\\/istanbulun-ermeni-mimarlari-tanitiliyor\\\/#primaryimage\"},\"thumbnailUrl\":\"http:\\\/\\\/akunq.net\\\/tr\\\/wp-content\\\/uploads\\\/2010\\\/07\\\/dolmabahce_sarayi_-stanbul1-600x311.jpg\",\"datePublished\":\"2010-07-06T07:42:51+00:00\",\"author\":{\"@id\":\"https:\\\/\\\/akunq.net\\\/turkish\\\/#\\\/schema\\\/person\\\/135e7923d1aeb8887890799619969a6c\"},\"breadcrumb\":{\"@id\":\"https:\\\/\\\/akunq.net\\\/turkish\\\/2010\\\/07\\\/06\\\/istanbulun-ermeni-mimarlari-tanitiliyor\\\/#breadcrumb\"},\"inLanguage\":\"en-US\",\"potentialAction\":[{\"@type\":\"ReadAction\",\"target\":[\"https:\\\/\\\/akunq.net\\\/turkish\\\/2010\\\/07\\\/06\\\/istanbulun-ermeni-mimarlari-tanitiliyor\\\/\"]}]},{\"@type\":\"ImageObject\",\"inLanguage\":\"en-US\",\"@id\":\"https:\\\/\\\/akunq.net\\\/turkish\\\/2010\\\/07\\\/06\\\/istanbulun-ermeni-mimarlari-tanitiliyor\\\/#primaryimage\",\"url\":\"http:\\\/\\\/akunq.net\\\/tr\\\/wp-content\\\/uploads\\\/2010\\\/07\\\/dolmabahce_sarayi_-stanbul1-600x311.jpg\",\"contentUrl\":\"http:\\\/\\\/akunq.net\\\/tr\\\/wp-content\\\/uploads\\\/2010\\\/07\\\/dolmabahce_sarayi_-stanbul1-600x311.jpg\"},{\"@type\":\"BreadcrumbList\",\"@id\":\"https:\\\/\\\/akunq.net\\\/turkish\\\/2010\\\/07\\\/06\\\/istanbulun-ermeni-mimarlari-tanitiliyor\\\/#breadcrumb\",\"itemListElement\":[{\"@type\":\"ListItem\",\"position\":1,\"name\":\"Home\",\"item\":\"https:\\\/\\\/akunq.net\\\/turkish\\\/\"},{\"@type\":\"ListItem\",\"position\":2,\"name\":\"\u0130stanbul&#8217;un Ermeni mimarlar\u0131 tan\u0131t\u0131l\u0131yor\"}]},{\"@type\":\"WebSite\",\"@id\":\"https:\\\/\\\/akunq.net\\\/turkish\\\/#website\",\"url\":\"https:\\\/\\\/akunq.net\\\/turkish\\\/\",\"name\":\"Bati Ermenistan Ve Bati Ermenileri Sorunlari Ara\u015ftirmalar Merkezi\",\"description\":\"\",\"potentialAction\":[{\"@type\":\"SearchAction\",\"target\":{\"@type\":\"EntryPoint\",\"urlTemplate\":\"https:\\\/\\\/akunq.net\\\/turkish\\\/?s={search_term_string}\"},\"query-input\":{\"@type\":\"PropertyValueSpecification\",\"valueRequired\":true,\"valueName\":\"search_term_string\"}}],\"inLanguage\":\"en-US\"},{\"@type\":\"Person\",\"@id\":\"https:\\\/\\\/akunq.net\\\/turkish\\\/#\\\/schema\\\/person\\\/135e7923d1aeb8887890799619969a6c\",\"name\":\"kalem\",\"image\":{\"@type\":\"ImageObject\",\"inLanguage\":\"en-US\",\"@id\":\"https:\\\/\\\/secure.gravatar.com\\\/avatar\\\/a06875e4b25feb5674296adf8e8a7ae1e587cebce2493fe63c456109967e27d3?s=96&d=mm&r=g\",\"url\":\"https:\\\/\\\/secure.gravatar.com\\\/avatar\\\/a06875e4b25feb5674296adf8e8a7ae1e587cebce2493fe63c456109967e27d3?s=96&d=mm&r=g\",\"contentUrl\":\"https:\\\/\\\/secure.gravatar.com\\\/avatar\\\/a06875e4b25feb5674296adf8e8a7ae1e587cebce2493fe63c456109967e27d3?s=96&d=mm&r=g\",\"caption\":\"kalem\"},\"url\":\"https:\\\/\\\/akunq.net\\\/turkish\\\/author\\\/kalem\\\/\"}]}<\/script>\n<!-- \/ Yoast SEO plugin. -->","yoast_head_json":{"title":"\u0130stanbul'un Ermeni mimarlar\u0131 tan\u0131t\u0131l\u0131yor - Bati Ermenistan Ve Bati Ermenileri Sorunlari Ara\u015ftirmalar Merkezi","robots":{"index":"index","follow":"follow","max-snippet":"max-snippet:-1","max-image-preview":"max-image-preview:large","max-video-preview":"max-video-preview:-1"},"canonical":"https:\/\/akunq.net\/turkish\/2010\/07\/06\/istanbulun-ermeni-mimarlari-tanitiliyor\/","og_locale":"en_US","og_type":"article","og_title":"\u0130stanbul'un Ermeni mimarlar\u0131 tan\u0131t\u0131l\u0131yor - Bati Ermenistan Ve Bati Ermenileri Sorunlari Ara\u015ftirmalar Merkezi","og_description":"\u00a0Uluslararas\u0131 Hrant Dink vakf\u0131, bir sergi ve kitap projesiyle, \u0130stanbul&#8217;un Ermeni mimarlar\u0131n\u0131 tan\u0131tacak. \u00a0Uluslararas\u0131 Hrant Dink Vakf\u0131, Hayrat Canland\u0131ran ve Ara\u015ft\u0131ran Mimar ve M\u00fchendisler Dayan\u0131\u015fma Derne\u011fi (HAYCAR) i\u015fbirli\u011fiyle haz\u0131rlayaca\u011f\u0131 bir sergi ve kitap projesiyle, \u0130stanbul&#8217;un Ermeni mimarlar\u0131n\u0131 tan\u0131tacak. Vak\u0131ftan yap\u0131lan a\u00e7\u0131klamaya g\u00f6re, \u0130stanbul 2010 Avrupa K\u00fclt\u00fcr Ba\u015fkenti etkinlikleri kapsam\u0131nda kas\u0131m ay\u0131nda hayata ge\u00e7irilecek olan &#8221;\u0130stanbul&#8217;un [&hellip;]","og_url":"https:\/\/akunq.net\/turkish\/2010\/07\/06\/istanbulun-ermeni-mimarlari-tanitiliyor\/","og_site_name":"Bati Ermenistan Ve Bati Ermenileri Sorunlari Ara\u015ftirmalar Merkezi","article_published_time":"2010-07-06T07:42:51+00:00","author":"kalem","twitter_card":"summary_large_image","twitter_misc":{"Written by":"kalem","Est. reading time":"1 minute"},"schema":{"@context":"https:\/\/schema.org","@graph":[{"@type":"Article","@id":"https:\/\/akunq.net\/turkish\/2010\/07\/06\/istanbulun-ermeni-mimarlari-tanitiliyor\/#article","isPartOf":{"@id":"https:\/\/akunq.net\/turkish\/2010\/07\/06\/istanbulun-ermeni-mimarlari-tanitiliyor\/"},"author":{"name":"kalem","@id":"https:\/\/akunq.net\/turkish\/#\/schema\/person\/135e7923d1aeb8887890799619969a6c"},"headline":"\u0130stanbul&#8217;un Ermeni mimarlar\u0131 tan\u0131t\u0131l\u0131yor","datePublished":"2010-07-06T07:42:51+00:00","mainEntityOfPage":{"@id":"https:\/\/akunq.net\/turkish\/2010\/07\/06\/istanbulun-ermeni-mimarlari-tanitiliyor\/"},"wordCount":275,"image":{"@id":"https:\/\/akunq.net\/turkish\/2010\/07\/06\/istanbulun-ermeni-mimarlari-tanitiliyor\/#primaryimage"},"thumbnailUrl":"http:\/\/akunq.net\/tr\/wp-content\/uploads\/2010\/07\/dolmabahce_sarayi_-stanbul1-600x311.jpg","articleSection":["Haberler"],"inLanguage":"en-US"},{"@type":"WebPage","@id":"https:\/\/akunq.net\/turkish\/2010\/07\/06\/istanbulun-ermeni-mimarlari-tanitiliyor\/","url":"https:\/\/akunq.net\/turkish\/2010\/07\/06\/istanbulun-ermeni-mimarlari-tanitiliyor\/","name":"\u0130stanbul'un Ermeni mimarlar\u0131 tan\u0131t\u0131l\u0131yor - Bati Ermenistan Ve Bati Ermenileri Sorunlari Ara\u015ftirmalar Merkezi","isPartOf":{"@id":"https:\/\/akunq.net\/turkish\/#website"},"primaryImageOfPage":{"@id":"https:\/\/akunq.net\/turkish\/2010\/07\/06\/istanbulun-ermeni-mimarlari-tanitiliyor\/#primaryimage"},"image":{"@id":"https:\/\/akunq.net\/turkish\/2010\/07\/06\/istanbulun-ermeni-mimarlari-tanitiliyor\/#primaryimage"},"thumbnailUrl":"http:\/\/akunq.net\/tr\/wp-content\/uploads\/2010\/07\/dolmabahce_sarayi_-stanbul1-600x311.jpg","datePublished":"2010-07-06T07:42:51+00:00","author":{"@id":"https:\/\/akunq.net\/turkish\/#\/schema\/person\/135e7923d1aeb8887890799619969a6c"},"breadcrumb":{"@id":"https:\/\/akunq.net\/turkish\/2010\/07\/06\/istanbulun-ermeni-mimarlari-tanitiliyor\/#breadcrumb"},"inLanguage":"en-US","potentialAction":[{"@type":"ReadAction","target":["https:\/\/akunq.net\/turkish\/2010\/07\/06\/istanbulun-ermeni-mimarlari-tanitiliyor\/"]}]},{"@type":"ImageObject","inLanguage":"en-US","@id":"https:\/\/akunq.net\/turkish\/2010\/07\/06\/istanbulun-ermeni-mimarlari-tanitiliyor\/#primaryimage","url":"http:\/\/akunq.net\/tr\/wp-content\/uploads\/2010\/07\/dolmabahce_sarayi_-stanbul1-600x311.jpg","contentUrl":"http:\/\/akunq.net\/tr\/wp-content\/uploads\/2010\/07\/dolmabahce_sarayi_-stanbul1-600x311.jpg"},{"@type":"BreadcrumbList","@id":"https:\/\/akunq.net\/turkish\/2010\/07\/06\/istanbulun-ermeni-mimarlari-tanitiliyor\/#breadcrumb","itemListElement":[{"@type":"ListItem","position":1,"name":"Home","item":"https:\/\/akunq.net\/turkish\/"},{"@type":"ListItem","position":2,"name":"\u0130stanbul&#8217;un Ermeni mimarlar\u0131 tan\u0131t\u0131l\u0131yor"}]},{"@type":"WebSite","@id":"https:\/\/akunq.net\/turkish\/#website","url":"https:\/\/akunq.net\/turkish\/","name":"Bati Ermenistan Ve Bati Ermenileri Sorunlari Ara\u015ftirmalar Merkezi","description":"","potentialAction":[{"@type":"SearchAction","target":{"@type":"EntryPoint","urlTemplate":"https:\/\/akunq.net\/turkish\/?s={search_term_string}"},"query-input":{"@type":"PropertyValueSpecification","valueRequired":true,"valueName":"search_term_string"}}],"inLanguage":"en-US"},{"@type":"Person","@id":"https:\/\/akunq.net\/turkish\/#\/schema\/person\/135e7923d1aeb8887890799619969a6c","name":"kalem","image":{"@type":"ImageObject","inLanguage":"en-US","@id":"https:\/\/secure.gravatar.com\/avatar\/a06875e4b25feb5674296adf8e8a7ae1e587cebce2493fe63c456109967e27d3?s=96&d=mm&r=g","url":"https:\/\/secure.gravatar.com\/avatar\/a06875e4b25feb5674296adf8e8a7ae1e587cebce2493fe63c456109967e27d3?s=96&d=mm&r=g","contentUrl":"https:\/\/secure.gravatar.com\/avatar\/a06875e4b25feb5674296adf8e8a7ae1e587cebce2493fe63c456109967e27d3?s=96&d=mm&r=g","caption":"kalem"},"url":"https:\/\/akunq.net\/turkish\/author\/kalem\/"}]}},"_links":{"self":[{"href":"https:\/\/akunq.net\/turkish\/wp-json\/wp\/v2\/posts\/1209","targetHints":{"allow":["GET"]}}],"collection":[{"href":"https:\/\/akunq.net\/turkish\/wp-json\/wp\/v2\/posts"}],"about":[{"href":"https:\/\/akunq.net\/turkish\/wp-json\/wp\/v2\/types\/post"}],"author":[{"embeddable":true,"href":"https:\/\/akunq.net\/turkish\/wp-json\/wp\/v2\/users\/3"}],"replies":[{"embeddable":true,"href":"https:\/\/akunq.net\/turkish\/wp-json\/wp\/v2\/comments?post=1209"}],"version-history":[{"count":0,"href":"https:\/\/akunq.net\/turkish\/wp-json\/wp\/v2\/posts\/1209\/revisions"}],"wp:attachment":[{"href":"https:\/\/akunq.net\/turkish\/wp-json\/wp\/v2\/media?parent=1209"}],"wp:term":[{"taxonomy":"category","embeddable":true,"href":"https:\/\/akunq.net\/turkish\/wp-json\/wp\/v2\/categories?post=1209"},{"taxonomy":"post_tag","embeddable":true,"href":"https:\/\/akunq.net\/turkish\/wp-json\/wp\/v2\/tags?post=1209"}],"curies":[{"name":"wp","href":"https:\/\/api.w.org\/{rel}","templated":true}]}}