{"id":1200,"date":"2010-07-06T01:24:09","date_gmt":"2010-07-06T06:24:09","guid":{"rendered":"http:\/\/akunq.net\/tr\/?p=1200"},"modified":"2010-07-06T01:24:09","modified_gmt":"2010-07-06T06:24:09","slug":"erivan-unesco-tarafindan-2012-dunya-kitap-baskenti-ilan-edildi","status":"publish","type":"post","link":"https:\/\/akunq.net\/turkish\/2010\/07\/06\/erivan-unesco-tarafindan-2012-dunya-kitap-baskenti-ilan-edildi\/","title":{"rendered":"Erivan UNESCO taraf\u0131ndan \u20182012 D\u00fcnya Kitap Ba\u015fkenti\u2019 ilan edildi"},"content":{"rendered":"<p><a rel=\"attachment wp-att-1204\" href=\"http:\/\/akunq.net\/tr\/?attachment_id=1204\"><\/a><\/p>\n<p style=\"text-align: justify\"><a rel=\"attachment wp-att-1205\" href=\"http:\/\/akunq.net\/tr\/?attachment_id=1205\"><img loading=\"lazy\" decoding=\"async\" class=\"alignnone size-full wp-image-1205\" title=\"\u0544\u0561\u057f\u0565\u0576\u0561\u0564\u0561\u057c\u0561\u0576\" src=\"http:\/\/akunq.net\/tr\/wp-content\/uploads\/2010\/07\/\u0544\u0561\u057f\u0565\u0576\u0561\u0564\u0561\u057c\u0561\u05761.jpg\" alt=\"\" width=\"537\" height=\"399\" \/><\/a><\/p>\n<p style=\"text-align: justify\">UNESCO bug\u00fcn ald\u0131\u011f\u0131 kararla Erivan\u2019\u0131 \u20182012 D\u00fcnya Kitap Ba\u015fkenti\u2019 ilan etti. Konuya ili\u015fkin bug\u00fcn bas\u0131na a\u00e7\u0131klamada bulunan Ermenistan K\u00fclt\u00fcr bakan\u0131 Hasmik Po\u011fosyan, Ermenistan taraf\u0131ndan programa kat\u0131l\u0131m y\u00f6n\u00fcndeki paketin 6 ay \u00f6nce sunuldu\u011funu ve bunun \u00fczerinde uzun s\u00fcre \u00e7al\u0131\u015f\u0131ld\u0131\u011f\u0131n\u0131 s\u00f6yledi.<\/p>\n<p style=\"text-align: justify\">\u2018Sunulan t\u00fcm talepleri kar\u015f\u0131lamaya \u00e7al\u0131\u015ft\u0131k, bu sebeple ba\u015fkentimizin D\u00fcnya Kitap Ba\u015fkenti olarak se\u00e7ilece\u011fi y\u00f6n\u00fcnde iddial\u0131yd\u0131k. Uzun elemelerden sonra son a\u015famaya ula\u015fan iki ba\u015fkentten bug\u00fcn Erivan\u2019\u0131n se\u00e7ildi\u011fi ilan edildi\u2019 dedi.<\/p>\n<p style=\"text-align: justify\"><a rel=\"attachment wp-att-1206\" href=\"http:\/\/akunq.net\/tr\/?attachment_id=1206\"><img loading=\"lazy\" decoding=\"async\" class=\"alignleft size-full wp-image-1206\" title=\"matenadaran\" src=\"http:\/\/akunq.net\/tr\/wp-content\/uploads\/2010\/07\/matenadaran.jpg\" alt=\"\" width=\"355\" height=\"240\" \/><\/a>Erivan Belediye ba\u015fkan\u0131 Gagik Beglaryan olay\u0131n sevindirici ve memnuniyet verici oldu\u011funu zira Erivan Belediyesinin ba\u015fvurusu\u2019nun UNESCO taraf\u0131ndan kabul edilmi\u015f oldu\u011funu belirtti. Beglaryan \u20182012\u2019de Hakob Meghapart taraf\u0131ndan yay\u0131mlanan Ermenice ilk bas\u0131l\u0131 eser \u2018Urbatagirk\u2019in 500. Y\u0131l\u0131 dolmakta. Bildi\u011finiz gibi cumhurba\u015fkan\u0131 Serj Sarkisyan\u2019\u0131n direktifiyle bunu b\u00fcy\u00fck etkinliklerle kutlamaya haz\u0131rlanmaktay\u0131z. Bu \u00e7al\u0131\u015fmalar i\u00e7in bir devlet komisyonu olu\u015fturuldu. Bu ayn\u0131 zamanda D\u00fcnya Kitap Ba\u015fkenti \u00fcnvan\u0131 i\u00e7in ba\u015fvuru vesilelerimizden biriydi dedi.<\/p>\n<p style=\"text-align: justify\">Belediye ba\u015fkan\u0131, her y\u0131l UNESCO ve Yay\u0131nc\u0131lar, Kitap\u00e7\u0131lar ve K\u00fct\u00fcphaneciler 3 uluslararas\u0131 \u00f6rg\u00fct\u00fcn D\u00fcnya Kitap Ba\u015fkenti\u2019ni se\u00e7tiklerini ve se\u00e7imde \u2018etkinlikler program\u0131n\u0131n kalitesi, \u00e7e\u015fitlili\u011fi ve bir dizi de\u011fer etmenin\u2019 rol\u00fc oldu\u011funu belirtti.<\/p>\n<p style=\"text-align: justify\">D\u00fcnya Kitap Ba\u015fkenti \u00fcnvan\u0131n\u0131 bu g\u00fcne dek 11 kentin ald\u0131\u011f\u0131n\u0131 bunlar aras\u0131nda Madrid (2001), Montreal (2005), Amsterdam (2008) vd. oldu\u011funu belirtelim. Erivan bu onurlu \u00fcnvan\u0131 23 Nisan 2012-22 Nisan 2013 tarihleri aras\u0131nda ta\u015f\u0131yacak.<\/p>\n<p style=\"text-align: justify\">23 Nisan\u2019\u0131n UNESCO taraf\u0131ndan \u2018Uluslararas\u0131 Kitap ve Telif Hakk\u0131 G\u00fcn\u00fc\u2019 olarak ilan edildi\u011fini belirtelim.<\/p>\n<p><strong>Resimler<\/strong><\/p>\n<p><em>1. Erivan eski el yazmalar\u0131 M\u00fcze-Enstit\u00fcs\u00fc Matenadaran<\/em><\/p>\n<p><em>2. Matenadaran M\u00fczesi\u2019nde korunan Ermenice eski bir el yazmas\u0131<\/em><\/p>\n<p style=\"text-align: justify\"><strong>Kaynak:<\/strong> news.am\/tr<br \/>\n<strong>Yer:<\/strong> Ermenistan<br \/>\n<strong>Tarih<\/strong>: Temmuz 03, 2010 | 18:22<\/p>\n","protected":false},"excerpt":{"rendered":"<p>UNESCO bug\u00fcn ald\u0131\u011f\u0131 kararla Erivan\u2019\u0131 \u20182012 D\u00fcnya Kitap Ba\u015fkenti\u2019 ilan etti. Konuya ili\u015fkin bug\u00fcn bas\u0131na a\u00e7\u0131klamada bulunan Ermenistan K\u00fclt\u00fcr bakan\u0131 Hasmik Po\u011fosyan, Ermenistan taraf\u0131ndan programa kat\u0131l\u0131m y\u00f6n\u00fcndeki paketin 6 ay \u00f6nce sunuldu\u011funu ve bunun \u00fczerinde uzun s\u00fcre \u00e7al\u0131\u015f\u0131ld\u0131\u011f\u0131n\u0131 s\u00f6yledi. \u2018Sunulan t\u00fcm talepleri kar\u015f\u0131lamaya \u00e7al\u0131\u015ft\u0131k, bu sebeple ba\u015fkentimizin D\u00fcnya Kitap Ba\u015fkenti olarak se\u00e7ilece\u011fi y\u00f6n\u00fcnde iddial\u0131yd\u0131k. Uzun [&hellip;]<\/p>\n","protected":false},"author":3,"featured_media":0,"comment_status":"closed","ping_status":"open","sticky":false,"template":"","format":"standard","meta":{"footnotes":""},"categories":[14],"tags":[],"class_list":["post-1200","post","type-post","status-publish","format-standard","hentry","category-haberler"],"yoast_head":"<!-- This site is optimized with the Yoast SEO plugin v27.4 - https:\/\/yoast.com\/product\/yoast-seo-wordpress\/ -->\n<title>Erivan UNESCO taraf\u0131ndan \u20182012 D\u00fcnya Kitap Ba\u015fkenti\u2019 ilan edildi - Bati Ermenistan Ve Bati Ermenileri Sorunlari Ara\u015ftirmalar Merkezi<\/title>\n<meta name=\"robots\" content=\"index, follow, max-snippet:-1, max-image-preview:large, max-video-preview:-1\" \/>\n<link rel=\"canonical\" href=\"https:\/\/akunq.net\/turkish\/2010\/07\/06\/erivan-unesco-tarafindan-2012-dunya-kitap-baskenti-ilan-edildi\/\" \/>\n<meta property=\"og:locale\" content=\"en_US\" \/>\n<meta property=\"og:type\" content=\"article\" \/>\n<meta property=\"og:title\" content=\"Erivan UNESCO taraf\u0131ndan \u20182012 D\u00fcnya Kitap Ba\u015fkenti\u2019 ilan edildi - Bati Ermenistan Ve Bati Ermenileri Sorunlari Ara\u015ftirmalar Merkezi\" \/>\n<meta property=\"og:description\" content=\"UNESCO bug\u00fcn ald\u0131\u011f\u0131 kararla Erivan\u2019\u0131 \u20182012 D\u00fcnya Kitap Ba\u015fkenti\u2019 ilan etti. Konuya ili\u015fkin bug\u00fcn bas\u0131na a\u00e7\u0131klamada bulunan Ermenistan K\u00fclt\u00fcr bakan\u0131 Hasmik Po\u011fosyan, Ermenistan taraf\u0131ndan programa kat\u0131l\u0131m y\u00f6n\u00fcndeki paketin 6 ay \u00f6nce sunuldu\u011funu ve bunun \u00fczerinde uzun s\u00fcre \u00e7al\u0131\u015f\u0131ld\u0131\u011f\u0131n\u0131 s\u00f6yledi. \u2018Sunulan t\u00fcm talepleri kar\u015f\u0131lamaya \u00e7al\u0131\u015ft\u0131k, bu sebeple ba\u015fkentimizin D\u00fcnya Kitap Ba\u015fkenti olarak se\u00e7ilece\u011fi y\u00f6n\u00fcnde iddial\u0131yd\u0131k. Uzun [&hellip;]\" \/>\n<meta property=\"og:url\" content=\"https:\/\/akunq.net\/turkish\/2010\/07\/06\/erivan-unesco-tarafindan-2012-dunya-kitap-baskenti-ilan-edildi\/\" \/>\n<meta property=\"og:site_name\" content=\"Bati Ermenistan Ve Bati Ermenileri Sorunlari Ara\u015ftirmalar Merkezi\" \/>\n<meta property=\"article:published_time\" content=\"2010-07-06T06:24:09+00:00\" \/>\n<meta property=\"og:image\" content=\"http:\/\/akunq.net\/tr\/wp-content\/uploads\/2010\/07\/matenadaran.jpg\" \/>\n<meta name=\"author\" content=\"kalem\" \/>\n<meta name=\"twitter:card\" content=\"summary_large_image\" \/>\n<meta name=\"twitter:label1\" content=\"Written by\" \/>\n\t<meta name=\"twitter:data1\" content=\"kalem\" \/>\n\t<meta name=\"twitter:label2\" content=\"Est. reading time\" \/>\n\t<meta name=\"twitter:data2\" content=\"2 minutes\" \/>\n<script type=\"application\/ld+json\" class=\"yoast-schema-graph\">{\"@context\":\"https:\\\/\\\/schema.org\",\"@graph\":[{\"@type\":\"Article\",\"@id\":\"https:\\\/\\\/akunq.net\\\/turkish\\\/2010\\\/07\\\/06\\\/erivan-unesco-tarafindan-2012-dunya-kitap-baskenti-ilan-edildi\\\/#article\",\"isPartOf\":{\"@id\":\"https:\\\/\\\/akunq.net\\\/turkish\\\/2010\\\/07\\\/06\\\/erivan-unesco-tarafindan-2012-dunya-kitap-baskenti-ilan-edildi\\\/\"},\"author\":{\"name\":\"kalem\",\"@id\":\"https:\\\/\\\/akunq.net\\\/turkish\\\/#\\\/schema\\\/person\\\/135e7923d1aeb8887890799619969a6c\"},\"headline\":\"Erivan UNESCO taraf\u0131ndan \u20182012 D\u00fcnya Kitap Ba\u015fkenti\u2019 ilan edildi\",\"datePublished\":\"2010-07-06T06:24:09+00:00\",\"mainEntityOfPage\":{\"@id\":\"https:\\\/\\\/akunq.net\\\/turkish\\\/2010\\\/07\\\/06\\\/erivan-unesco-tarafindan-2012-dunya-kitap-baskenti-ilan-edildi\\\/\"},\"wordCount\":337,\"image\":{\"@id\":\"https:\\\/\\\/akunq.net\\\/turkish\\\/2010\\\/07\\\/06\\\/erivan-unesco-tarafindan-2012-dunya-kitap-baskenti-ilan-edildi\\\/#primaryimage\"},\"thumbnailUrl\":\"http:\\\/\\\/akunq.net\\\/tr\\\/wp-content\\\/uploads\\\/2010\\\/07\\\/matenadaran.jpg\",\"articleSection\":[\"Haberler\"],\"inLanguage\":\"en-US\"},{\"@type\":\"WebPage\",\"@id\":\"https:\\\/\\\/akunq.net\\\/turkish\\\/2010\\\/07\\\/06\\\/erivan-unesco-tarafindan-2012-dunya-kitap-baskenti-ilan-edildi\\\/\",\"url\":\"https:\\\/\\\/akunq.net\\\/turkish\\\/2010\\\/07\\\/06\\\/erivan-unesco-tarafindan-2012-dunya-kitap-baskenti-ilan-edildi\\\/\",\"name\":\"Erivan UNESCO taraf\u0131ndan \u20182012 D\u00fcnya Kitap Ba\u015fkenti\u2019 ilan edildi - Bati Ermenistan Ve Bati Ermenileri Sorunlari Ara\u015ftirmalar Merkezi\",\"isPartOf\":{\"@id\":\"https:\\\/\\\/akunq.net\\\/turkish\\\/#website\"},\"primaryImageOfPage\":{\"@id\":\"https:\\\/\\\/akunq.net\\\/turkish\\\/2010\\\/07\\\/06\\\/erivan-unesco-tarafindan-2012-dunya-kitap-baskenti-ilan-edildi\\\/#primaryimage\"},\"image\":{\"@id\":\"https:\\\/\\\/akunq.net\\\/turkish\\\/2010\\\/07\\\/06\\\/erivan-unesco-tarafindan-2012-dunya-kitap-baskenti-ilan-edildi\\\/#primaryimage\"},\"thumbnailUrl\":\"http:\\\/\\\/akunq.net\\\/tr\\\/wp-content\\\/uploads\\\/2010\\\/07\\\/matenadaran.jpg\",\"datePublished\":\"2010-07-06T06:24:09+00:00\",\"author\":{\"@id\":\"https:\\\/\\\/akunq.net\\\/turkish\\\/#\\\/schema\\\/person\\\/135e7923d1aeb8887890799619969a6c\"},\"breadcrumb\":{\"@id\":\"https:\\\/\\\/akunq.net\\\/turkish\\\/2010\\\/07\\\/06\\\/erivan-unesco-tarafindan-2012-dunya-kitap-baskenti-ilan-edildi\\\/#breadcrumb\"},\"inLanguage\":\"en-US\",\"potentialAction\":[{\"@type\":\"ReadAction\",\"target\":[\"https:\\\/\\\/akunq.net\\\/turkish\\\/2010\\\/07\\\/06\\\/erivan-unesco-tarafindan-2012-dunya-kitap-baskenti-ilan-edildi\\\/\"]}]},{\"@type\":\"ImageObject\",\"inLanguage\":\"en-US\",\"@id\":\"https:\\\/\\\/akunq.net\\\/turkish\\\/2010\\\/07\\\/06\\\/erivan-unesco-tarafindan-2012-dunya-kitap-baskenti-ilan-edildi\\\/#primaryimage\",\"url\":\"http:\\\/\\\/akunq.net\\\/tr\\\/wp-content\\\/uploads\\\/2010\\\/07\\\/matenadaran.jpg\",\"contentUrl\":\"http:\\\/\\\/akunq.net\\\/tr\\\/wp-content\\\/uploads\\\/2010\\\/07\\\/matenadaran.jpg\"},{\"@type\":\"BreadcrumbList\",\"@id\":\"https:\\\/\\\/akunq.net\\\/turkish\\\/2010\\\/07\\\/06\\\/erivan-unesco-tarafindan-2012-dunya-kitap-baskenti-ilan-edildi\\\/#breadcrumb\",\"itemListElement\":[{\"@type\":\"ListItem\",\"position\":1,\"name\":\"Home\",\"item\":\"https:\\\/\\\/akunq.net\\\/turkish\\\/\"},{\"@type\":\"ListItem\",\"position\":2,\"name\":\"Erivan UNESCO taraf\u0131ndan \u20182012 D\u00fcnya Kitap Ba\u015fkenti\u2019 ilan edildi\"}]},{\"@type\":\"WebSite\",\"@id\":\"https:\\\/\\\/akunq.net\\\/turkish\\\/#website\",\"url\":\"https:\\\/\\\/akunq.net\\\/turkish\\\/\",\"name\":\"Bati Ermenistan Ve Bati Ermenileri Sorunlari Ara\u015ftirmalar Merkezi\",\"description\":\"\",\"potentialAction\":[{\"@type\":\"SearchAction\",\"target\":{\"@type\":\"EntryPoint\",\"urlTemplate\":\"https:\\\/\\\/akunq.net\\\/turkish\\\/?s={search_term_string}\"},\"query-input\":{\"@type\":\"PropertyValueSpecification\",\"valueRequired\":true,\"valueName\":\"search_term_string\"}}],\"inLanguage\":\"en-US\"},{\"@type\":\"Person\",\"@id\":\"https:\\\/\\\/akunq.net\\\/turkish\\\/#\\\/schema\\\/person\\\/135e7923d1aeb8887890799619969a6c\",\"name\":\"kalem\",\"image\":{\"@type\":\"ImageObject\",\"inLanguage\":\"en-US\",\"@id\":\"https:\\\/\\\/secure.gravatar.com\\\/avatar\\\/a06875e4b25feb5674296adf8e8a7ae1e587cebce2493fe63c456109967e27d3?s=96&d=mm&r=g\",\"url\":\"https:\\\/\\\/secure.gravatar.com\\\/avatar\\\/a06875e4b25feb5674296adf8e8a7ae1e587cebce2493fe63c456109967e27d3?s=96&d=mm&r=g\",\"contentUrl\":\"https:\\\/\\\/secure.gravatar.com\\\/avatar\\\/a06875e4b25feb5674296adf8e8a7ae1e587cebce2493fe63c456109967e27d3?s=96&d=mm&r=g\",\"caption\":\"kalem\"},\"url\":\"https:\\\/\\\/akunq.net\\\/turkish\\\/author\\\/kalem\\\/\"}]}<\/script>\n<!-- \/ Yoast SEO plugin. -->","yoast_head_json":{"title":"Erivan UNESCO taraf\u0131ndan \u20182012 D\u00fcnya Kitap Ba\u015fkenti\u2019 ilan edildi - Bati Ermenistan Ve Bati Ermenileri Sorunlari Ara\u015ftirmalar Merkezi","robots":{"index":"index","follow":"follow","max-snippet":"max-snippet:-1","max-image-preview":"max-image-preview:large","max-video-preview":"max-video-preview:-1"},"canonical":"https:\/\/akunq.net\/turkish\/2010\/07\/06\/erivan-unesco-tarafindan-2012-dunya-kitap-baskenti-ilan-edildi\/","og_locale":"en_US","og_type":"article","og_title":"Erivan UNESCO taraf\u0131ndan \u20182012 D\u00fcnya Kitap Ba\u015fkenti\u2019 ilan edildi - Bati Ermenistan Ve Bati Ermenileri Sorunlari Ara\u015ftirmalar Merkezi","og_description":"UNESCO bug\u00fcn ald\u0131\u011f\u0131 kararla Erivan\u2019\u0131 \u20182012 D\u00fcnya Kitap Ba\u015fkenti\u2019 ilan etti. Konuya ili\u015fkin bug\u00fcn bas\u0131na a\u00e7\u0131klamada bulunan Ermenistan K\u00fclt\u00fcr bakan\u0131 Hasmik Po\u011fosyan, Ermenistan taraf\u0131ndan programa kat\u0131l\u0131m y\u00f6n\u00fcndeki paketin 6 ay \u00f6nce sunuldu\u011funu ve bunun \u00fczerinde uzun s\u00fcre \u00e7al\u0131\u015f\u0131ld\u0131\u011f\u0131n\u0131 s\u00f6yledi. \u2018Sunulan t\u00fcm talepleri kar\u015f\u0131lamaya \u00e7al\u0131\u015ft\u0131k, bu sebeple ba\u015fkentimizin D\u00fcnya Kitap Ba\u015fkenti olarak se\u00e7ilece\u011fi y\u00f6n\u00fcnde iddial\u0131yd\u0131k. Uzun [&hellip;]","og_url":"https:\/\/akunq.net\/turkish\/2010\/07\/06\/erivan-unesco-tarafindan-2012-dunya-kitap-baskenti-ilan-edildi\/","og_site_name":"Bati Ermenistan Ve Bati Ermenileri Sorunlari Ara\u015ftirmalar Merkezi","article_published_time":"2010-07-06T06:24:09+00:00","og_image":[{"url":"http:\/\/akunq.net\/tr\/wp-content\/uploads\/2010\/07\/matenadaran.jpg","type":"","width":"","height":""}],"author":"kalem","twitter_card":"summary_large_image","twitter_misc":{"Written by":"kalem","Est. reading time":"2 minutes"},"schema":{"@context":"https:\/\/schema.org","@graph":[{"@type":"Article","@id":"https:\/\/akunq.net\/turkish\/2010\/07\/06\/erivan-unesco-tarafindan-2012-dunya-kitap-baskenti-ilan-edildi\/#article","isPartOf":{"@id":"https:\/\/akunq.net\/turkish\/2010\/07\/06\/erivan-unesco-tarafindan-2012-dunya-kitap-baskenti-ilan-edildi\/"},"author":{"name":"kalem","@id":"https:\/\/akunq.net\/turkish\/#\/schema\/person\/135e7923d1aeb8887890799619969a6c"},"headline":"Erivan UNESCO taraf\u0131ndan \u20182012 D\u00fcnya Kitap Ba\u015fkenti\u2019 ilan edildi","datePublished":"2010-07-06T06:24:09+00:00","mainEntityOfPage":{"@id":"https:\/\/akunq.net\/turkish\/2010\/07\/06\/erivan-unesco-tarafindan-2012-dunya-kitap-baskenti-ilan-edildi\/"},"wordCount":337,"image":{"@id":"https:\/\/akunq.net\/turkish\/2010\/07\/06\/erivan-unesco-tarafindan-2012-dunya-kitap-baskenti-ilan-edildi\/#primaryimage"},"thumbnailUrl":"http:\/\/akunq.net\/tr\/wp-content\/uploads\/2010\/07\/matenadaran.jpg","articleSection":["Haberler"],"inLanguage":"en-US"},{"@type":"WebPage","@id":"https:\/\/akunq.net\/turkish\/2010\/07\/06\/erivan-unesco-tarafindan-2012-dunya-kitap-baskenti-ilan-edildi\/","url":"https:\/\/akunq.net\/turkish\/2010\/07\/06\/erivan-unesco-tarafindan-2012-dunya-kitap-baskenti-ilan-edildi\/","name":"Erivan UNESCO taraf\u0131ndan \u20182012 D\u00fcnya Kitap Ba\u015fkenti\u2019 ilan edildi - Bati Ermenistan Ve Bati Ermenileri Sorunlari Ara\u015ftirmalar Merkezi","isPartOf":{"@id":"https:\/\/akunq.net\/turkish\/#website"},"primaryImageOfPage":{"@id":"https:\/\/akunq.net\/turkish\/2010\/07\/06\/erivan-unesco-tarafindan-2012-dunya-kitap-baskenti-ilan-edildi\/#primaryimage"},"image":{"@id":"https:\/\/akunq.net\/turkish\/2010\/07\/06\/erivan-unesco-tarafindan-2012-dunya-kitap-baskenti-ilan-edildi\/#primaryimage"},"thumbnailUrl":"http:\/\/akunq.net\/tr\/wp-content\/uploads\/2010\/07\/matenadaran.jpg","datePublished":"2010-07-06T06:24:09+00:00","author":{"@id":"https:\/\/akunq.net\/turkish\/#\/schema\/person\/135e7923d1aeb8887890799619969a6c"},"breadcrumb":{"@id":"https:\/\/akunq.net\/turkish\/2010\/07\/06\/erivan-unesco-tarafindan-2012-dunya-kitap-baskenti-ilan-edildi\/#breadcrumb"},"inLanguage":"en-US","potentialAction":[{"@type":"ReadAction","target":["https:\/\/akunq.net\/turkish\/2010\/07\/06\/erivan-unesco-tarafindan-2012-dunya-kitap-baskenti-ilan-edildi\/"]}]},{"@type":"ImageObject","inLanguage":"en-US","@id":"https:\/\/akunq.net\/turkish\/2010\/07\/06\/erivan-unesco-tarafindan-2012-dunya-kitap-baskenti-ilan-edildi\/#primaryimage","url":"http:\/\/akunq.net\/tr\/wp-content\/uploads\/2010\/07\/matenadaran.jpg","contentUrl":"http:\/\/akunq.net\/tr\/wp-content\/uploads\/2010\/07\/matenadaran.jpg"},{"@type":"BreadcrumbList","@id":"https:\/\/akunq.net\/turkish\/2010\/07\/06\/erivan-unesco-tarafindan-2012-dunya-kitap-baskenti-ilan-edildi\/#breadcrumb","itemListElement":[{"@type":"ListItem","position":1,"name":"Home","item":"https:\/\/akunq.net\/turkish\/"},{"@type":"ListItem","position":2,"name":"Erivan UNESCO taraf\u0131ndan \u20182012 D\u00fcnya Kitap Ba\u015fkenti\u2019 ilan edildi"}]},{"@type":"WebSite","@id":"https:\/\/akunq.net\/turkish\/#website","url":"https:\/\/akunq.net\/turkish\/","name":"Bati Ermenistan Ve Bati Ermenileri Sorunlari Ara\u015ftirmalar Merkezi","description":"","potentialAction":[{"@type":"SearchAction","target":{"@type":"EntryPoint","urlTemplate":"https:\/\/akunq.net\/turkish\/?s={search_term_string}"},"query-input":{"@type":"PropertyValueSpecification","valueRequired":true,"valueName":"search_term_string"}}],"inLanguage":"en-US"},{"@type":"Person","@id":"https:\/\/akunq.net\/turkish\/#\/schema\/person\/135e7923d1aeb8887890799619969a6c","name":"kalem","image":{"@type":"ImageObject","inLanguage":"en-US","@id":"https:\/\/secure.gravatar.com\/avatar\/a06875e4b25feb5674296adf8e8a7ae1e587cebce2493fe63c456109967e27d3?s=96&d=mm&r=g","url":"https:\/\/secure.gravatar.com\/avatar\/a06875e4b25feb5674296adf8e8a7ae1e587cebce2493fe63c456109967e27d3?s=96&d=mm&r=g","contentUrl":"https:\/\/secure.gravatar.com\/avatar\/a06875e4b25feb5674296adf8e8a7ae1e587cebce2493fe63c456109967e27d3?s=96&d=mm&r=g","caption":"kalem"},"url":"https:\/\/akunq.net\/turkish\/author\/kalem\/"}]}},"_links":{"self":[{"href":"https:\/\/akunq.net\/turkish\/wp-json\/wp\/v2\/posts\/1200","targetHints":{"allow":["GET"]}}],"collection":[{"href":"https:\/\/akunq.net\/turkish\/wp-json\/wp\/v2\/posts"}],"about":[{"href":"https:\/\/akunq.net\/turkish\/wp-json\/wp\/v2\/types\/post"}],"author":[{"embeddable":true,"href":"https:\/\/akunq.net\/turkish\/wp-json\/wp\/v2\/users\/3"}],"replies":[{"embeddable":true,"href":"https:\/\/akunq.net\/turkish\/wp-json\/wp\/v2\/comments?post=1200"}],"version-history":[{"count":0,"href":"https:\/\/akunq.net\/turkish\/wp-json\/wp\/v2\/posts\/1200\/revisions"}],"wp:attachment":[{"href":"https:\/\/akunq.net\/turkish\/wp-json\/wp\/v2\/media?parent=1200"}],"wp:term":[{"taxonomy":"category","embeddable":true,"href":"https:\/\/akunq.net\/turkish\/wp-json\/wp\/v2\/categories?post=1200"},{"taxonomy":"post_tag","embeddable":true,"href":"https:\/\/akunq.net\/turkish\/wp-json\/wp\/v2\/tags?post=1200"}],"curies":[{"name":"wp","href":"https:\/\/api.w.org\/{rel}","templated":true}]}}