{"id":1197,"date":"2010-07-04T04:53:10","date_gmt":"2010-07-04T09:53:10","guid":{"rendered":"http:\/\/akunq.net\/tr\/?p=1197"},"modified":"2010-07-04T04:53:10","modified_gmt":"2010-07-04T09:53:10","slug":"ermeni-vatandaslar-eregliye-boyle-donduler","status":"publish","type":"post","link":"https:\/\/akunq.net\/turkish\/2010\/07\/04\/ermeni-vatandaslar-eregliye-boyle-donduler\/","title":{"rendered":"Ermeni vatanda\u015flar Ere\u011fli&#8217;ye b\u00f6yle d\u00f6nd\u00fcler"},"content":{"rendered":"<p>Yakla\u015f\u0131k 50 y\u0131l \u00f6nce Ere\u011fli&#8217;den \u0130stanbul&#8217;a g\u00f6\u00e7 eden Ermeni vatanda\u015flardan 30 ki\u015filik bir grup, Belediyenin daveti \u00fczerine do\u011fduklar\u0131 topraklara geldi.<\/p>\n<p>Konya&#8217;n\u0131n Ere\u011fli il\u00e7esi Belediye Ba\u015fkan\u0131 H\u00fcseyin Opruk\u00e7u&#8217;nun davetiyle 10. Beyaz Kiraz \u015eenlikleri kapsam\u0131nda il\u00e7eye gelen \u0130stanbul&#8217;da ya\u015fayan Ermeni K\u00f6kenli Ere\u011flili 30 ki\u015fi, Ere\u011fli Tren Gar\u0131&#8217;nda vatanda\u015flarca \u00e7i\u00e7eklerle kar\u015f\u0131land\u0131. Kar\u015f\u0131lamada Ermeni as\u0131ll\u0131 vatanda\u015flar, duygusal anlar ya\u015fad\u0131.<br \/>\nBurada grup ad\u0131na konu\u015fan Agop M\u0131h\u00e7\u0131, do\u011fup b\u00fcy\u00fcd\u00fckleri topraklara tekrar gelmenin mutlulu\u011funu ya\u015fad\u0131klar\u0131n\u0131 belirtti.<\/p>\n<p>Ere\u011fli&#8217;yi \u00e7ok sevdiklerini, ara ara ziyarete geldiklerini ancak ilk kez bu kadar kalabal\u0131k bir toplulukla Ere\u011fli&#8217;de bulunduklar\u0131n\u0131 anlatan M\u0131h\u00e7\u0131, &#8220;E\u015fim, k\u0131z karde\u015fim, k\u0131z\u0131m, damad\u0131m, torunlar\u0131m ve arkada\u015flar\u0131mla birlikte \u00f6zlemini i\u00e7imizde s\u00fcrekli ta\u015f\u0131d\u0131\u011f\u0131m\u0131z Ere\u011fli&#8217;ye geldik. \u00c7i\u00e7eklerle kar\u015f\u0131land\u0131k, duygusal anlar ya\u015f\u0131yoruz. \u0130lgi bizleri mutlu etti&#8221; dedi.<\/p>\n<p>Agop M\u0131h\u00e7\u0131&#8217;n\u0131n o\u011flu Murad M\u0131h\u00e7\u0131 ise n\u00fcfus kay\u0131tlar\u0131n\u0131n Ere\u011fli&#8217;de oldu\u011funu ifade ederek, &#8220;Ere\u011fli&#8217;ye ikinci geli\u015fim ve \u00e7ok heyecanl\u0131y\u0131m&#8221; dedi.<br \/>\nEre\u011fli do\u011fumlu Sahra De\u011firmenci ise n\u00fcfus c\u00fczdan\u0131n\u0131 g\u00f6stererek &#8220;Ere\u011flili olmaktan gurur duyuyoruz&#8221; dedi.<\/p>\n<p><strong><em>Neden \u0130stanbul&#8217;a g\u00f6\u00e7 etmi\u015flerdi?<\/em><\/strong>Belediye yetkilileri, Ere\u011fli&#8217;de ya\u015fayan Ermeni ailelerinin 1960&#8217;l\u0131 y\u0131llarda, herhangi bir bask\u0131 g\u00f6rmemelerine kar\u015f\u0131n, burada g\u00f6rev yapan son Ermeni din adam\u0131n\u0131n \u00f6lmesi \u00fczerine, \u00e7ocuklar\u0131n\u0131n vaftizi ve \u00f6l\u00fcler i\u00e7in d\u00fczenlenen t\u00f6renler gibi rit\u00fceller i\u00e7in din adam\u0131 bulamad\u0131klar\u0131ndan \u0130stanbul&#8217;a g\u00f6\u00e7 ettiklerini belirtti.<\/p>\n<p>Yetkililer, Ermeni K\u00f6kenli Ere\u011flililer&#8217;in Fransa, Kanada ve \u0130svi\u00e7re&#8217;de de bulundu\u011funu, \u015fuan \u0130stanbul&#8217;da yakla\u015f\u0131k 300 Ere\u011flili Ermeni vatanda\u015f\u0131n ya\u015fad\u0131\u011f\u0131n\u0131 tahmin ettiklerini s\u00f6zlerine ekledi.<\/p>\n<p><strong>\u00a0<\/strong><strong>Kaynak:<\/strong> cnnturk.com<br \/>\n<strong>Tarih:<\/strong> 3.7.2010<\/p>\n","protected":false},"excerpt":{"rendered":"<p>Yakla\u015f\u0131k 50 y\u0131l \u00f6nce Ere\u011fli&#8217;den \u0130stanbul&#8217;a g\u00f6\u00e7 eden Ermeni vatanda\u015flardan 30 ki\u015filik bir grup, Belediyenin daveti \u00fczerine do\u011fduklar\u0131 topraklara geldi. Konya&#8217;n\u0131n Ere\u011fli il\u00e7esi Belediye Ba\u015fkan\u0131 H\u00fcseyin Opruk\u00e7u&#8217;nun davetiyle 10. Beyaz Kiraz \u015eenlikleri kapsam\u0131nda il\u00e7eye gelen \u0130stanbul&#8217;da ya\u015fayan Ermeni K\u00f6kenli Ere\u011flili 30 ki\u015fi, Ere\u011fli Tren Gar\u0131&#8217;nda vatanda\u015flarca \u00e7i\u00e7eklerle kar\u015f\u0131land\u0131. Kar\u015f\u0131lamada Ermeni as\u0131ll\u0131 vatanda\u015flar, duygusal anlar ya\u015fad\u0131. [&hellip;]<\/p>\n","protected":false},"author":3,"featured_media":0,"comment_status":"closed","ping_status":"open","sticky":false,"template":"","format":"standard","meta":{"footnotes":""},"categories":[14],"tags":[],"class_list":["post-1197","post","type-post","status-publish","format-standard","hentry","category-haberler"],"yoast_head":"<!-- This site is optimized with the Yoast SEO plugin v27.4 - https:\/\/yoast.com\/product\/yoast-seo-wordpress\/ -->\n<title>Ermeni vatanda\u015flar Ere\u011fli&#039;ye b\u00f6yle d\u00f6nd\u00fcler - Bati Ermenistan Ve Bati Ermenileri Sorunlari Ara\u015ftirmalar Merkezi<\/title>\n<meta name=\"robots\" content=\"index, follow, max-snippet:-1, max-image-preview:large, max-video-preview:-1\" \/>\n<link rel=\"canonical\" href=\"https:\/\/akunq.net\/turkish\/2010\/07\/04\/ermeni-vatandaslar-eregliye-boyle-donduler\/\" \/>\n<meta property=\"og:locale\" content=\"en_US\" \/>\n<meta property=\"og:type\" content=\"article\" \/>\n<meta property=\"og:title\" content=\"Ermeni vatanda\u015flar Ere\u011fli&#039;ye b\u00f6yle d\u00f6nd\u00fcler - Bati Ermenistan Ve Bati Ermenileri Sorunlari Ara\u015ftirmalar Merkezi\" \/>\n<meta property=\"og:description\" content=\"Yakla\u015f\u0131k 50 y\u0131l \u00f6nce Ere\u011fli&#8217;den \u0130stanbul&#8217;a g\u00f6\u00e7 eden Ermeni vatanda\u015flardan 30 ki\u015filik bir grup, Belediyenin daveti \u00fczerine do\u011fduklar\u0131 topraklara geldi. Konya&#8217;n\u0131n Ere\u011fli il\u00e7esi Belediye Ba\u015fkan\u0131 H\u00fcseyin Opruk\u00e7u&#8217;nun davetiyle 10. Beyaz Kiraz \u015eenlikleri kapsam\u0131nda il\u00e7eye gelen \u0130stanbul&#8217;da ya\u015fayan Ermeni K\u00f6kenli Ere\u011flili 30 ki\u015fi, Ere\u011fli Tren Gar\u0131&#8217;nda vatanda\u015flarca \u00e7i\u00e7eklerle kar\u015f\u0131land\u0131. Kar\u015f\u0131lamada Ermeni as\u0131ll\u0131 vatanda\u015flar, duygusal anlar ya\u015fad\u0131. [&hellip;]\" \/>\n<meta property=\"og:url\" content=\"https:\/\/akunq.net\/turkish\/2010\/07\/04\/ermeni-vatandaslar-eregliye-boyle-donduler\/\" \/>\n<meta property=\"og:site_name\" content=\"Bati Ermenistan Ve Bati Ermenileri Sorunlari Ara\u015ftirmalar Merkezi\" \/>\n<meta property=\"article:published_time\" content=\"2010-07-04T09:53:10+00:00\" \/>\n<meta name=\"author\" content=\"kalem\" \/>\n<meta name=\"twitter:card\" content=\"summary_large_image\" \/>\n<meta name=\"twitter:label1\" content=\"Written by\" \/>\n\t<meta name=\"twitter:data1\" content=\"kalem\" \/>\n\t<meta name=\"twitter:label2\" content=\"Est. reading time\" \/>\n\t<meta name=\"twitter:data2\" content=\"2 minutes\" \/>\n<script type=\"application\/ld+json\" class=\"yoast-schema-graph\">{\"@context\":\"https:\\\/\\\/schema.org\",\"@graph\":[{\"@type\":\"Article\",\"@id\":\"https:\\\/\\\/akunq.net\\\/turkish\\\/2010\\\/07\\\/04\\\/ermeni-vatandaslar-eregliye-boyle-donduler\\\/#article\",\"isPartOf\":{\"@id\":\"https:\\\/\\\/akunq.net\\\/turkish\\\/2010\\\/07\\\/04\\\/ermeni-vatandaslar-eregliye-boyle-donduler\\\/\"},\"author\":{\"name\":\"kalem\",\"@id\":\"https:\\\/\\\/akunq.net\\\/turkish\\\/#\\\/schema\\\/person\\\/135e7923d1aeb8887890799619969a6c\"},\"headline\":\"Ermeni vatanda\u015flar Ere\u011fli&#8217;ye b\u00f6yle d\u00f6nd\u00fcler\",\"datePublished\":\"2010-07-04T09:53:10+00:00\",\"mainEntityOfPage\":{\"@id\":\"https:\\\/\\\/akunq.net\\\/turkish\\\/2010\\\/07\\\/04\\\/ermeni-vatandaslar-eregliye-boyle-donduler\\\/\"},\"wordCount\":333,\"articleSection\":[\"Haberler\"],\"inLanguage\":\"en-US\"},{\"@type\":\"WebPage\",\"@id\":\"https:\\\/\\\/akunq.net\\\/turkish\\\/2010\\\/07\\\/04\\\/ermeni-vatandaslar-eregliye-boyle-donduler\\\/\",\"url\":\"https:\\\/\\\/akunq.net\\\/turkish\\\/2010\\\/07\\\/04\\\/ermeni-vatandaslar-eregliye-boyle-donduler\\\/\",\"name\":\"Ermeni vatanda\u015flar Ere\u011fli'ye b\u00f6yle d\u00f6nd\u00fcler - Bati Ermenistan Ve Bati Ermenileri Sorunlari Ara\u015ftirmalar Merkezi\",\"isPartOf\":{\"@id\":\"https:\\\/\\\/akunq.net\\\/turkish\\\/#website\"},\"datePublished\":\"2010-07-04T09:53:10+00:00\",\"author\":{\"@id\":\"https:\\\/\\\/akunq.net\\\/turkish\\\/#\\\/schema\\\/person\\\/135e7923d1aeb8887890799619969a6c\"},\"breadcrumb\":{\"@id\":\"https:\\\/\\\/akunq.net\\\/turkish\\\/2010\\\/07\\\/04\\\/ermeni-vatandaslar-eregliye-boyle-donduler\\\/#breadcrumb\"},\"inLanguage\":\"en-US\",\"potentialAction\":[{\"@type\":\"ReadAction\",\"target\":[\"https:\\\/\\\/akunq.net\\\/turkish\\\/2010\\\/07\\\/04\\\/ermeni-vatandaslar-eregliye-boyle-donduler\\\/\"]}]},{\"@type\":\"BreadcrumbList\",\"@id\":\"https:\\\/\\\/akunq.net\\\/turkish\\\/2010\\\/07\\\/04\\\/ermeni-vatandaslar-eregliye-boyle-donduler\\\/#breadcrumb\",\"itemListElement\":[{\"@type\":\"ListItem\",\"position\":1,\"name\":\"Home\",\"item\":\"https:\\\/\\\/akunq.net\\\/turkish\\\/\"},{\"@type\":\"ListItem\",\"position\":2,\"name\":\"Ermeni vatanda\u015flar Ere\u011fli&#8217;ye b\u00f6yle d\u00f6nd\u00fcler\"}]},{\"@type\":\"WebSite\",\"@id\":\"https:\\\/\\\/akunq.net\\\/turkish\\\/#website\",\"url\":\"https:\\\/\\\/akunq.net\\\/turkish\\\/\",\"name\":\"Bati Ermenistan Ve Bati Ermenileri Sorunlari Ara\u015ftirmalar Merkezi\",\"description\":\"\",\"potentialAction\":[{\"@type\":\"SearchAction\",\"target\":{\"@type\":\"EntryPoint\",\"urlTemplate\":\"https:\\\/\\\/akunq.net\\\/turkish\\\/?s={search_term_string}\"},\"query-input\":{\"@type\":\"PropertyValueSpecification\",\"valueRequired\":true,\"valueName\":\"search_term_string\"}}],\"inLanguage\":\"en-US\"},{\"@type\":\"Person\",\"@id\":\"https:\\\/\\\/akunq.net\\\/turkish\\\/#\\\/schema\\\/person\\\/135e7923d1aeb8887890799619969a6c\",\"name\":\"kalem\",\"image\":{\"@type\":\"ImageObject\",\"inLanguage\":\"en-US\",\"@id\":\"https:\\\/\\\/secure.gravatar.com\\\/avatar\\\/a06875e4b25feb5674296adf8e8a7ae1e587cebce2493fe63c456109967e27d3?s=96&d=mm&r=g\",\"url\":\"https:\\\/\\\/secure.gravatar.com\\\/avatar\\\/a06875e4b25feb5674296adf8e8a7ae1e587cebce2493fe63c456109967e27d3?s=96&d=mm&r=g\",\"contentUrl\":\"https:\\\/\\\/secure.gravatar.com\\\/avatar\\\/a06875e4b25feb5674296adf8e8a7ae1e587cebce2493fe63c456109967e27d3?s=96&d=mm&r=g\",\"caption\":\"kalem\"},\"url\":\"https:\\\/\\\/akunq.net\\\/turkish\\\/author\\\/kalem\\\/\"}]}<\/script>\n<!-- \/ Yoast SEO plugin. -->","yoast_head_json":{"title":"Ermeni vatanda\u015flar Ere\u011fli'ye b\u00f6yle d\u00f6nd\u00fcler - Bati Ermenistan Ve Bati Ermenileri Sorunlari Ara\u015ftirmalar Merkezi","robots":{"index":"index","follow":"follow","max-snippet":"max-snippet:-1","max-image-preview":"max-image-preview:large","max-video-preview":"max-video-preview:-1"},"canonical":"https:\/\/akunq.net\/turkish\/2010\/07\/04\/ermeni-vatandaslar-eregliye-boyle-donduler\/","og_locale":"en_US","og_type":"article","og_title":"Ermeni vatanda\u015flar Ere\u011fli'ye b\u00f6yle d\u00f6nd\u00fcler - Bati Ermenistan Ve Bati Ermenileri Sorunlari Ara\u015ftirmalar Merkezi","og_description":"Yakla\u015f\u0131k 50 y\u0131l \u00f6nce Ere\u011fli&#8217;den \u0130stanbul&#8217;a g\u00f6\u00e7 eden Ermeni vatanda\u015flardan 30 ki\u015filik bir grup, Belediyenin daveti \u00fczerine do\u011fduklar\u0131 topraklara geldi. Konya&#8217;n\u0131n Ere\u011fli il\u00e7esi Belediye Ba\u015fkan\u0131 H\u00fcseyin Opruk\u00e7u&#8217;nun davetiyle 10. Beyaz Kiraz \u015eenlikleri kapsam\u0131nda il\u00e7eye gelen \u0130stanbul&#8217;da ya\u015fayan Ermeni K\u00f6kenli Ere\u011flili 30 ki\u015fi, Ere\u011fli Tren Gar\u0131&#8217;nda vatanda\u015flarca \u00e7i\u00e7eklerle kar\u015f\u0131land\u0131. Kar\u015f\u0131lamada Ermeni as\u0131ll\u0131 vatanda\u015flar, duygusal anlar ya\u015fad\u0131. [&hellip;]","og_url":"https:\/\/akunq.net\/turkish\/2010\/07\/04\/ermeni-vatandaslar-eregliye-boyle-donduler\/","og_site_name":"Bati Ermenistan Ve Bati Ermenileri Sorunlari Ara\u015ftirmalar Merkezi","article_published_time":"2010-07-04T09:53:10+00:00","author":"kalem","twitter_card":"summary_large_image","twitter_misc":{"Written by":"kalem","Est. reading time":"2 minutes"},"schema":{"@context":"https:\/\/schema.org","@graph":[{"@type":"Article","@id":"https:\/\/akunq.net\/turkish\/2010\/07\/04\/ermeni-vatandaslar-eregliye-boyle-donduler\/#article","isPartOf":{"@id":"https:\/\/akunq.net\/turkish\/2010\/07\/04\/ermeni-vatandaslar-eregliye-boyle-donduler\/"},"author":{"name":"kalem","@id":"https:\/\/akunq.net\/turkish\/#\/schema\/person\/135e7923d1aeb8887890799619969a6c"},"headline":"Ermeni vatanda\u015flar Ere\u011fli&#8217;ye b\u00f6yle d\u00f6nd\u00fcler","datePublished":"2010-07-04T09:53:10+00:00","mainEntityOfPage":{"@id":"https:\/\/akunq.net\/turkish\/2010\/07\/04\/ermeni-vatandaslar-eregliye-boyle-donduler\/"},"wordCount":333,"articleSection":["Haberler"],"inLanguage":"en-US"},{"@type":"WebPage","@id":"https:\/\/akunq.net\/turkish\/2010\/07\/04\/ermeni-vatandaslar-eregliye-boyle-donduler\/","url":"https:\/\/akunq.net\/turkish\/2010\/07\/04\/ermeni-vatandaslar-eregliye-boyle-donduler\/","name":"Ermeni vatanda\u015flar Ere\u011fli'ye b\u00f6yle d\u00f6nd\u00fcler - Bati Ermenistan Ve Bati Ermenileri Sorunlari Ara\u015ftirmalar Merkezi","isPartOf":{"@id":"https:\/\/akunq.net\/turkish\/#website"},"datePublished":"2010-07-04T09:53:10+00:00","author":{"@id":"https:\/\/akunq.net\/turkish\/#\/schema\/person\/135e7923d1aeb8887890799619969a6c"},"breadcrumb":{"@id":"https:\/\/akunq.net\/turkish\/2010\/07\/04\/ermeni-vatandaslar-eregliye-boyle-donduler\/#breadcrumb"},"inLanguage":"en-US","potentialAction":[{"@type":"ReadAction","target":["https:\/\/akunq.net\/turkish\/2010\/07\/04\/ermeni-vatandaslar-eregliye-boyle-donduler\/"]}]},{"@type":"BreadcrumbList","@id":"https:\/\/akunq.net\/turkish\/2010\/07\/04\/ermeni-vatandaslar-eregliye-boyle-donduler\/#breadcrumb","itemListElement":[{"@type":"ListItem","position":1,"name":"Home","item":"https:\/\/akunq.net\/turkish\/"},{"@type":"ListItem","position":2,"name":"Ermeni vatanda\u015flar Ere\u011fli&#8217;ye b\u00f6yle d\u00f6nd\u00fcler"}]},{"@type":"WebSite","@id":"https:\/\/akunq.net\/turkish\/#website","url":"https:\/\/akunq.net\/turkish\/","name":"Bati Ermenistan Ve Bati Ermenileri Sorunlari Ara\u015ftirmalar Merkezi","description":"","potentialAction":[{"@type":"SearchAction","target":{"@type":"EntryPoint","urlTemplate":"https:\/\/akunq.net\/turkish\/?s={search_term_string}"},"query-input":{"@type":"PropertyValueSpecification","valueRequired":true,"valueName":"search_term_string"}}],"inLanguage":"en-US"},{"@type":"Person","@id":"https:\/\/akunq.net\/turkish\/#\/schema\/person\/135e7923d1aeb8887890799619969a6c","name":"kalem","image":{"@type":"ImageObject","inLanguage":"en-US","@id":"https:\/\/secure.gravatar.com\/avatar\/a06875e4b25feb5674296adf8e8a7ae1e587cebce2493fe63c456109967e27d3?s=96&d=mm&r=g","url":"https:\/\/secure.gravatar.com\/avatar\/a06875e4b25feb5674296adf8e8a7ae1e587cebce2493fe63c456109967e27d3?s=96&d=mm&r=g","contentUrl":"https:\/\/secure.gravatar.com\/avatar\/a06875e4b25feb5674296adf8e8a7ae1e587cebce2493fe63c456109967e27d3?s=96&d=mm&r=g","caption":"kalem"},"url":"https:\/\/akunq.net\/turkish\/author\/kalem\/"}]}},"_links":{"self":[{"href":"https:\/\/akunq.net\/turkish\/wp-json\/wp\/v2\/posts\/1197","targetHints":{"allow":["GET"]}}],"collection":[{"href":"https:\/\/akunq.net\/turkish\/wp-json\/wp\/v2\/posts"}],"about":[{"href":"https:\/\/akunq.net\/turkish\/wp-json\/wp\/v2\/types\/post"}],"author":[{"embeddable":true,"href":"https:\/\/akunq.net\/turkish\/wp-json\/wp\/v2\/users\/3"}],"replies":[{"embeddable":true,"href":"https:\/\/akunq.net\/turkish\/wp-json\/wp\/v2\/comments?post=1197"}],"version-history":[{"count":0,"href":"https:\/\/akunq.net\/turkish\/wp-json\/wp\/v2\/posts\/1197\/revisions"}],"wp:attachment":[{"href":"https:\/\/akunq.net\/turkish\/wp-json\/wp\/v2\/media?parent=1197"}],"wp:term":[{"taxonomy":"category","embeddable":true,"href":"https:\/\/akunq.net\/turkish\/wp-json\/wp\/v2\/categories?post=1197"},{"taxonomy":"post_tag","embeddable":true,"href":"https:\/\/akunq.net\/turkish\/wp-json\/wp\/v2\/tags?post=1197"}],"curies":[{"name":"wp","href":"https:\/\/api.w.org\/{rel}","templated":true}]}}