{"id":1189,"date":"2010-07-02T04:56:59","date_gmt":"2010-07-02T09:56:59","guid":{"rendered":"http:\/\/akunq.net\/tr\/?p=1189"},"modified":"2010-07-02T04:56:59","modified_gmt":"2010-07-02T09:56:59","slug":"turkiye-ermenileri-patrik-vekili-secti","status":"publish","type":"post","link":"https:\/\/akunq.net\/turkish\/2010\/07\/02\/turkiye-ermenileri-patrik-vekili-secti\/","title":{"rendered":"T\u00fcrkiye Ermenileri Patrik Vekili se\u00e7ti"},"content":{"rendered":"<p style=\"text-align: justify\"><strong><a rel=\"attachment wp-att-1192\" href=\"http:\/\/akunq.net\/tr\/?attachment_id=1192\"><img loading=\"lazy\" decoding=\"async\" class=\"alignleft size-full wp-image-1192\" title=\"Ates\u0570yan-\" src=\"http:\/\/akunq.net\/tr\/wp-content\/uploads\/2010\/07\/Ates\u0570yan-.jpg\" alt=\"\" width=\"276\" height=\"398\" \/><\/a>T\u00fcrkiye Ermenileri Patrikhanesi Ruhaniler Genel Meclisi, d\u00fcn yapt\u0131\u011f\u0131 se\u00e7imde Ruhani Meclis Ba\u015fkan\u0131 Ba\u015fepiskopos Aram Ate\u015fyan\u2019\u0131 \u201cPatrik Genel Vekili\u201d se\u00e7ti.<\/strong><\/p>\n<p style=\"text-align: justify\">\u0130\u00e7i\u015fleri Bakanl\u0131\u011f\u0131\u2019n\u0131n sal\u0131 g\u00fcn\u00fc Ermeni Patrikhanesi\u2019ne ula\u015ft\u0131rd\u0131\u011f\u0131, \u201cMesrob II. ya\u015fad\u0131\u011f\u0131 s\u00fcrece \u2018e\u015f patrik\u2019 ya da \u2018Patrik\u2019 de\u011fil; sadece \u2018Patrik Genel Vekili\u2019 se\u00e7ilebilir\u201d uyar\u0131s\u0131 \u00fczerine \u00f6nceki g\u00fcn toplanan Ruhani Meclis, vekil se\u00e7imi i\u00e7in Ruhaniler Genel Meclisi\u2019ni toplant\u0131ya \u00e7a\u011f\u0131rd\u0131. 26 ki\u015fiden olu\u015fan Meclis de Ruhani Meclis Ba\u015fkan\u0131 s\u0131fat\u0131yla uzun s\u00fcredir cemaati y\u00f6neten Ate\u015fyan\u2019\u0131 \u201cPatrik Genel Vekili\u201d se\u00e7ti. \u201cGenel patrik vekili\u201d unvan\u0131 kazanan ve yemin ederek g\u00f6reve ba\u015flayan Ate\u015fyan, \u201c\u0130badethaneler d\u0131\u015f\u0131nda da dini elbise giyebilme\u201d hakk\u0131n\u0131 da kazand\u0131. Patriklik asas\u0131n\u0131 ta\u015f\u0131yabilecek olan Ate\u015fyan\u2019\u0131n se\u00e7imiyle ilgili olarak Ermenistan, Beyrut ve Kud\u00fcs patrikleri de bilgilendirildi. T\u00fcrkiye Ermenilerinin 84\u2019\u00fcnc\u00fc Patri\u011fi olan Mesrob Mutafyan (54), demans (bunama) hastal\u0131\u011f\u0131 nedeniyle g\u00f6revini yapamayacak hale gelmi\u015fti. Mutafyan, annesinin bak\u0131m\u0131 alt\u0131nda patrikhane binas\u0131nda \u00f6zel bir katta ya\u015f\u0131yor.<\/p>\n<p style=\"text-align: justify\"><strong>Okan KONURALP<\/strong><\/p>\n<p style=\"text-align: justify\"><strong>\u00a0<a href=\"http:\/\/www.hurriyet.com.tr\/\">www.hurriyet.com.tr<\/a><\/strong><strong>02.07.2010<\/strong><\/p>\n","protected":false},"excerpt":{"rendered":"<p>T\u00fcrkiye Ermenileri Patrikhanesi Ruhaniler Genel Meclisi, d\u00fcn yapt\u0131\u011f\u0131 se\u00e7imde Ruhani Meclis Ba\u015fkan\u0131 Ba\u015fepiskopos Aram Ate\u015fyan\u2019\u0131 \u201cPatrik Genel Vekili\u201d se\u00e7ti. \u0130\u00e7i\u015fleri Bakanl\u0131\u011f\u0131\u2019n\u0131n sal\u0131 g\u00fcn\u00fc Ermeni Patrikhanesi\u2019ne ula\u015ft\u0131rd\u0131\u011f\u0131, \u201cMesrob II. ya\u015fad\u0131\u011f\u0131 s\u00fcrece \u2018e\u015f patrik\u2019 ya da \u2018Patrik\u2019 de\u011fil; sadece \u2018Patrik Genel Vekili\u2019 se\u00e7ilebilir\u201d uyar\u0131s\u0131 \u00fczerine \u00f6nceki g\u00fcn toplanan Ruhani Meclis, vekil se\u00e7imi i\u00e7in Ruhaniler Genel Meclisi\u2019ni toplant\u0131ya [&hellip;]<\/p>\n","protected":false},"author":3,"featured_media":0,"comment_status":"closed","ping_status":"open","sticky":false,"template":"","format":"standard","meta":{"footnotes":""},"categories":[14],"tags":[],"class_list":["post-1189","post","type-post","status-publish","format-standard","hentry","category-haberler"],"yoast_head":"<!-- This site is optimized with the Yoast SEO plugin v27.4 - https:\/\/yoast.com\/product\/yoast-seo-wordpress\/ -->\n<title>T\u00fcrkiye Ermenileri Patrik Vekili se\u00e7ti - Bati Ermenistan Ve Bati Ermenileri Sorunlari Ara\u015ftirmalar Merkezi<\/title>\n<meta name=\"robots\" content=\"index, follow, max-snippet:-1, max-image-preview:large, max-video-preview:-1\" \/>\n<link rel=\"canonical\" href=\"https:\/\/akunq.net\/turkish\/2010\/07\/02\/turkiye-ermenileri-patrik-vekili-secti\/\" \/>\n<meta property=\"og:locale\" content=\"en_US\" \/>\n<meta property=\"og:type\" content=\"article\" \/>\n<meta property=\"og:title\" content=\"T\u00fcrkiye Ermenileri Patrik Vekili se\u00e7ti - Bati Ermenistan Ve Bati Ermenileri Sorunlari Ara\u015ftirmalar Merkezi\" \/>\n<meta property=\"og:description\" content=\"T\u00fcrkiye Ermenileri Patrikhanesi Ruhaniler Genel Meclisi, d\u00fcn yapt\u0131\u011f\u0131 se\u00e7imde Ruhani Meclis Ba\u015fkan\u0131 Ba\u015fepiskopos Aram Ate\u015fyan\u2019\u0131 \u201cPatrik Genel Vekili\u201d se\u00e7ti. \u0130\u00e7i\u015fleri Bakanl\u0131\u011f\u0131\u2019n\u0131n sal\u0131 g\u00fcn\u00fc Ermeni Patrikhanesi\u2019ne ula\u015ft\u0131rd\u0131\u011f\u0131, \u201cMesrob II. ya\u015fad\u0131\u011f\u0131 s\u00fcrece \u2018e\u015f patrik\u2019 ya da \u2018Patrik\u2019 de\u011fil; sadece \u2018Patrik Genel Vekili\u2019 se\u00e7ilebilir\u201d uyar\u0131s\u0131 \u00fczerine \u00f6nceki g\u00fcn toplanan Ruhani Meclis, vekil se\u00e7imi i\u00e7in Ruhaniler Genel Meclisi\u2019ni toplant\u0131ya [&hellip;]\" \/>\n<meta property=\"og:url\" content=\"https:\/\/akunq.net\/turkish\/2010\/07\/02\/turkiye-ermenileri-patrik-vekili-secti\/\" \/>\n<meta property=\"og:site_name\" content=\"Bati Ermenistan Ve Bati Ermenileri Sorunlari Ara\u015ftirmalar Merkezi\" \/>\n<meta property=\"article:published_time\" content=\"2010-07-02T09:56:59+00:00\" \/>\n<meta name=\"author\" content=\"kalem\" \/>\n<meta name=\"twitter:card\" content=\"summary_large_image\" \/>\n<meta name=\"twitter:label1\" content=\"Written by\" \/>\n\t<meta name=\"twitter:data1\" content=\"kalem\" \/>\n\t<meta name=\"twitter:label2\" content=\"Est. reading time\" \/>\n\t<meta name=\"twitter:data2\" content=\"1 minute\" \/>\n<script type=\"application\/ld+json\" class=\"yoast-schema-graph\">{\"@context\":\"https:\\\/\\\/schema.org\",\"@graph\":[{\"@type\":\"Article\",\"@id\":\"https:\\\/\\\/akunq.net\\\/turkish\\\/2010\\\/07\\\/02\\\/turkiye-ermenileri-patrik-vekili-secti\\\/#article\",\"isPartOf\":{\"@id\":\"https:\\\/\\\/akunq.net\\\/turkish\\\/2010\\\/07\\\/02\\\/turkiye-ermenileri-patrik-vekili-secti\\\/\"},\"author\":{\"name\":\"kalem\",\"@id\":\"https:\\\/\\\/akunq.net\\\/turkish\\\/#\\\/schema\\\/person\\\/135e7923d1aeb8887890799619969a6c\"},\"headline\":\"T\u00fcrkiye Ermenileri Patrik Vekili se\u00e7ti\",\"datePublished\":\"2010-07-02T09:56:59+00:00\",\"mainEntityOfPage\":{\"@id\":\"https:\\\/\\\/akunq.net\\\/turkish\\\/2010\\\/07\\\/02\\\/turkiye-ermenileri-patrik-vekili-secti\\\/\"},\"wordCount\":199,\"articleSection\":[\"Haberler\"],\"inLanguage\":\"en-US\"},{\"@type\":\"WebPage\",\"@id\":\"https:\\\/\\\/akunq.net\\\/turkish\\\/2010\\\/07\\\/02\\\/turkiye-ermenileri-patrik-vekili-secti\\\/\",\"url\":\"https:\\\/\\\/akunq.net\\\/turkish\\\/2010\\\/07\\\/02\\\/turkiye-ermenileri-patrik-vekili-secti\\\/\",\"name\":\"T\u00fcrkiye Ermenileri Patrik Vekili se\u00e7ti - Bati Ermenistan Ve Bati Ermenileri Sorunlari Ara\u015ftirmalar Merkezi\",\"isPartOf\":{\"@id\":\"https:\\\/\\\/akunq.net\\\/turkish\\\/#website\"},\"datePublished\":\"2010-07-02T09:56:59+00:00\",\"author\":{\"@id\":\"https:\\\/\\\/akunq.net\\\/turkish\\\/#\\\/schema\\\/person\\\/135e7923d1aeb8887890799619969a6c\"},\"breadcrumb\":{\"@id\":\"https:\\\/\\\/akunq.net\\\/turkish\\\/2010\\\/07\\\/02\\\/turkiye-ermenileri-patrik-vekili-secti\\\/#breadcrumb\"},\"inLanguage\":\"en-US\",\"potentialAction\":[{\"@type\":\"ReadAction\",\"target\":[\"https:\\\/\\\/akunq.net\\\/turkish\\\/2010\\\/07\\\/02\\\/turkiye-ermenileri-patrik-vekili-secti\\\/\"]}]},{\"@type\":\"BreadcrumbList\",\"@id\":\"https:\\\/\\\/akunq.net\\\/turkish\\\/2010\\\/07\\\/02\\\/turkiye-ermenileri-patrik-vekili-secti\\\/#breadcrumb\",\"itemListElement\":[{\"@type\":\"ListItem\",\"position\":1,\"name\":\"Home\",\"item\":\"https:\\\/\\\/akunq.net\\\/turkish\\\/\"},{\"@type\":\"ListItem\",\"position\":2,\"name\":\"T\u00fcrkiye Ermenileri Patrik Vekili se\u00e7ti\"}]},{\"@type\":\"WebSite\",\"@id\":\"https:\\\/\\\/akunq.net\\\/turkish\\\/#website\",\"url\":\"https:\\\/\\\/akunq.net\\\/turkish\\\/\",\"name\":\"Bati Ermenistan Ve Bati Ermenileri Sorunlari Ara\u015ftirmalar Merkezi\",\"description\":\"\",\"potentialAction\":[{\"@type\":\"SearchAction\",\"target\":{\"@type\":\"EntryPoint\",\"urlTemplate\":\"https:\\\/\\\/akunq.net\\\/turkish\\\/?s={search_term_string}\"},\"query-input\":{\"@type\":\"PropertyValueSpecification\",\"valueRequired\":true,\"valueName\":\"search_term_string\"}}],\"inLanguage\":\"en-US\"},{\"@type\":\"Person\",\"@id\":\"https:\\\/\\\/akunq.net\\\/turkish\\\/#\\\/schema\\\/person\\\/135e7923d1aeb8887890799619969a6c\",\"name\":\"kalem\",\"image\":{\"@type\":\"ImageObject\",\"inLanguage\":\"en-US\",\"@id\":\"https:\\\/\\\/secure.gravatar.com\\\/avatar\\\/a06875e4b25feb5674296adf8e8a7ae1e587cebce2493fe63c456109967e27d3?s=96&d=mm&r=g\",\"url\":\"https:\\\/\\\/secure.gravatar.com\\\/avatar\\\/a06875e4b25feb5674296adf8e8a7ae1e587cebce2493fe63c456109967e27d3?s=96&d=mm&r=g\",\"contentUrl\":\"https:\\\/\\\/secure.gravatar.com\\\/avatar\\\/a06875e4b25feb5674296adf8e8a7ae1e587cebce2493fe63c456109967e27d3?s=96&d=mm&r=g\",\"caption\":\"kalem\"},\"url\":\"https:\\\/\\\/akunq.net\\\/turkish\\\/author\\\/kalem\\\/\"}]}<\/script>\n<!-- \/ Yoast SEO plugin. -->","yoast_head_json":{"title":"T\u00fcrkiye Ermenileri Patrik Vekili se\u00e7ti - Bati Ermenistan Ve Bati Ermenileri Sorunlari Ara\u015ftirmalar Merkezi","robots":{"index":"index","follow":"follow","max-snippet":"max-snippet:-1","max-image-preview":"max-image-preview:large","max-video-preview":"max-video-preview:-1"},"canonical":"https:\/\/akunq.net\/turkish\/2010\/07\/02\/turkiye-ermenileri-patrik-vekili-secti\/","og_locale":"en_US","og_type":"article","og_title":"T\u00fcrkiye Ermenileri Patrik Vekili se\u00e7ti - Bati Ermenistan Ve Bati Ermenileri Sorunlari Ara\u015ftirmalar Merkezi","og_description":"T\u00fcrkiye Ermenileri Patrikhanesi Ruhaniler Genel Meclisi, d\u00fcn yapt\u0131\u011f\u0131 se\u00e7imde Ruhani Meclis Ba\u015fkan\u0131 Ba\u015fepiskopos Aram Ate\u015fyan\u2019\u0131 \u201cPatrik Genel Vekili\u201d se\u00e7ti. \u0130\u00e7i\u015fleri Bakanl\u0131\u011f\u0131\u2019n\u0131n sal\u0131 g\u00fcn\u00fc Ermeni Patrikhanesi\u2019ne ula\u015ft\u0131rd\u0131\u011f\u0131, \u201cMesrob II. ya\u015fad\u0131\u011f\u0131 s\u00fcrece \u2018e\u015f patrik\u2019 ya da \u2018Patrik\u2019 de\u011fil; sadece \u2018Patrik Genel Vekili\u2019 se\u00e7ilebilir\u201d uyar\u0131s\u0131 \u00fczerine \u00f6nceki g\u00fcn toplanan Ruhani Meclis, vekil se\u00e7imi i\u00e7in Ruhaniler Genel Meclisi\u2019ni toplant\u0131ya [&hellip;]","og_url":"https:\/\/akunq.net\/turkish\/2010\/07\/02\/turkiye-ermenileri-patrik-vekili-secti\/","og_site_name":"Bati Ermenistan Ve Bati Ermenileri Sorunlari Ara\u015ftirmalar Merkezi","article_published_time":"2010-07-02T09:56:59+00:00","author":"kalem","twitter_card":"summary_large_image","twitter_misc":{"Written by":"kalem","Est. reading time":"1 minute"},"schema":{"@context":"https:\/\/schema.org","@graph":[{"@type":"Article","@id":"https:\/\/akunq.net\/turkish\/2010\/07\/02\/turkiye-ermenileri-patrik-vekili-secti\/#article","isPartOf":{"@id":"https:\/\/akunq.net\/turkish\/2010\/07\/02\/turkiye-ermenileri-patrik-vekili-secti\/"},"author":{"name":"kalem","@id":"https:\/\/akunq.net\/turkish\/#\/schema\/person\/135e7923d1aeb8887890799619969a6c"},"headline":"T\u00fcrkiye Ermenileri Patrik Vekili se\u00e7ti","datePublished":"2010-07-02T09:56:59+00:00","mainEntityOfPage":{"@id":"https:\/\/akunq.net\/turkish\/2010\/07\/02\/turkiye-ermenileri-patrik-vekili-secti\/"},"wordCount":199,"articleSection":["Haberler"],"inLanguage":"en-US"},{"@type":"WebPage","@id":"https:\/\/akunq.net\/turkish\/2010\/07\/02\/turkiye-ermenileri-patrik-vekili-secti\/","url":"https:\/\/akunq.net\/turkish\/2010\/07\/02\/turkiye-ermenileri-patrik-vekili-secti\/","name":"T\u00fcrkiye Ermenileri Patrik Vekili se\u00e7ti - Bati Ermenistan Ve Bati Ermenileri Sorunlari Ara\u015ftirmalar Merkezi","isPartOf":{"@id":"https:\/\/akunq.net\/turkish\/#website"},"datePublished":"2010-07-02T09:56:59+00:00","author":{"@id":"https:\/\/akunq.net\/turkish\/#\/schema\/person\/135e7923d1aeb8887890799619969a6c"},"breadcrumb":{"@id":"https:\/\/akunq.net\/turkish\/2010\/07\/02\/turkiye-ermenileri-patrik-vekili-secti\/#breadcrumb"},"inLanguage":"en-US","potentialAction":[{"@type":"ReadAction","target":["https:\/\/akunq.net\/turkish\/2010\/07\/02\/turkiye-ermenileri-patrik-vekili-secti\/"]}]},{"@type":"BreadcrumbList","@id":"https:\/\/akunq.net\/turkish\/2010\/07\/02\/turkiye-ermenileri-patrik-vekili-secti\/#breadcrumb","itemListElement":[{"@type":"ListItem","position":1,"name":"Home","item":"https:\/\/akunq.net\/turkish\/"},{"@type":"ListItem","position":2,"name":"T\u00fcrkiye Ermenileri Patrik Vekili se\u00e7ti"}]},{"@type":"WebSite","@id":"https:\/\/akunq.net\/turkish\/#website","url":"https:\/\/akunq.net\/turkish\/","name":"Bati Ermenistan Ve Bati Ermenileri Sorunlari Ara\u015ftirmalar Merkezi","description":"","potentialAction":[{"@type":"SearchAction","target":{"@type":"EntryPoint","urlTemplate":"https:\/\/akunq.net\/turkish\/?s={search_term_string}"},"query-input":{"@type":"PropertyValueSpecification","valueRequired":true,"valueName":"search_term_string"}}],"inLanguage":"en-US"},{"@type":"Person","@id":"https:\/\/akunq.net\/turkish\/#\/schema\/person\/135e7923d1aeb8887890799619969a6c","name":"kalem","image":{"@type":"ImageObject","inLanguage":"en-US","@id":"https:\/\/secure.gravatar.com\/avatar\/a06875e4b25feb5674296adf8e8a7ae1e587cebce2493fe63c456109967e27d3?s=96&d=mm&r=g","url":"https:\/\/secure.gravatar.com\/avatar\/a06875e4b25feb5674296adf8e8a7ae1e587cebce2493fe63c456109967e27d3?s=96&d=mm&r=g","contentUrl":"https:\/\/secure.gravatar.com\/avatar\/a06875e4b25feb5674296adf8e8a7ae1e587cebce2493fe63c456109967e27d3?s=96&d=mm&r=g","caption":"kalem"},"url":"https:\/\/akunq.net\/turkish\/author\/kalem\/"}]}},"_links":{"self":[{"href":"https:\/\/akunq.net\/turkish\/wp-json\/wp\/v2\/posts\/1189","targetHints":{"allow":["GET"]}}],"collection":[{"href":"https:\/\/akunq.net\/turkish\/wp-json\/wp\/v2\/posts"}],"about":[{"href":"https:\/\/akunq.net\/turkish\/wp-json\/wp\/v2\/types\/post"}],"author":[{"embeddable":true,"href":"https:\/\/akunq.net\/turkish\/wp-json\/wp\/v2\/users\/3"}],"replies":[{"embeddable":true,"href":"https:\/\/akunq.net\/turkish\/wp-json\/wp\/v2\/comments?post=1189"}],"version-history":[{"count":0,"href":"https:\/\/akunq.net\/turkish\/wp-json\/wp\/v2\/posts\/1189\/revisions"}],"wp:attachment":[{"href":"https:\/\/akunq.net\/turkish\/wp-json\/wp\/v2\/media?parent=1189"}],"wp:term":[{"taxonomy":"category","embeddable":true,"href":"https:\/\/akunq.net\/turkish\/wp-json\/wp\/v2\/categories?post=1189"},{"taxonomy":"post_tag","embeddable":true,"href":"https:\/\/akunq.net\/turkish\/wp-json\/wp\/v2\/tags?post=1189"}],"curies":[{"name":"wp","href":"https:\/\/api.w.org\/{rel}","templated":true}]}}