{"id":1180,"date":"2010-07-01T06:09:43","date_gmt":"2010-07-01T11:09:43","guid":{"rendered":"http:\/\/akunq.net\/tr\/?p=1180"},"modified":"2010-07-01T06:09:43","modified_gmt":"2010-07-01T11:09:43","slug":"seni-gidi","status":"publish","type":"post","link":"https:\/\/akunq.net\/turkish\/2010\/07\/01\/seni-gidi\/","title":{"rendered":"Seni gidi&#8230;"},"content":{"rendered":"<p style=\"text-align: justify\">D\u00fcnk\u00fc Vakit gazetesinin man\u015fet haberi: \u201cVakit\u2019in ula\u015ft\u0131\u011f\u0131 bilgilere g\u00f6re, Birinci Ordu Komutan\u0131 Org. Hasan I\u011fs\u0131z ba\u015fta olmak \u00fczere, emekli Org. \u00c7etin Do\u011fan ile Deniz Kuvvetleri Plan Prensipler Ba\u015fkan\u0131 T\u00fcmamiral Ramazan Cem G\u00fcrdeniz\u2019in damatlar\u0131n\u0131n Yahudi olduklar\u0131 tespit edildi. Eski Genelkurmay Ba\u015fkan\u0131 Ya\u015far B\u00fcy\u00fckan\u0131t\u2019\u0131n k\u0131z\u0131 Beng\u00fc\u2019y\u00fc evlendirdi\u011fi Ercan Caymaz\u2019\u0131n ailesinin k\u00f6keninde de Musevilik bulundu\u011fu iddia ediliyor.\u201d<\/p>\n<p style=\"text-align: justify\">\u201cDeniz Kuvvetleri Plan Prensipler Ba\u015fkan\u0131 Ramazan Cem G\u00fcrdeniz\u2019in k\u0131z\u0131 \u00dclkem G\u00fcrdeniz Suntay, Mesut Can Suntay ile evli&#8230; Mesut Can Suntay\u2019\u0131n annesi \u0130vna Suntay ise H\u0131ristiyan Ermeni k\u00f6kenli.\u201d<\/p>\n<p style=\"text-align: justify\">Ad\u0131 ge\u00e7en ki\u015filer ger\u00e7ekten Yahudi ve H\u0131ristiyan k\u00f6kenli midir, bilmiyorum. Asl\u0131nda haberi verenler de bilmiyor. \u2018Aile k\u00f6keninde Musevilik oldu\u011fu iddia ediliyor\u2019 diye bir gazeteye yak\u0131\u015fmayacak dedikodu d\u00fczeyinde b\u0131rakm\u0131\u015flar haberi.<\/p>\n<p style=\"text-align: justify\">Onu b\u0131rakal\u0131m, haber do\u011fru olsa bile, bunun utanc\u0131 Musevi ve H\u0131ristiyan k\u00f6kenli damatlara m\u0131 d\u00fc\u015fer, yoksa Musevili\u011fi ve H\u0131ristiyanl\u0131\u011f\u0131 bir su\u00e7luluk karinesi sayan zihniyete mi?<\/p>\n<p style=\"text-align: justify\">Bu, \u0131rk\u00e7\u0131l\u0131k de\u011fil de nedir?<\/p>\n<p style=\"text-align: justify\">Cad\u0131 av\u0131 de\u011fil de nedir?<\/p>\n<p style=\"text-align: justify\">Almanlar\u0131n 1930\u2019larda, 1940\u2019larda, ABD\u2019nin 1950\u2019lerde ya\u015fad\u0131\u011f\u0131&#8230;<\/p>\n<p style=\"text-align: justify\">Anlad\u0131k, AKP\u2019nin orduyu y\u0131pratma siyaseti var.<\/p>\n<p style=\"text-align: justify\">Ama bu kadar da belden a\u015fa\u011f\u0131 vurulmaz ki!<\/p>\n<p style=\"text-align: justify\">Bilmem kimin dedesinin dedesi Musevi veya H\u0131ristiyanm\u0131\u015f. \u0130yi de sana ne? O haberi yazan ve basanlar\u0131n aile k\u00f6kenlerini yeteri kadar ara\u015ft\u0131rsak T\u00fcrk ve M\u00fcsl\u00fcman d\u0131\u015f\u0131nda atalar\u0131 \u00e7\u0131kmayaca\u011f\u0131ndan emin olabilirler mi?<\/p>\n<p style=\"text-align: justify\">Hele de Anadolu gibi bin bir dilin, dinin, milliyetin harman oldu\u011fu bir diyarda&#8230;<\/p>\n<p style=\"text-align: justify\">Tevrat, Yahudilerle Filistinlilerin bitip t\u00fckenmeyen sava\u015f\u0131n\u0131n \u00f6yk\u00fcleriyle doludur. Binlerce y\u0131ll\u0131k bir sava\u015f. Ama tarih\u00e7ilere g\u00f6re Yahudiler Arap k\u00f6kenlidir, Filistinliler de Giritlidir.<\/p>\n<p style=\"text-align: justify\">Ve Anadolu\u2019da yap\u0131lan genetik ara\u015ft\u0131rmalarda T\u00fcrklerin, Ermenilerin, Araplar\u0131n, Yahudilerin akraba olduklar\u0131 g\u00f6r\u00fcl\u00fcyor.<\/p>\n<p style=\"text-align: justify\">Her \u015fey ne kadar geriye gitti\u011finize ba\u011fl\u0131.<\/p>\n<p style=\"text-align: justify\">\u0130sterseniz \u00c2dem\u2019le Havva\u2019da da bulu\u015fabiliriz!<\/p>\n<p style=\"text-align: justify\"><strong>T\u00fcrker Alkan<\/strong><\/p>\n<p style=\"text-align: justify\">radikal.com.tr<br \/>\nt.alkan@yahoo.com.tr<br \/>\n30.6.2010<\/p>\n","protected":false},"excerpt":{"rendered":"<p>D\u00fcnk\u00fc Vakit gazetesinin man\u015fet haberi: \u201cVakit\u2019in ula\u015ft\u0131\u011f\u0131 bilgilere g\u00f6re, Birinci Ordu Komutan\u0131 Org. Hasan I\u011fs\u0131z ba\u015fta olmak \u00fczere, emekli Org. \u00c7etin Do\u011fan ile Deniz Kuvvetleri Plan Prensipler Ba\u015fkan\u0131 T\u00fcmamiral Ramazan Cem G\u00fcrdeniz\u2019in damatlar\u0131n\u0131n Yahudi olduklar\u0131 tespit edildi. Eski Genelkurmay Ba\u015fkan\u0131 Ya\u015far B\u00fcy\u00fckan\u0131t\u2019\u0131n k\u0131z\u0131 Beng\u00fc\u2019y\u00fc evlendirdi\u011fi Ercan Caymaz\u2019\u0131n ailesinin k\u00f6keninde de Musevilik bulundu\u011fu iddia ediliyor.\u201d \u201cDeniz [&hellip;]<\/p>\n","protected":false},"author":3,"featured_media":0,"comment_status":"closed","ping_status":"open","sticky":false,"template":"","format":"standard","meta":{"footnotes":""},"categories":[14],"tags":[],"class_list":["post-1180","post","type-post","status-publish","format-standard","hentry","category-haberler"],"yoast_head":"<!-- This site is optimized with the Yoast SEO plugin v27.4 - https:\/\/yoast.com\/product\/yoast-seo-wordpress\/ -->\n<title>Seni gidi... - Bati Ermenistan Ve Bati Ermenileri Sorunlari Ara\u015ftirmalar Merkezi<\/title>\n<meta name=\"robots\" content=\"index, follow, max-snippet:-1, max-image-preview:large, max-video-preview:-1\" \/>\n<link rel=\"canonical\" href=\"https:\/\/akunq.net\/turkish\/2010\/07\/01\/seni-gidi\/\" \/>\n<meta property=\"og:locale\" content=\"en_US\" \/>\n<meta property=\"og:type\" content=\"article\" \/>\n<meta property=\"og:title\" content=\"Seni gidi... - Bati Ermenistan Ve Bati Ermenileri Sorunlari Ara\u015ftirmalar Merkezi\" \/>\n<meta property=\"og:description\" content=\"D\u00fcnk\u00fc Vakit gazetesinin man\u015fet haberi: \u201cVakit\u2019in ula\u015ft\u0131\u011f\u0131 bilgilere g\u00f6re, Birinci Ordu Komutan\u0131 Org. Hasan I\u011fs\u0131z ba\u015fta olmak \u00fczere, emekli Org. \u00c7etin Do\u011fan ile Deniz Kuvvetleri Plan Prensipler Ba\u015fkan\u0131 T\u00fcmamiral Ramazan Cem G\u00fcrdeniz\u2019in damatlar\u0131n\u0131n Yahudi olduklar\u0131 tespit edildi. Eski Genelkurmay Ba\u015fkan\u0131 Ya\u015far B\u00fcy\u00fckan\u0131t\u2019\u0131n k\u0131z\u0131 Beng\u00fc\u2019y\u00fc evlendirdi\u011fi Ercan Caymaz\u2019\u0131n ailesinin k\u00f6keninde de Musevilik bulundu\u011fu iddia ediliyor.\u201d \u201cDeniz [&hellip;]\" \/>\n<meta property=\"og:url\" content=\"https:\/\/akunq.net\/turkish\/2010\/07\/01\/seni-gidi\/\" \/>\n<meta property=\"og:site_name\" content=\"Bati Ermenistan Ve Bati Ermenileri Sorunlari Ara\u015ftirmalar Merkezi\" \/>\n<meta property=\"article:published_time\" content=\"2010-07-01T11:09:43+00:00\" \/>\n<meta name=\"author\" content=\"kalem\" \/>\n<meta name=\"twitter:card\" content=\"summary_large_image\" \/>\n<meta name=\"twitter:label1\" content=\"Written by\" \/>\n\t<meta name=\"twitter:data1\" content=\"kalem\" \/>\n\t<meta name=\"twitter:label2\" content=\"Est. reading time\" \/>\n\t<meta name=\"twitter:data2\" content=\"2 minutes\" \/>\n<script type=\"application\/ld+json\" class=\"yoast-schema-graph\">{\"@context\":\"https:\\\/\\\/schema.org\",\"@graph\":[{\"@type\":\"Article\",\"@id\":\"https:\\\/\\\/akunq.net\\\/turkish\\\/2010\\\/07\\\/01\\\/seni-gidi\\\/#article\",\"isPartOf\":{\"@id\":\"https:\\\/\\\/akunq.net\\\/turkish\\\/2010\\\/07\\\/01\\\/seni-gidi\\\/\"},\"author\":{\"name\":\"kalem\",\"@id\":\"https:\\\/\\\/akunq.net\\\/turkish\\\/#\\\/schema\\\/person\\\/135e7923d1aeb8887890799619969a6c\"},\"headline\":\"Seni gidi&#8230;\",\"datePublished\":\"2010-07-01T11:09:43+00:00\",\"mainEntityOfPage\":{\"@id\":\"https:\\\/\\\/akunq.net\\\/turkish\\\/2010\\\/07\\\/01\\\/seni-gidi\\\/\"},\"wordCount\":367,\"articleSection\":[\"Haberler\"],\"inLanguage\":\"en-US\"},{\"@type\":\"WebPage\",\"@id\":\"https:\\\/\\\/akunq.net\\\/turkish\\\/2010\\\/07\\\/01\\\/seni-gidi\\\/\",\"url\":\"https:\\\/\\\/akunq.net\\\/turkish\\\/2010\\\/07\\\/01\\\/seni-gidi\\\/\",\"name\":\"Seni gidi... - Bati Ermenistan Ve Bati Ermenileri Sorunlari Ara\u015ftirmalar Merkezi\",\"isPartOf\":{\"@id\":\"https:\\\/\\\/akunq.net\\\/turkish\\\/#website\"},\"datePublished\":\"2010-07-01T11:09:43+00:00\",\"author\":{\"@id\":\"https:\\\/\\\/akunq.net\\\/turkish\\\/#\\\/schema\\\/person\\\/135e7923d1aeb8887890799619969a6c\"},\"breadcrumb\":{\"@id\":\"https:\\\/\\\/akunq.net\\\/turkish\\\/2010\\\/07\\\/01\\\/seni-gidi\\\/#breadcrumb\"},\"inLanguage\":\"en-US\",\"potentialAction\":[{\"@type\":\"ReadAction\",\"target\":[\"https:\\\/\\\/akunq.net\\\/turkish\\\/2010\\\/07\\\/01\\\/seni-gidi\\\/\"]}]},{\"@type\":\"BreadcrumbList\",\"@id\":\"https:\\\/\\\/akunq.net\\\/turkish\\\/2010\\\/07\\\/01\\\/seni-gidi\\\/#breadcrumb\",\"itemListElement\":[{\"@type\":\"ListItem\",\"position\":1,\"name\":\"Home\",\"item\":\"https:\\\/\\\/akunq.net\\\/turkish\\\/\"},{\"@type\":\"ListItem\",\"position\":2,\"name\":\"Seni gidi&#8230;\"}]},{\"@type\":\"WebSite\",\"@id\":\"https:\\\/\\\/akunq.net\\\/turkish\\\/#website\",\"url\":\"https:\\\/\\\/akunq.net\\\/turkish\\\/\",\"name\":\"Bati Ermenistan Ve Bati Ermenileri Sorunlari Ara\u015ftirmalar Merkezi\",\"description\":\"\",\"potentialAction\":[{\"@type\":\"SearchAction\",\"target\":{\"@type\":\"EntryPoint\",\"urlTemplate\":\"https:\\\/\\\/akunq.net\\\/turkish\\\/?s={search_term_string}\"},\"query-input\":{\"@type\":\"PropertyValueSpecification\",\"valueRequired\":true,\"valueName\":\"search_term_string\"}}],\"inLanguage\":\"en-US\"},{\"@type\":\"Person\",\"@id\":\"https:\\\/\\\/akunq.net\\\/turkish\\\/#\\\/schema\\\/person\\\/135e7923d1aeb8887890799619969a6c\",\"name\":\"kalem\",\"image\":{\"@type\":\"ImageObject\",\"inLanguage\":\"en-US\",\"@id\":\"https:\\\/\\\/secure.gravatar.com\\\/avatar\\\/a06875e4b25feb5674296adf8e8a7ae1e587cebce2493fe63c456109967e27d3?s=96&d=mm&r=g\",\"url\":\"https:\\\/\\\/secure.gravatar.com\\\/avatar\\\/a06875e4b25feb5674296adf8e8a7ae1e587cebce2493fe63c456109967e27d3?s=96&d=mm&r=g\",\"contentUrl\":\"https:\\\/\\\/secure.gravatar.com\\\/avatar\\\/a06875e4b25feb5674296adf8e8a7ae1e587cebce2493fe63c456109967e27d3?s=96&d=mm&r=g\",\"caption\":\"kalem\"},\"url\":\"https:\\\/\\\/akunq.net\\\/turkish\\\/author\\\/kalem\\\/\"}]}<\/script>\n<!-- \/ Yoast SEO plugin. -->","yoast_head_json":{"title":"Seni gidi... - Bati Ermenistan Ve Bati Ermenileri Sorunlari Ara\u015ftirmalar Merkezi","robots":{"index":"index","follow":"follow","max-snippet":"max-snippet:-1","max-image-preview":"max-image-preview:large","max-video-preview":"max-video-preview:-1"},"canonical":"https:\/\/akunq.net\/turkish\/2010\/07\/01\/seni-gidi\/","og_locale":"en_US","og_type":"article","og_title":"Seni gidi... - Bati Ermenistan Ve Bati Ermenileri Sorunlari Ara\u015ftirmalar Merkezi","og_description":"D\u00fcnk\u00fc Vakit gazetesinin man\u015fet haberi: \u201cVakit\u2019in ula\u015ft\u0131\u011f\u0131 bilgilere g\u00f6re, Birinci Ordu Komutan\u0131 Org. Hasan I\u011fs\u0131z ba\u015fta olmak \u00fczere, emekli Org. \u00c7etin Do\u011fan ile Deniz Kuvvetleri Plan Prensipler Ba\u015fkan\u0131 T\u00fcmamiral Ramazan Cem G\u00fcrdeniz\u2019in damatlar\u0131n\u0131n Yahudi olduklar\u0131 tespit edildi. Eski Genelkurmay Ba\u015fkan\u0131 Ya\u015far B\u00fcy\u00fckan\u0131t\u2019\u0131n k\u0131z\u0131 Beng\u00fc\u2019y\u00fc evlendirdi\u011fi Ercan Caymaz\u2019\u0131n ailesinin k\u00f6keninde de Musevilik bulundu\u011fu iddia ediliyor.\u201d \u201cDeniz [&hellip;]","og_url":"https:\/\/akunq.net\/turkish\/2010\/07\/01\/seni-gidi\/","og_site_name":"Bati Ermenistan Ve Bati Ermenileri Sorunlari Ara\u015ftirmalar Merkezi","article_published_time":"2010-07-01T11:09:43+00:00","author":"kalem","twitter_card":"summary_large_image","twitter_misc":{"Written by":"kalem","Est. reading time":"2 minutes"},"schema":{"@context":"https:\/\/schema.org","@graph":[{"@type":"Article","@id":"https:\/\/akunq.net\/turkish\/2010\/07\/01\/seni-gidi\/#article","isPartOf":{"@id":"https:\/\/akunq.net\/turkish\/2010\/07\/01\/seni-gidi\/"},"author":{"name":"kalem","@id":"https:\/\/akunq.net\/turkish\/#\/schema\/person\/135e7923d1aeb8887890799619969a6c"},"headline":"Seni gidi&#8230;","datePublished":"2010-07-01T11:09:43+00:00","mainEntityOfPage":{"@id":"https:\/\/akunq.net\/turkish\/2010\/07\/01\/seni-gidi\/"},"wordCount":367,"articleSection":["Haberler"],"inLanguage":"en-US"},{"@type":"WebPage","@id":"https:\/\/akunq.net\/turkish\/2010\/07\/01\/seni-gidi\/","url":"https:\/\/akunq.net\/turkish\/2010\/07\/01\/seni-gidi\/","name":"Seni gidi... - Bati Ermenistan Ve Bati Ermenileri Sorunlari Ara\u015ftirmalar Merkezi","isPartOf":{"@id":"https:\/\/akunq.net\/turkish\/#website"},"datePublished":"2010-07-01T11:09:43+00:00","author":{"@id":"https:\/\/akunq.net\/turkish\/#\/schema\/person\/135e7923d1aeb8887890799619969a6c"},"breadcrumb":{"@id":"https:\/\/akunq.net\/turkish\/2010\/07\/01\/seni-gidi\/#breadcrumb"},"inLanguage":"en-US","potentialAction":[{"@type":"ReadAction","target":["https:\/\/akunq.net\/turkish\/2010\/07\/01\/seni-gidi\/"]}]},{"@type":"BreadcrumbList","@id":"https:\/\/akunq.net\/turkish\/2010\/07\/01\/seni-gidi\/#breadcrumb","itemListElement":[{"@type":"ListItem","position":1,"name":"Home","item":"https:\/\/akunq.net\/turkish\/"},{"@type":"ListItem","position":2,"name":"Seni gidi&#8230;"}]},{"@type":"WebSite","@id":"https:\/\/akunq.net\/turkish\/#website","url":"https:\/\/akunq.net\/turkish\/","name":"Bati Ermenistan Ve Bati Ermenileri Sorunlari Ara\u015ftirmalar Merkezi","description":"","potentialAction":[{"@type":"SearchAction","target":{"@type":"EntryPoint","urlTemplate":"https:\/\/akunq.net\/turkish\/?s={search_term_string}"},"query-input":{"@type":"PropertyValueSpecification","valueRequired":true,"valueName":"search_term_string"}}],"inLanguage":"en-US"},{"@type":"Person","@id":"https:\/\/akunq.net\/turkish\/#\/schema\/person\/135e7923d1aeb8887890799619969a6c","name":"kalem","image":{"@type":"ImageObject","inLanguage":"en-US","@id":"https:\/\/secure.gravatar.com\/avatar\/a06875e4b25feb5674296adf8e8a7ae1e587cebce2493fe63c456109967e27d3?s=96&d=mm&r=g","url":"https:\/\/secure.gravatar.com\/avatar\/a06875e4b25feb5674296adf8e8a7ae1e587cebce2493fe63c456109967e27d3?s=96&d=mm&r=g","contentUrl":"https:\/\/secure.gravatar.com\/avatar\/a06875e4b25feb5674296adf8e8a7ae1e587cebce2493fe63c456109967e27d3?s=96&d=mm&r=g","caption":"kalem"},"url":"https:\/\/akunq.net\/turkish\/author\/kalem\/"}]}},"_links":{"self":[{"href":"https:\/\/akunq.net\/turkish\/wp-json\/wp\/v2\/posts\/1180","targetHints":{"allow":["GET"]}}],"collection":[{"href":"https:\/\/akunq.net\/turkish\/wp-json\/wp\/v2\/posts"}],"about":[{"href":"https:\/\/akunq.net\/turkish\/wp-json\/wp\/v2\/types\/post"}],"author":[{"embeddable":true,"href":"https:\/\/akunq.net\/turkish\/wp-json\/wp\/v2\/users\/3"}],"replies":[{"embeddable":true,"href":"https:\/\/akunq.net\/turkish\/wp-json\/wp\/v2\/comments?post=1180"}],"version-history":[{"count":0,"href":"https:\/\/akunq.net\/turkish\/wp-json\/wp\/v2\/posts\/1180\/revisions"}],"wp:attachment":[{"href":"https:\/\/akunq.net\/turkish\/wp-json\/wp\/v2\/media?parent=1180"}],"wp:term":[{"taxonomy":"category","embeddable":true,"href":"https:\/\/akunq.net\/turkish\/wp-json\/wp\/v2\/categories?post=1180"},{"taxonomy":"post_tag","embeddable":true,"href":"https:\/\/akunq.net\/turkish\/wp-json\/wp\/v2\/tags?post=1180"}],"curies":[{"name":"wp","href":"https:\/\/api.w.org\/{rel}","templated":true}]}}