{"id":1142,"date":"2010-06-30T08:46:48","date_gmt":"2010-06-30T13:46:48","guid":{"rendered":"http:\/\/akunq.net\/tr\/?p=1142"},"modified":"2010-06-30T08:46:48","modified_gmt":"2010-06-30T13:46:48","slug":"ab-genel-sekreterligi-lozandan-vaz-mi-gecti","status":"publish","type":"post","link":"https:\/\/akunq.net\/turkish\/2010\/06\/30\/ab-genel-sekreterligi-lozandan-vaz-mi-gecti\/","title":{"rendered":"AB Genel Sekreterli\u011fi Lozan`dan vaz m\u0131 ge\u00e7ti?"},"content":{"rendered":"<p style=\"text-align: justify\"><strong><em>GAYR\u0130M\u00dcSL\u0130M \u0130FADES\u0130 KULLANILMAYACAK<\/em><\/strong><\/p>\n<p style=\"text-align: justify\">Avrupa Birli\u011fi Genel Sekreterli\u011fi`nin (ABGS) yaz\u0131\u015fmalar\u0131nda &#8220;gayrim\u00fcslim&#8221;\u009d yerine &#8220;farkl\u0131 inan\u00e7 gruplar\u0131&#8221;\u009d ifadesinin kullan\u0131laca\u011f\u0131n\u0131 a\u00e7\u0131klamas\u0131 Lozan`daki az\u0131nl\u0131k tan\u0131m\u0131n\u0131 ak\u0131llara getirdi.<\/p>\n<p style=\"text-align: justify\"><strong><em>YEN\u0130 AZINLIK TANIMINA KAPI ARALANACAK<\/em><\/strong><\/p>\n<p style=\"text-align: justify\">ABGS`nin gayrim\u00fcslim tabirinden vazge\u00e7mesi, AB taraf\u0131ndan dayat\u0131lmaya \u00e7al\u0131\u015f\u0131lan yeni az\u0131nl\u0131k tan\u0131m\u0131na kap\u0131 aralamak olarak yorumlanacak ve bu y\u00f6nde bask\u0131lar artacakt\u0131r.<\/p>\n<p style=\"text-align: justify\">Devlet Bakan\u0131 ve Ba\u015fm\u00fczakereci Egemen Ba\u011f\u0131\u015f`\u0131n, kendisine ba\u011fl\u0131 bir kurum olan Avrupa Birli\u011fi Genel Sekreterli\u011fi`nin (ABGS) t\u00fcm yaz\u0131\u015fmalar\u0131nda &#8220;gayrim\u00fcslim&#8221;\u009d yerine bundan b\u00f6yle &#8220;farkl\u0131 inan\u00e7 gruplar\u0131&#8221;\u009d ifadesinin kullan\u0131laca\u011f\u0131n\u0131 a\u00e7\u0131klamas\u0131 ister istemez Lozan`daki az\u0131nl\u0131k tan\u0131m\u0131n\u0131 ak\u0131llara getirdi.<\/p>\n<p style=\"text-align: justify\">T\u00fcrkiye Cumhuriyeti`nin kurucu uluslararas\u0131 belgesi olan Lozan Bar\u0131\u015f Antla\u015fmas\u0131`n\u0131n m\u00fczakereleri s\u0131ras\u0131nda, \u0130ngiltere \u00f6nc\u00fcl\u00fc\u011f\u00fcndeki \u0130tilaf devletlerinin en fazla \u00fczerinde durduklar\u0131 konulardan biri T\u00fcrkiye`deki az\u0131nl\u0131klar (ekalliyetler) meselesiydi. Kar\u015f\u0131 taraftan gelen t\u00fcm bask\u0131 ve telkinlere ra\u011fmen, Lozan Konferans\u0131`na kat\u0131lan T\u00fcrk delegasyonu T\u00fcrkiye`de M\u00fcsl\u00fcman olmayan (gayrim\u00fcslim) inan\u00e7 gruplar\u0131ndan ba\u015fka bir az\u0131nl\u0131k grubu ihdas edilmesine kar\u015f\u0131 \u00e7\u0131kt\u0131.<\/p>\n<p style=\"text-align: justify\">Bu tutumun kendi i\u00e7inde \u00e7ok tutarl\u0131 bir yan\u0131 vard\u0131. T\u00fcrkiye, Bat\u0131l\u0131 devletlerin 19. Y\u00fczy\u0131lda artan d\u0131\u015f m\u00fcdahalelerine kadar, y\u00fczlerce y\u0131l boyunca Osmanl\u0131 Devleti`nde huzurun ve i\u00e7 bar\u0131\u015f\u0131n temel dayana\u011f\u0131 olan Millet Sistemi`ni yap\u0131sal olarak yeni T\u00fcrk devletinde de devam ettirmekten yanayd\u0131. Buna g\u00f6re, T\u00fcrkiye`nin asli unsuru M\u00fcsl\u00fcmanlard\u0131. Soy, \u0131rk ve etnik k\u00f6ken farkl\u0131l\u0131\u011f\u0131na bak\u0131lmaks\u0131z\u0131n, T\u00fcrkler, K\u00fcrtler, Araplar, \u00c7erkezler, Lazlar, Bo\u015fnaklar, Arnavutlar ve di\u011fer M\u00fcsl\u00fcman unsurlar ayn\u0131 milletin ferdi olarak kabul ediliyorlard\u0131. Esasen, bu sadece Osmanl\u0131 Devleti`nin kendi ba\u015f\u0131na uygulad\u0131\u011f\u0131 bir siyaset de\u011fildi. Bat\u0131l\u0131 devletler de, &#8220;T\u00fcrk&#8221;\u009d kelimesini, Osmanl\u0131 Devleti`nde ya\u015fayan t\u00fcm M\u00fcsl\u00fcman unsurlar\u0131 ifade etmek i\u00e7in kullanmaktayd\u0131lar. \u0130ngilizler T\u00fcrkiye`de K\u00fcrt ve Alevi az\u0131nl\u0131klar olu\u015fturmak i\u00e7in \u00e7aba g\u00f6sterdiklerinde, T\u00fcrk delegasyonu, M\u00fcsl\u00fcmanlar\u0131n T\u00fcrkiye`de az\u0131nl\u0131k olamayaca\u011f\u0131 gerek\u00e7esiyle bu giri\u015fime direndi ve sonunda T\u00fcrkiye`nin istedi\u011fi oldu.<\/p>\n<p style=\"text-align: justify\">Bununla birlikte, Lozan Bar\u0131\u015f Antla\u015fmas\u0131`n\u0131n 37. ila 45. maddeleri aras\u0131nda T\u00fcrkiye`de az\u0131nl\u0131klar\u0131n ancak M\u00fcsl\u00fcman olmayan (gayrim\u00fcslim) T\u00fcrk vatanda\u015flar\u0131 oldu\u011fu ifade edilerek, onlar\u0131n da ayr\u0131m g\u00f6zetilmeksizin M\u00fcsl\u00fcmanlarla ayn\u0131 haklardan yararlanmalar\u0131 teminat alt\u0131na al\u0131nm\u0131\u015ft\u0131. Dahas\u0131, gayrim\u00fcslim T\u00fcrk vatanda\u015flar\u0131n\u0131n, M\u00fcsl\u00fcmanlara tan\u0131nmayan baz\u0131 dini, medeni ve e\u011fitimsel haklara da sahip olmalar\u0131 Lozan`la d\u00fczenlenmi\u015fti. Mesela, 41. Maddeyle, gayrim\u00fcslim vatanda\u015flar\u0131n ilkokullarda kendi anadilleriyle e\u011fitim g\u00f6rebilmeleri imk\u00e2n\u0131 getirilmi\u015fti.<\/p>\n<p style=\"text-align: justify\">Zaman i\u00e7inde ba\u015fta yarg\u0131 olmak \u00fczere devletin \u00e7e\u015fitli kurumlar\u0131n\u0131n gayrim\u00fcslim vatanda\u015flarla ilgili konularda izledikleri Lozan`a ayk\u0131r\u0131 tutumlar, AB uyum yasalar\u0131 \u00e7er\u00e7evesinde d\u00fczeltilmi\u015f, gayrim\u00fcslim vatanda\u015flar\u0131m\u0131z Lozan`la kendilerine sa\u011flanan haklara tekrar kavu\u015fmu\u015flard\u0131r.<\/p>\n<p style=\"text-align: justify\">Lozan`da \u00e7izilen \u00e7er\u00e7eveye dayanan T\u00fcrkiye`nin resm\u00ee az\u0131nl\u0131k politikas\u0131na g\u00f6re, gayrim\u00fcslim demek, az\u0131nl\u0131k demektir. Avrupa Birli\u011fi`ne g\u00f6re ise, T\u00fcrkiye`deki az\u0131nl\u0131klar gayrim\u00fcslimlerden ibaret de\u011fildir. AB Komisyonu`nca haz\u0131rlanan 2006 y\u0131l\u0131 ilerleme raporunda ilk kez yer verilen ve ondan sonra da tekrarlanan \u015fu ifade dikkat \u00e7ekicidir: &#8220;T\u00fcrkiye`nin az\u0131nl\u0131k haklar\u0131na yakla\u015f\u0131m\u0131 de\u011fi\u015fmemi\u015ftir. T\u00fcrk makamlar\u0131na g\u00f6re, T\u00fcrkiye`deki az\u0131nl\u0131klar, 1923 Lozan Anla\u015fmas\u0131 uyar\u0131nca, sadece gayrim\u00fcslim topluluklardan olu\u015fmaktad\u0131r. Resmi makamlar taraf\u0131ndan uygulamada Lozan Anla\u015fmas\u0131`yla ba\u011flant\u0131land\u0131r\u0131lan az\u0131nl\u0131klar Yahudiler, Ermeniler ve Rumlard\u0131r. Bununla birlikte, T\u00fcrkiye`de ilgili uluslararas\u0131 ve Avrupa standartlar\u0131 \u00e7er\u00e7evesinde az\u0131nl\u0131k olarak tan\u0131mlanmas\u0131 m\u00fcmk\u00fcn olabilecek ba\u015fka topluluklar da vard\u0131r.&#8221;\u009d<\/p>\n<p style=\"text-align: justify\">ABGS`nin gayrim\u00fcslim tabirinden vazge\u00e7mesi, AB taraf\u0131ndan dayat\u0131lmaya \u00e7al\u0131\u015f\u0131lan yeni az\u0131nl\u0131k tan\u0131m\u0131na kap\u0131 aralamak olarak yorumlanacak ve bu y\u00f6nde bask\u0131lar artacakt\u0131r. \u0130yi niyetli gerek\u00e7elere de dayansa ABGS`nin &#8220;gayrim\u00fcslim&#8221;\u009d teriminden vazge\u00e7mesi, AB`nin T\u00fcrkiye`deki ge\u00e7erli olan az\u0131nl\u0131k kavram\u0131n\u0131 de\u011fi\u015ftirmeye d\u00f6n\u00fck \u00e7abalar\u0131n\u0131 kolayla\u015ft\u0131r\u0131c\u0131 bir etki yapacakt\u0131r. Bu y\u00f6n\u00fcyle de s\u00f6z konusu tasarrufun, D\u0131\u015fi\u015fleri ve \u0130\u00e7i\u015fleri bakanl\u0131klar\u0131 ba\u015fta olmak \u00fczere ilgili kurumlar\u0131n ve uzmanlar\u0131n g\u00f6r\u00fc\u015flerine de m\u00fcracaat edilerek, g\u00f6zden ge\u00e7irilmesi gerekir. E\u011fer AB \u00fcyesi Fransa, &#8220;Biz bir cumhuriyetiz. Bizde az\u0131nl\u0131k yok. Herkes Frans\u0131z vatanda\u015f\u0131&#8221; diyebiliyorsa, T\u00fcrkiye de, &#8220;T\u00fcm T\u00fcrkiye cumhuriyeti vatanda\u015flar\u0131 e\u015fit haklara sahiptir. T\u00fcrkiye`de sadece gayrim\u00fcslimler ayr\u0131ca az\u0131nl\u0131k haklar\u0131ndan yararlanabilir&#8221; diyebilmelidir.<\/p>\n<p style=\"text-align: justify\">\u00a0<strong>Prof. Dr. \u00c7a\u011fr\u0131 Erhan<\/strong><\/p>\n<p style=\"text-align: justify\">turkiyegazetesi.com.tr, 29.6.2010<\/p>\n","protected":false},"excerpt":{"rendered":"<p>GAYR\u0130M\u00dcSL\u0130M \u0130FADES\u0130 KULLANILMAYACAK Avrupa Birli\u011fi Genel Sekreterli\u011fi`nin (ABGS) yaz\u0131\u015fmalar\u0131nda &#8220;gayrim\u00fcslim&#8221;\u009d yerine &#8220;farkl\u0131 inan\u00e7 gruplar\u0131&#8221;\u009d ifadesinin kullan\u0131laca\u011f\u0131n\u0131 a\u00e7\u0131klamas\u0131 Lozan`daki az\u0131nl\u0131k tan\u0131m\u0131n\u0131 ak\u0131llara getirdi. YEN\u0130 AZINLIK TANIMINA KAPI ARALANACAK ABGS`nin gayrim\u00fcslim tabirinden vazge\u00e7mesi, AB taraf\u0131ndan dayat\u0131lmaya \u00e7al\u0131\u015f\u0131lan yeni az\u0131nl\u0131k tan\u0131m\u0131na kap\u0131 aralamak olarak yorumlanacak ve bu y\u00f6nde bask\u0131lar artacakt\u0131r. Devlet Bakan\u0131 ve Ba\u015fm\u00fczakereci Egemen Ba\u011f\u0131\u015f`\u0131n, kendisine ba\u011fl\u0131 [&hellip;]<\/p>\n","protected":false},"author":3,"featured_media":0,"comment_status":"closed","ping_status":"open","sticky":false,"template":"","format":"standard","meta":{"footnotes":""},"categories":[14,15],"tags":[],"class_list":["post-1142","post","type-post","status-publish","format-standard","hentry","category-haberler","category-haklarimiz"],"yoast_head":"<!-- This site is optimized with the Yoast SEO plugin v26.6 - https:\/\/yoast.com\/wordpress\/plugins\/seo\/ -->\n<title>AB Genel Sekreterli\u011fi Lozan`dan vaz m\u0131 ge\u00e7ti? - Bati Ermenistan Ve Bati Ermenileri Sorunlari Ara\u015ftirmalar Merkezi<\/title>\n<meta name=\"robots\" content=\"index, follow, max-snippet:-1, max-image-preview:large, max-video-preview:-1\" \/>\n<link rel=\"canonical\" href=\"https:\/\/akunq.net\/turkish\/2010\/06\/30\/ab-genel-sekreterligi-lozandan-vaz-mi-gecti\/\" \/>\n<meta property=\"og:locale\" content=\"en_US\" \/>\n<meta property=\"og:type\" content=\"article\" \/>\n<meta property=\"og:title\" content=\"AB Genel Sekreterli\u011fi Lozan`dan vaz m\u0131 ge\u00e7ti? - Bati Ermenistan Ve Bati Ermenileri Sorunlari Ara\u015ftirmalar Merkezi\" \/>\n<meta property=\"og:description\" content=\"GAYR\u0130M\u00dcSL\u0130M \u0130FADES\u0130 KULLANILMAYACAK Avrupa Birli\u011fi Genel Sekreterli\u011fi`nin (ABGS) yaz\u0131\u015fmalar\u0131nda &#8220;gayrim\u00fcslim&#8221;\u009d yerine &#8220;farkl\u0131 inan\u00e7 gruplar\u0131&#8221;\u009d ifadesinin kullan\u0131laca\u011f\u0131n\u0131 a\u00e7\u0131klamas\u0131 Lozan`daki az\u0131nl\u0131k tan\u0131m\u0131n\u0131 ak\u0131llara getirdi. YEN\u0130 AZINLIK TANIMINA KAPI ARALANACAK ABGS`nin gayrim\u00fcslim tabirinden vazge\u00e7mesi, AB taraf\u0131ndan dayat\u0131lmaya \u00e7al\u0131\u015f\u0131lan yeni az\u0131nl\u0131k tan\u0131m\u0131na kap\u0131 aralamak olarak yorumlanacak ve bu y\u00f6nde bask\u0131lar artacakt\u0131r. Devlet Bakan\u0131 ve Ba\u015fm\u00fczakereci Egemen Ba\u011f\u0131\u015f`\u0131n, kendisine ba\u011fl\u0131 [&hellip;]\" \/>\n<meta property=\"og:url\" content=\"https:\/\/akunq.net\/turkish\/2010\/06\/30\/ab-genel-sekreterligi-lozandan-vaz-mi-gecti\/\" \/>\n<meta property=\"og:site_name\" content=\"Bati Ermenistan Ve Bati Ermenileri Sorunlari Ara\u015ftirmalar Merkezi\" \/>\n<meta property=\"article:published_time\" content=\"2010-06-30T13:46:48+00:00\" \/>\n<meta name=\"author\" content=\"kalem\" \/>\n<meta name=\"twitter:card\" content=\"summary_large_image\" \/>\n<meta name=\"twitter:label1\" content=\"Written by\" \/>\n\t<meta name=\"twitter:data1\" content=\"kalem\" \/>\n\t<meta name=\"twitter:label2\" content=\"Est. reading time\" \/>\n\t<meta name=\"twitter:data2\" content=\"4 minutes\" \/>\n<script type=\"application\/ld+json\" class=\"yoast-schema-graph\">{\"@context\":\"https:\/\/schema.org\",\"@graph\":[{\"@type\":\"WebPage\",\"@id\":\"https:\/\/akunq.net\/turkish\/2010\/06\/30\/ab-genel-sekreterligi-lozandan-vaz-mi-gecti\/\",\"url\":\"https:\/\/akunq.net\/turkish\/2010\/06\/30\/ab-genel-sekreterligi-lozandan-vaz-mi-gecti\/\",\"name\":\"AB Genel Sekreterli\u011fi Lozan`dan vaz m\u0131 ge\u00e7ti? - Bati Ermenistan Ve Bati Ermenileri Sorunlari Ara\u015ftirmalar Merkezi\",\"isPartOf\":{\"@id\":\"https:\/\/akunq.net\/turkish\/#website\"},\"datePublished\":\"2010-06-30T13:46:48+00:00\",\"author\":{\"@id\":\"https:\/\/akunq.net\/turkish\/#\/schema\/person\/135e7923d1aeb8887890799619969a6c\"},\"breadcrumb\":{\"@id\":\"https:\/\/akunq.net\/turkish\/2010\/06\/30\/ab-genel-sekreterligi-lozandan-vaz-mi-gecti\/#breadcrumb\"},\"inLanguage\":\"en-US\",\"potentialAction\":[{\"@type\":\"ReadAction\",\"target\":[\"https:\/\/akunq.net\/turkish\/2010\/06\/30\/ab-genel-sekreterligi-lozandan-vaz-mi-gecti\/\"]}]},{\"@type\":\"BreadcrumbList\",\"@id\":\"https:\/\/akunq.net\/turkish\/2010\/06\/30\/ab-genel-sekreterligi-lozandan-vaz-mi-gecti\/#breadcrumb\",\"itemListElement\":[{\"@type\":\"ListItem\",\"position\":1,\"name\":\"Home\",\"item\":\"https:\/\/akunq.net\/turkish\/\"},{\"@type\":\"ListItem\",\"position\":2,\"name\":\"AB Genel Sekreterli\u011fi Lozan`dan vaz m\u0131 ge\u00e7ti?\"}]},{\"@type\":\"WebSite\",\"@id\":\"https:\/\/akunq.net\/turkish\/#website\",\"url\":\"https:\/\/akunq.net\/turkish\/\",\"name\":\"Bati Ermenistan Ve Bati Ermenileri Sorunlari Ara\u015ftirmalar Merkezi\",\"description\":\"\",\"potentialAction\":[{\"@type\":\"SearchAction\",\"target\":{\"@type\":\"EntryPoint\",\"urlTemplate\":\"https:\/\/akunq.net\/turkish\/?s={search_term_string}\"},\"query-input\":{\"@type\":\"PropertyValueSpecification\",\"valueRequired\":true,\"valueName\":\"search_term_string\"}}],\"inLanguage\":\"en-US\"},{\"@type\":\"Person\",\"@id\":\"https:\/\/akunq.net\/turkish\/#\/schema\/person\/135e7923d1aeb8887890799619969a6c\",\"name\":\"kalem\",\"image\":{\"@type\":\"ImageObject\",\"inLanguage\":\"en-US\",\"@id\":\"https:\/\/akunq.net\/turkish\/#\/schema\/person\/image\/\",\"url\":\"https:\/\/secure.gravatar.com\/avatar\/a06875e4b25feb5674296adf8e8a7ae1e587cebce2493fe63c456109967e27d3?s=96&d=mm&r=g\",\"contentUrl\":\"https:\/\/secure.gravatar.com\/avatar\/a06875e4b25feb5674296adf8e8a7ae1e587cebce2493fe63c456109967e27d3?s=96&d=mm&r=g\",\"caption\":\"kalem\"},\"url\":\"https:\/\/akunq.net\/turkish\/author\/kalem\/\"}]}<\/script>\n<!-- \/ Yoast SEO plugin. -->","yoast_head_json":{"title":"AB Genel Sekreterli\u011fi Lozan`dan vaz m\u0131 ge\u00e7ti? - Bati Ermenistan Ve Bati Ermenileri Sorunlari Ara\u015ftirmalar Merkezi","robots":{"index":"index","follow":"follow","max-snippet":"max-snippet:-1","max-image-preview":"max-image-preview:large","max-video-preview":"max-video-preview:-1"},"canonical":"https:\/\/akunq.net\/turkish\/2010\/06\/30\/ab-genel-sekreterligi-lozandan-vaz-mi-gecti\/","og_locale":"en_US","og_type":"article","og_title":"AB Genel Sekreterli\u011fi Lozan`dan vaz m\u0131 ge\u00e7ti? - Bati Ermenistan Ve Bati Ermenileri Sorunlari Ara\u015ftirmalar Merkezi","og_description":"GAYR\u0130M\u00dcSL\u0130M \u0130FADES\u0130 KULLANILMAYACAK Avrupa Birli\u011fi Genel Sekreterli\u011fi`nin (ABGS) yaz\u0131\u015fmalar\u0131nda &#8220;gayrim\u00fcslim&#8221;\u009d yerine &#8220;farkl\u0131 inan\u00e7 gruplar\u0131&#8221;\u009d ifadesinin kullan\u0131laca\u011f\u0131n\u0131 a\u00e7\u0131klamas\u0131 Lozan`daki az\u0131nl\u0131k tan\u0131m\u0131n\u0131 ak\u0131llara getirdi. YEN\u0130 AZINLIK TANIMINA KAPI ARALANACAK ABGS`nin gayrim\u00fcslim tabirinden vazge\u00e7mesi, AB taraf\u0131ndan dayat\u0131lmaya \u00e7al\u0131\u015f\u0131lan yeni az\u0131nl\u0131k tan\u0131m\u0131na kap\u0131 aralamak olarak yorumlanacak ve bu y\u00f6nde bask\u0131lar artacakt\u0131r. Devlet Bakan\u0131 ve Ba\u015fm\u00fczakereci Egemen Ba\u011f\u0131\u015f`\u0131n, kendisine ba\u011fl\u0131 [&hellip;]","og_url":"https:\/\/akunq.net\/turkish\/2010\/06\/30\/ab-genel-sekreterligi-lozandan-vaz-mi-gecti\/","og_site_name":"Bati Ermenistan Ve Bati Ermenileri Sorunlari Ara\u015ftirmalar Merkezi","article_published_time":"2010-06-30T13:46:48+00:00","author":"kalem","twitter_card":"summary_large_image","twitter_misc":{"Written by":"kalem","Est. reading time":"4 minutes"},"schema":{"@context":"https:\/\/schema.org","@graph":[{"@type":"WebPage","@id":"https:\/\/akunq.net\/turkish\/2010\/06\/30\/ab-genel-sekreterligi-lozandan-vaz-mi-gecti\/","url":"https:\/\/akunq.net\/turkish\/2010\/06\/30\/ab-genel-sekreterligi-lozandan-vaz-mi-gecti\/","name":"AB Genel Sekreterli\u011fi Lozan`dan vaz m\u0131 ge\u00e7ti? - Bati Ermenistan Ve Bati Ermenileri Sorunlari Ara\u015ftirmalar Merkezi","isPartOf":{"@id":"https:\/\/akunq.net\/turkish\/#website"},"datePublished":"2010-06-30T13:46:48+00:00","author":{"@id":"https:\/\/akunq.net\/turkish\/#\/schema\/person\/135e7923d1aeb8887890799619969a6c"},"breadcrumb":{"@id":"https:\/\/akunq.net\/turkish\/2010\/06\/30\/ab-genel-sekreterligi-lozandan-vaz-mi-gecti\/#breadcrumb"},"inLanguage":"en-US","potentialAction":[{"@type":"ReadAction","target":["https:\/\/akunq.net\/turkish\/2010\/06\/30\/ab-genel-sekreterligi-lozandan-vaz-mi-gecti\/"]}]},{"@type":"BreadcrumbList","@id":"https:\/\/akunq.net\/turkish\/2010\/06\/30\/ab-genel-sekreterligi-lozandan-vaz-mi-gecti\/#breadcrumb","itemListElement":[{"@type":"ListItem","position":1,"name":"Home","item":"https:\/\/akunq.net\/turkish\/"},{"@type":"ListItem","position":2,"name":"AB Genel Sekreterli\u011fi Lozan`dan vaz m\u0131 ge\u00e7ti?"}]},{"@type":"WebSite","@id":"https:\/\/akunq.net\/turkish\/#website","url":"https:\/\/akunq.net\/turkish\/","name":"Bati Ermenistan Ve Bati Ermenileri Sorunlari Ara\u015ftirmalar Merkezi","description":"","potentialAction":[{"@type":"SearchAction","target":{"@type":"EntryPoint","urlTemplate":"https:\/\/akunq.net\/turkish\/?s={search_term_string}"},"query-input":{"@type":"PropertyValueSpecification","valueRequired":true,"valueName":"search_term_string"}}],"inLanguage":"en-US"},{"@type":"Person","@id":"https:\/\/akunq.net\/turkish\/#\/schema\/person\/135e7923d1aeb8887890799619969a6c","name":"kalem","image":{"@type":"ImageObject","inLanguage":"en-US","@id":"https:\/\/akunq.net\/turkish\/#\/schema\/person\/image\/","url":"https:\/\/secure.gravatar.com\/avatar\/a06875e4b25feb5674296adf8e8a7ae1e587cebce2493fe63c456109967e27d3?s=96&d=mm&r=g","contentUrl":"https:\/\/secure.gravatar.com\/avatar\/a06875e4b25feb5674296adf8e8a7ae1e587cebce2493fe63c456109967e27d3?s=96&d=mm&r=g","caption":"kalem"},"url":"https:\/\/akunq.net\/turkish\/author\/kalem\/"}]}},"_links":{"self":[{"href":"https:\/\/akunq.net\/turkish\/wp-json\/wp\/v2\/posts\/1142","targetHints":{"allow":["GET"]}}],"collection":[{"href":"https:\/\/akunq.net\/turkish\/wp-json\/wp\/v2\/posts"}],"about":[{"href":"https:\/\/akunq.net\/turkish\/wp-json\/wp\/v2\/types\/post"}],"author":[{"embeddable":true,"href":"https:\/\/akunq.net\/turkish\/wp-json\/wp\/v2\/users\/3"}],"replies":[{"embeddable":true,"href":"https:\/\/akunq.net\/turkish\/wp-json\/wp\/v2\/comments?post=1142"}],"version-history":[{"count":0,"href":"https:\/\/akunq.net\/turkish\/wp-json\/wp\/v2\/posts\/1142\/revisions"}],"wp:attachment":[{"href":"https:\/\/akunq.net\/turkish\/wp-json\/wp\/v2\/media?parent=1142"}],"wp:term":[{"taxonomy":"category","embeddable":true,"href":"https:\/\/akunq.net\/turkish\/wp-json\/wp\/v2\/categories?post=1142"},{"taxonomy":"post_tag","embeddable":true,"href":"https:\/\/akunq.net\/turkish\/wp-json\/wp\/v2\/tags?post=1142"}],"curies":[{"name":"wp","href":"https:\/\/api.w.org\/{rel}","templated":true}]}}