{"id":1131,"date":"2010-06-28T07:00:19","date_gmt":"2010-06-28T12:00:19","guid":{"rendered":"http:\/\/akunq.net\/tr\/?p=1131"},"modified":"2010-06-28T07:00:19","modified_gmt":"2010-06-28T12:00:19","slug":"olumlu-bir-adim-ama-yetmez","status":"publish","type":"post","link":"https:\/\/akunq.net\/turkish\/2010\/06\/28\/olumlu-bir-adim-ama-yetmez\/","title":{"rendered":"Olumlu bir ad\u0131m ama yetmez"},"content":{"rendered":"<p style=\"text-align: justify\">DEVLET Bakan\u0131 ve Ba\u015fm\u00fczakereci Egemen Ba\u011f\u0131\u015f, AB Genel Sekreterli\u011fi\u2019nin yaz\u0131\u015fmalar\u0131nda bundan b\u00f6yle \u201cgayrim\u00fcslim\u201d tan\u0131mlamas\u0131n\u0131n yerine \u201cfarkl\u0131 inan\u00e7 gruplar\u0131\u201d kavram\u0131n\u0131n kullan\u0131laca\u011f\u0131n\u0131 a\u00e7\u0131klad\u0131.<\/p>\n<p style=\"text-align: justify\">G\u00f6sterdi\u011fi bu hassasiyet nedeniyle kendisini ve AB Genel Sekreterli\u011fi\u2019ni kutlar\u0131m.<\/p>\n<p style=\"text-align: justify\">Al\u0131\u015fkanl\u0131klarla kulland\u0131\u011f\u0131m\u0131z baz\u0131 kelimelerin, baz\u0131 inan\u00e7 gruplar\u0131n\u0131 ve etnik topluluklar\u0131 rencide edebilece\u011fini \u00e7o\u011fu kez fark etmiyoruz.<\/p>\n<p style=\"text-align: justify\">Bu nedenle, bunu medenile\u015fme yolunda at\u0131lm\u0131\u015f \u00f6nemli bir ad\u0131m olarak g\u00f6rebilirim.<\/p>\n<p style=\"text-align: justify\">Ama bunun az\u0131nl\u0131klara kar\u015f\u0131 ayr\u0131mc\u0131l\u0131kla ilgili genel bir politikaya d\u00f6n\u00fc\u015ft\u00fcr\u00fclmesi de gerekiyor, bunu unutmayal\u0131m.<\/p>\n<p style=\"text-align: justify\">T\u00fcrkiye\u2019de h\u00e2l\u00e2 az\u0131nl\u0131k vak\u0131flar\u0131n\u0131n mallar\u0131 ile ilgili mahkeme kararlar\u0131n\u0131 bile uygulamayan tapu memurlar\u0131n\u0131n bulundu\u011funu, ge\u00e7enlerde yay\u0131mlanan bir Ba\u015fbakanl\u0131k genelgesiyle \u00f6\u011frenmi\u015ftik. Zaten biliyorduk da tekrar hat\u0131rlad\u0131k desem belki de daha do\u011fru olurdu.<\/p>\n<p style=\"text-align: justify\">T\u00fcrkiye Cumhuriyeti vatanda\u015f\u0131 olan, vergi veren, askerlik yapan az\u0131nl\u0131k mensuplar\u0131 ile ilgili meseleler h\u00e2l\u00e2 D\u0131\u015fi\u015fleri Bakanl\u0131\u011f\u0131\u2019n\u0131n i\u015fiymi\u015f gibi g\u00f6r\u00fcl\u00fcyor.<\/p>\n<p style=\"text-align: justify\">Sanki onlar yabanc\u0131 bir \u00fclkenin vatanda\u015f\u0131ym\u0131\u015flar gibi!<\/p>\n<p style=\"text-align: justify\">Az\u0131nl\u0131klara ait okullar ve ibadet yerleri ile ilgili olarak yap\u0131lan her olumlu i\u015f, bir \u201cl\u00fctufmu\u015f gibi\u201d sunulmaya devam ediyor.<\/p>\n<p style=\"text-align: justify\">Devletin t\u00fcm kurumlar\u0131nda ayr\u0131mc\u0131l\u0131k, yaz\u0131l\u0131 olmasa bile elle tutulur bir uygulama halinde, kendimizi kand\u0131rmayal\u0131m.<\/p>\n<p style=\"text-align: justify\">Ba\u011f\u0131\u015f, att\u0131\u011f\u0131 bu olumlu ad\u0131mla yetinmemeli. T\u00fcrkiye, kendi vatanda\u015flar\u0131na ayr\u0131mc\u0131l\u0131klar uygulayan bir \u00fclke olmaktan kurtulmal\u0131.<\/p>\n<p style=\"text-align: justify\"><strong>Mehmet Y. Y\u0131lmaz<\/strong><\/p>\n<p style=\"text-align: justify\">hurriyet.com.tr, 28.6.2010<strong> <\/strong><\/p>\n","protected":false},"excerpt":{"rendered":"<p>DEVLET Bakan\u0131 ve Ba\u015fm\u00fczakereci Egemen Ba\u011f\u0131\u015f, AB Genel Sekreterli\u011fi\u2019nin yaz\u0131\u015fmalar\u0131nda bundan b\u00f6yle \u201cgayrim\u00fcslim\u201d tan\u0131mlamas\u0131n\u0131n yerine \u201cfarkl\u0131 inan\u00e7 gruplar\u0131\u201d kavram\u0131n\u0131n kullan\u0131laca\u011f\u0131n\u0131 a\u00e7\u0131klad\u0131. G\u00f6sterdi\u011fi bu hassasiyet nedeniyle kendisini ve AB Genel Sekreterli\u011fi\u2019ni kutlar\u0131m. Al\u0131\u015fkanl\u0131klarla kulland\u0131\u011f\u0131m\u0131z baz\u0131 kelimelerin, baz\u0131 inan\u00e7 gruplar\u0131n\u0131 ve etnik topluluklar\u0131 rencide edebilece\u011fini \u00e7o\u011fu kez fark etmiyoruz. Bu nedenle, bunu medenile\u015fme yolunda at\u0131lm\u0131\u015f \u00f6nemli bir [&hellip;]<\/p>\n","protected":false},"author":3,"featured_media":0,"comment_status":"closed","ping_status":"open","sticky":false,"template":"","format":"standard","meta":{"footnotes":""},"categories":[14],"tags":[],"class_list":["post-1131","post","type-post","status-publish","format-standard","hentry","category-haberler"],"yoast_head":"<!-- This site is optimized with the Yoast SEO plugin v27.4 - https:\/\/yoast.com\/product\/yoast-seo-wordpress\/ -->\n<title>Olumlu bir ad\u0131m ama yetmez - Bati Ermenistan Ve Bati Ermenileri Sorunlari Ara\u015ftirmalar Merkezi<\/title>\n<meta name=\"robots\" content=\"index, follow, max-snippet:-1, max-image-preview:large, max-video-preview:-1\" \/>\n<link rel=\"canonical\" href=\"https:\/\/akunq.net\/turkish\/2010\/06\/28\/olumlu-bir-adim-ama-yetmez\/\" \/>\n<meta property=\"og:locale\" content=\"en_US\" \/>\n<meta property=\"og:type\" content=\"article\" \/>\n<meta property=\"og:title\" content=\"Olumlu bir ad\u0131m ama yetmez - Bati Ermenistan Ve Bati Ermenileri Sorunlari Ara\u015ftirmalar Merkezi\" \/>\n<meta property=\"og:description\" content=\"DEVLET Bakan\u0131 ve Ba\u015fm\u00fczakereci Egemen Ba\u011f\u0131\u015f, AB Genel Sekreterli\u011fi\u2019nin yaz\u0131\u015fmalar\u0131nda bundan b\u00f6yle \u201cgayrim\u00fcslim\u201d tan\u0131mlamas\u0131n\u0131n yerine \u201cfarkl\u0131 inan\u00e7 gruplar\u0131\u201d kavram\u0131n\u0131n kullan\u0131laca\u011f\u0131n\u0131 a\u00e7\u0131klad\u0131. G\u00f6sterdi\u011fi bu hassasiyet nedeniyle kendisini ve AB Genel Sekreterli\u011fi\u2019ni kutlar\u0131m. Al\u0131\u015fkanl\u0131klarla kulland\u0131\u011f\u0131m\u0131z baz\u0131 kelimelerin, baz\u0131 inan\u00e7 gruplar\u0131n\u0131 ve etnik topluluklar\u0131 rencide edebilece\u011fini \u00e7o\u011fu kez fark etmiyoruz. Bu nedenle, bunu medenile\u015fme yolunda at\u0131lm\u0131\u015f \u00f6nemli bir [&hellip;]\" \/>\n<meta property=\"og:url\" content=\"https:\/\/akunq.net\/turkish\/2010\/06\/28\/olumlu-bir-adim-ama-yetmez\/\" \/>\n<meta property=\"og:site_name\" content=\"Bati Ermenistan Ve Bati Ermenileri Sorunlari Ara\u015ftirmalar Merkezi\" \/>\n<meta property=\"article:published_time\" content=\"2010-06-28T12:00:19+00:00\" \/>\n<meta name=\"author\" content=\"kalem\" \/>\n<meta name=\"twitter:card\" content=\"summary_large_image\" \/>\n<meta name=\"twitter:label1\" content=\"Written by\" \/>\n\t<meta name=\"twitter:data1\" content=\"kalem\" \/>\n\t<meta name=\"twitter:label2\" content=\"Est. reading time\" \/>\n\t<meta name=\"twitter:data2\" content=\"1 minute\" \/>\n<script type=\"application\/ld+json\" class=\"yoast-schema-graph\">{\"@context\":\"https:\\\/\\\/schema.org\",\"@graph\":[{\"@type\":\"Article\",\"@id\":\"https:\\\/\\\/akunq.net\\\/turkish\\\/2010\\\/06\\\/28\\\/olumlu-bir-adim-ama-yetmez\\\/#article\",\"isPartOf\":{\"@id\":\"https:\\\/\\\/akunq.net\\\/turkish\\\/2010\\\/06\\\/28\\\/olumlu-bir-adim-ama-yetmez\\\/\"},\"author\":{\"name\":\"kalem\",\"@id\":\"https:\\\/\\\/akunq.net\\\/turkish\\\/#\\\/schema\\\/person\\\/135e7923d1aeb8887890799619969a6c\"},\"headline\":\"Olumlu bir ad\u0131m ama yetmez\",\"datePublished\":\"2010-06-28T12:00:19+00:00\",\"mainEntityOfPage\":{\"@id\":\"https:\\\/\\\/akunq.net\\\/turkish\\\/2010\\\/06\\\/28\\\/olumlu-bir-adim-ama-yetmez\\\/\"},\"wordCount\":285,\"articleSection\":[\"Haberler\"],\"inLanguage\":\"en-US\"},{\"@type\":\"WebPage\",\"@id\":\"https:\\\/\\\/akunq.net\\\/turkish\\\/2010\\\/06\\\/28\\\/olumlu-bir-adim-ama-yetmez\\\/\",\"url\":\"https:\\\/\\\/akunq.net\\\/turkish\\\/2010\\\/06\\\/28\\\/olumlu-bir-adim-ama-yetmez\\\/\",\"name\":\"Olumlu bir ad\u0131m ama yetmez - Bati Ermenistan Ve Bati Ermenileri Sorunlari Ara\u015ftirmalar Merkezi\",\"isPartOf\":{\"@id\":\"https:\\\/\\\/akunq.net\\\/turkish\\\/#website\"},\"datePublished\":\"2010-06-28T12:00:19+00:00\",\"author\":{\"@id\":\"https:\\\/\\\/akunq.net\\\/turkish\\\/#\\\/schema\\\/person\\\/135e7923d1aeb8887890799619969a6c\"},\"breadcrumb\":{\"@id\":\"https:\\\/\\\/akunq.net\\\/turkish\\\/2010\\\/06\\\/28\\\/olumlu-bir-adim-ama-yetmez\\\/#breadcrumb\"},\"inLanguage\":\"en-US\",\"potentialAction\":[{\"@type\":\"ReadAction\",\"target\":[\"https:\\\/\\\/akunq.net\\\/turkish\\\/2010\\\/06\\\/28\\\/olumlu-bir-adim-ama-yetmez\\\/\"]}]},{\"@type\":\"BreadcrumbList\",\"@id\":\"https:\\\/\\\/akunq.net\\\/turkish\\\/2010\\\/06\\\/28\\\/olumlu-bir-adim-ama-yetmez\\\/#breadcrumb\",\"itemListElement\":[{\"@type\":\"ListItem\",\"position\":1,\"name\":\"Home\",\"item\":\"https:\\\/\\\/akunq.net\\\/turkish\\\/\"},{\"@type\":\"ListItem\",\"position\":2,\"name\":\"Olumlu bir ad\u0131m ama yetmez\"}]},{\"@type\":\"WebSite\",\"@id\":\"https:\\\/\\\/akunq.net\\\/turkish\\\/#website\",\"url\":\"https:\\\/\\\/akunq.net\\\/turkish\\\/\",\"name\":\"Bati Ermenistan Ve Bati Ermenileri Sorunlari Ara\u015ftirmalar Merkezi\",\"description\":\"\",\"potentialAction\":[{\"@type\":\"SearchAction\",\"target\":{\"@type\":\"EntryPoint\",\"urlTemplate\":\"https:\\\/\\\/akunq.net\\\/turkish\\\/?s={search_term_string}\"},\"query-input\":{\"@type\":\"PropertyValueSpecification\",\"valueRequired\":true,\"valueName\":\"search_term_string\"}}],\"inLanguage\":\"en-US\"},{\"@type\":\"Person\",\"@id\":\"https:\\\/\\\/akunq.net\\\/turkish\\\/#\\\/schema\\\/person\\\/135e7923d1aeb8887890799619969a6c\",\"name\":\"kalem\",\"image\":{\"@type\":\"ImageObject\",\"inLanguage\":\"en-US\",\"@id\":\"https:\\\/\\\/secure.gravatar.com\\\/avatar\\\/a06875e4b25feb5674296adf8e8a7ae1e587cebce2493fe63c456109967e27d3?s=96&d=mm&r=g\",\"url\":\"https:\\\/\\\/secure.gravatar.com\\\/avatar\\\/a06875e4b25feb5674296adf8e8a7ae1e587cebce2493fe63c456109967e27d3?s=96&d=mm&r=g\",\"contentUrl\":\"https:\\\/\\\/secure.gravatar.com\\\/avatar\\\/a06875e4b25feb5674296adf8e8a7ae1e587cebce2493fe63c456109967e27d3?s=96&d=mm&r=g\",\"caption\":\"kalem\"},\"url\":\"https:\\\/\\\/akunq.net\\\/turkish\\\/author\\\/kalem\\\/\"}]}<\/script>\n<!-- \/ Yoast SEO plugin. -->","yoast_head_json":{"title":"Olumlu bir ad\u0131m ama yetmez - Bati Ermenistan Ve Bati Ermenileri Sorunlari Ara\u015ftirmalar Merkezi","robots":{"index":"index","follow":"follow","max-snippet":"max-snippet:-1","max-image-preview":"max-image-preview:large","max-video-preview":"max-video-preview:-1"},"canonical":"https:\/\/akunq.net\/turkish\/2010\/06\/28\/olumlu-bir-adim-ama-yetmez\/","og_locale":"en_US","og_type":"article","og_title":"Olumlu bir ad\u0131m ama yetmez - Bati Ermenistan Ve Bati Ermenileri Sorunlari Ara\u015ftirmalar Merkezi","og_description":"DEVLET Bakan\u0131 ve Ba\u015fm\u00fczakereci Egemen Ba\u011f\u0131\u015f, AB Genel Sekreterli\u011fi\u2019nin yaz\u0131\u015fmalar\u0131nda bundan b\u00f6yle \u201cgayrim\u00fcslim\u201d tan\u0131mlamas\u0131n\u0131n yerine \u201cfarkl\u0131 inan\u00e7 gruplar\u0131\u201d kavram\u0131n\u0131n kullan\u0131laca\u011f\u0131n\u0131 a\u00e7\u0131klad\u0131. G\u00f6sterdi\u011fi bu hassasiyet nedeniyle kendisini ve AB Genel Sekreterli\u011fi\u2019ni kutlar\u0131m. Al\u0131\u015fkanl\u0131klarla kulland\u0131\u011f\u0131m\u0131z baz\u0131 kelimelerin, baz\u0131 inan\u00e7 gruplar\u0131n\u0131 ve etnik topluluklar\u0131 rencide edebilece\u011fini \u00e7o\u011fu kez fark etmiyoruz. Bu nedenle, bunu medenile\u015fme yolunda at\u0131lm\u0131\u015f \u00f6nemli bir [&hellip;]","og_url":"https:\/\/akunq.net\/turkish\/2010\/06\/28\/olumlu-bir-adim-ama-yetmez\/","og_site_name":"Bati Ermenistan Ve Bati Ermenileri Sorunlari Ara\u015ftirmalar Merkezi","article_published_time":"2010-06-28T12:00:19+00:00","author":"kalem","twitter_card":"summary_large_image","twitter_misc":{"Written by":"kalem","Est. reading time":"1 minute"},"schema":{"@context":"https:\/\/schema.org","@graph":[{"@type":"Article","@id":"https:\/\/akunq.net\/turkish\/2010\/06\/28\/olumlu-bir-adim-ama-yetmez\/#article","isPartOf":{"@id":"https:\/\/akunq.net\/turkish\/2010\/06\/28\/olumlu-bir-adim-ama-yetmez\/"},"author":{"name":"kalem","@id":"https:\/\/akunq.net\/turkish\/#\/schema\/person\/135e7923d1aeb8887890799619969a6c"},"headline":"Olumlu bir ad\u0131m ama yetmez","datePublished":"2010-06-28T12:00:19+00:00","mainEntityOfPage":{"@id":"https:\/\/akunq.net\/turkish\/2010\/06\/28\/olumlu-bir-adim-ama-yetmez\/"},"wordCount":285,"articleSection":["Haberler"],"inLanguage":"en-US"},{"@type":"WebPage","@id":"https:\/\/akunq.net\/turkish\/2010\/06\/28\/olumlu-bir-adim-ama-yetmez\/","url":"https:\/\/akunq.net\/turkish\/2010\/06\/28\/olumlu-bir-adim-ama-yetmez\/","name":"Olumlu bir ad\u0131m ama yetmez - Bati Ermenistan Ve Bati Ermenileri Sorunlari Ara\u015ftirmalar Merkezi","isPartOf":{"@id":"https:\/\/akunq.net\/turkish\/#website"},"datePublished":"2010-06-28T12:00:19+00:00","author":{"@id":"https:\/\/akunq.net\/turkish\/#\/schema\/person\/135e7923d1aeb8887890799619969a6c"},"breadcrumb":{"@id":"https:\/\/akunq.net\/turkish\/2010\/06\/28\/olumlu-bir-adim-ama-yetmez\/#breadcrumb"},"inLanguage":"en-US","potentialAction":[{"@type":"ReadAction","target":["https:\/\/akunq.net\/turkish\/2010\/06\/28\/olumlu-bir-adim-ama-yetmez\/"]}]},{"@type":"BreadcrumbList","@id":"https:\/\/akunq.net\/turkish\/2010\/06\/28\/olumlu-bir-adim-ama-yetmez\/#breadcrumb","itemListElement":[{"@type":"ListItem","position":1,"name":"Home","item":"https:\/\/akunq.net\/turkish\/"},{"@type":"ListItem","position":2,"name":"Olumlu bir ad\u0131m ama yetmez"}]},{"@type":"WebSite","@id":"https:\/\/akunq.net\/turkish\/#website","url":"https:\/\/akunq.net\/turkish\/","name":"Bati Ermenistan Ve Bati Ermenileri Sorunlari Ara\u015ftirmalar Merkezi","description":"","potentialAction":[{"@type":"SearchAction","target":{"@type":"EntryPoint","urlTemplate":"https:\/\/akunq.net\/turkish\/?s={search_term_string}"},"query-input":{"@type":"PropertyValueSpecification","valueRequired":true,"valueName":"search_term_string"}}],"inLanguage":"en-US"},{"@type":"Person","@id":"https:\/\/akunq.net\/turkish\/#\/schema\/person\/135e7923d1aeb8887890799619969a6c","name":"kalem","image":{"@type":"ImageObject","inLanguage":"en-US","@id":"https:\/\/secure.gravatar.com\/avatar\/a06875e4b25feb5674296adf8e8a7ae1e587cebce2493fe63c456109967e27d3?s=96&d=mm&r=g","url":"https:\/\/secure.gravatar.com\/avatar\/a06875e4b25feb5674296adf8e8a7ae1e587cebce2493fe63c456109967e27d3?s=96&d=mm&r=g","contentUrl":"https:\/\/secure.gravatar.com\/avatar\/a06875e4b25feb5674296adf8e8a7ae1e587cebce2493fe63c456109967e27d3?s=96&d=mm&r=g","caption":"kalem"},"url":"https:\/\/akunq.net\/turkish\/author\/kalem\/"}]}},"_links":{"self":[{"href":"https:\/\/akunq.net\/turkish\/wp-json\/wp\/v2\/posts\/1131","targetHints":{"allow":["GET"]}}],"collection":[{"href":"https:\/\/akunq.net\/turkish\/wp-json\/wp\/v2\/posts"}],"about":[{"href":"https:\/\/akunq.net\/turkish\/wp-json\/wp\/v2\/types\/post"}],"author":[{"embeddable":true,"href":"https:\/\/akunq.net\/turkish\/wp-json\/wp\/v2\/users\/3"}],"replies":[{"embeddable":true,"href":"https:\/\/akunq.net\/turkish\/wp-json\/wp\/v2\/comments?post=1131"}],"version-history":[{"count":0,"href":"https:\/\/akunq.net\/turkish\/wp-json\/wp\/v2\/posts\/1131\/revisions"}],"wp:attachment":[{"href":"https:\/\/akunq.net\/turkish\/wp-json\/wp\/v2\/media?parent=1131"}],"wp:term":[{"taxonomy":"category","embeddable":true,"href":"https:\/\/akunq.net\/turkish\/wp-json\/wp\/v2\/categories?post=1131"},{"taxonomy":"post_tag","embeddable":true,"href":"https:\/\/akunq.net\/turkish\/wp-json\/wp\/v2\/tags?post=1131"}],"curies":[{"name":"wp","href":"https:\/\/api.w.org\/{rel}","templated":true}]}}