{"id":1128,"date":"2010-06-28T02:59:36","date_gmt":"2010-06-28T07:59:36","guid":{"rendered":"http:\/\/akunq.net\/tr\/?p=1128"},"modified":"2010-06-28T02:59:36","modified_gmt":"2010-06-28T07:59:36","slug":"gayrimuslim-acilimi","status":"publish","type":"post","link":"https:\/\/akunq.net\/turkish\/2010\/06\/28\/gayrimuslim-acilimi\/","title":{"rendered":"\u2018Gayrim\u00fcslim\u2019 a\u00e7\u0131l\u0131m\u0131"},"content":{"rendered":"<p style=\"text-align: justify\"><strong><em>H\u00fck\u00fcmet bundan sonra \u2018farkl\u0131 inan\u00e7 gruplar\u0131\u2019 kavram\u0131n\u0131n kullan\u0131laca\u011f\u0131n\u0131 a\u00e7\u0131klad\u0131.<\/em><\/strong><\/p>\n<p style=\"text-align: justify\">H\u00fck\u00fcmetten, \u201cgayrim\u00fcslim\u201d kavram\u0131n\u0131 de\u011fi\u015ftirecek bir ad\u0131m geldi. Devlet Bakan\u0131 ve Ba\u015fm\u00fczakereci Egemen Ba\u011f\u0131\u015f, Avrupa Birli\u011fi Genel Sekreterli\u011fi\u2019nin (ABGS) t\u00fcm resmi yaz\u0131\u015fmalar\u0131nda art\u0131k \u201cgayrim\u00fcslim\u201d yerine \u201cfarkl\u0131 inan\u00e7 gruplar\u0131\u201d kavram\u0131n\u0131 kullanmaya ba\u015flad\u0131klar\u0131n\u0131 a\u00e7\u0131klad\u0131.<\/p>\n<p style=\"text-align: justify\">\u201cGayrim\u00fcslim\u201d kavram\u0131n\u0131n de\u011fi\u015ftirilmesi talebi Ba\u011f\u0131\u015f\u2019a, ge\u00e7en y\u0131l g\u00f6r\u00fc\u015ft\u00fc\u011f\u00fc S\u00fcryani Ortodoks Patrik Vekili Yusuf \u00c7etin taraf\u0131ndan iletildi. Ba\u011f\u0131\u015f, bu talebin ard\u0131ndan \u201cgayrim\u00fcslim\u201d yerine, ABGS b\u00fcnyesinde yeni bir kavram aray\u0131\u015f\u0131na girdiklerini belirterek \u015funlar\u0131 s\u00f6yledi:<\/p>\n<p style=\"text-align: justify\">\u201cSay\u0131n patri\u011fin bu uyar\u0131s\u0131 bizi bu de\u011fi\u015fikli\u011fi yapmak zorunda b\u0131rakt\u0131. Ben de say\u0131n patri\u011fin bu uyar\u0131s\u0131n\u0131 benimsedim. Say\u0131n patrik, bu uyar\u0131y\u0131 yaparken \u2018Bizim konu\u015ftu\u011fumuz dil olan Aramicede de m\u00fcslim inanan anlam\u0131na geliyor. Haliyle biz de bu kavram\u0131 kullan\u0131yoruz. Bu y\u00fczden bizi gayrim\u00fcslim kavram\u0131yla nitelendirdi\u011finizde \u2018inanmayan\u2019 demi\u015f oluyorsunuz\u2019 gerek\u00e7esini ifade etti. Dilbilimsel nitelikli bu a\u00e7\u0131klamas\u0131 sayesinde fark ettik ki bu kavramla hata yap\u0131yoruz. Say\u0131n patri\u011fin uyar\u0131s\u0131 \u00fczerine gayrim\u00fcslim yerine farkl\u0131 inan\u00e7 gruplar\u0131 kavram\u0131n\u0131 g\u00fcndemimize ald\u0131k. Hem bilimsel hem de teolojik nitelikli bu uyar\u0131y\u0131 ve gayrim\u00fcslim yerine farkl\u0131 inan\u00e7 gruplar\u0131 kavram\u0131n\u0131 kabinedeki bakan arkada\u015flar\u0131mla da payla\u015ft\u0131m. Onlardan da olumlu tepki geldi. ABGS\u2019nin t\u00fcm yaz\u0131\u015fmalar\u0131nda bir s\u00fcredir gayrim\u00fcslim yerine farkl\u0131 inan\u00e7 gruplar\u0131 kavram\u0131n\u0131 kullanmaya ba\u015flad\u0131k.\u201d<\/p>\n<p style=\"text-align: justify\"><strong>Az\u0131nl\u0131k kavram\u0131nda Lozan sorunu <\/strong><\/p>\n<p style=\"text-align: justify\">Ba\u011f\u0131\u015f\u2019\u0131n, \u201cT\u00fcrkiye\u2019de kimin k\u00f6klerinin daha eskiye dayand\u0131\u011f\u0131n\u0131n ara\u015ft\u0131rma konusu oldu\u011funu, dolay\u0131s\u0131yla kimin az\u0131nl\u0131k kimin \u00e7o\u011funluk oldu\u011funun tart\u0131\u015fmal\u0131 bir konu oldu\u011fu\u201d g\u00f6r\u00fc\u015f\u00fcyle \u2018az\u0131nl\u0131k\u2019 kavram\u0131na da s\u0131cak bakmad\u0131\u011f\u0131, bunun yerine daha farkl\u0131 bir kavram kullan\u0131lmas\u0131n\u0131 do\u011fru buldu\u011fu \u00f6\u011frenildi. Ancak kavram\u0131n Lozan Antla\u015fmas\u0131\u2019na dayanmas\u0131 ve Lozan belgelerinde yer almas\u0131 nedeniyle ABGS yaz\u0131\u015fmalar\u0131nda az\u0131nl\u0131k yerine yeni bir kavram aray\u0131\u015f\u0131na gidilmedi\u011fi belirtildi.<\/p>\n<p style=\"text-align: justify\"><strong>Erdem G\u00fcl\/Cumhuriyet, <\/strong><strong>26.6.2010<\/strong><strong><\/strong><\/p>\n<p style=\"text-align: justify\"><strong>patronlardunyasi.com <\/strong><strong><\/strong><\/p>\n","protected":false},"excerpt":{"rendered":"<p>H\u00fck\u00fcmet bundan sonra \u2018farkl\u0131 inan\u00e7 gruplar\u0131\u2019 kavram\u0131n\u0131n kullan\u0131laca\u011f\u0131n\u0131 a\u00e7\u0131klad\u0131. H\u00fck\u00fcmetten, \u201cgayrim\u00fcslim\u201d kavram\u0131n\u0131 de\u011fi\u015ftirecek bir ad\u0131m geldi. Devlet Bakan\u0131 ve Ba\u015fm\u00fczakereci Egemen Ba\u011f\u0131\u015f, Avrupa Birli\u011fi Genel Sekreterli\u011fi\u2019nin (ABGS) t\u00fcm resmi yaz\u0131\u015fmalar\u0131nda art\u0131k \u201cgayrim\u00fcslim\u201d yerine \u201cfarkl\u0131 inan\u00e7 gruplar\u0131\u201d kavram\u0131n\u0131 kullanmaya ba\u015flad\u0131klar\u0131n\u0131 a\u00e7\u0131klad\u0131. \u201cGayrim\u00fcslim\u201d kavram\u0131n\u0131n de\u011fi\u015ftirilmesi talebi Ba\u011f\u0131\u015f\u2019a, ge\u00e7en y\u0131l g\u00f6r\u00fc\u015ft\u00fc\u011f\u00fc S\u00fcryani Ortodoks Patrik Vekili Yusuf \u00c7etin taraf\u0131ndan [&hellip;]<\/p>\n","protected":false},"author":3,"featured_media":0,"comment_status":"closed","ping_status":"open","sticky":false,"template":"","format":"standard","meta":{"footnotes":""},"categories":[14],"tags":[],"class_list":["post-1128","post","type-post","status-publish","format-standard","hentry","category-haberler"],"yoast_head":"<!-- This site is optimized with the Yoast SEO plugin v27.4 - https:\/\/yoast.com\/product\/yoast-seo-wordpress\/ -->\n<title>\u2018Gayrim\u00fcslim\u2019 a\u00e7\u0131l\u0131m\u0131 - Bati Ermenistan Ve Bati Ermenileri Sorunlari Ara\u015ftirmalar Merkezi<\/title>\n<meta name=\"robots\" content=\"index, follow, max-snippet:-1, max-image-preview:large, max-video-preview:-1\" \/>\n<link rel=\"canonical\" href=\"https:\/\/akunq.net\/turkish\/2010\/06\/28\/gayrimuslim-acilimi\/\" \/>\n<meta property=\"og:locale\" content=\"en_US\" \/>\n<meta property=\"og:type\" content=\"article\" \/>\n<meta property=\"og:title\" content=\"\u2018Gayrim\u00fcslim\u2019 a\u00e7\u0131l\u0131m\u0131 - Bati Ermenistan Ve Bati Ermenileri Sorunlari Ara\u015ftirmalar Merkezi\" \/>\n<meta property=\"og:description\" content=\"H\u00fck\u00fcmet bundan sonra \u2018farkl\u0131 inan\u00e7 gruplar\u0131\u2019 kavram\u0131n\u0131n kullan\u0131laca\u011f\u0131n\u0131 a\u00e7\u0131klad\u0131. H\u00fck\u00fcmetten, \u201cgayrim\u00fcslim\u201d kavram\u0131n\u0131 de\u011fi\u015ftirecek bir ad\u0131m geldi. Devlet Bakan\u0131 ve Ba\u015fm\u00fczakereci Egemen Ba\u011f\u0131\u015f, Avrupa Birli\u011fi Genel Sekreterli\u011fi\u2019nin (ABGS) t\u00fcm resmi yaz\u0131\u015fmalar\u0131nda art\u0131k \u201cgayrim\u00fcslim\u201d yerine \u201cfarkl\u0131 inan\u00e7 gruplar\u0131\u201d kavram\u0131n\u0131 kullanmaya ba\u015flad\u0131klar\u0131n\u0131 a\u00e7\u0131klad\u0131. \u201cGayrim\u00fcslim\u201d kavram\u0131n\u0131n de\u011fi\u015ftirilmesi talebi Ba\u011f\u0131\u015f\u2019a, ge\u00e7en y\u0131l g\u00f6r\u00fc\u015ft\u00fc\u011f\u00fc S\u00fcryani Ortodoks Patrik Vekili Yusuf \u00c7etin taraf\u0131ndan [&hellip;]\" \/>\n<meta property=\"og:url\" content=\"https:\/\/akunq.net\/turkish\/2010\/06\/28\/gayrimuslim-acilimi\/\" \/>\n<meta property=\"og:site_name\" content=\"Bati Ermenistan Ve Bati Ermenileri Sorunlari Ara\u015ftirmalar Merkezi\" \/>\n<meta property=\"article:published_time\" content=\"2010-06-28T07:59:36+00:00\" \/>\n<meta name=\"author\" content=\"kalem\" \/>\n<meta name=\"twitter:card\" content=\"summary_large_image\" \/>\n<meta name=\"twitter:label1\" content=\"Written by\" \/>\n\t<meta name=\"twitter:data1\" content=\"kalem\" \/>\n\t<meta name=\"twitter:label2\" content=\"Est. reading time\" \/>\n\t<meta name=\"twitter:data2\" content=\"2 minutes\" \/>\n<script type=\"application\/ld+json\" class=\"yoast-schema-graph\">{\"@context\":\"https:\\\/\\\/schema.org\",\"@graph\":[{\"@type\":\"Article\",\"@id\":\"https:\\\/\\\/akunq.net\\\/turkish\\\/2010\\\/06\\\/28\\\/gayrimuslim-acilimi\\\/#article\",\"isPartOf\":{\"@id\":\"https:\\\/\\\/akunq.net\\\/turkish\\\/2010\\\/06\\\/28\\\/gayrimuslim-acilimi\\\/\"},\"author\":{\"name\":\"kalem\",\"@id\":\"https:\\\/\\\/akunq.net\\\/turkish\\\/#\\\/schema\\\/person\\\/135e7923d1aeb8887890799619969a6c\"},\"headline\":\"\u2018Gayrim\u00fcslim\u2019 a\u00e7\u0131l\u0131m\u0131\",\"datePublished\":\"2010-06-28T07:59:36+00:00\",\"mainEntityOfPage\":{\"@id\":\"https:\\\/\\\/akunq.net\\\/turkish\\\/2010\\\/06\\\/28\\\/gayrimuslim-acilimi\\\/\"},\"wordCount\":389,\"articleSection\":[\"Haberler\"],\"inLanguage\":\"en-US\"},{\"@type\":\"WebPage\",\"@id\":\"https:\\\/\\\/akunq.net\\\/turkish\\\/2010\\\/06\\\/28\\\/gayrimuslim-acilimi\\\/\",\"url\":\"https:\\\/\\\/akunq.net\\\/turkish\\\/2010\\\/06\\\/28\\\/gayrimuslim-acilimi\\\/\",\"name\":\"\u2018Gayrim\u00fcslim\u2019 a\u00e7\u0131l\u0131m\u0131 - Bati Ermenistan Ve Bati Ermenileri Sorunlari Ara\u015ftirmalar Merkezi\",\"isPartOf\":{\"@id\":\"https:\\\/\\\/akunq.net\\\/turkish\\\/#website\"},\"datePublished\":\"2010-06-28T07:59:36+00:00\",\"author\":{\"@id\":\"https:\\\/\\\/akunq.net\\\/turkish\\\/#\\\/schema\\\/person\\\/135e7923d1aeb8887890799619969a6c\"},\"breadcrumb\":{\"@id\":\"https:\\\/\\\/akunq.net\\\/turkish\\\/2010\\\/06\\\/28\\\/gayrimuslim-acilimi\\\/#breadcrumb\"},\"inLanguage\":\"en-US\",\"potentialAction\":[{\"@type\":\"ReadAction\",\"target\":[\"https:\\\/\\\/akunq.net\\\/turkish\\\/2010\\\/06\\\/28\\\/gayrimuslim-acilimi\\\/\"]}]},{\"@type\":\"BreadcrumbList\",\"@id\":\"https:\\\/\\\/akunq.net\\\/turkish\\\/2010\\\/06\\\/28\\\/gayrimuslim-acilimi\\\/#breadcrumb\",\"itemListElement\":[{\"@type\":\"ListItem\",\"position\":1,\"name\":\"Home\",\"item\":\"https:\\\/\\\/akunq.net\\\/turkish\\\/\"},{\"@type\":\"ListItem\",\"position\":2,\"name\":\"\u2018Gayrim\u00fcslim\u2019 a\u00e7\u0131l\u0131m\u0131\"}]},{\"@type\":\"WebSite\",\"@id\":\"https:\\\/\\\/akunq.net\\\/turkish\\\/#website\",\"url\":\"https:\\\/\\\/akunq.net\\\/turkish\\\/\",\"name\":\"Bati Ermenistan Ve Bati Ermenileri Sorunlari Ara\u015ftirmalar Merkezi\",\"description\":\"\",\"potentialAction\":[{\"@type\":\"SearchAction\",\"target\":{\"@type\":\"EntryPoint\",\"urlTemplate\":\"https:\\\/\\\/akunq.net\\\/turkish\\\/?s={search_term_string}\"},\"query-input\":{\"@type\":\"PropertyValueSpecification\",\"valueRequired\":true,\"valueName\":\"search_term_string\"}}],\"inLanguage\":\"en-US\"},{\"@type\":\"Person\",\"@id\":\"https:\\\/\\\/akunq.net\\\/turkish\\\/#\\\/schema\\\/person\\\/135e7923d1aeb8887890799619969a6c\",\"name\":\"kalem\",\"image\":{\"@type\":\"ImageObject\",\"inLanguage\":\"en-US\",\"@id\":\"https:\\\/\\\/secure.gravatar.com\\\/avatar\\\/a06875e4b25feb5674296adf8e8a7ae1e587cebce2493fe63c456109967e27d3?s=96&d=mm&r=g\",\"url\":\"https:\\\/\\\/secure.gravatar.com\\\/avatar\\\/a06875e4b25feb5674296adf8e8a7ae1e587cebce2493fe63c456109967e27d3?s=96&d=mm&r=g\",\"contentUrl\":\"https:\\\/\\\/secure.gravatar.com\\\/avatar\\\/a06875e4b25feb5674296adf8e8a7ae1e587cebce2493fe63c456109967e27d3?s=96&d=mm&r=g\",\"caption\":\"kalem\"},\"url\":\"https:\\\/\\\/akunq.net\\\/turkish\\\/author\\\/kalem\\\/\"}]}<\/script>\n<!-- \/ Yoast SEO plugin. -->","yoast_head_json":{"title":"\u2018Gayrim\u00fcslim\u2019 a\u00e7\u0131l\u0131m\u0131 - Bati Ermenistan Ve Bati Ermenileri Sorunlari Ara\u015ftirmalar Merkezi","robots":{"index":"index","follow":"follow","max-snippet":"max-snippet:-1","max-image-preview":"max-image-preview:large","max-video-preview":"max-video-preview:-1"},"canonical":"https:\/\/akunq.net\/turkish\/2010\/06\/28\/gayrimuslim-acilimi\/","og_locale":"en_US","og_type":"article","og_title":"\u2018Gayrim\u00fcslim\u2019 a\u00e7\u0131l\u0131m\u0131 - Bati Ermenistan Ve Bati Ermenileri Sorunlari Ara\u015ftirmalar Merkezi","og_description":"H\u00fck\u00fcmet bundan sonra \u2018farkl\u0131 inan\u00e7 gruplar\u0131\u2019 kavram\u0131n\u0131n kullan\u0131laca\u011f\u0131n\u0131 a\u00e7\u0131klad\u0131. H\u00fck\u00fcmetten, \u201cgayrim\u00fcslim\u201d kavram\u0131n\u0131 de\u011fi\u015ftirecek bir ad\u0131m geldi. Devlet Bakan\u0131 ve Ba\u015fm\u00fczakereci Egemen Ba\u011f\u0131\u015f, Avrupa Birli\u011fi Genel Sekreterli\u011fi\u2019nin (ABGS) t\u00fcm resmi yaz\u0131\u015fmalar\u0131nda art\u0131k \u201cgayrim\u00fcslim\u201d yerine \u201cfarkl\u0131 inan\u00e7 gruplar\u0131\u201d kavram\u0131n\u0131 kullanmaya ba\u015flad\u0131klar\u0131n\u0131 a\u00e7\u0131klad\u0131. \u201cGayrim\u00fcslim\u201d kavram\u0131n\u0131n de\u011fi\u015ftirilmesi talebi Ba\u011f\u0131\u015f\u2019a, ge\u00e7en y\u0131l g\u00f6r\u00fc\u015ft\u00fc\u011f\u00fc S\u00fcryani Ortodoks Patrik Vekili Yusuf \u00c7etin taraf\u0131ndan [&hellip;]","og_url":"https:\/\/akunq.net\/turkish\/2010\/06\/28\/gayrimuslim-acilimi\/","og_site_name":"Bati Ermenistan Ve Bati Ermenileri Sorunlari Ara\u015ftirmalar Merkezi","article_published_time":"2010-06-28T07:59:36+00:00","author":"kalem","twitter_card":"summary_large_image","twitter_misc":{"Written by":"kalem","Est. reading time":"2 minutes"},"schema":{"@context":"https:\/\/schema.org","@graph":[{"@type":"Article","@id":"https:\/\/akunq.net\/turkish\/2010\/06\/28\/gayrimuslim-acilimi\/#article","isPartOf":{"@id":"https:\/\/akunq.net\/turkish\/2010\/06\/28\/gayrimuslim-acilimi\/"},"author":{"name":"kalem","@id":"https:\/\/akunq.net\/turkish\/#\/schema\/person\/135e7923d1aeb8887890799619969a6c"},"headline":"\u2018Gayrim\u00fcslim\u2019 a\u00e7\u0131l\u0131m\u0131","datePublished":"2010-06-28T07:59:36+00:00","mainEntityOfPage":{"@id":"https:\/\/akunq.net\/turkish\/2010\/06\/28\/gayrimuslim-acilimi\/"},"wordCount":389,"articleSection":["Haberler"],"inLanguage":"en-US"},{"@type":"WebPage","@id":"https:\/\/akunq.net\/turkish\/2010\/06\/28\/gayrimuslim-acilimi\/","url":"https:\/\/akunq.net\/turkish\/2010\/06\/28\/gayrimuslim-acilimi\/","name":"\u2018Gayrim\u00fcslim\u2019 a\u00e7\u0131l\u0131m\u0131 - Bati Ermenistan Ve Bati Ermenileri Sorunlari Ara\u015ftirmalar Merkezi","isPartOf":{"@id":"https:\/\/akunq.net\/turkish\/#website"},"datePublished":"2010-06-28T07:59:36+00:00","author":{"@id":"https:\/\/akunq.net\/turkish\/#\/schema\/person\/135e7923d1aeb8887890799619969a6c"},"breadcrumb":{"@id":"https:\/\/akunq.net\/turkish\/2010\/06\/28\/gayrimuslim-acilimi\/#breadcrumb"},"inLanguage":"en-US","potentialAction":[{"@type":"ReadAction","target":["https:\/\/akunq.net\/turkish\/2010\/06\/28\/gayrimuslim-acilimi\/"]}]},{"@type":"BreadcrumbList","@id":"https:\/\/akunq.net\/turkish\/2010\/06\/28\/gayrimuslim-acilimi\/#breadcrumb","itemListElement":[{"@type":"ListItem","position":1,"name":"Home","item":"https:\/\/akunq.net\/turkish\/"},{"@type":"ListItem","position":2,"name":"\u2018Gayrim\u00fcslim\u2019 a\u00e7\u0131l\u0131m\u0131"}]},{"@type":"WebSite","@id":"https:\/\/akunq.net\/turkish\/#website","url":"https:\/\/akunq.net\/turkish\/","name":"Bati Ermenistan Ve Bati Ermenileri Sorunlari Ara\u015ftirmalar Merkezi","description":"","potentialAction":[{"@type":"SearchAction","target":{"@type":"EntryPoint","urlTemplate":"https:\/\/akunq.net\/turkish\/?s={search_term_string}"},"query-input":{"@type":"PropertyValueSpecification","valueRequired":true,"valueName":"search_term_string"}}],"inLanguage":"en-US"},{"@type":"Person","@id":"https:\/\/akunq.net\/turkish\/#\/schema\/person\/135e7923d1aeb8887890799619969a6c","name":"kalem","image":{"@type":"ImageObject","inLanguage":"en-US","@id":"https:\/\/secure.gravatar.com\/avatar\/a06875e4b25feb5674296adf8e8a7ae1e587cebce2493fe63c456109967e27d3?s=96&d=mm&r=g","url":"https:\/\/secure.gravatar.com\/avatar\/a06875e4b25feb5674296adf8e8a7ae1e587cebce2493fe63c456109967e27d3?s=96&d=mm&r=g","contentUrl":"https:\/\/secure.gravatar.com\/avatar\/a06875e4b25feb5674296adf8e8a7ae1e587cebce2493fe63c456109967e27d3?s=96&d=mm&r=g","caption":"kalem"},"url":"https:\/\/akunq.net\/turkish\/author\/kalem\/"}]}},"_links":{"self":[{"href":"https:\/\/akunq.net\/turkish\/wp-json\/wp\/v2\/posts\/1128","targetHints":{"allow":["GET"]}}],"collection":[{"href":"https:\/\/akunq.net\/turkish\/wp-json\/wp\/v2\/posts"}],"about":[{"href":"https:\/\/akunq.net\/turkish\/wp-json\/wp\/v2\/types\/post"}],"author":[{"embeddable":true,"href":"https:\/\/akunq.net\/turkish\/wp-json\/wp\/v2\/users\/3"}],"replies":[{"embeddable":true,"href":"https:\/\/akunq.net\/turkish\/wp-json\/wp\/v2\/comments?post=1128"}],"version-history":[{"count":0,"href":"https:\/\/akunq.net\/turkish\/wp-json\/wp\/v2\/posts\/1128\/revisions"}],"wp:attachment":[{"href":"https:\/\/akunq.net\/turkish\/wp-json\/wp\/v2\/media?parent=1128"}],"wp:term":[{"taxonomy":"category","embeddable":true,"href":"https:\/\/akunq.net\/turkish\/wp-json\/wp\/v2\/categories?post=1128"},{"taxonomy":"post_tag","embeddable":true,"href":"https:\/\/akunq.net\/turkish\/wp-json\/wp\/v2\/tags?post=1128"}],"curies":[{"name":"wp","href":"https:\/\/api.w.org\/{rel}","templated":true}]}}