{"id":1126,"date":"2010-06-28T02:51:33","date_gmt":"2010-06-28T07:51:33","guid":{"rendered":"http:\/\/akunq.net\/tr\/?p=1126"},"modified":"2010-06-28T02:51:33","modified_gmt":"2010-06-28T07:51:33","slug":"medeniyet-ve-lezzetin-baskenti-hatay-gunleri-basladi","status":"publish","type":"post","link":"https:\/\/akunq.net\/turkish\/2010\/06\/28\/medeniyet-ve-lezzetin-baskenti-hatay-gunleri-basladi\/","title":{"rendered":"Medeniyet ve lezzetin ba\u015fkenti Hatay G\u00fcnleri ba\u015flad\u0131"},"content":{"rendered":"<p style=\"text-align: justify\">Lezzetin ve medeniyetlerin ba\u015fkenti Hatay G\u00fcnleri etkinli\u011fi ba\u015flad\u0131. Arap, T\u00fcrk ve Ermeni milletlerinden olu\u015fan ve ge\u00e7mi\u015fi Milat&#8217;tan \u00f6ncelere dayanan medeniyet \u015fehri her y\u00f6n\u00fcyle Ankara&#8217;ya ta\u015f\u0131nd\u0131. 30 Haziran \u00c7ar\u015famba g\u00fcn\u00fcne kadar s\u00fcrecek tan\u0131t\u0131m programlar\u0131nda il\u00e7elerden, k\u00f6ylerine kadar Hatay t\u00fcm k\u00fclt\u00fcrel \u00f6zellikleri ile \u00f6zenle anlat\u0131l\u0131yor. Hatayl\u0131lar\u0131n d\u00fczenledikleri ilk tan\u0131t\u0131m fuar\u0131na ba\u015fta Hatayl\u0131lar olmak \u00fczere Ankara&#8217;da ya\u015fayanlar yo\u011fun ilgi g\u00f6sterdi. Fuar\u0131n a\u00e7\u0131l\u0131\u015f\u0131nda t\u00fcm stantlar\u0131 gezerek hem\u015fehrileriyle kucakla\u015fan Adalet Bakan\u0131 Sadullah Ergin&#8217;i Sanayi Bakan\u0131 Nihat Erg\u00fcn ve milletvekilleri yaln\u0131z b\u0131rakmad\u0131.<\/p>\n<p style=\"text-align: justify\">Adalet Bakan\u0131 Erg\u00fcn konu\u015fmalar\u0131n ard\u0131ndan Hatay Valisi Celalettin Lekesiz, il\u00e7e kaymakamlar\u0131 ve belediye ba\u015fkanlar\u0131 \u00f6nc\u00fcl\u00fc\u011f\u00fcnde milletvekili ve bakanlara Hatay&#8217;\u0131 anlatt\u0131.<\/p>\n<p style=\"text-align: justify\">Hatay tan\u0131t\u0131m g\u00fcnlerine gidenler defne sabunu, Samanda\u011f portakal\u0131, K\u0131r\u0131khan kavunu, ipek dokumac\u0131l\u0131\u011f\u0131, ta\u015f i\u015flemecili\u011fi, T\u00fcrkiye&#8217;nin tek Ermeni k\u00f6y\u00fc Vak\u0131fl\u0131, Hatay&#8217;\u0131n ilk yerle\u015fim yeri \u015eenk\u00f6y beldesinin zeytinya\u011f\u0131, k\u00fcnefe, b\u0131c\u0131 b\u0131c\u0131y\u0131 ve Hatay insanlar\u0131n\u0131n ho\u015fg\u00f6r\u00fcs\u00fcn\u00fc yak\u0131ndan g\u00f6rme f\u0131rsat\u0131 buldu.<\/p>\n<p style=\"text-align: justify\"><em>T\u00dcRK\u0130YE&#8217;N\u0130N \u0130LK ERMEN\u0130 K\u00d6Y\u00dc VAKIFLI <\/em><\/p>\n<p style=\"text-align: justify\"><strong><em>Tarihi yakla\u015f\u0131k 600 y\u0131la dayanan ve T\u00fcrkiye&#8217;de bulunan tek Ermeni K\u00f6y\u00fc Vak\u0131fl\u0131&#8217;da kurdu\u011fu m\u00fctavazi stand\u0131yla fuar alan\u0131nda yerini alm\u0131\u015f.<\/em><\/strong><em> K\u00f6y muhtar\u0131 Ber\u00e7 Kartun, 35 hane ve 130 n\u00fcfuslu k\u00f6y halk\u0131n\u0131n narenciye ve yan \u00fcr\u00fcnleriyle ge\u00e7imini sa\u011flad\u0131\u011f\u0131n\u0131 anlatt\u0131. Standlar\u0131nda \u00f6zellikle organik tar\u0131mla elde edilen \u00fcr\u00fcnleri tan\u0131tan Kartun, bir zamanlar Almanya, Fransa, Hollanda ve \u0130ngiltere&#8217;ye \u00fcr\u00fcn satt\u0131klar\u0131n\u0131 ancak son 2 y\u0131ld\u0131r bunun kesildi\u011fini s\u00f6yledi. K\u00f6yde ya\u015f ortalamas\u0131n\u0131n 60&#8217;\u0131n \u00fczerinde oldu\u011funu anlatan muhtar Kartun 12 muhtar\u0131n kurdu\u011fu folklor ekibinde de yer al\u0131yor. K\u00f6ylerinde gen\u00e7 n\u00fcfus kalmad\u0131\u011f\u0131n\u0131 anlatan Kartun, &#8220;K\u00f6y\u00fcm\u00fczde pansiyon yapt\u0131k. Hatay&#8217;a gelen turistlerin y\u00fczde 70&#8217;i bizi ziyaret eder. Halen faaliyette olan bir kilisemiz var. T\u00fcm kom\u015fu k\u00f6ylerimiz ve insanlar\u0131m\u0131zla hep birlikte ya\u015faman\u0131n en g\u00fczel \u00f6rne\u011fini ya\u015fayarak g\u00f6steriyoruz.&#8221; dedi. <\/em><\/p>\n<p style=\"text-align: justify\"><em>Stantlar\u0131nda nar ek\u015fisi, zeytin ya\u011f\u0131, defne ya\u011f\u0131, sabun \u00e7e\u015fitleri, ceviz, turun\u00e7, b\u00f6\u011f\u00fcrtlen re\u00e7elleri, mandalina \u015furubu, bal ve kekik bulunan Vak\u0131fl\u0131 k\u00f6yl\u00fcler Ankaral\u0131lar\u0131 bekliyor. <\/em><\/p>\n<p style=\"text-align: justify\"><strong>beyazgazete.com<\/strong><\/p>\n<p style=\"text-align: justify\">27.6.2010<\/p>\n","protected":false},"excerpt":{"rendered":"<p>Lezzetin ve medeniyetlerin ba\u015fkenti Hatay G\u00fcnleri etkinli\u011fi ba\u015flad\u0131. Arap, T\u00fcrk ve Ermeni milletlerinden olu\u015fan ve ge\u00e7mi\u015fi Milat&#8217;tan \u00f6ncelere dayanan medeniyet \u015fehri her y\u00f6n\u00fcyle Ankara&#8217;ya ta\u015f\u0131nd\u0131. 30 Haziran \u00c7ar\u015famba g\u00fcn\u00fcne kadar s\u00fcrecek tan\u0131t\u0131m programlar\u0131nda il\u00e7elerden, k\u00f6ylerine kadar Hatay t\u00fcm k\u00fclt\u00fcrel \u00f6zellikleri ile \u00f6zenle anlat\u0131l\u0131yor. Hatayl\u0131lar\u0131n d\u00fczenledikleri ilk tan\u0131t\u0131m fuar\u0131na ba\u015fta Hatayl\u0131lar olmak \u00fczere Ankara&#8217;da ya\u015fayanlar yo\u011fun [&hellip;]<\/p>\n","protected":false},"author":3,"featured_media":0,"comment_status":"closed","ping_status":"open","sticky":false,"template":"","format":"standard","meta":{"footnotes":""},"categories":[14],"tags":[],"class_list":["post-1126","post","type-post","status-publish","format-standard","hentry","category-haberler"],"yoast_head":"<!-- This site is optimized with the Yoast SEO plugin v27.4 - https:\/\/yoast.com\/product\/yoast-seo-wordpress\/ -->\n<title>Medeniyet ve lezzetin ba\u015fkenti Hatay G\u00fcnleri ba\u015flad\u0131 - Bati Ermenistan Ve Bati Ermenileri Sorunlari Ara\u015ftirmalar Merkezi<\/title>\n<meta name=\"robots\" content=\"index, follow, max-snippet:-1, max-image-preview:large, max-video-preview:-1\" \/>\n<link rel=\"canonical\" href=\"https:\/\/akunq.net\/turkish\/2010\/06\/28\/medeniyet-ve-lezzetin-baskenti-hatay-gunleri-basladi\/\" \/>\n<meta property=\"og:locale\" content=\"en_US\" \/>\n<meta property=\"og:type\" content=\"article\" \/>\n<meta property=\"og:title\" content=\"Medeniyet ve lezzetin ba\u015fkenti Hatay G\u00fcnleri ba\u015flad\u0131 - Bati Ermenistan Ve Bati Ermenileri Sorunlari Ara\u015ftirmalar Merkezi\" \/>\n<meta property=\"og:description\" content=\"Lezzetin ve medeniyetlerin ba\u015fkenti Hatay G\u00fcnleri etkinli\u011fi ba\u015flad\u0131. Arap, T\u00fcrk ve Ermeni milletlerinden olu\u015fan ve ge\u00e7mi\u015fi Milat&#8217;tan \u00f6ncelere dayanan medeniyet \u015fehri her y\u00f6n\u00fcyle Ankara&#8217;ya ta\u015f\u0131nd\u0131. 30 Haziran \u00c7ar\u015famba g\u00fcn\u00fcne kadar s\u00fcrecek tan\u0131t\u0131m programlar\u0131nda il\u00e7elerden, k\u00f6ylerine kadar Hatay t\u00fcm k\u00fclt\u00fcrel \u00f6zellikleri ile \u00f6zenle anlat\u0131l\u0131yor. Hatayl\u0131lar\u0131n d\u00fczenledikleri ilk tan\u0131t\u0131m fuar\u0131na ba\u015fta Hatayl\u0131lar olmak \u00fczere Ankara&#8217;da ya\u015fayanlar yo\u011fun [&hellip;]\" \/>\n<meta property=\"og:url\" content=\"https:\/\/akunq.net\/turkish\/2010\/06\/28\/medeniyet-ve-lezzetin-baskenti-hatay-gunleri-basladi\/\" \/>\n<meta property=\"og:site_name\" content=\"Bati Ermenistan Ve Bati Ermenileri Sorunlari Ara\u015ftirmalar Merkezi\" \/>\n<meta property=\"article:published_time\" content=\"2010-06-28T07:51:33+00:00\" \/>\n<meta name=\"author\" content=\"kalem\" \/>\n<meta name=\"twitter:card\" content=\"summary_large_image\" \/>\n<meta name=\"twitter:label1\" content=\"Written by\" \/>\n\t<meta name=\"twitter:data1\" content=\"kalem\" \/>\n\t<meta name=\"twitter:label2\" content=\"Est. reading time\" \/>\n\t<meta name=\"twitter:data2\" content=\"2 minutes\" \/>\n<script type=\"application\/ld+json\" class=\"yoast-schema-graph\">{\"@context\":\"https:\\\/\\\/schema.org\",\"@graph\":[{\"@type\":\"Article\",\"@id\":\"https:\\\/\\\/akunq.net\\\/turkish\\\/2010\\\/06\\\/28\\\/medeniyet-ve-lezzetin-baskenti-hatay-gunleri-basladi\\\/#article\",\"isPartOf\":{\"@id\":\"https:\\\/\\\/akunq.net\\\/turkish\\\/2010\\\/06\\\/28\\\/medeniyet-ve-lezzetin-baskenti-hatay-gunleri-basladi\\\/\"},\"author\":{\"name\":\"kalem\",\"@id\":\"https:\\\/\\\/akunq.net\\\/turkish\\\/#\\\/schema\\\/person\\\/135e7923d1aeb8887890799619969a6c\"},\"headline\":\"Medeniyet ve lezzetin ba\u015fkenti Hatay G\u00fcnleri ba\u015flad\u0131\",\"datePublished\":\"2010-06-28T07:51:33+00:00\",\"mainEntityOfPage\":{\"@id\":\"https:\\\/\\\/akunq.net\\\/turkish\\\/2010\\\/06\\\/28\\\/medeniyet-ve-lezzetin-baskenti-hatay-gunleri-basladi\\\/\"},\"wordCount\":433,\"articleSection\":[\"Haberler\"],\"inLanguage\":\"en-US\"},{\"@type\":\"WebPage\",\"@id\":\"https:\\\/\\\/akunq.net\\\/turkish\\\/2010\\\/06\\\/28\\\/medeniyet-ve-lezzetin-baskenti-hatay-gunleri-basladi\\\/\",\"url\":\"https:\\\/\\\/akunq.net\\\/turkish\\\/2010\\\/06\\\/28\\\/medeniyet-ve-lezzetin-baskenti-hatay-gunleri-basladi\\\/\",\"name\":\"Medeniyet ve lezzetin ba\u015fkenti Hatay G\u00fcnleri ba\u015flad\u0131 - Bati Ermenistan Ve Bati Ermenileri Sorunlari Ara\u015ftirmalar Merkezi\",\"isPartOf\":{\"@id\":\"https:\\\/\\\/akunq.net\\\/turkish\\\/#website\"},\"datePublished\":\"2010-06-28T07:51:33+00:00\",\"author\":{\"@id\":\"https:\\\/\\\/akunq.net\\\/turkish\\\/#\\\/schema\\\/person\\\/135e7923d1aeb8887890799619969a6c\"},\"breadcrumb\":{\"@id\":\"https:\\\/\\\/akunq.net\\\/turkish\\\/2010\\\/06\\\/28\\\/medeniyet-ve-lezzetin-baskenti-hatay-gunleri-basladi\\\/#breadcrumb\"},\"inLanguage\":\"en-US\",\"potentialAction\":[{\"@type\":\"ReadAction\",\"target\":[\"https:\\\/\\\/akunq.net\\\/turkish\\\/2010\\\/06\\\/28\\\/medeniyet-ve-lezzetin-baskenti-hatay-gunleri-basladi\\\/\"]}]},{\"@type\":\"BreadcrumbList\",\"@id\":\"https:\\\/\\\/akunq.net\\\/turkish\\\/2010\\\/06\\\/28\\\/medeniyet-ve-lezzetin-baskenti-hatay-gunleri-basladi\\\/#breadcrumb\",\"itemListElement\":[{\"@type\":\"ListItem\",\"position\":1,\"name\":\"Home\",\"item\":\"https:\\\/\\\/akunq.net\\\/turkish\\\/\"},{\"@type\":\"ListItem\",\"position\":2,\"name\":\"Medeniyet ve lezzetin ba\u015fkenti Hatay G\u00fcnleri ba\u015flad\u0131\"}]},{\"@type\":\"WebSite\",\"@id\":\"https:\\\/\\\/akunq.net\\\/turkish\\\/#website\",\"url\":\"https:\\\/\\\/akunq.net\\\/turkish\\\/\",\"name\":\"Bati Ermenistan Ve Bati Ermenileri Sorunlari Ara\u015ftirmalar Merkezi\",\"description\":\"\",\"potentialAction\":[{\"@type\":\"SearchAction\",\"target\":{\"@type\":\"EntryPoint\",\"urlTemplate\":\"https:\\\/\\\/akunq.net\\\/turkish\\\/?s={search_term_string}\"},\"query-input\":{\"@type\":\"PropertyValueSpecification\",\"valueRequired\":true,\"valueName\":\"search_term_string\"}}],\"inLanguage\":\"en-US\"},{\"@type\":\"Person\",\"@id\":\"https:\\\/\\\/akunq.net\\\/turkish\\\/#\\\/schema\\\/person\\\/135e7923d1aeb8887890799619969a6c\",\"name\":\"kalem\",\"image\":{\"@type\":\"ImageObject\",\"inLanguage\":\"en-US\",\"@id\":\"https:\\\/\\\/secure.gravatar.com\\\/avatar\\\/a06875e4b25feb5674296adf8e8a7ae1e587cebce2493fe63c456109967e27d3?s=96&d=mm&r=g\",\"url\":\"https:\\\/\\\/secure.gravatar.com\\\/avatar\\\/a06875e4b25feb5674296adf8e8a7ae1e587cebce2493fe63c456109967e27d3?s=96&d=mm&r=g\",\"contentUrl\":\"https:\\\/\\\/secure.gravatar.com\\\/avatar\\\/a06875e4b25feb5674296adf8e8a7ae1e587cebce2493fe63c456109967e27d3?s=96&d=mm&r=g\",\"caption\":\"kalem\"},\"url\":\"https:\\\/\\\/akunq.net\\\/turkish\\\/author\\\/kalem\\\/\"}]}<\/script>\n<!-- \/ Yoast SEO plugin. -->","yoast_head_json":{"title":"Medeniyet ve lezzetin ba\u015fkenti Hatay G\u00fcnleri ba\u015flad\u0131 - Bati Ermenistan Ve Bati Ermenileri Sorunlari Ara\u015ftirmalar Merkezi","robots":{"index":"index","follow":"follow","max-snippet":"max-snippet:-1","max-image-preview":"max-image-preview:large","max-video-preview":"max-video-preview:-1"},"canonical":"https:\/\/akunq.net\/turkish\/2010\/06\/28\/medeniyet-ve-lezzetin-baskenti-hatay-gunleri-basladi\/","og_locale":"en_US","og_type":"article","og_title":"Medeniyet ve lezzetin ba\u015fkenti Hatay G\u00fcnleri ba\u015flad\u0131 - Bati Ermenistan Ve Bati Ermenileri Sorunlari Ara\u015ftirmalar Merkezi","og_description":"Lezzetin ve medeniyetlerin ba\u015fkenti Hatay G\u00fcnleri etkinli\u011fi ba\u015flad\u0131. Arap, T\u00fcrk ve Ermeni milletlerinden olu\u015fan ve ge\u00e7mi\u015fi Milat&#8217;tan \u00f6ncelere dayanan medeniyet \u015fehri her y\u00f6n\u00fcyle Ankara&#8217;ya ta\u015f\u0131nd\u0131. 30 Haziran \u00c7ar\u015famba g\u00fcn\u00fcne kadar s\u00fcrecek tan\u0131t\u0131m programlar\u0131nda il\u00e7elerden, k\u00f6ylerine kadar Hatay t\u00fcm k\u00fclt\u00fcrel \u00f6zellikleri ile \u00f6zenle anlat\u0131l\u0131yor. Hatayl\u0131lar\u0131n d\u00fczenledikleri ilk tan\u0131t\u0131m fuar\u0131na ba\u015fta Hatayl\u0131lar olmak \u00fczere Ankara&#8217;da ya\u015fayanlar yo\u011fun [&hellip;]","og_url":"https:\/\/akunq.net\/turkish\/2010\/06\/28\/medeniyet-ve-lezzetin-baskenti-hatay-gunleri-basladi\/","og_site_name":"Bati Ermenistan Ve Bati Ermenileri Sorunlari Ara\u015ftirmalar Merkezi","article_published_time":"2010-06-28T07:51:33+00:00","author":"kalem","twitter_card":"summary_large_image","twitter_misc":{"Written by":"kalem","Est. reading time":"2 minutes"},"schema":{"@context":"https:\/\/schema.org","@graph":[{"@type":"Article","@id":"https:\/\/akunq.net\/turkish\/2010\/06\/28\/medeniyet-ve-lezzetin-baskenti-hatay-gunleri-basladi\/#article","isPartOf":{"@id":"https:\/\/akunq.net\/turkish\/2010\/06\/28\/medeniyet-ve-lezzetin-baskenti-hatay-gunleri-basladi\/"},"author":{"name":"kalem","@id":"https:\/\/akunq.net\/turkish\/#\/schema\/person\/135e7923d1aeb8887890799619969a6c"},"headline":"Medeniyet ve lezzetin ba\u015fkenti Hatay G\u00fcnleri ba\u015flad\u0131","datePublished":"2010-06-28T07:51:33+00:00","mainEntityOfPage":{"@id":"https:\/\/akunq.net\/turkish\/2010\/06\/28\/medeniyet-ve-lezzetin-baskenti-hatay-gunleri-basladi\/"},"wordCount":433,"articleSection":["Haberler"],"inLanguage":"en-US"},{"@type":"WebPage","@id":"https:\/\/akunq.net\/turkish\/2010\/06\/28\/medeniyet-ve-lezzetin-baskenti-hatay-gunleri-basladi\/","url":"https:\/\/akunq.net\/turkish\/2010\/06\/28\/medeniyet-ve-lezzetin-baskenti-hatay-gunleri-basladi\/","name":"Medeniyet ve lezzetin ba\u015fkenti Hatay G\u00fcnleri ba\u015flad\u0131 - Bati Ermenistan Ve Bati Ermenileri Sorunlari Ara\u015ftirmalar Merkezi","isPartOf":{"@id":"https:\/\/akunq.net\/turkish\/#website"},"datePublished":"2010-06-28T07:51:33+00:00","author":{"@id":"https:\/\/akunq.net\/turkish\/#\/schema\/person\/135e7923d1aeb8887890799619969a6c"},"breadcrumb":{"@id":"https:\/\/akunq.net\/turkish\/2010\/06\/28\/medeniyet-ve-lezzetin-baskenti-hatay-gunleri-basladi\/#breadcrumb"},"inLanguage":"en-US","potentialAction":[{"@type":"ReadAction","target":["https:\/\/akunq.net\/turkish\/2010\/06\/28\/medeniyet-ve-lezzetin-baskenti-hatay-gunleri-basladi\/"]}]},{"@type":"BreadcrumbList","@id":"https:\/\/akunq.net\/turkish\/2010\/06\/28\/medeniyet-ve-lezzetin-baskenti-hatay-gunleri-basladi\/#breadcrumb","itemListElement":[{"@type":"ListItem","position":1,"name":"Home","item":"https:\/\/akunq.net\/turkish\/"},{"@type":"ListItem","position":2,"name":"Medeniyet ve lezzetin ba\u015fkenti Hatay G\u00fcnleri ba\u015flad\u0131"}]},{"@type":"WebSite","@id":"https:\/\/akunq.net\/turkish\/#website","url":"https:\/\/akunq.net\/turkish\/","name":"Bati Ermenistan Ve Bati Ermenileri Sorunlari Ara\u015ftirmalar Merkezi","description":"","potentialAction":[{"@type":"SearchAction","target":{"@type":"EntryPoint","urlTemplate":"https:\/\/akunq.net\/turkish\/?s={search_term_string}"},"query-input":{"@type":"PropertyValueSpecification","valueRequired":true,"valueName":"search_term_string"}}],"inLanguage":"en-US"},{"@type":"Person","@id":"https:\/\/akunq.net\/turkish\/#\/schema\/person\/135e7923d1aeb8887890799619969a6c","name":"kalem","image":{"@type":"ImageObject","inLanguage":"en-US","@id":"https:\/\/secure.gravatar.com\/avatar\/a06875e4b25feb5674296adf8e8a7ae1e587cebce2493fe63c456109967e27d3?s=96&d=mm&r=g","url":"https:\/\/secure.gravatar.com\/avatar\/a06875e4b25feb5674296adf8e8a7ae1e587cebce2493fe63c456109967e27d3?s=96&d=mm&r=g","contentUrl":"https:\/\/secure.gravatar.com\/avatar\/a06875e4b25feb5674296adf8e8a7ae1e587cebce2493fe63c456109967e27d3?s=96&d=mm&r=g","caption":"kalem"},"url":"https:\/\/akunq.net\/turkish\/author\/kalem\/"}]}},"_links":{"self":[{"href":"https:\/\/akunq.net\/turkish\/wp-json\/wp\/v2\/posts\/1126","targetHints":{"allow":["GET"]}}],"collection":[{"href":"https:\/\/akunq.net\/turkish\/wp-json\/wp\/v2\/posts"}],"about":[{"href":"https:\/\/akunq.net\/turkish\/wp-json\/wp\/v2\/types\/post"}],"author":[{"embeddable":true,"href":"https:\/\/akunq.net\/turkish\/wp-json\/wp\/v2\/users\/3"}],"replies":[{"embeddable":true,"href":"https:\/\/akunq.net\/turkish\/wp-json\/wp\/v2\/comments?post=1126"}],"version-history":[{"count":0,"href":"https:\/\/akunq.net\/turkish\/wp-json\/wp\/v2\/posts\/1126\/revisions"}],"wp:attachment":[{"href":"https:\/\/akunq.net\/turkish\/wp-json\/wp\/v2\/media?parent=1126"}],"wp:term":[{"taxonomy":"category","embeddable":true,"href":"https:\/\/akunq.net\/turkish\/wp-json\/wp\/v2\/categories?post=1126"},{"taxonomy":"post_tag","embeddable":true,"href":"https:\/\/akunq.net\/turkish\/wp-json\/wp\/v2\/tags?post=1126"}],"curies":[{"name":"wp","href":"https:\/\/api.w.org\/{rel}","templated":true}]}}