{"id":1113,"date":"2010-06-26T03:30:50","date_gmt":"2010-06-26T08:30:50","guid":{"rendered":"http:\/\/akunq.net\/tr\/?p=1113"},"modified":"2010-06-26T03:30:50","modified_gmt":"2010-06-26T08:30:50","slug":"turk-dil","status":"publish","type":"post","link":"https:\/\/akunq.net\/turkish\/2010\/06\/26\/turk-dil\/","title":{"rendered":"RT\u00dcK\u2019ten \u2018Teke Tek\u2019e ceza"},"content":{"rendered":"<p style=\"text-align: justify\"><strong>Radyo ve Televizyon \u00dcst Kurulu (RT\u00dcK), tart\u0131\u015fma programlar\u0131na darbe niteli\u011finde bir kararla Fatih Altayl\u0131\u2019n\u0131n haz\u0131rlay\u0131p sundu\u011fu \u2018Teke Tek\u2019 program\u0131na yay\u0131n durdurma cezas\u0131 verdi.<\/strong><\/p>\n<p style=\"text-align: justify\">Program\u0131n konuklar\u0131ndan yazar Sevan Ni\u015fanyan\u2019\u0131n T\u00fcrkiye Cumhuriyeti\u2019ni k\u00fc\u00e7\u00fck d\u00fc\u015f\u00fcr\u00fcc\u00fc s\u00f6zler sarfetti\u011fini \u00f6ne s\u00fcren RT\u00dcK, \u015fok karar\u0131n gerek\u00e7esi olarak da bu s\u00f6zler kar\u015f\u0131s\u0131nda moderat\u00f6r konumundaki Fatih Altayl\u0131\u2019n\u0131n yerine Ni\u015fanyan\u2019la tart\u0131\u015fmak \u00fczere st\u00fcdyoda bulunan Prof. Yusuf Hala\u00e7o\u011flu\u2019nun yan\u0131t vermesini g\u00f6sterdi.<\/p>\n<p style=\"text-align: justify\">S\u00f6z konusu program Ermeni Tasar\u0131s\u0131\u2019n\u0131n ABD Temsilciler Meclisi D\u0131\u015f \u0130li\u015fkiler Komitesi taraf\u0131ndan kabul edildi\u011fi d\u00f6nemde ger\u00e7ekle\u015ftirilmi\u015f ve d\u00fcnyan\u0131n tart\u0131\u015ft\u0131\u011f\u0131 bu konuda g\u00f6r\u00fc\u015flerini bildirmek \u00fczere yazar Sevan Ni\u015fanyan ile T\u00fcrk Tarih Kurumu eski Ba\u015fkan\u0131 Prof. Yusuf Hala\u00e7o\u011flu kar\u015f\u0131 kar\u015f\u0131ya gelmi\u015fti. RT\u00dcK\u2019\u00fcn program hakk\u0131nda verdi\u011fi ceza karar\u0131nda Ni\u015fanyan\u2019\u0131n ortaya att\u0131\u011f\u0131 t\u00fcm fikirlerin kar\u015f\u0131t g\u00f6r\u00fc\u015f\u00fc Hala\u00e7o\u011flu taraf\u0131ndan dile getirilmi\u015f, moderat\u00f6r konumundaki Fatih Altayl\u0131 ortaya at\u0131lan t\u00fcm iddialarla ilgili olarak Hala\u00e7o\u011flu\u2019nun yan\u0131t\u0131n\u0131 da alm\u0131\u015ft\u0131.<strong> <\/strong><\/p>\n<p style=\"text-align: justify\"><strong>Taraf <\/strong><em>&#8211; Istanbul &#8211; <\/em>25.06.2010<\/p>\n","protected":false},"excerpt":{"rendered":"<p>Radyo ve Televizyon \u00dcst Kurulu (RT\u00dcK), tart\u0131\u015fma programlar\u0131na darbe niteli\u011finde bir kararla Fatih Altayl\u0131\u2019n\u0131n haz\u0131rlay\u0131p sundu\u011fu \u2018Teke Tek\u2019 program\u0131na yay\u0131n durdurma cezas\u0131 verdi. Program\u0131n konuklar\u0131ndan yazar Sevan Ni\u015fanyan\u2019\u0131n T\u00fcrkiye Cumhuriyeti\u2019ni k\u00fc\u00e7\u00fck d\u00fc\u015f\u00fcr\u00fcc\u00fc s\u00f6zler sarfetti\u011fini \u00f6ne s\u00fcren RT\u00dcK, \u015fok karar\u0131n gerek\u00e7esi olarak da bu s\u00f6zler kar\u015f\u0131s\u0131nda moderat\u00f6r konumundaki Fatih Altayl\u0131\u2019n\u0131n yerine Ni\u015fanyan\u2019la tart\u0131\u015fmak \u00fczere st\u00fcdyoda bulunan [&hellip;]<\/p>\n","protected":false},"author":3,"featured_media":0,"comment_status":"closed","ping_status":"open","sticky":false,"template":"","format":"standard","meta":{"footnotes":""},"categories":[14],"tags":[],"class_list":["post-1113","post","type-post","status-publish","format-standard","hentry","category-haberler"],"yoast_head":"<!-- This site is optimized with the Yoast SEO plugin v27.4 - https:\/\/yoast.com\/product\/yoast-seo-wordpress\/ -->\n<title>RT\u00dcK\u2019ten \u2018Teke Tek\u2019e ceza - Bati Ermenistan Ve Bati Ermenileri Sorunlari Ara\u015ftirmalar Merkezi<\/title>\n<meta name=\"robots\" content=\"index, follow, max-snippet:-1, max-image-preview:large, max-video-preview:-1\" \/>\n<link rel=\"canonical\" href=\"https:\/\/akunq.net\/turkish\/2010\/06\/26\/turk-dil\/\" \/>\n<meta property=\"og:locale\" content=\"en_US\" \/>\n<meta property=\"og:type\" content=\"article\" \/>\n<meta property=\"og:title\" content=\"RT\u00dcK\u2019ten \u2018Teke Tek\u2019e ceza - Bati Ermenistan Ve Bati Ermenileri Sorunlari Ara\u015ftirmalar Merkezi\" \/>\n<meta property=\"og:description\" content=\"Radyo ve Televizyon \u00dcst Kurulu (RT\u00dcK), tart\u0131\u015fma programlar\u0131na darbe niteli\u011finde bir kararla Fatih Altayl\u0131\u2019n\u0131n haz\u0131rlay\u0131p sundu\u011fu \u2018Teke Tek\u2019 program\u0131na yay\u0131n durdurma cezas\u0131 verdi. Program\u0131n konuklar\u0131ndan yazar Sevan Ni\u015fanyan\u2019\u0131n T\u00fcrkiye Cumhuriyeti\u2019ni k\u00fc\u00e7\u00fck d\u00fc\u015f\u00fcr\u00fcc\u00fc s\u00f6zler sarfetti\u011fini \u00f6ne s\u00fcren RT\u00dcK, \u015fok karar\u0131n gerek\u00e7esi olarak da bu s\u00f6zler kar\u015f\u0131s\u0131nda moderat\u00f6r konumundaki Fatih Altayl\u0131\u2019n\u0131n yerine Ni\u015fanyan\u2019la tart\u0131\u015fmak \u00fczere st\u00fcdyoda bulunan [&hellip;]\" \/>\n<meta property=\"og:url\" content=\"https:\/\/akunq.net\/turkish\/2010\/06\/26\/turk-dil\/\" \/>\n<meta property=\"og:site_name\" content=\"Bati Ermenistan Ve Bati Ermenileri Sorunlari Ara\u015ftirmalar Merkezi\" \/>\n<meta property=\"article:published_time\" content=\"2010-06-26T08:30:50+00:00\" \/>\n<meta name=\"author\" content=\"kalem\" \/>\n<meta name=\"twitter:card\" content=\"summary_large_image\" \/>\n<meta name=\"twitter:label1\" content=\"Written by\" \/>\n\t<meta name=\"twitter:data1\" content=\"kalem\" \/>\n\t<meta name=\"twitter:label2\" content=\"Est. reading time\" \/>\n\t<meta name=\"twitter:data2\" content=\"1 minute\" \/>\n<script type=\"application\/ld+json\" class=\"yoast-schema-graph\">{\"@context\":\"https:\\\/\\\/schema.org\",\"@graph\":[{\"@type\":\"Article\",\"@id\":\"https:\\\/\\\/akunq.net\\\/turkish\\\/2010\\\/06\\\/26\\\/turk-dil\\\/#article\",\"isPartOf\":{\"@id\":\"https:\\\/\\\/akunq.net\\\/turkish\\\/2010\\\/06\\\/26\\\/turk-dil\\\/\"},\"author\":{\"name\":\"kalem\",\"@id\":\"https:\\\/\\\/akunq.net\\\/turkish\\\/#\\\/schema\\\/person\\\/135e7923d1aeb8887890799619969a6c\"},\"headline\":\"RT\u00dcK\u2019ten \u2018Teke Tek\u2019e ceza\",\"datePublished\":\"2010-06-26T08:30:50+00:00\",\"mainEntityOfPage\":{\"@id\":\"https:\\\/\\\/akunq.net\\\/turkish\\\/2010\\\/06\\\/26\\\/turk-dil\\\/\"},\"wordCount\":227,\"articleSection\":[\"Haberler\"],\"inLanguage\":\"en-US\"},{\"@type\":\"WebPage\",\"@id\":\"https:\\\/\\\/akunq.net\\\/turkish\\\/2010\\\/06\\\/26\\\/turk-dil\\\/\",\"url\":\"https:\\\/\\\/akunq.net\\\/turkish\\\/2010\\\/06\\\/26\\\/turk-dil\\\/\",\"name\":\"RT\u00dcK\u2019ten \u2018Teke Tek\u2019e ceza - Bati Ermenistan Ve Bati Ermenileri Sorunlari Ara\u015ftirmalar Merkezi\",\"isPartOf\":{\"@id\":\"https:\\\/\\\/akunq.net\\\/turkish\\\/#website\"},\"datePublished\":\"2010-06-26T08:30:50+00:00\",\"author\":{\"@id\":\"https:\\\/\\\/akunq.net\\\/turkish\\\/#\\\/schema\\\/person\\\/135e7923d1aeb8887890799619969a6c\"},\"breadcrumb\":{\"@id\":\"https:\\\/\\\/akunq.net\\\/turkish\\\/2010\\\/06\\\/26\\\/turk-dil\\\/#breadcrumb\"},\"inLanguage\":\"en-US\",\"potentialAction\":[{\"@type\":\"ReadAction\",\"target\":[\"https:\\\/\\\/akunq.net\\\/turkish\\\/2010\\\/06\\\/26\\\/turk-dil\\\/\"]}]},{\"@type\":\"BreadcrumbList\",\"@id\":\"https:\\\/\\\/akunq.net\\\/turkish\\\/2010\\\/06\\\/26\\\/turk-dil\\\/#breadcrumb\",\"itemListElement\":[{\"@type\":\"ListItem\",\"position\":1,\"name\":\"Home\",\"item\":\"https:\\\/\\\/akunq.net\\\/turkish\\\/\"},{\"@type\":\"ListItem\",\"position\":2,\"name\":\"RT\u00dcK\u2019ten \u2018Teke Tek\u2019e ceza\"}]},{\"@type\":\"WebSite\",\"@id\":\"https:\\\/\\\/akunq.net\\\/turkish\\\/#website\",\"url\":\"https:\\\/\\\/akunq.net\\\/turkish\\\/\",\"name\":\"Bati Ermenistan Ve Bati Ermenileri Sorunlari Ara\u015ftirmalar Merkezi\",\"description\":\"\",\"potentialAction\":[{\"@type\":\"SearchAction\",\"target\":{\"@type\":\"EntryPoint\",\"urlTemplate\":\"https:\\\/\\\/akunq.net\\\/turkish\\\/?s={search_term_string}\"},\"query-input\":{\"@type\":\"PropertyValueSpecification\",\"valueRequired\":true,\"valueName\":\"search_term_string\"}}],\"inLanguage\":\"en-US\"},{\"@type\":\"Person\",\"@id\":\"https:\\\/\\\/akunq.net\\\/turkish\\\/#\\\/schema\\\/person\\\/135e7923d1aeb8887890799619969a6c\",\"name\":\"kalem\",\"image\":{\"@type\":\"ImageObject\",\"inLanguage\":\"en-US\",\"@id\":\"https:\\\/\\\/secure.gravatar.com\\\/avatar\\\/a06875e4b25feb5674296adf8e8a7ae1e587cebce2493fe63c456109967e27d3?s=96&d=mm&r=g\",\"url\":\"https:\\\/\\\/secure.gravatar.com\\\/avatar\\\/a06875e4b25feb5674296adf8e8a7ae1e587cebce2493fe63c456109967e27d3?s=96&d=mm&r=g\",\"contentUrl\":\"https:\\\/\\\/secure.gravatar.com\\\/avatar\\\/a06875e4b25feb5674296adf8e8a7ae1e587cebce2493fe63c456109967e27d3?s=96&d=mm&r=g\",\"caption\":\"kalem\"},\"url\":\"https:\\\/\\\/akunq.net\\\/turkish\\\/author\\\/kalem\\\/\"}]}<\/script>\n<!-- \/ Yoast SEO plugin. -->","yoast_head_json":{"title":"RT\u00dcK\u2019ten \u2018Teke Tek\u2019e ceza - Bati Ermenistan Ve Bati Ermenileri Sorunlari Ara\u015ftirmalar Merkezi","robots":{"index":"index","follow":"follow","max-snippet":"max-snippet:-1","max-image-preview":"max-image-preview:large","max-video-preview":"max-video-preview:-1"},"canonical":"https:\/\/akunq.net\/turkish\/2010\/06\/26\/turk-dil\/","og_locale":"en_US","og_type":"article","og_title":"RT\u00dcK\u2019ten \u2018Teke Tek\u2019e ceza - Bati Ermenistan Ve Bati Ermenileri Sorunlari Ara\u015ftirmalar Merkezi","og_description":"Radyo ve Televizyon \u00dcst Kurulu (RT\u00dcK), tart\u0131\u015fma programlar\u0131na darbe niteli\u011finde bir kararla Fatih Altayl\u0131\u2019n\u0131n haz\u0131rlay\u0131p sundu\u011fu \u2018Teke Tek\u2019 program\u0131na yay\u0131n durdurma cezas\u0131 verdi. Program\u0131n konuklar\u0131ndan yazar Sevan Ni\u015fanyan\u2019\u0131n T\u00fcrkiye Cumhuriyeti\u2019ni k\u00fc\u00e7\u00fck d\u00fc\u015f\u00fcr\u00fcc\u00fc s\u00f6zler sarfetti\u011fini \u00f6ne s\u00fcren RT\u00dcK, \u015fok karar\u0131n gerek\u00e7esi olarak da bu s\u00f6zler kar\u015f\u0131s\u0131nda moderat\u00f6r konumundaki Fatih Altayl\u0131\u2019n\u0131n yerine Ni\u015fanyan\u2019la tart\u0131\u015fmak \u00fczere st\u00fcdyoda bulunan [&hellip;]","og_url":"https:\/\/akunq.net\/turkish\/2010\/06\/26\/turk-dil\/","og_site_name":"Bati Ermenistan Ve Bati Ermenileri Sorunlari Ara\u015ftirmalar Merkezi","article_published_time":"2010-06-26T08:30:50+00:00","author":"kalem","twitter_card":"summary_large_image","twitter_misc":{"Written by":"kalem","Est. reading time":"1 minute"},"schema":{"@context":"https:\/\/schema.org","@graph":[{"@type":"Article","@id":"https:\/\/akunq.net\/turkish\/2010\/06\/26\/turk-dil\/#article","isPartOf":{"@id":"https:\/\/akunq.net\/turkish\/2010\/06\/26\/turk-dil\/"},"author":{"name":"kalem","@id":"https:\/\/akunq.net\/turkish\/#\/schema\/person\/135e7923d1aeb8887890799619969a6c"},"headline":"RT\u00dcK\u2019ten \u2018Teke Tek\u2019e ceza","datePublished":"2010-06-26T08:30:50+00:00","mainEntityOfPage":{"@id":"https:\/\/akunq.net\/turkish\/2010\/06\/26\/turk-dil\/"},"wordCount":227,"articleSection":["Haberler"],"inLanguage":"en-US"},{"@type":"WebPage","@id":"https:\/\/akunq.net\/turkish\/2010\/06\/26\/turk-dil\/","url":"https:\/\/akunq.net\/turkish\/2010\/06\/26\/turk-dil\/","name":"RT\u00dcK\u2019ten \u2018Teke Tek\u2019e ceza - Bati Ermenistan Ve Bati Ermenileri Sorunlari Ara\u015ftirmalar Merkezi","isPartOf":{"@id":"https:\/\/akunq.net\/turkish\/#website"},"datePublished":"2010-06-26T08:30:50+00:00","author":{"@id":"https:\/\/akunq.net\/turkish\/#\/schema\/person\/135e7923d1aeb8887890799619969a6c"},"breadcrumb":{"@id":"https:\/\/akunq.net\/turkish\/2010\/06\/26\/turk-dil\/#breadcrumb"},"inLanguage":"en-US","potentialAction":[{"@type":"ReadAction","target":["https:\/\/akunq.net\/turkish\/2010\/06\/26\/turk-dil\/"]}]},{"@type":"BreadcrumbList","@id":"https:\/\/akunq.net\/turkish\/2010\/06\/26\/turk-dil\/#breadcrumb","itemListElement":[{"@type":"ListItem","position":1,"name":"Home","item":"https:\/\/akunq.net\/turkish\/"},{"@type":"ListItem","position":2,"name":"RT\u00dcK\u2019ten \u2018Teke Tek\u2019e ceza"}]},{"@type":"WebSite","@id":"https:\/\/akunq.net\/turkish\/#website","url":"https:\/\/akunq.net\/turkish\/","name":"Bati Ermenistan Ve Bati Ermenileri Sorunlari Ara\u015ftirmalar Merkezi","description":"","potentialAction":[{"@type":"SearchAction","target":{"@type":"EntryPoint","urlTemplate":"https:\/\/akunq.net\/turkish\/?s={search_term_string}"},"query-input":{"@type":"PropertyValueSpecification","valueRequired":true,"valueName":"search_term_string"}}],"inLanguage":"en-US"},{"@type":"Person","@id":"https:\/\/akunq.net\/turkish\/#\/schema\/person\/135e7923d1aeb8887890799619969a6c","name":"kalem","image":{"@type":"ImageObject","inLanguage":"en-US","@id":"https:\/\/secure.gravatar.com\/avatar\/a06875e4b25feb5674296adf8e8a7ae1e587cebce2493fe63c456109967e27d3?s=96&d=mm&r=g","url":"https:\/\/secure.gravatar.com\/avatar\/a06875e4b25feb5674296adf8e8a7ae1e587cebce2493fe63c456109967e27d3?s=96&d=mm&r=g","contentUrl":"https:\/\/secure.gravatar.com\/avatar\/a06875e4b25feb5674296adf8e8a7ae1e587cebce2493fe63c456109967e27d3?s=96&d=mm&r=g","caption":"kalem"},"url":"https:\/\/akunq.net\/turkish\/author\/kalem\/"}]}},"_links":{"self":[{"href":"https:\/\/akunq.net\/turkish\/wp-json\/wp\/v2\/posts\/1113","targetHints":{"allow":["GET"]}}],"collection":[{"href":"https:\/\/akunq.net\/turkish\/wp-json\/wp\/v2\/posts"}],"about":[{"href":"https:\/\/akunq.net\/turkish\/wp-json\/wp\/v2\/types\/post"}],"author":[{"embeddable":true,"href":"https:\/\/akunq.net\/turkish\/wp-json\/wp\/v2\/users\/3"}],"replies":[{"embeddable":true,"href":"https:\/\/akunq.net\/turkish\/wp-json\/wp\/v2\/comments?post=1113"}],"version-history":[{"count":0,"href":"https:\/\/akunq.net\/turkish\/wp-json\/wp\/v2\/posts\/1113\/revisions"}],"wp:attachment":[{"href":"https:\/\/akunq.net\/turkish\/wp-json\/wp\/v2\/media?parent=1113"}],"wp:term":[{"taxonomy":"category","embeddable":true,"href":"https:\/\/akunq.net\/turkish\/wp-json\/wp\/v2\/categories?post=1113"},{"taxonomy":"post_tag","embeddable":true,"href":"https:\/\/akunq.net\/turkish\/wp-json\/wp\/v2\/tags?post=1113"}],"curies":[{"name":"wp","href":"https:\/\/api.w.org\/{rel}","templated":true}]}}