{"id":1094,"date":"2010-06-25T00:08:10","date_gmt":"2010-06-25T05:08:10","guid":{"rendered":"http:\/\/akunq.net\/tr\/?p=1094"},"modified":"2010-06-25T00:08:10","modified_gmt":"2010-06-25T05:08:10","slug":"turk-dil-kurumundan-ermeni-vatandas-acilimi","status":"publish","type":"post","link":"https:\/\/akunq.net\/turkish\/2010\/06\/25\/turk-dil-kurumundan-ermeni-vatandas-acilimi\/","title":{"rendered":"T\u00fcrk Dil Kurumu&#8217;ndan Ermeni vatanda\u015f a\u00e7\u0131l\u0131m\u0131"},"content":{"rendered":"<p style=\"text-align: justify\">T\u00fcrk Dil Kurumu (TDK), haz\u0131rlayaca\u011f\u0131 5 y\u0131ll\u0131k stratejik plan\u0131n olu\u015fturulmas\u0131 i\u00e7in yap\u0131lan Payda\u015f De\u011ferlendirme Toplant\u0131s\u0131&#8217;na yazar Sevan Ni\u015fanyan&#8217;\u0131 da davet etti.<\/p>\n<p style=\"text-align: justify\">T\u00fcrk dili uzman\u0131 olan Ni\u015fanyan, toplant\u0131ya kat\u0131ld\u0131. Agop Martayan, Atat\u00fcrk&#8217;\u00fcn ba\u015fkanl\u0131\u011f\u0131nda ger\u00e7ekle\u015ftirilen Birinci T\u00fcrk Dil Konferans\u0131&#8217;na davet edilmi\u015f ve T\u00fcrk Dil Kurumu&#8217;nun ilk genel sekreteri olmu\u015ftu. Ni\u015fanyan, y\u0131llar sonra b\u00f6yle bir toplant\u0131ya davet edilen ilk Ermeni vatanda\u015f oldu.<\/p>\n<p style=\"text-align: justify\">TDK Ba\u015fkan\u0131 Prof. Dr. \u015e\u00fckr\u00fc Haluk Akal\u0131n, Ni\u015fanyan&#8217;\u0131n g\u00f6r\u00fc\u015flerinden faydaland\u0131klar\u0131n\u0131, bundan sonra d\u00fczenlenecek toplant\u0131lara da davet edeceklerini belirtti. Ni\u015fanyan da, TDK&#8217;n\u0131n ileride d\u00fczenlenecek toplant\u0131lar\u0131na da kat\u0131lmak istedi\u011fini belirtti. Yaz\u0131lar\u0131nda TDK&#8217;y\u0131 s\u00fcrekli olarak ele\u015ftiren Ni\u015fanyan&#8217;\u0131n yan\u0131 s\u0131ra Feyza Hep\u00e7ilingirler, Mustafa \u015eerif Onaran, Ay\u015fenur Yaz\u0131c\u0131 gibi isimler de TDK&#8217;n\u0131n &#8216;stratejik plan\u0131&#8217;n\u0131n olu\u015fturulmas\u0131 i\u00e7in d\u00fczenlenen toplant\u0131lara kat\u0131ld\u0131.<\/p>\n<p style=\"text-align: justify\">Ba\u015fkan Akal\u0131n, kurum olarak &#8216;stratejik plan&#8217;a &#8216;\u0130zlem Tasar\u0131m\u0131&#8217; kar\u015f\u0131l\u0131\u011f\u0131n\u0131 verdiklerini hat\u0131rlatt\u0131. Akal\u0131n, &#8220;\u015eimdi de yeni d\u00f6nemin \u0130zlem Tasar\u0131m\u0131&#8217;n\u0131 haz\u0131rl\u0131yoruz. 2012-2016 y\u0131llar\u0131 aras\u0131nda kurumumuzun yapaca\u011f\u0131 \u00e7al\u0131\u015fmalar\u0131 belirlemek amac\u0131yla da ba\u015flatt\u0131\u011f\u0131m\u0131z yeni d\u00f6nem tasar\u0131m\u0131nda kurumumuzun \u00e7al\u0131\u015fmalar\u0131ndan yararlanan, etkilenen ki\u015filerin, yani payda\u015flar\u0131n da g\u00f6r\u00fc\u015flerinin al\u0131nmas\u0131 gerekiyordu.&#8221; dedi. Ba\u015fkan Akal\u0131n, kat\u0131l\u0131mc\u0131lar\u0131n toplant\u0131n\u0131n birinci b\u00f6l\u00fcm\u00fcnde TDK ile ilgili ele\u015ftirilerini a\u00e7\u0131k\u00e7a dile getirdi\u011fini s\u00f6yledi.<\/p>\n<p style=\"text-align: justify\"><strong>ASLIHAN AYDIN,<\/strong> ANKARA<\/p>\n<p style=\"text-align: justify\"><strong>zaman.com.tr<\/strong>, 24.6.2010<\/p>\n","protected":false},"excerpt":{"rendered":"<p>T\u00fcrk Dil Kurumu (TDK), haz\u0131rlayaca\u011f\u0131 5 y\u0131ll\u0131k stratejik plan\u0131n olu\u015fturulmas\u0131 i\u00e7in yap\u0131lan Payda\u015f De\u011ferlendirme Toplant\u0131s\u0131&#8217;na yazar Sevan Ni\u015fanyan&#8217;\u0131 da davet etti. T\u00fcrk dili uzman\u0131 olan Ni\u015fanyan, toplant\u0131ya kat\u0131ld\u0131. Agop Martayan, Atat\u00fcrk&#8217;\u00fcn ba\u015fkanl\u0131\u011f\u0131nda ger\u00e7ekle\u015ftirilen Birinci T\u00fcrk Dil Konferans\u0131&#8217;na davet edilmi\u015f ve T\u00fcrk Dil Kurumu&#8217;nun ilk genel sekreteri olmu\u015ftu. Ni\u015fanyan, y\u0131llar sonra b\u00f6yle bir toplant\u0131ya davet edilen [&hellip;]<\/p>\n","protected":false},"author":3,"featured_media":0,"comment_status":"closed","ping_status":"open","sticky":false,"template":"","format":"standard","meta":{"footnotes":""},"categories":[14],"tags":[],"class_list":["post-1094","post","type-post","status-publish","format-standard","hentry","category-haberler"],"yoast_head":"<!-- This site is optimized with the Yoast SEO plugin v27.4 - https:\/\/yoast.com\/product\/yoast-seo-wordpress\/ -->\n<title>T\u00fcrk Dil Kurumu&#039;ndan Ermeni vatanda\u015f a\u00e7\u0131l\u0131m\u0131 - Bati Ermenistan Ve Bati Ermenileri Sorunlari Ara\u015ftirmalar Merkezi<\/title>\n<meta name=\"robots\" content=\"index, follow, max-snippet:-1, max-image-preview:large, max-video-preview:-1\" \/>\n<link rel=\"canonical\" href=\"https:\/\/akunq.net\/turkish\/2010\/06\/25\/turk-dil-kurumundan-ermeni-vatandas-acilimi\/\" \/>\n<meta property=\"og:locale\" content=\"en_US\" \/>\n<meta property=\"og:type\" content=\"article\" \/>\n<meta property=\"og:title\" content=\"T\u00fcrk Dil Kurumu&#039;ndan Ermeni vatanda\u015f a\u00e7\u0131l\u0131m\u0131 - Bati Ermenistan Ve Bati Ermenileri Sorunlari Ara\u015ftirmalar Merkezi\" \/>\n<meta property=\"og:description\" content=\"T\u00fcrk Dil Kurumu (TDK), haz\u0131rlayaca\u011f\u0131 5 y\u0131ll\u0131k stratejik plan\u0131n olu\u015fturulmas\u0131 i\u00e7in yap\u0131lan Payda\u015f De\u011ferlendirme Toplant\u0131s\u0131&#8217;na yazar Sevan Ni\u015fanyan&#8217;\u0131 da davet etti. T\u00fcrk dili uzman\u0131 olan Ni\u015fanyan, toplant\u0131ya kat\u0131ld\u0131. Agop Martayan, Atat\u00fcrk&#8217;\u00fcn ba\u015fkanl\u0131\u011f\u0131nda ger\u00e7ekle\u015ftirilen Birinci T\u00fcrk Dil Konferans\u0131&#8217;na davet edilmi\u015f ve T\u00fcrk Dil Kurumu&#8217;nun ilk genel sekreteri olmu\u015ftu. Ni\u015fanyan, y\u0131llar sonra b\u00f6yle bir toplant\u0131ya davet edilen [&hellip;]\" \/>\n<meta property=\"og:url\" content=\"https:\/\/akunq.net\/turkish\/2010\/06\/25\/turk-dil-kurumundan-ermeni-vatandas-acilimi\/\" \/>\n<meta property=\"og:site_name\" content=\"Bati Ermenistan Ve Bati Ermenileri Sorunlari Ara\u015ftirmalar Merkezi\" \/>\n<meta property=\"article:published_time\" content=\"2010-06-25T05:08:10+00:00\" \/>\n<meta name=\"author\" content=\"kalem\" \/>\n<meta name=\"twitter:card\" content=\"summary_large_image\" \/>\n<meta name=\"twitter:label1\" content=\"Written by\" \/>\n\t<meta name=\"twitter:data1\" content=\"kalem\" \/>\n\t<meta name=\"twitter:label2\" content=\"Est. reading time\" \/>\n\t<meta name=\"twitter:data2\" content=\"1 minute\" \/>\n<script type=\"application\/ld+json\" class=\"yoast-schema-graph\">{\"@context\":\"https:\\\/\\\/schema.org\",\"@graph\":[{\"@type\":\"Article\",\"@id\":\"https:\\\/\\\/akunq.net\\\/turkish\\\/2010\\\/06\\\/25\\\/turk-dil-kurumundan-ermeni-vatandas-acilimi\\\/#article\",\"isPartOf\":{\"@id\":\"https:\\\/\\\/akunq.net\\\/turkish\\\/2010\\\/06\\\/25\\\/turk-dil-kurumundan-ermeni-vatandas-acilimi\\\/\"},\"author\":{\"name\":\"kalem\",\"@id\":\"https:\\\/\\\/akunq.net\\\/turkish\\\/#\\\/schema\\\/person\\\/135e7923d1aeb8887890799619969a6c\"},\"headline\":\"T\u00fcrk Dil Kurumu&#8217;ndan Ermeni vatanda\u015f a\u00e7\u0131l\u0131m\u0131\",\"datePublished\":\"2010-06-25T05:08:10+00:00\",\"mainEntityOfPage\":{\"@id\":\"https:\\\/\\\/akunq.net\\\/turkish\\\/2010\\\/06\\\/25\\\/turk-dil-kurumundan-ermeni-vatandas-acilimi\\\/\"},\"wordCount\":298,\"articleSection\":[\"Haberler\"],\"inLanguage\":\"en-US\"},{\"@type\":\"WebPage\",\"@id\":\"https:\\\/\\\/akunq.net\\\/turkish\\\/2010\\\/06\\\/25\\\/turk-dil-kurumundan-ermeni-vatandas-acilimi\\\/\",\"url\":\"https:\\\/\\\/akunq.net\\\/turkish\\\/2010\\\/06\\\/25\\\/turk-dil-kurumundan-ermeni-vatandas-acilimi\\\/\",\"name\":\"T\u00fcrk Dil Kurumu'ndan Ermeni vatanda\u015f a\u00e7\u0131l\u0131m\u0131 - Bati Ermenistan Ve Bati Ermenileri Sorunlari Ara\u015ftirmalar Merkezi\",\"isPartOf\":{\"@id\":\"https:\\\/\\\/akunq.net\\\/turkish\\\/#website\"},\"datePublished\":\"2010-06-25T05:08:10+00:00\",\"author\":{\"@id\":\"https:\\\/\\\/akunq.net\\\/turkish\\\/#\\\/schema\\\/person\\\/135e7923d1aeb8887890799619969a6c\"},\"breadcrumb\":{\"@id\":\"https:\\\/\\\/akunq.net\\\/turkish\\\/2010\\\/06\\\/25\\\/turk-dil-kurumundan-ermeni-vatandas-acilimi\\\/#breadcrumb\"},\"inLanguage\":\"en-US\",\"potentialAction\":[{\"@type\":\"ReadAction\",\"target\":[\"https:\\\/\\\/akunq.net\\\/turkish\\\/2010\\\/06\\\/25\\\/turk-dil-kurumundan-ermeni-vatandas-acilimi\\\/\"]}]},{\"@type\":\"BreadcrumbList\",\"@id\":\"https:\\\/\\\/akunq.net\\\/turkish\\\/2010\\\/06\\\/25\\\/turk-dil-kurumundan-ermeni-vatandas-acilimi\\\/#breadcrumb\",\"itemListElement\":[{\"@type\":\"ListItem\",\"position\":1,\"name\":\"Home\",\"item\":\"https:\\\/\\\/akunq.net\\\/turkish\\\/\"},{\"@type\":\"ListItem\",\"position\":2,\"name\":\"T\u00fcrk Dil Kurumu&#8217;ndan Ermeni vatanda\u015f a\u00e7\u0131l\u0131m\u0131\"}]},{\"@type\":\"WebSite\",\"@id\":\"https:\\\/\\\/akunq.net\\\/turkish\\\/#website\",\"url\":\"https:\\\/\\\/akunq.net\\\/turkish\\\/\",\"name\":\"Bati Ermenistan Ve Bati Ermenileri Sorunlari Ara\u015ftirmalar Merkezi\",\"description\":\"\",\"potentialAction\":[{\"@type\":\"SearchAction\",\"target\":{\"@type\":\"EntryPoint\",\"urlTemplate\":\"https:\\\/\\\/akunq.net\\\/turkish\\\/?s={search_term_string}\"},\"query-input\":{\"@type\":\"PropertyValueSpecification\",\"valueRequired\":true,\"valueName\":\"search_term_string\"}}],\"inLanguage\":\"en-US\"},{\"@type\":\"Person\",\"@id\":\"https:\\\/\\\/akunq.net\\\/turkish\\\/#\\\/schema\\\/person\\\/135e7923d1aeb8887890799619969a6c\",\"name\":\"kalem\",\"image\":{\"@type\":\"ImageObject\",\"inLanguage\":\"en-US\",\"@id\":\"https:\\\/\\\/secure.gravatar.com\\\/avatar\\\/a06875e4b25feb5674296adf8e8a7ae1e587cebce2493fe63c456109967e27d3?s=96&d=mm&r=g\",\"url\":\"https:\\\/\\\/secure.gravatar.com\\\/avatar\\\/a06875e4b25feb5674296adf8e8a7ae1e587cebce2493fe63c456109967e27d3?s=96&d=mm&r=g\",\"contentUrl\":\"https:\\\/\\\/secure.gravatar.com\\\/avatar\\\/a06875e4b25feb5674296adf8e8a7ae1e587cebce2493fe63c456109967e27d3?s=96&d=mm&r=g\",\"caption\":\"kalem\"},\"url\":\"https:\\\/\\\/akunq.net\\\/turkish\\\/author\\\/kalem\\\/\"}]}<\/script>\n<!-- \/ Yoast SEO plugin. -->","yoast_head_json":{"title":"T\u00fcrk Dil Kurumu'ndan Ermeni vatanda\u015f a\u00e7\u0131l\u0131m\u0131 - Bati Ermenistan Ve Bati Ermenileri Sorunlari Ara\u015ftirmalar Merkezi","robots":{"index":"index","follow":"follow","max-snippet":"max-snippet:-1","max-image-preview":"max-image-preview:large","max-video-preview":"max-video-preview:-1"},"canonical":"https:\/\/akunq.net\/turkish\/2010\/06\/25\/turk-dil-kurumundan-ermeni-vatandas-acilimi\/","og_locale":"en_US","og_type":"article","og_title":"T\u00fcrk Dil Kurumu'ndan Ermeni vatanda\u015f a\u00e7\u0131l\u0131m\u0131 - Bati Ermenistan Ve Bati Ermenileri Sorunlari Ara\u015ftirmalar Merkezi","og_description":"T\u00fcrk Dil Kurumu (TDK), haz\u0131rlayaca\u011f\u0131 5 y\u0131ll\u0131k stratejik plan\u0131n olu\u015fturulmas\u0131 i\u00e7in yap\u0131lan Payda\u015f De\u011ferlendirme Toplant\u0131s\u0131&#8217;na yazar Sevan Ni\u015fanyan&#8217;\u0131 da davet etti. T\u00fcrk dili uzman\u0131 olan Ni\u015fanyan, toplant\u0131ya kat\u0131ld\u0131. Agop Martayan, Atat\u00fcrk&#8217;\u00fcn ba\u015fkanl\u0131\u011f\u0131nda ger\u00e7ekle\u015ftirilen Birinci T\u00fcrk Dil Konferans\u0131&#8217;na davet edilmi\u015f ve T\u00fcrk Dil Kurumu&#8217;nun ilk genel sekreteri olmu\u015ftu. Ni\u015fanyan, y\u0131llar sonra b\u00f6yle bir toplant\u0131ya davet edilen [&hellip;]","og_url":"https:\/\/akunq.net\/turkish\/2010\/06\/25\/turk-dil-kurumundan-ermeni-vatandas-acilimi\/","og_site_name":"Bati Ermenistan Ve Bati Ermenileri Sorunlari Ara\u015ftirmalar Merkezi","article_published_time":"2010-06-25T05:08:10+00:00","author":"kalem","twitter_card":"summary_large_image","twitter_misc":{"Written by":"kalem","Est. reading time":"1 minute"},"schema":{"@context":"https:\/\/schema.org","@graph":[{"@type":"Article","@id":"https:\/\/akunq.net\/turkish\/2010\/06\/25\/turk-dil-kurumundan-ermeni-vatandas-acilimi\/#article","isPartOf":{"@id":"https:\/\/akunq.net\/turkish\/2010\/06\/25\/turk-dil-kurumundan-ermeni-vatandas-acilimi\/"},"author":{"name":"kalem","@id":"https:\/\/akunq.net\/turkish\/#\/schema\/person\/135e7923d1aeb8887890799619969a6c"},"headline":"T\u00fcrk Dil Kurumu&#8217;ndan Ermeni vatanda\u015f a\u00e7\u0131l\u0131m\u0131","datePublished":"2010-06-25T05:08:10+00:00","mainEntityOfPage":{"@id":"https:\/\/akunq.net\/turkish\/2010\/06\/25\/turk-dil-kurumundan-ermeni-vatandas-acilimi\/"},"wordCount":298,"articleSection":["Haberler"],"inLanguage":"en-US"},{"@type":"WebPage","@id":"https:\/\/akunq.net\/turkish\/2010\/06\/25\/turk-dil-kurumundan-ermeni-vatandas-acilimi\/","url":"https:\/\/akunq.net\/turkish\/2010\/06\/25\/turk-dil-kurumundan-ermeni-vatandas-acilimi\/","name":"T\u00fcrk Dil Kurumu'ndan Ermeni vatanda\u015f a\u00e7\u0131l\u0131m\u0131 - Bati Ermenistan Ve Bati Ermenileri Sorunlari Ara\u015ftirmalar Merkezi","isPartOf":{"@id":"https:\/\/akunq.net\/turkish\/#website"},"datePublished":"2010-06-25T05:08:10+00:00","author":{"@id":"https:\/\/akunq.net\/turkish\/#\/schema\/person\/135e7923d1aeb8887890799619969a6c"},"breadcrumb":{"@id":"https:\/\/akunq.net\/turkish\/2010\/06\/25\/turk-dil-kurumundan-ermeni-vatandas-acilimi\/#breadcrumb"},"inLanguage":"en-US","potentialAction":[{"@type":"ReadAction","target":["https:\/\/akunq.net\/turkish\/2010\/06\/25\/turk-dil-kurumundan-ermeni-vatandas-acilimi\/"]}]},{"@type":"BreadcrumbList","@id":"https:\/\/akunq.net\/turkish\/2010\/06\/25\/turk-dil-kurumundan-ermeni-vatandas-acilimi\/#breadcrumb","itemListElement":[{"@type":"ListItem","position":1,"name":"Home","item":"https:\/\/akunq.net\/turkish\/"},{"@type":"ListItem","position":2,"name":"T\u00fcrk Dil Kurumu&#8217;ndan Ermeni vatanda\u015f a\u00e7\u0131l\u0131m\u0131"}]},{"@type":"WebSite","@id":"https:\/\/akunq.net\/turkish\/#website","url":"https:\/\/akunq.net\/turkish\/","name":"Bati Ermenistan Ve Bati Ermenileri Sorunlari Ara\u015ftirmalar Merkezi","description":"","potentialAction":[{"@type":"SearchAction","target":{"@type":"EntryPoint","urlTemplate":"https:\/\/akunq.net\/turkish\/?s={search_term_string}"},"query-input":{"@type":"PropertyValueSpecification","valueRequired":true,"valueName":"search_term_string"}}],"inLanguage":"en-US"},{"@type":"Person","@id":"https:\/\/akunq.net\/turkish\/#\/schema\/person\/135e7923d1aeb8887890799619969a6c","name":"kalem","image":{"@type":"ImageObject","inLanguage":"en-US","@id":"https:\/\/secure.gravatar.com\/avatar\/a06875e4b25feb5674296adf8e8a7ae1e587cebce2493fe63c456109967e27d3?s=96&d=mm&r=g","url":"https:\/\/secure.gravatar.com\/avatar\/a06875e4b25feb5674296adf8e8a7ae1e587cebce2493fe63c456109967e27d3?s=96&d=mm&r=g","contentUrl":"https:\/\/secure.gravatar.com\/avatar\/a06875e4b25feb5674296adf8e8a7ae1e587cebce2493fe63c456109967e27d3?s=96&d=mm&r=g","caption":"kalem"},"url":"https:\/\/akunq.net\/turkish\/author\/kalem\/"}]}},"_links":{"self":[{"href":"https:\/\/akunq.net\/turkish\/wp-json\/wp\/v2\/posts\/1094","targetHints":{"allow":["GET"]}}],"collection":[{"href":"https:\/\/akunq.net\/turkish\/wp-json\/wp\/v2\/posts"}],"about":[{"href":"https:\/\/akunq.net\/turkish\/wp-json\/wp\/v2\/types\/post"}],"author":[{"embeddable":true,"href":"https:\/\/akunq.net\/turkish\/wp-json\/wp\/v2\/users\/3"}],"replies":[{"embeddable":true,"href":"https:\/\/akunq.net\/turkish\/wp-json\/wp\/v2\/comments?post=1094"}],"version-history":[{"count":0,"href":"https:\/\/akunq.net\/turkish\/wp-json\/wp\/v2\/posts\/1094\/revisions"}],"wp:attachment":[{"href":"https:\/\/akunq.net\/turkish\/wp-json\/wp\/v2\/media?parent=1094"}],"wp:term":[{"taxonomy":"category","embeddable":true,"href":"https:\/\/akunq.net\/turkish\/wp-json\/wp\/v2\/categories?post=1094"},{"taxonomy":"post_tag","embeddable":true,"href":"https:\/\/akunq.net\/turkish\/wp-json\/wp\/v2\/tags?post=1094"}],"curies":[{"name":"wp","href":"https:\/\/api.w.org\/{rel}","templated":true}]}}