{"id":1090,"date":"2010-06-24T06:56:06","date_gmt":"2010-06-24T11:56:06","guid":{"rendered":"http:\/\/akunq.net\/tr\/?p=1090"},"modified":"2010-06-24T06:56:06","modified_gmt":"2010-06-24T11:56:06","slug":"bakan-gunay-saroyan-muzesini-mezara-gomdu","status":"publish","type":"post","link":"https:\/\/akunq.net\/turkish\/2010\/06\/24\/bakan-gunay-saroyan-muzesini-mezara-gomdu\/","title":{"rendered":"Bakan G\u00fcnay Saroyan M\u00fczesini Mezara G\u00f6md\u00fc"},"content":{"rendered":"<p style=\"text-align: justify\"><strong>Deng\u00e9 Bitlis Gazetesinin yapt\u0131\u011f\u0131 bilgi edinme ba\u015fvurusuna &#8220;T.C. K\u00fclt\u00fcr ve Turizm Bakanl\u0131\u011f\u0131 Strateji Geli\u015ftirme Ba\u015fkanl\u0131\u011f\u0131&#8221; taraf\u0131ndan cevap verilerek, &#8220;Saroyan\u2019\u0131n ya\u015fad\u0131\u011f\u0131 evi bilen kimsenin bulunamad\u0131\u011f\u0131, Tapu Kadastro M\u00fcd\u00fcrl\u00fc\u011f\u00fc ile yap\u0131lan yaz\u0131\u015fmalar neticesinde de her hangi bir tapu kayd\u0131na rastlanamamas\u0131 nedeniyle Bakanl\u0131k taraf\u0131ndan hi\u00e7bir \u00e7al\u0131\u015fman\u0131n yap\u0131lamayaca\u011f\u0131&#8221; belirtildi.<\/strong><\/p>\n<p style=\"text-align: justify\">Saroyan Ailesi&#8217;nin ya\u015fam\u0131\u015f oldu\u011fu Bitlis\u2019te Saroyan M\u00fczesi kurulaca\u011f\u0131n\u0131 vaat eden T\u00fcrkiye K\u00fclt\u00fcr Bakan\u0131 Ertu\u011frul G\u00fcnay\u2019\u0131n \u201cs\u00f6z\u00fc\u201d, b\u00fcrokrasinin tozlu raflar\u0131nda kald\u0131. 20. y\u00fczy\u0131l Amerikan Edebiyat\u0131\u2019n\u0131n en b\u00fcy\u00fck yazarlar\u0131ndan biri kabul edilen Saroyan\u2019\u0131n do\u011fumunun 100. y\u0131l\u0131 m\u00fcnasebetiyle 2008, UNESCO taraf\u0131ndan \u201cSaroyan Y\u0131l\u0131\u201d ilan edilmi\u015f, ayn\u0131 y\u0131l Bitlis\u2019e gelen Ertu\u011frul G\u00fcnay\u2019\u0131n da bir Saroyan M\u00fczesi s\u00f6z\u00fc vermi\u015fti.\u00a0\u00a0\u00a0\u00a0\u00a0\u00a0\u00a0\u00a0\u00a0\u00a0\u00a0\u00a0<\/p>\n<p style=\"text-align: justify\">Konuyla ilgili olarak,\u00a0Deng\u00e9 Bitlis Gazetesine\u00a0yapt\u0131\u011f\u0131 bilgi edinme ba\u015fvurusuna &#8220;T.C. K\u00fclt\u00fcr ve Turizm Bakanl\u0131\u011f\u0131 Strateji Geli\u015ftirme Ba\u015fkanl\u0131\u011f\u0131&#8221; taraf\u0131ndan cevap verilerek, &#8220;Saroyan\u2019\u0131n ya\u015fad\u0131\u011f\u0131 evi bilen kimsenin bulunamad\u0131\u011f\u0131, Tapu Kadastro M\u00fcd\u00fcrl\u00fc\u011f\u00fc ile yap\u0131lan yaz\u0131\u015fmalar neticesinde de her hangi bir tapu kayd\u0131na rastlanamamas\u0131 nedeniyle Bakanl\u0131k taraf\u0131ndan verilen cevapta, &#8220;William SAROYAN ad\u0131na \u00f6zel m\u00fcze kurulmas\u0131 istendi\u011fi takdirde 2863 say\u0131l\u0131 &#8216;K\u00fclt\u00fcr ve Tabiat Varl\u0131klar\u0131n\u0131 Koruma Kanunu&#8217;nun 26&#8217;\u0131nc\u0131 maddesi ve buna ba\u011fl\u0131 olarak \u00e7\u0131kar\u0131lan, &#8216;\u00d6zel M\u00fczeler ve Denetimleri Hakk\u0131ndaki Y\u00f6netmelik H\u00fck\u00fcmleri&#8217; do\u011frultusunda, \u00f6zel veya t\u00fczel ki\u015filer taraf\u0131ndan ba\u015fvuruda bulunulmas\u0131 halinde gerekli de\u011ferlendirmede bulunulabilecektir&#8221; denildi.\u00a0\u00a0<\/p>\n<p style=\"text-align: justify\"><strong>F\u0130KRET OTYAM: BAKANLIK BAKMAMI\u015e K\u0130 G\u00d6RS\u00dcN<\/strong>\u00a0\u00a0\u00a0\u00a0\u00a0\u00a0\u00a0\u00a0\u00a0\u00a0\u00a0\u00a0<\/p>\n<p style=\"text-align: justify\">1964 y\u0131l\u0131nda Bitlis\u2019e gelen ve gezisinde kendisine e\u015flik eden Gazeteci Fikret Otyam ise ya\u015fanan olay\u0131n dramatik oldu\u011funu belirterek,\u201d Bakanl\u0131k oyun oynamay\u0131 bilmiyor anla\u015f\u0131lan. Bo\u015f yere kabahet bulmas\u0131n\u201d diyerek tepkisini g\u00f6sterdi. William Saroyan\u2019\u0131n annesinin vasiyeti \u00fczerine geldi\u011fi Bitlis\u2019te kendisine e\u015flik etmenin memnuniyetini e\u015fsiz olarak nitelendiren Otyam, \u201cBakanl\u0131k Saroyan ad\u0131na m\u00fcze yapmaya niyetli idiyse ve tan\u0131klar\u0131 ar\u0131yorlarsa dan\u0131\u015facaklar\u0131 insanlardan biri ben olmal\u0131yd\u0131m. Buna kar\u015f\u0131n konuyla ilgili bug\u00fcne kadar bana her hangi bir konuda g\u00f6r\u00fc\u015f\u00fcm sorulmad\u0131 \u201ddedi. O d\u00f6nemde \u00e7ekilen y\u00fczlerce foto\u011fraf bulundu\u011funa dikkat \u00e7eken Fikret Otyam, istenmesi halinde \u015fahitlere gereksinim duymadan s\u00f6z konusu evin tahmini yerinin foto\u011fraflardan bulman\u0131n m\u00fcmk\u00fcn oldu\u011funu s\u00f6yledi.\u00a0\u00a0<\/p>\n<p style=\"text-align: justify\"><strong>BELED\u0130YE\u2019N\u0130N G\u00d6REV\u0130 SAROYAN \u0130SM\u0130N\u0130 B\u0130R SOKA\u011eA VERMEKT\u0130R<\/strong>\u00a0\u00a0\u00a0\u00a0\u00a0\u00a0\u00a0\u00a0\u00a0\u00a0\u00a0\u00a0<\/p>\n<p style=\"text-align: justify\">William Saroyan\u2019\u0131n do\u011fumundan 3 y\u0131l \u00f6nce ailesinin Bitlis\u2019ten ta\u015f\u0131nd\u0131\u011f\u0131na dikkat \u00e7eken Otyam, aile ad\u0131na bir tapu bulunmas\u0131n\u0131n \u015fartlar gere\u011fi m\u00fcmk\u00fcn olmad\u0131\u011f\u0131n\u0131 belirterek ilgin\u00e7 bir \u00f6neride bulundu. Bakanl\u0131\u011f\u0131n samimiyet testi olarak nitelendirdi\u011fi g\u00f6r\u00fc\u015f\u00fcn\u00fc , \u201cMadem evi bulunamad\u0131, o zaman ad\u0131na bir b\u00fcst yap\u0131labilir ya da bir soka\u011fa Saroyan\u2019\u0131n ad\u0131 verilebilir. Bakanl\u0131k bunu yapm\u0131yorsa Bitlis Halk\u0131 hem\u015fehrilerine vefalar\u0131n\u0131 g\u00f6stererek kendileri de yapabilir\u201d dedi. Bitlis halk\u0131n\u0131n b\u00f6ylesi bir giri\u015fimde bulunmas\u0131 ve evi olmasa bile belirlenebilecek bir noktada kurulacak M\u00fcze\u2019nin Bitlis\u2019i d\u00fcnyaya tan\u0131taca\u011f\u0131na vurgu yapan Otyam, giri\u015fimin ger\u00e7ekle\u015ftirilmesi halinde her y\u0131l binlerce yabanc\u0131 turistin Bitlis\u2019e gelmesinin ve ekonomik de\u011fer sa\u011flamas\u0131n\u0131n m\u00fcmk\u00fcn oldu\u011funu belirtti.<\/p>\n<p style=\"text-align: justify\">\u00a021 Haziran 2010 Pazartesi 22:32<\/p>\n<p style=\"text-align: justify\"><a href=\"http:\/\/www.bitlisnews.com\/bakan-gunay-saroyan-muzesini-mezara-gomdu-haber,183.html\">http:\/\/www.bitlisnews.com\/bakan-gunay-saroyan-muzesini-mezara-gomdu-haber,183.html<\/a><\/p>\n","protected":false},"excerpt":{"rendered":"<p>Deng\u00e9 Bitlis Gazetesinin yapt\u0131\u011f\u0131 bilgi edinme ba\u015fvurusuna &#8220;T.C. K\u00fclt\u00fcr ve Turizm Bakanl\u0131\u011f\u0131 Strateji Geli\u015ftirme Ba\u015fkanl\u0131\u011f\u0131&#8221; taraf\u0131ndan cevap verilerek, &#8220;Saroyan\u2019\u0131n ya\u015fad\u0131\u011f\u0131 evi bilen kimsenin bulunamad\u0131\u011f\u0131, Tapu Kadastro M\u00fcd\u00fcrl\u00fc\u011f\u00fc ile yap\u0131lan yaz\u0131\u015fmalar neticesinde de her hangi bir tapu kayd\u0131na rastlanamamas\u0131 nedeniyle Bakanl\u0131k taraf\u0131ndan hi\u00e7bir \u00e7al\u0131\u015fman\u0131n yap\u0131lamayaca\u011f\u0131&#8221; belirtildi. Saroyan Ailesi&#8217;nin ya\u015fam\u0131\u015f oldu\u011fu Bitlis\u2019te Saroyan M\u00fczesi kurulaca\u011f\u0131n\u0131 vaat eden [&hellip;]<\/p>\n","protected":false},"author":3,"featured_media":0,"comment_status":"closed","ping_status":"open","sticky":false,"template":"","format":"standard","meta":{"footnotes":""},"categories":[14],"tags":[],"class_list":["post-1090","post","type-post","status-publish","format-standard","hentry","category-haberler"],"yoast_head":"<!-- This site is optimized with the Yoast SEO plugin v27.4 - https:\/\/yoast.com\/product\/yoast-seo-wordpress\/ -->\n<title>Bakan G\u00fcnay Saroyan M\u00fczesini Mezara G\u00f6md\u00fc - Bati Ermenistan Ve Bati Ermenileri Sorunlari Ara\u015ftirmalar Merkezi<\/title>\n<meta name=\"robots\" content=\"index, follow, max-snippet:-1, max-image-preview:large, max-video-preview:-1\" \/>\n<link rel=\"canonical\" href=\"https:\/\/akunq.net\/turkish\/2010\/06\/24\/bakan-gunay-saroyan-muzesini-mezara-gomdu\/\" \/>\n<meta property=\"og:locale\" content=\"en_US\" \/>\n<meta property=\"og:type\" content=\"article\" \/>\n<meta property=\"og:title\" content=\"Bakan G\u00fcnay Saroyan M\u00fczesini Mezara G\u00f6md\u00fc - Bati Ermenistan Ve Bati Ermenileri Sorunlari Ara\u015ftirmalar Merkezi\" \/>\n<meta property=\"og:description\" content=\"Deng\u00e9 Bitlis Gazetesinin yapt\u0131\u011f\u0131 bilgi edinme ba\u015fvurusuna &#8220;T.C. K\u00fclt\u00fcr ve Turizm Bakanl\u0131\u011f\u0131 Strateji Geli\u015ftirme Ba\u015fkanl\u0131\u011f\u0131&#8221; taraf\u0131ndan cevap verilerek, &#8220;Saroyan\u2019\u0131n ya\u015fad\u0131\u011f\u0131 evi bilen kimsenin bulunamad\u0131\u011f\u0131, Tapu Kadastro M\u00fcd\u00fcrl\u00fc\u011f\u00fc ile yap\u0131lan yaz\u0131\u015fmalar neticesinde de her hangi bir tapu kayd\u0131na rastlanamamas\u0131 nedeniyle Bakanl\u0131k taraf\u0131ndan hi\u00e7bir \u00e7al\u0131\u015fman\u0131n yap\u0131lamayaca\u011f\u0131&#8221; belirtildi. Saroyan Ailesi&#8217;nin ya\u015fam\u0131\u015f oldu\u011fu Bitlis\u2019te Saroyan M\u00fczesi kurulaca\u011f\u0131n\u0131 vaat eden [&hellip;]\" \/>\n<meta property=\"og:url\" content=\"https:\/\/akunq.net\/turkish\/2010\/06\/24\/bakan-gunay-saroyan-muzesini-mezara-gomdu\/\" \/>\n<meta property=\"og:site_name\" content=\"Bati Ermenistan Ve Bati Ermenileri Sorunlari Ara\u015ftirmalar Merkezi\" \/>\n<meta property=\"article:published_time\" content=\"2010-06-24T11:56:06+00:00\" \/>\n<meta name=\"author\" content=\"kalem\" \/>\n<meta name=\"twitter:card\" content=\"summary_large_image\" \/>\n<meta name=\"twitter:label1\" content=\"Written by\" \/>\n\t<meta name=\"twitter:data1\" content=\"kalem\" \/>\n\t<meta name=\"twitter:label2\" content=\"Est. reading time\" \/>\n\t<meta name=\"twitter:data2\" content=\"3 minutes\" \/>\n<script type=\"application\/ld+json\" class=\"yoast-schema-graph\">{\"@context\":\"https:\\\/\\\/schema.org\",\"@graph\":[{\"@type\":\"Article\",\"@id\":\"https:\\\/\\\/akunq.net\\\/turkish\\\/2010\\\/06\\\/24\\\/bakan-gunay-saroyan-muzesini-mezara-gomdu\\\/#article\",\"isPartOf\":{\"@id\":\"https:\\\/\\\/akunq.net\\\/turkish\\\/2010\\\/06\\\/24\\\/bakan-gunay-saroyan-muzesini-mezara-gomdu\\\/\"},\"author\":{\"name\":\"kalem\",\"@id\":\"https:\\\/\\\/akunq.net\\\/turkish\\\/#\\\/schema\\\/person\\\/135e7923d1aeb8887890799619969a6c\"},\"headline\":\"Bakan G\u00fcnay Saroyan M\u00fczesini Mezara G\u00f6md\u00fc\",\"datePublished\":\"2010-06-24T11:56:06+00:00\",\"mainEntityOfPage\":{\"@id\":\"https:\\\/\\\/akunq.net\\\/turkish\\\/2010\\\/06\\\/24\\\/bakan-gunay-saroyan-muzesini-mezara-gomdu\\\/\"},\"wordCount\":602,\"articleSection\":[\"Haberler\"],\"inLanguage\":\"en-US\"},{\"@type\":\"WebPage\",\"@id\":\"https:\\\/\\\/akunq.net\\\/turkish\\\/2010\\\/06\\\/24\\\/bakan-gunay-saroyan-muzesini-mezara-gomdu\\\/\",\"url\":\"https:\\\/\\\/akunq.net\\\/turkish\\\/2010\\\/06\\\/24\\\/bakan-gunay-saroyan-muzesini-mezara-gomdu\\\/\",\"name\":\"Bakan G\u00fcnay Saroyan M\u00fczesini Mezara G\u00f6md\u00fc - Bati Ermenistan Ve Bati Ermenileri Sorunlari Ara\u015ftirmalar Merkezi\",\"isPartOf\":{\"@id\":\"https:\\\/\\\/akunq.net\\\/turkish\\\/#website\"},\"datePublished\":\"2010-06-24T11:56:06+00:00\",\"author\":{\"@id\":\"https:\\\/\\\/akunq.net\\\/turkish\\\/#\\\/schema\\\/person\\\/135e7923d1aeb8887890799619969a6c\"},\"breadcrumb\":{\"@id\":\"https:\\\/\\\/akunq.net\\\/turkish\\\/2010\\\/06\\\/24\\\/bakan-gunay-saroyan-muzesini-mezara-gomdu\\\/#breadcrumb\"},\"inLanguage\":\"en-US\",\"potentialAction\":[{\"@type\":\"ReadAction\",\"target\":[\"https:\\\/\\\/akunq.net\\\/turkish\\\/2010\\\/06\\\/24\\\/bakan-gunay-saroyan-muzesini-mezara-gomdu\\\/\"]}]},{\"@type\":\"BreadcrumbList\",\"@id\":\"https:\\\/\\\/akunq.net\\\/turkish\\\/2010\\\/06\\\/24\\\/bakan-gunay-saroyan-muzesini-mezara-gomdu\\\/#breadcrumb\",\"itemListElement\":[{\"@type\":\"ListItem\",\"position\":1,\"name\":\"Home\",\"item\":\"https:\\\/\\\/akunq.net\\\/turkish\\\/\"},{\"@type\":\"ListItem\",\"position\":2,\"name\":\"Bakan G\u00fcnay Saroyan M\u00fczesini Mezara G\u00f6md\u00fc\"}]},{\"@type\":\"WebSite\",\"@id\":\"https:\\\/\\\/akunq.net\\\/turkish\\\/#website\",\"url\":\"https:\\\/\\\/akunq.net\\\/turkish\\\/\",\"name\":\"Bati Ermenistan Ve Bati Ermenileri Sorunlari Ara\u015ftirmalar Merkezi\",\"description\":\"\",\"potentialAction\":[{\"@type\":\"SearchAction\",\"target\":{\"@type\":\"EntryPoint\",\"urlTemplate\":\"https:\\\/\\\/akunq.net\\\/turkish\\\/?s={search_term_string}\"},\"query-input\":{\"@type\":\"PropertyValueSpecification\",\"valueRequired\":true,\"valueName\":\"search_term_string\"}}],\"inLanguage\":\"en-US\"},{\"@type\":\"Person\",\"@id\":\"https:\\\/\\\/akunq.net\\\/turkish\\\/#\\\/schema\\\/person\\\/135e7923d1aeb8887890799619969a6c\",\"name\":\"kalem\",\"image\":{\"@type\":\"ImageObject\",\"inLanguage\":\"en-US\",\"@id\":\"https:\\\/\\\/secure.gravatar.com\\\/avatar\\\/a06875e4b25feb5674296adf8e8a7ae1e587cebce2493fe63c456109967e27d3?s=96&d=mm&r=g\",\"url\":\"https:\\\/\\\/secure.gravatar.com\\\/avatar\\\/a06875e4b25feb5674296adf8e8a7ae1e587cebce2493fe63c456109967e27d3?s=96&d=mm&r=g\",\"contentUrl\":\"https:\\\/\\\/secure.gravatar.com\\\/avatar\\\/a06875e4b25feb5674296adf8e8a7ae1e587cebce2493fe63c456109967e27d3?s=96&d=mm&r=g\",\"caption\":\"kalem\"},\"url\":\"https:\\\/\\\/akunq.net\\\/turkish\\\/author\\\/kalem\\\/\"}]}<\/script>\n<!-- \/ Yoast SEO plugin. -->","yoast_head_json":{"title":"Bakan G\u00fcnay Saroyan M\u00fczesini Mezara G\u00f6md\u00fc - Bati Ermenistan Ve Bati Ermenileri Sorunlari Ara\u015ftirmalar Merkezi","robots":{"index":"index","follow":"follow","max-snippet":"max-snippet:-1","max-image-preview":"max-image-preview:large","max-video-preview":"max-video-preview:-1"},"canonical":"https:\/\/akunq.net\/turkish\/2010\/06\/24\/bakan-gunay-saroyan-muzesini-mezara-gomdu\/","og_locale":"en_US","og_type":"article","og_title":"Bakan G\u00fcnay Saroyan M\u00fczesini Mezara G\u00f6md\u00fc - Bati Ermenistan Ve Bati Ermenileri Sorunlari Ara\u015ftirmalar Merkezi","og_description":"Deng\u00e9 Bitlis Gazetesinin yapt\u0131\u011f\u0131 bilgi edinme ba\u015fvurusuna &#8220;T.C. K\u00fclt\u00fcr ve Turizm Bakanl\u0131\u011f\u0131 Strateji Geli\u015ftirme Ba\u015fkanl\u0131\u011f\u0131&#8221; taraf\u0131ndan cevap verilerek, &#8220;Saroyan\u2019\u0131n ya\u015fad\u0131\u011f\u0131 evi bilen kimsenin bulunamad\u0131\u011f\u0131, Tapu Kadastro M\u00fcd\u00fcrl\u00fc\u011f\u00fc ile yap\u0131lan yaz\u0131\u015fmalar neticesinde de her hangi bir tapu kayd\u0131na rastlanamamas\u0131 nedeniyle Bakanl\u0131k taraf\u0131ndan hi\u00e7bir \u00e7al\u0131\u015fman\u0131n yap\u0131lamayaca\u011f\u0131&#8221; belirtildi. Saroyan Ailesi&#8217;nin ya\u015fam\u0131\u015f oldu\u011fu Bitlis\u2019te Saroyan M\u00fczesi kurulaca\u011f\u0131n\u0131 vaat eden [&hellip;]","og_url":"https:\/\/akunq.net\/turkish\/2010\/06\/24\/bakan-gunay-saroyan-muzesini-mezara-gomdu\/","og_site_name":"Bati Ermenistan Ve Bati Ermenileri Sorunlari Ara\u015ftirmalar Merkezi","article_published_time":"2010-06-24T11:56:06+00:00","author":"kalem","twitter_card":"summary_large_image","twitter_misc":{"Written by":"kalem","Est. reading time":"3 minutes"},"schema":{"@context":"https:\/\/schema.org","@graph":[{"@type":"Article","@id":"https:\/\/akunq.net\/turkish\/2010\/06\/24\/bakan-gunay-saroyan-muzesini-mezara-gomdu\/#article","isPartOf":{"@id":"https:\/\/akunq.net\/turkish\/2010\/06\/24\/bakan-gunay-saroyan-muzesini-mezara-gomdu\/"},"author":{"name":"kalem","@id":"https:\/\/akunq.net\/turkish\/#\/schema\/person\/135e7923d1aeb8887890799619969a6c"},"headline":"Bakan G\u00fcnay Saroyan M\u00fczesini Mezara G\u00f6md\u00fc","datePublished":"2010-06-24T11:56:06+00:00","mainEntityOfPage":{"@id":"https:\/\/akunq.net\/turkish\/2010\/06\/24\/bakan-gunay-saroyan-muzesini-mezara-gomdu\/"},"wordCount":602,"articleSection":["Haberler"],"inLanguage":"en-US"},{"@type":"WebPage","@id":"https:\/\/akunq.net\/turkish\/2010\/06\/24\/bakan-gunay-saroyan-muzesini-mezara-gomdu\/","url":"https:\/\/akunq.net\/turkish\/2010\/06\/24\/bakan-gunay-saroyan-muzesini-mezara-gomdu\/","name":"Bakan G\u00fcnay Saroyan M\u00fczesini Mezara G\u00f6md\u00fc - Bati Ermenistan Ve Bati Ermenileri Sorunlari Ara\u015ftirmalar Merkezi","isPartOf":{"@id":"https:\/\/akunq.net\/turkish\/#website"},"datePublished":"2010-06-24T11:56:06+00:00","author":{"@id":"https:\/\/akunq.net\/turkish\/#\/schema\/person\/135e7923d1aeb8887890799619969a6c"},"breadcrumb":{"@id":"https:\/\/akunq.net\/turkish\/2010\/06\/24\/bakan-gunay-saroyan-muzesini-mezara-gomdu\/#breadcrumb"},"inLanguage":"en-US","potentialAction":[{"@type":"ReadAction","target":["https:\/\/akunq.net\/turkish\/2010\/06\/24\/bakan-gunay-saroyan-muzesini-mezara-gomdu\/"]}]},{"@type":"BreadcrumbList","@id":"https:\/\/akunq.net\/turkish\/2010\/06\/24\/bakan-gunay-saroyan-muzesini-mezara-gomdu\/#breadcrumb","itemListElement":[{"@type":"ListItem","position":1,"name":"Home","item":"https:\/\/akunq.net\/turkish\/"},{"@type":"ListItem","position":2,"name":"Bakan G\u00fcnay Saroyan M\u00fczesini Mezara G\u00f6md\u00fc"}]},{"@type":"WebSite","@id":"https:\/\/akunq.net\/turkish\/#website","url":"https:\/\/akunq.net\/turkish\/","name":"Bati Ermenistan Ve Bati Ermenileri Sorunlari Ara\u015ftirmalar Merkezi","description":"","potentialAction":[{"@type":"SearchAction","target":{"@type":"EntryPoint","urlTemplate":"https:\/\/akunq.net\/turkish\/?s={search_term_string}"},"query-input":{"@type":"PropertyValueSpecification","valueRequired":true,"valueName":"search_term_string"}}],"inLanguage":"en-US"},{"@type":"Person","@id":"https:\/\/akunq.net\/turkish\/#\/schema\/person\/135e7923d1aeb8887890799619969a6c","name":"kalem","image":{"@type":"ImageObject","inLanguage":"en-US","@id":"https:\/\/secure.gravatar.com\/avatar\/a06875e4b25feb5674296adf8e8a7ae1e587cebce2493fe63c456109967e27d3?s=96&d=mm&r=g","url":"https:\/\/secure.gravatar.com\/avatar\/a06875e4b25feb5674296adf8e8a7ae1e587cebce2493fe63c456109967e27d3?s=96&d=mm&r=g","contentUrl":"https:\/\/secure.gravatar.com\/avatar\/a06875e4b25feb5674296adf8e8a7ae1e587cebce2493fe63c456109967e27d3?s=96&d=mm&r=g","caption":"kalem"},"url":"https:\/\/akunq.net\/turkish\/author\/kalem\/"}]}},"_links":{"self":[{"href":"https:\/\/akunq.net\/turkish\/wp-json\/wp\/v2\/posts\/1090","targetHints":{"allow":["GET"]}}],"collection":[{"href":"https:\/\/akunq.net\/turkish\/wp-json\/wp\/v2\/posts"}],"about":[{"href":"https:\/\/akunq.net\/turkish\/wp-json\/wp\/v2\/types\/post"}],"author":[{"embeddable":true,"href":"https:\/\/akunq.net\/turkish\/wp-json\/wp\/v2\/users\/3"}],"replies":[{"embeddable":true,"href":"https:\/\/akunq.net\/turkish\/wp-json\/wp\/v2\/comments?post=1090"}],"version-history":[{"count":0,"href":"https:\/\/akunq.net\/turkish\/wp-json\/wp\/v2\/posts\/1090\/revisions"}],"wp:attachment":[{"href":"https:\/\/akunq.net\/turkish\/wp-json\/wp\/v2\/media?parent=1090"}],"wp:term":[{"taxonomy":"category","embeddable":true,"href":"https:\/\/akunq.net\/turkish\/wp-json\/wp\/v2\/categories?post=1090"},{"taxonomy":"post_tag","embeddable":true,"href":"https:\/\/akunq.net\/turkish\/wp-json\/wp\/v2\/tags?post=1090"}],"curies":[{"name":"wp","href":"https:\/\/api.w.org\/{rel}","templated":true}]}}