{"id":1079,"date":"2010-06-23T01:55:12","date_gmt":"2010-06-23T06:55:12","guid":{"rendered":"http:\/\/akunq.net\/tr\/?p=1079"},"modified":"2010-06-23T01:55:12","modified_gmt":"2010-06-23T06:55:12","slug":"iste-bu-da-dag-cilegi-safarisi","status":"publish","type":"post","link":"https:\/\/akunq.net\/turkish\/2010\/06\/23\/iste-bu-da-dag-cilegi-safarisi\/","title":{"rendered":"\u0130\u015fte bu da da\u011f \u00e7ile\u011fi safarisi"},"content":{"rendered":"<p style=\"text-align: justify\"><strong>(K\u0131salt\u0131lm\u0131\u015ft\u0131r)<\/strong><\/p>\n<p style=\"text-align: justify\"><strong>\u00a0<\/strong>\u0130zmit`in Yuvac\u0131k`ta bu y\u0131l ilk kez `Da\u011f \u00c7ile\u011fi Safarisi` ba\u015flat\u0131ld\u0131.<br \/>\nElin Afrikal\u0131s\u0131n\u0131n vah\u015fi do\u011fa safarisi varsa bizim de art\u0131k aslanlar gibi `da\u011f \u00e7ile\u011fi safari`miz var! \u0130nanmazsan\u0131z Sedat Karaaslan`\u0131n \u0130zmit Yuvac\u0131k`ta bu y\u0131l ilk kez ba\u015flatt\u0131\u011f\u0131 turlara kat\u0131l\u0131n da g\u00f6r\u00fcn. \u0130stanbul`dan \u0130zmit`e bir saat, \u0130zmit`ten Yuvac\u0131k`a bir saat, Yuvac\u0131k`tan Menek\u015fe Yaylas\u0131`na 45 dakika s\u00fcren yolculu\u011fun bir an \u00f6nce son noktas\u0131na varmas\u0131 i\u00e7in heyecanlan\u0131yoruz..<br \/>\nNihayet \u00e7ok haval\u0131 g\u00f6r\u00fcnen k\u0131rm\u0131z\u0131 jipe atlay\u0131p tesislerden ayr\u0131l\u0131yoruz. Hedefimiz Papaz Yaylas\u0131`ndan ge\u00e7erek Menek\u015fe`ye varmak.<\/p>\n<p style=\"text-align: justify\"><strong><em>E\u011frelti otlar\u0131n\u0131n aras\u0131nda k\u0131rm\u0131z\u0131 \u00e7ilekler<\/em><\/strong><\/p>\n<p style=\"text-align: justify\">On be\u015f yirmi dakika sonra Papaz Yaylas\u0131`na var\u0131yoruz. Ba\u015fka misafirleri de var yaylan\u0131n. \u0130neklerini otlatmaya \u00e7\u0131karan Mehmet Efendi`nin k\u00f6pekleri hayvanlara yana\u015fmam\u0131za izin vermiyor. Bir dereden ge\u00e7ip vard\u0131\u011f\u0131m\u0131z yaylada biraz soluklan\u0131yoruz. Buras\u0131 ger\u00e7ekten bir zamanlar `papaz\u0131n yaylas\u0131`ym\u0131\u015f. `<strong>Eski bir Ermeni yerle\u015fkesindeyiz. Kilisenin temelleri ve baz\u0131 \u00e7ocuk mezarlar\u0131 h\u00e2l\u00e2 duruyor.<\/strong> 1800`lerde papaz\u0131n \u00f6nderli\u011finde yaylada \u015fenlikler yap\u0131l\u0131rm\u0131\u015f.` \u015feklinde ald\u0131\u011f\u0131m\u0131z k\u00fc\u00e7\u00fck tarih dersi bitince yola devam ediyoruz.<\/p>\n<p style=\"text-align: justify\"><strong>zaman.com.tr, 19.6.2010<\/strong><\/p>\n","protected":false},"excerpt":{"rendered":"<p>(K\u0131salt\u0131lm\u0131\u015ft\u0131r) \u00a0\u0130zmit`in Yuvac\u0131k`ta bu y\u0131l ilk kez `Da\u011f \u00c7ile\u011fi Safarisi` ba\u015flat\u0131ld\u0131. Elin Afrikal\u0131s\u0131n\u0131n vah\u015fi do\u011fa safarisi varsa bizim de art\u0131k aslanlar gibi `da\u011f \u00e7ile\u011fi safari`miz var! \u0130nanmazsan\u0131z Sedat Karaaslan`\u0131n \u0130zmit Yuvac\u0131k`ta bu y\u0131l ilk kez ba\u015flatt\u0131\u011f\u0131 turlara kat\u0131l\u0131n da g\u00f6r\u00fcn. \u0130stanbul`dan \u0130zmit`e bir saat, \u0130zmit`ten Yuvac\u0131k`a bir saat, Yuvac\u0131k`tan Menek\u015fe Yaylas\u0131`na 45 dakika s\u00fcren yolculu\u011fun [&hellip;]<\/p>\n","protected":false},"author":3,"featured_media":0,"comment_status":"closed","ping_status":"open","sticky":false,"template":"","format":"standard","meta":{"footnotes":""},"categories":[14],"tags":[],"class_list":["post-1079","post","type-post","status-publish","format-standard","hentry","category-haberler"],"yoast_head":"<!-- This site is optimized with the Yoast SEO plugin v27.4 - https:\/\/yoast.com\/product\/yoast-seo-wordpress\/ -->\n<title>\u0130\u015fte bu da da\u011f \u00e7ile\u011fi safarisi - Bati Ermenistan Ve Bati Ermenileri Sorunlari Ara\u015ftirmalar Merkezi<\/title>\n<meta name=\"robots\" content=\"index, follow, max-snippet:-1, max-image-preview:large, max-video-preview:-1\" \/>\n<link rel=\"canonical\" href=\"https:\/\/akunq.net\/turkish\/2010\/06\/23\/iste-bu-da-dag-cilegi-safarisi\/\" \/>\n<meta property=\"og:locale\" content=\"en_US\" \/>\n<meta property=\"og:type\" content=\"article\" \/>\n<meta property=\"og:title\" content=\"\u0130\u015fte bu da da\u011f \u00e7ile\u011fi safarisi - Bati Ermenistan Ve Bati Ermenileri Sorunlari Ara\u015ftirmalar Merkezi\" \/>\n<meta property=\"og:description\" content=\"(K\u0131salt\u0131lm\u0131\u015ft\u0131r) \u00a0\u0130zmit`in Yuvac\u0131k`ta bu y\u0131l ilk kez `Da\u011f \u00c7ile\u011fi Safarisi` ba\u015flat\u0131ld\u0131. Elin Afrikal\u0131s\u0131n\u0131n vah\u015fi do\u011fa safarisi varsa bizim de art\u0131k aslanlar gibi `da\u011f \u00e7ile\u011fi safari`miz var! \u0130nanmazsan\u0131z Sedat Karaaslan`\u0131n \u0130zmit Yuvac\u0131k`ta bu y\u0131l ilk kez ba\u015flatt\u0131\u011f\u0131 turlara kat\u0131l\u0131n da g\u00f6r\u00fcn. \u0130stanbul`dan \u0130zmit`e bir saat, \u0130zmit`ten Yuvac\u0131k`a bir saat, Yuvac\u0131k`tan Menek\u015fe Yaylas\u0131`na 45 dakika s\u00fcren yolculu\u011fun [&hellip;]\" \/>\n<meta property=\"og:url\" content=\"https:\/\/akunq.net\/turkish\/2010\/06\/23\/iste-bu-da-dag-cilegi-safarisi\/\" \/>\n<meta property=\"og:site_name\" content=\"Bati Ermenistan Ve Bati Ermenileri Sorunlari Ara\u015ftirmalar Merkezi\" \/>\n<meta property=\"article:published_time\" content=\"2010-06-23T06:55:12+00:00\" \/>\n<meta name=\"author\" content=\"kalem\" \/>\n<meta name=\"twitter:card\" content=\"summary_large_image\" \/>\n<meta name=\"twitter:label1\" content=\"Written by\" \/>\n\t<meta name=\"twitter:data1\" content=\"kalem\" \/>\n\t<meta name=\"twitter:label2\" content=\"Est. reading time\" \/>\n\t<meta name=\"twitter:data2\" content=\"1 minute\" \/>\n<script type=\"application\/ld+json\" class=\"yoast-schema-graph\">{\"@context\":\"https:\\\/\\\/schema.org\",\"@graph\":[{\"@type\":\"Article\",\"@id\":\"https:\\\/\\\/akunq.net\\\/turkish\\\/2010\\\/06\\\/23\\\/iste-bu-da-dag-cilegi-safarisi\\\/#article\",\"isPartOf\":{\"@id\":\"https:\\\/\\\/akunq.net\\\/turkish\\\/2010\\\/06\\\/23\\\/iste-bu-da-dag-cilegi-safarisi\\\/\"},\"author\":{\"name\":\"kalem\",\"@id\":\"https:\\\/\\\/akunq.net\\\/turkish\\\/#\\\/schema\\\/person\\\/135e7923d1aeb8887890799619969a6c\"},\"headline\":\"\u0130\u015fte bu da da\u011f \u00e7ile\u011fi safarisi\",\"datePublished\":\"2010-06-23T06:55:12+00:00\",\"mainEntityOfPage\":{\"@id\":\"https:\\\/\\\/akunq.net\\\/turkish\\\/2010\\\/06\\\/23\\\/iste-bu-da-dag-cilegi-safarisi\\\/\"},\"wordCount\":239,\"articleSection\":[\"Haberler\"],\"inLanguage\":\"en-US\"},{\"@type\":\"WebPage\",\"@id\":\"https:\\\/\\\/akunq.net\\\/turkish\\\/2010\\\/06\\\/23\\\/iste-bu-da-dag-cilegi-safarisi\\\/\",\"url\":\"https:\\\/\\\/akunq.net\\\/turkish\\\/2010\\\/06\\\/23\\\/iste-bu-da-dag-cilegi-safarisi\\\/\",\"name\":\"\u0130\u015fte bu da da\u011f \u00e7ile\u011fi safarisi - Bati Ermenistan Ve Bati Ermenileri Sorunlari Ara\u015ftirmalar Merkezi\",\"isPartOf\":{\"@id\":\"https:\\\/\\\/akunq.net\\\/turkish\\\/#website\"},\"datePublished\":\"2010-06-23T06:55:12+00:00\",\"author\":{\"@id\":\"https:\\\/\\\/akunq.net\\\/turkish\\\/#\\\/schema\\\/person\\\/135e7923d1aeb8887890799619969a6c\"},\"breadcrumb\":{\"@id\":\"https:\\\/\\\/akunq.net\\\/turkish\\\/2010\\\/06\\\/23\\\/iste-bu-da-dag-cilegi-safarisi\\\/#breadcrumb\"},\"inLanguage\":\"en-US\",\"potentialAction\":[{\"@type\":\"ReadAction\",\"target\":[\"https:\\\/\\\/akunq.net\\\/turkish\\\/2010\\\/06\\\/23\\\/iste-bu-da-dag-cilegi-safarisi\\\/\"]}]},{\"@type\":\"BreadcrumbList\",\"@id\":\"https:\\\/\\\/akunq.net\\\/turkish\\\/2010\\\/06\\\/23\\\/iste-bu-da-dag-cilegi-safarisi\\\/#breadcrumb\",\"itemListElement\":[{\"@type\":\"ListItem\",\"position\":1,\"name\":\"Home\",\"item\":\"https:\\\/\\\/akunq.net\\\/turkish\\\/\"},{\"@type\":\"ListItem\",\"position\":2,\"name\":\"\u0130\u015fte bu da da\u011f \u00e7ile\u011fi safarisi\"}]},{\"@type\":\"WebSite\",\"@id\":\"https:\\\/\\\/akunq.net\\\/turkish\\\/#website\",\"url\":\"https:\\\/\\\/akunq.net\\\/turkish\\\/\",\"name\":\"Bati Ermenistan Ve Bati Ermenileri Sorunlari Ara\u015ftirmalar Merkezi\",\"description\":\"\",\"potentialAction\":[{\"@type\":\"SearchAction\",\"target\":{\"@type\":\"EntryPoint\",\"urlTemplate\":\"https:\\\/\\\/akunq.net\\\/turkish\\\/?s={search_term_string}\"},\"query-input\":{\"@type\":\"PropertyValueSpecification\",\"valueRequired\":true,\"valueName\":\"search_term_string\"}}],\"inLanguage\":\"en-US\"},{\"@type\":\"Person\",\"@id\":\"https:\\\/\\\/akunq.net\\\/turkish\\\/#\\\/schema\\\/person\\\/135e7923d1aeb8887890799619969a6c\",\"name\":\"kalem\",\"image\":{\"@type\":\"ImageObject\",\"inLanguage\":\"en-US\",\"@id\":\"https:\\\/\\\/secure.gravatar.com\\\/avatar\\\/a06875e4b25feb5674296adf8e8a7ae1e587cebce2493fe63c456109967e27d3?s=96&d=mm&r=g\",\"url\":\"https:\\\/\\\/secure.gravatar.com\\\/avatar\\\/a06875e4b25feb5674296adf8e8a7ae1e587cebce2493fe63c456109967e27d3?s=96&d=mm&r=g\",\"contentUrl\":\"https:\\\/\\\/secure.gravatar.com\\\/avatar\\\/a06875e4b25feb5674296adf8e8a7ae1e587cebce2493fe63c456109967e27d3?s=96&d=mm&r=g\",\"caption\":\"kalem\"},\"url\":\"https:\\\/\\\/akunq.net\\\/turkish\\\/author\\\/kalem\\\/\"}]}<\/script>\n<!-- \/ Yoast SEO plugin. -->","yoast_head_json":{"title":"\u0130\u015fte bu da da\u011f \u00e7ile\u011fi safarisi - Bati Ermenistan Ve Bati Ermenileri Sorunlari Ara\u015ftirmalar Merkezi","robots":{"index":"index","follow":"follow","max-snippet":"max-snippet:-1","max-image-preview":"max-image-preview:large","max-video-preview":"max-video-preview:-1"},"canonical":"https:\/\/akunq.net\/turkish\/2010\/06\/23\/iste-bu-da-dag-cilegi-safarisi\/","og_locale":"en_US","og_type":"article","og_title":"\u0130\u015fte bu da da\u011f \u00e7ile\u011fi safarisi - Bati Ermenistan Ve Bati Ermenileri Sorunlari Ara\u015ftirmalar Merkezi","og_description":"(K\u0131salt\u0131lm\u0131\u015ft\u0131r) \u00a0\u0130zmit`in Yuvac\u0131k`ta bu y\u0131l ilk kez `Da\u011f \u00c7ile\u011fi Safarisi` ba\u015flat\u0131ld\u0131. Elin Afrikal\u0131s\u0131n\u0131n vah\u015fi do\u011fa safarisi varsa bizim de art\u0131k aslanlar gibi `da\u011f \u00e7ile\u011fi safari`miz var! \u0130nanmazsan\u0131z Sedat Karaaslan`\u0131n \u0130zmit Yuvac\u0131k`ta bu y\u0131l ilk kez ba\u015flatt\u0131\u011f\u0131 turlara kat\u0131l\u0131n da g\u00f6r\u00fcn. \u0130stanbul`dan \u0130zmit`e bir saat, \u0130zmit`ten Yuvac\u0131k`a bir saat, Yuvac\u0131k`tan Menek\u015fe Yaylas\u0131`na 45 dakika s\u00fcren yolculu\u011fun [&hellip;]","og_url":"https:\/\/akunq.net\/turkish\/2010\/06\/23\/iste-bu-da-dag-cilegi-safarisi\/","og_site_name":"Bati Ermenistan Ve Bati Ermenileri Sorunlari Ara\u015ftirmalar Merkezi","article_published_time":"2010-06-23T06:55:12+00:00","author":"kalem","twitter_card":"summary_large_image","twitter_misc":{"Written by":"kalem","Est. reading time":"1 minute"},"schema":{"@context":"https:\/\/schema.org","@graph":[{"@type":"Article","@id":"https:\/\/akunq.net\/turkish\/2010\/06\/23\/iste-bu-da-dag-cilegi-safarisi\/#article","isPartOf":{"@id":"https:\/\/akunq.net\/turkish\/2010\/06\/23\/iste-bu-da-dag-cilegi-safarisi\/"},"author":{"name":"kalem","@id":"https:\/\/akunq.net\/turkish\/#\/schema\/person\/135e7923d1aeb8887890799619969a6c"},"headline":"\u0130\u015fte bu da da\u011f \u00e7ile\u011fi safarisi","datePublished":"2010-06-23T06:55:12+00:00","mainEntityOfPage":{"@id":"https:\/\/akunq.net\/turkish\/2010\/06\/23\/iste-bu-da-dag-cilegi-safarisi\/"},"wordCount":239,"articleSection":["Haberler"],"inLanguage":"en-US"},{"@type":"WebPage","@id":"https:\/\/akunq.net\/turkish\/2010\/06\/23\/iste-bu-da-dag-cilegi-safarisi\/","url":"https:\/\/akunq.net\/turkish\/2010\/06\/23\/iste-bu-da-dag-cilegi-safarisi\/","name":"\u0130\u015fte bu da da\u011f \u00e7ile\u011fi safarisi - Bati Ermenistan Ve Bati Ermenileri Sorunlari Ara\u015ftirmalar Merkezi","isPartOf":{"@id":"https:\/\/akunq.net\/turkish\/#website"},"datePublished":"2010-06-23T06:55:12+00:00","author":{"@id":"https:\/\/akunq.net\/turkish\/#\/schema\/person\/135e7923d1aeb8887890799619969a6c"},"breadcrumb":{"@id":"https:\/\/akunq.net\/turkish\/2010\/06\/23\/iste-bu-da-dag-cilegi-safarisi\/#breadcrumb"},"inLanguage":"en-US","potentialAction":[{"@type":"ReadAction","target":["https:\/\/akunq.net\/turkish\/2010\/06\/23\/iste-bu-da-dag-cilegi-safarisi\/"]}]},{"@type":"BreadcrumbList","@id":"https:\/\/akunq.net\/turkish\/2010\/06\/23\/iste-bu-da-dag-cilegi-safarisi\/#breadcrumb","itemListElement":[{"@type":"ListItem","position":1,"name":"Home","item":"https:\/\/akunq.net\/turkish\/"},{"@type":"ListItem","position":2,"name":"\u0130\u015fte bu da da\u011f \u00e7ile\u011fi safarisi"}]},{"@type":"WebSite","@id":"https:\/\/akunq.net\/turkish\/#website","url":"https:\/\/akunq.net\/turkish\/","name":"Bati Ermenistan Ve Bati Ermenileri Sorunlari Ara\u015ftirmalar Merkezi","description":"","potentialAction":[{"@type":"SearchAction","target":{"@type":"EntryPoint","urlTemplate":"https:\/\/akunq.net\/turkish\/?s={search_term_string}"},"query-input":{"@type":"PropertyValueSpecification","valueRequired":true,"valueName":"search_term_string"}}],"inLanguage":"en-US"},{"@type":"Person","@id":"https:\/\/akunq.net\/turkish\/#\/schema\/person\/135e7923d1aeb8887890799619969a6c","name":"kalem","image":{"@type":"ImageObject","inLanguage":"en-US","@id":"https:\/\/secure.gravatar.com\/avatar\/a06875e4b25feb5674296adf8e8a7ae1e587cebce2493fe63c456109967e27d3?s=96&d=mm&r=g","url":"https:\/\/secure.gravatar.com\/avatar\/a06875e4b25feb5674296adf8e8a7ae1e587cebce2493fe63c456109967e27d3?s=96&d=mm&r=g","contentUrl":"https:\/\/secure.gravatar.com\/avatar\/a06875e4b25feb5674296adf8e8a7ae1e587cebce2493fe63c456109967e27d3?s=96&d=mm&r=g","caption":"kalem"},"url":"https:\/\/akunq.net\/turkish\/author\/kalem\/"}]}},"_links":{"self":[{"href":"https:\/\/akunq.net\/turkish\/wp-json\/wp\/v2\/posts\/1079","targetHints":{"allow":["GET"]}}],"collection":[{"href":"https:\/\/akunq.net\/turkish\/wp-json\/wp\/v2\/posts"}],"about":[{"href":"https:\/\/akunq.net\/turkish\/wp-json\/wp\/v2\/types\/post"}],"author":[{"embeddable":true,"href":"https:\/\/akunq.net\/turkish\/wp-json\/wp\/v2\/users\/3"}],"replies":[{"embeddable":true,"href":"https:\/\/akunq.net\/turkish\/wp-json\/wp\/v2\/comments?post=1079"}],"version-history":[{"count":0,"href":"https:\/\/akunq.net\/turkish\/wp-json\/wp\/v2\/posts\/1079\/revisions"}],"wp:attachment":[{"href":"https:\/\/akunq.net\/turkish\/wp-json\/wp\/v2\/media?parent=1079"}],"wp:term":[{"taxonomy":"category","embeddable":true,"href":"https:\/\/akunq.net\/turkish\/wp-json\/wp\/v2\/categories?post=1079"},{"taxonomy":"post_tag","embeddable":true,"href":"https:\/\/akunq.net\/turkish\/wp-json\/wp\/v2\/tags?post=1079"}],"curies":[{"name":"wp","href":"https:\/\/api.w.org\/{rel}","templated":true}]}}