{"id":1076,"date":"2010-06-23T01:33:38","date_gmt":"2010-06-23T06:33:38","guid":{"rendered":"http:\/\/akunq.net\/tr\/?p=1076"},"modified":"2010-06-23T01:33:38","modified_gmt":"2010-06-23T06:33:38","slug":"efsane-ask-tamara-icin-yuzduler","status":"publish","type":"post","link":"https:\/\/akunq.net\/turkish\/2010\/06\/23\/efsane-ask-tamara-icin-yuzduler\/","title":{"rendered":"EFSANE A\u015eK TAMARA \u0130\u00c7\u0130N Y\u00dcZD\u00dcLER"},"content":{"rendered":"<p style=\"text-align: justify\">VAN&#8217;da ger\u00e7ekle\u015ftirilen &#8216;Van Denizi Su Sporlar\u0131 \u015eenlikleri&#8217; kapsam\u0131nda &#8216;Ahtamara A\u015fk\u0131na y\u00fczme yar\u0131\u015fmas\u0131&#8217; d\u00fczenlendi. 30 y\u00fcz\u00fcc\u00fcn\u00fcn kat\u0131ld\u0131\u011f\u0131 4 bin 800 metrelik zorlu mesafede y\u00fcz\u00fcc\u00fcler iskeleden Akdamar adas\u0131na kadar y\u00fczd\u00fc.<\/p>\n<p style=\"text-align: justify\">Van&#8217;\u0131n Geva\u015f \u0130l\u00e7esi&#8217;nde bulunan Akdamar Adas\u0131nda Van Denizi Su Sporlar\u0131 \u015eenlikleri kapsam\u0131nda &#8216;Ahtamara A\u015fk\u0131na y\u00fczme yar\u0131\u015fmas\u0131&#8217; heyacan\u0131 ya\u015fand\u0131. Akdamar Adas\u0131 efsanesinin ya\u015fat\u0131lmas\u0131 ve tan\u0131t\u0131lmas\u0131 amac\u0131yla ger\u00e7ekle\u015ftirilen yar\u0131\u015fa 30 y\u00fcz\u00fcc\u00fc kat\u0131ld\u0131. 4 bin 800 metrelik yar\u0131\u015fta y\u00fcz\u00fcc\u00fcler Akdamar Adas\u0131 \u0130skelesinden ba\u015flayarak Akdamar adas\u0131na kadar y\u00fczd\u00fc. Zor anlar\u0131n ya\u015fand\u0131\u011f\u0131 yar\u0131\u015fta y\u00fcz\u00fcc\u00fcleri ise Akdamar Adas\u0131&#8217;nda elinde Fener ile temsili Ermeni k\u0131z\u0131 Ahtamara kar\u015f\u0131lad\u0131.<\/p>\n<p style=\"text-align: justify\">\u00a04 bin 800 metrelik zorlu yar\u0131\u015fta en iyi dereceyi Berk \u00d6zg\u00fcr yapt\u0131.<\/p>\n<p style=\"text-align: justify\">\u00a0Yar\u0131\u015fmaya kat\u0131lan yar\u0131\u015fmac\u0131lar Van G\u00f6l\u00fc&#8217;nde y\u00fczmenin \u00e7ok zevkli oldu\u011funu s\u00f6yledi.<\/p>\n<p style=\"text-align: justify\">\u00a0Yar\u0131\u015fmalar sonunda a\u00e7\u0131klama yapan Van Vali Yard\u0131mc\u0131s\u0131 Halil Berk Vanl\u0131lar\u0131n su sporlar\u0131na daha \u00e7ok \u00f6nem vermesi gerekti\u011fini belirtti. Vali Yard\u0131mc\u0131s\u0131 Berk, &#8220;Buradaki amac\u0131m\u0131z Tamaran\u0131n o g\u00fczel a\u015fk\u0131n\u0131 uzun y\u0131llar sonra canland\u0131rmakt\u0131. \u00c7\u00fcnk\u00fc bu adada bir tarih bir efsane bulunmaktad\u0131r. Bizde bu efsaneyi canland\u0131rmak amac\u0131yla bu y\u0131l ilki olan bu yar\u0131\u015flar\u0131 d\u00fczenledik. Yar\u0131\u015flarda olduk\u00e7a zevkli ve heyecanl\u0131 ge\u00e7ti. Ben yar\u0131\u015flardan olduk\u00e7a memnun kald\u0131m in\u015fallah misafirlerimizde be\u011fenmi\u015ftir&#8221; dedi.<\/p>\n<p><strong><em>Murat \u00c7A\u011eLAR\/VAN, (DHA), <\/em><\/strong><strong><em>22 Haziran 2010 <\/em><\/strong><strong><em><\/em><\/strong><\/p>\n","protected":false},"excerpt":{"rendered":"<p>VAN&#8217;da ger\u00e7ekle\u015ftirilen &#8216;Van Denizi Su Sporlar\u0131 \u015eenlikleri&#8217; kapsam\u0131nda &#8216;Ahtamara A\u015fk\u0131na y\u00fczme yar\u0131\u015fmas\u0131&#8217; d\u00fczenlendi. 30 y\u00fcz\u00fcc\u00fcn\u00fcn kat\u0131ld\u0131\u011f\u0131 4 bin 800 metrelik zorlu mesafede y\u00fcz\u00fcc\u00fcler iskeleden Akdamar adas\u0131na kadar y\u00fczd\u00fc. Van&#8217;\u0131n Geva\u015f \u0130l\u00e7esi&#8217;nde bulunan Akdamar Adas\u0131nda Van Denizi Su Sporlar\u0131 \u015eenlikleri kapsam\u0131nda &#8216;Ahtamara A\u015fk\u0131na y\u00fczme yar\u0131\u015fmas\u0131&#8217; heyacan\u0131 ya\u015fand\u0131. Akdamar Adas\u0131 efsanesinin ya\u015fat\u0131lmas\u0131 ve tan\u0131t\u0131lmas\u0131 amac\u0131yla ger\u00e7ekle\u015ftirilen yar\u0131\u015fa [&hellip;]<\/p>\n","protected":false},"author":3,"featured_media":0,"comment_status":"closed","ping_status":"open","sticky":false,"template":"","format":"standard","meta":{"footnotes":""},"categories":[14],"tags":[],"class_list":["post-1076","post","type-post","status-publish","format-standard","hentry","category-haberler"],"yoast_head":"<!-- This site is optimized with the Yoast SEO plugin v27.4 - https:\/\/yoast.com\/product\/yoast-seo-wordpress\/ -->\n<title>EFSANE A\u015eK TAMARA \u0130\u00c7\u0130N Y\u00dcZD\u00dcLER - Bati Ermenistan Ve Bati Ermenileri Sorunlari Ara\u015ftirmalar Merkezi<\/title>\n<meta name=\"robots\" content=\"index, follow, max-snippet:-1, max-image-preview:large, max-video-preview:-1\" \/>\n<link rel=\"canonical\" href=\"https:\/\/akunq.net\/turkish\/2010\/06\/23\/efsane-ask-tamara-icin-yuzduler\/\" \/>\n<meta property=\"og:locale\" content=\"en_US\" \/>\n<meta property=\"og:type\" content=\"article\" \/>\n<meta property=\"og:title\" content=\"EFSANE A\u015eK TAMARA \u0130\u00c7\u0130N Y\u00dcZD\u00dcLER - Bati Ermenistan Ve Bati Ermenileri Sorunlari Ara\u015ftirmalar Merkezi\" \/>\n<meta property=\"og:description\" content=\"VAN&#8217;da ger\u00e7ekle\u015ftirilen &#8216;Van Denizi Su Sporlar\u0131 \u015eenlikleri&#8217; kapsam\u0131nda &#8216;Ahtamara A\u015fk\u0131na y\u00fczme yar\u0131\u015fmas\u0131&#8217; d\u00fczenlendi. 30 y\u00fcz\u00fcc\u00fcn\u00fcn kat\u0131ld\u0131\u011f\u0131 4 bin 800 metrelik zorlu mesafede y\u00fcz\u00fcc\u00fcler iskeleden Akdamar adas\u0131na kadar y\u00fczd\u00fc. Van&#8217;\u0131n Geva\u015f \u0130l\u00e7esi&#8217;nde bulunan Akdamar Adas\u0131nda Van Denizi Su Sporlar\u0131 \u015eenlikleri kapsam\u0131nda &#8216;Ahtamara A\u015fk\u0131na y\u00fczme yar\u0131\u015fmas\u0131&#8217; heyacan\u0131 ya\u015fand\u0131. Akdamar Adas\u0131 efsanesinin ya\u015fat\u0131lmas\u0131 ve tan\u0131t\u0131lmas\u0131 amac\u0131yla ger\u00e7ekle\u015ftirilen yar\u0131\u015fa [&hellip;]\" \/>\n<meta property=\"og:url\" content=\"https:\/\/akunq.net\/turkish\/2010\/06\/23\/efsane-ask-tamara-icin-yuzduler\/\" \/>\n<meta property=\"og:site_name\" content=\"Bati Ermenistan Ve Bati Ermenileri Sorunlari Ara\u015ftirmalar Merkezi\" \/>\n<meta property=\"article:published_time\" content=\"2010-06-23T06:33:38+00:00\" \/>\n<meta name=\"author\" content=\"kalem\" \/>\n<meta name=\"twitter:card\" content=\"summary_large_image\" \/>\n<meta name=\"twitter:label1\" content=\"Written by\" \/>\n\t<meta name=\"twitter:data1\" content=\"kalem\" \/>\n\t<meta name=\"twitter:label2\" content=\"Est. reading time\" \/>\n\t<meta name=\"twitter:data2\" content=\"1 minute\" \/>\n<script type=\"application\/ld+json\" class=\"yoast-schema-graph\">{\"@context\":\"https:\\\/\\\/schema.org\",\"@graph\":[{\"@type\":\"Article\",\"@id\":\"https:\\\/\\\/akunq.net\\\/turkish\\\/2010\\\/06\\\/23\\\/efsane-ask-tamara-icin-yuzduler\\\/#article\",\"isPartOf\":{\"@id\":\"https:\\\/\\\/akunq.net\\\/turkish\\\/2010\\\/06\\\/23\\\/efsane-ask-tamara-icin-yuzduler\\\/\"},\"author\":{\"name\":\"kalem\",\"@id\":\"https:\\\/\\\/akunq.net\\\/turkish\\\/#\\\/schema\\\/person\\\/135e7923d1aeb8887890799619969a6c\"},\"headline\":\"EFSANE A\u015eK TAMARA \u0130\u00c7\u0130N Y\u00dcZD\u00dcLER\",\"datePublished\":\"2010-06-23T06:33:38+00:00\",\"mainEntityOfPage\":{\"@id\":\"https:\\\/\\\/akunq.net\\\/turkish\\\/2010\\\/06\\\/23\\\/efsane-ask-tamara-icin-yuzduler\\\/\"},\"wordCount\":282,\"articleSection\":[\"Haberler\"],\"inLanguage\":\"en-US\"},{\"@type\":\"WebPage\",\"@id\":\"https:\\\/\\\/akunq.net\\\/turkish\\\/2010\\\/06\\\/23\\\/efsane-ask-tamara-icin-yuzduler\\\/\",\"url\":\"https:\\\/\\\/akunq.net\\\/turkish\\\/2010\\\/06\\\/23\\\/efsane-ask-tamara-icin-yuzduler\\\/\",\"name\":\"EFSANE A\u015eK TAMARA \u0130\u00c7\u0130N Y\u00dcZD\u00dcLER - Bati Ermenistan Ve Bati Ermenileri Sorunlari Ara\u015ftirmalar Merkezi\",\"isPartOf\":{\"@id\":\"https:\\\/\\\/akunq.net\\\/turkish\\\/#website\"},\"datePublished\":\"2010-06-23T06:33:38+00:00\",\"author\":{\"@id\":\"https:\\\/\\\/akunq.net\\\/turkish\\\/#\\\/schema\\\/person\\\/135e7923d1aeb8887890799619969a6c\"},\"breadcrumb\":{\"@id\":\"https:\\\/\\\/akunq.net\\\/turkish\\\/2010\\\/06\\\/23\\\/efsane-ask-tamara-icin-yuzduler\\\/#breadcrumb\"},\"inLanguage\":\"en-US\",\"potentialAction\":[{\"@type\":\"ReadAction\",\"target\":[\"https:\\\/\\\/akunq.net\\\/turkish\\\/2010\\\/06\\\/23\\\/efsane-ask-tamara-icin-yuzduler\\\/\"]}]},{\"@type\":\"BreadcrumbList\",\"@id\":\"https:\\\/\\\/akunq.net\\\/turkish\\\/2010\\\/06\\\/23\\\/efsane-ask-tamara-icin-yuzduler\\\/#breadcrumb\",\"itemListElement\":[{\"@type\":\"ListItem\",\"position\":1,\"name\":\"Home\",\"item\":\"https:\\\/\\\/akunq.net\\\/turkish\\\/\"},{\"@type\":\"ListItem\",\"position\":2,\"name\":\"EFSANE A\u015eK TAMARA \u0130\u00c7\u0130N Y\u00dcZD\u00dcLER\"}]},{\"@type\":\"WebSite\",\"@id\":\"https:\\\/\\\/akunq.net\\\/turkish\\\/#website\",\"url\":\"https:\\\/\\\/akunq.net\\\/turkish\\\/\",\"name\":\"Bati Ermenistan Ve Bati Ermenileri Sorunlari Ara\u015ftirmalar Merkezi\",\"description\":\"\",\"potentialAction\":[{\"@type\":\"SearchAction\",\"target\":{\"@type\":\"EntryPoint\",\"urlTemplate\":\"https:\\\/\\\/akunq.net\\\/turkish\\\/?s={search_term_string}\"},\"query-input\":{\"@type\":\"PropertyValueSpecification\",\"valueRequired\":true,\"valueName\":\"search_term_string\"}}],\"inLanguage\":\"en-US\"},{\"@type\":\"Person\",\"@id\":\"https:\\\/\\\/akunq.net\\\/turkish\\\/#\\\/schema\\\/person\\\/135e7923d1aeb8887890799619969a6c\",\"name\":\"kalem\",\"image\":{\"@type\":\"ImageObject\",\"inLanguage\":\"en-US\",\"@id\":\"https:\\\/\\\/secure.gravatar.com\\\/avatar\\\/a06875e4b25feb5674296adf8e8a7ae1e587cebce2493fe63c456109967e27d3?s=96&d=mm&r=g\",\"url\":\"https:\\\/\\\/secure.gravatar.com\\\/avatar\\\/a06875e4b25feb5674296adf8e8a7ae1e587cebce2493fe63c456109967e27d3?s=96&d=mm&r=g\",\"contentUrl\":\"https:\\\/\\\/secure.gravatar.com\\\/avatar\\\/a06875e4b25feb5674296adf8e8a7ae1e587cebce2493fe63c456109967e27d3?s=96&d=mm&r=g\",\"caption\":\"kalem\"},\"url\":\"https:\\\/\\\/akunq.net\\\/turkish\\\/author\\\/kalem\\\/\"}]}<\/script>\n<!-- \/ Yoast SEO plugin. -->","yoast_head_json":{"title":"EFSANE A\u015eK TAMARA \u0130\u00c7\u0130N Y\u00dcZD\u00dcLER - Bati Ermenistan Ve Bati Ermenileri Sorunlari Ara\u015ftirmalar Merkezi","robots":{"index":"index","follow":"follow","max-snippet":"max-snippet:-1","max-image-preview":"max-image-preview:large","max-video-preview":"max-video-preview:-1"},"canonical":"https:\/\/akunq.net\/turkish\/2010\/06\/23\/efsane-ask-tamara-icin-yuzduler\/","og_locale":"en_US","og_type":"article","og_title":"EFSANE A\u015eK TAMARA \u0130\u00c7\u0130N Y\u00dcZD\u00dcLER - Bati Ermenistan Ve Bati Ermenileri Sorunlari Ara\u015ftirmalar Merkezi","og_description":"VAN&#8217;da ger\u00e7ekle\u015ftirilen &#8216;Van Denizi Su Sporlar\u0131 \u015eenlikleri&#8217; kapsam\u0131nda &#8216;Ahtamara A\u015fk\u0131na y\u00fczme yar\u0131\u015fmas\u0131&#8217; d\u00fczenlendi. 30 y\u00fcz\u00fcc\u00fcn\u00fcn kat\u0131ld\u0131\u011f\u0131 4 bin 800 metrelik zorlu mesafede y\u00fcz\u00fcc\u00fcler iskeleden Akdamar adas\u0131na kadar y\u00fczd\u00fc. Van&#8217;\u0131n Geva\u015f \u0130l\u00e7esi&#8217;nde bulunan Akdamar Adas\u0131nda Van Denizi Su Sporlar\u0131 \u015eenlikleri kapsam\u0131nda &#8216;Ahtamara A\u015fk\u0131na y\u00fczme yar\u0131\u015fmas\u0131&#8217; heyacan\u0131 ya\u015fand\u0131. Akdamar Adas\u0131 efsanesinin ya\u015fat\u0131lmas\u0131 ve tan\u0131t\u0131lmas\u0131 amac\u0131yla ger\u00e7ekle\u015ftirilen yar\u0131\u015fa [&hellip;]","og_url":"https:\/\/akunq.net\/turkish\/2010\/06\/23\/efsane-ask-tamara-icin-yuzduler\/","og_site_name":"Bati Ermenistan Ve Bati Ermenileri Sorunlari Ara\u015ftirmalar Merkezi","article_published_time":"2010-06-23T06:33:38+00:00","author":"kalem","twitter_card":"summary_large_image","twitter_misc":{"Written by":"kalem","Est. reading time":"1 minute"},"schema":{"@context":"https:\/\/schema.org","@graph":[{"@type":"Article","@id":"https:\/\/akunq.net\/turkish\/2010\/06\/23\/efsane-ask-tamara-icin-yuzduler\/#article","isPartOf":{"@id":"https:\/\/akunq.net\/turkish\/2010\/06\/23\/efsane-ask-tamara-icin-yuzduler\/"},"author":{"name":"kalem","@id":"https:\/\/akunq.net\/turkish\/#\/schema\/person\/135e7923d1aeb8887890799619969a6c"},"headline":"EFSANE A\u015eK TAMARA \u0130\u00c7\u0130N Y\u00dcZD\u00dcLER","datePublished":"2010-06-23T06:33:38+00:00","mainEntityOfPage":{"@id":"https:\/\/akunq.net\/turkish\/2010\/06\/23\/efsane-ask-tamara-icin-yuzduler\/"},"wordCount":282,"articleSection":["Haberler"],"inLanguage":"en-US"},{"@type":"WebPage","@id":"https:\/\/akunq.net\/turkish\/2010\/06\/23\/efsane-ask-tamara-icin-yuzduler\/","url":"https:\/\/akunq.net\/turkish\/2010\/06\/23\/efsane-ask-tamara-icin-yuzduler\/","name":"EFSANE A\u015eK TAMARA \u0130\u00c7\u0130N Y\u00dcZD\u00dcLER - Bati Ermenistan Ve Bati Ermenileri Sorunlari Ara\u015ftirmalar Merkezi","isPartOf":{"@id":"https:\/\/akunq.net\/turkish\/#website"},"datePublished":"2010-06-23T06:33:38+00:00","author":{"@id":"https:\/\/akunq.net\/turkish\/#\/schema\/person\/135e7923d1aeb8887890799619969a6c"},"breadcrumb":{"@id":"https:\/\/akunq.net\/turkish\/2010\/06\/23\/efsane-ask-tamara-icin-yuzduler\/#breadcrumb"},"inLanguage":"en-US","potentialAction":[{"@type":"ReadAction","target":["https:\/\/akunq.net\/turkish\/2010\/06\/23\/efsane-ask-tamara-icin-yuzduler\/"]}]},{"@type":"BreadcrumbList","@id":"https:\/\/akunq.net\/turkish\/2010\/06\/23\/efsane-ask-tamara-icin-yuzduler\/#breadcrumb","itemListElement":[{"@type":"ListItem","position":1,"name":"Home","item":"https:\/\/akunq.net\/turkish\/"},{"@type":"ListItem","position":2,"name":"EFSANE A\u015eK TAMARA \u0130\u00c7\u0130N Y\u00dcZD\u00dcLER"}]},{"@type":"WebSite","@id":"https:\/\/akunq.net\/turkish\/#website","url":"https:\/\/akunq.net\/turkish\/","name":"Bati Ermenistan Ve Bati Ermenileri Sorunlari Ara\u015ftirmalar Merkezi","description":"","potentialAction":[{"@type":"SearchAction","target":{"@type":"EntryPoint","urlTemplate":"https:\/\/akunq.net\/turkish\/?s={search_term_string}"},"query-input":{"@type":"PropertyValueSpecification","valueRequired":true,"valueName":"search_term_string"}}],"inLanguage":"en-US"},{"@type":"Person","@id":"https:\/\/akunq.net\/turkish\/#\/schema\/person\/135e7923d1aeb8887890799619969a6c","name":"kalem","image":{"@type":"ImageObject","inLanguage":"en-US","@id":"https:\/\/secure.gravatar.com\/avatar\/a06875e4b25feb5674296adf8e8a7ae1e587cebce2493fe63c456109967e27d3?s=96&d=mm&r=g","url":"https:\/\/secure.gravatar.com\/avatar\/a06875e4b25feb5674296adf8e8a7ae1e587cebce2493fe63c456109967e27d3?s=96&d=mm&r=g","contentUrl":"https:\/\/secure.gravatar.com\/avatar\/a06875e4b25feb5674296adf8e8a7ae1e587cebce2493fe63c456109967e27d3?s=96&d=mm&r=g","caption":"kalem"},"url":"https:\/\/akunq.net\/turkish\/author\/kalem\/"}]}},"_links":{"self":[{"href":"https:\/\/akunq.net\/turkish\/wp-json\/wp\/v2\/posts\/1076","targetHints":{"allow":["GET"]}}],"collection":[{"href":"https:\/\/akunq.net\/turkish\/wp-json\/wp\/v2\/posts"}],"about":[{"href":"https:\/\/akunq.net\/turkish\/wp-json\/wp\/v2\/types\/post"}],"author":[{"embeddable":true,"href":"https:\/\/akunq.net\/turkish\/wp-json\/wp\/v2\/users\/3"}],"replies":[{"embeddable":true,"href":"https:\/\/akunq.net\/turkish\/wp-json\/wp\/v2\/comments?post=1076"}],"version-history":[{"count":0,"href":"https:\/\/akunq.net\/turkish\/wp-json\/wp\/v2\/posts\/1076\/revisions"}],"wp:attachment":[{"href":"https:\/\/akunq.net\/turkish\/wp-json\/wp\/v2\/media?parent=1076"}],"wp:term":[{"taxonomy":"category","embeddable":true,"href":"https:\/\/akunq.net\/turkish\/wp-json\/wp\/v2\/categories?post=1076"},{"taxonomy":"post_tag","embeddable":true,"href":"https:\/\/akunq.net\/turkish\/wp-json\/wp\/v2\/tags?post=1076"}],"curies":[{"name":"wp","href":"https:\/\/api.w.org\/{rel}","templated":true}]}}