{"id":1072,"date":"2010-06-22T03:15:33","date_gmt":"2010-06-22T08:15:33","guid":{"rendered":"http:\/\/akunq.net\/tr\/?p=1072"},"modified":"2010-06-22T03:15:33","modified_gmt":"2010-06-22T08:15:33","slug":"insanlik-bir-diaspora","status":"publish","type":"post","link":"https:\/\/akunq.net\/turkish\/2010\/06\/22\/insanlik-bir-diaspora\/","title":{"rendered":"\u0130nsanl\u0131k bir diaspora"},"content":{"rendered":"<p style=\"text-align: justify\"><strong><em>Y\u0131lda bir kez ibadete a\u00e7\u0131lan farkl\u0131 dini merkezler sayesinde T\u00fcrkiye&#8217;nin i\u00e7i a\u00e7\u0131labilir<\/em><\/strong>.<\/p>\n<p style=\"text-align: justify\">Eski imparatorluklardan modern devletlere sanki miras de\u011fil dert kald\u0131. Farkl\u0131 dinlerdeki az\u0131nl\u0131klar ve k\u00fclt\u00fcrleriyle ilgili problemler Osmanl\u0131 miras\u0131ndan gelen modern T\u00fcrkiye&#8217;de de fazlas\u0131yla hissedildi. Oysa k\u00fclt\u00fcrel bir zenginlik olarak alg\u0131lanmas\u0131 gerekirdi. Bazen manip\u00fclasyon ayg\u0131t\u0131na da d\u00f6n\u00fc\u015ft\u00fcr\u00fclen siyasi taraf\u0131 bir yana, din tarihi a\u00e7\u0131s\u0131ndan T\u00fcrkiye haritas\u0131ndaki bu derin miras, \u00f6zellikle H\u0131ristiyanl\u0131\u011f\u0131n ve k\u0131smen Yahudili\u011fin buralarda serpilmi\u015f olmas\u0131yla yak\u0131ndan ili\u015fkiliydi. H\u0131ristiyan n\u00fcfusa ait k\u00fclt merkezleri, hac yollar\u0131, mezhep merkezleri vs. Sel\u00e7uklu ve Osmanl\u0131lar taraf\u0131ndan \u00e7ok de\u011fi\u015ftirilmeden T\u00fcrkiye&#8217;ye aktar\u0131ld\u0131. D\u00fcnyadaki siyasi konjonkt\u00fcr\u00fcn de getirdi\u011fi tela\u015fla modern T\u00fcrk devleti bu dinsel miras\u0131 -hatta \u0130slami olan\u0131 bile- daha hassas bir ruh \u00e7er\u00e7evesinde alg\u0131lad\u0131. \u0130\u015fte o hassas alg\u0131laman\u0131n sonucunda olu\u015fan harita az, \u00e7ok h\u00e2l\u00e2 varl\u0131\u011f\u0131n\u0131 koruyor.<\/p>\n<p style=\"text-align: justify\">Bu harita ne? Mesela Anadolu&#8217;da Yahudili\u011fe ait \u00f6nemli bir k\u00fclt\u00fcrel miras bulunuyor. Yahudili\u011fin kurucu atalar\u0131 olan \u0130brahim, Terah, Serug, Laban gibi baz\u0131 kimlikler Urfa ve Harran co\u011frafyas\u0131 ile yak\u0131ndan ilgilidir. Tevrat&#8217;a g\u00f6re bu kahramanlar\u0131n dola\u015ft\u0131klar\u0131 co\u011frafya Urfa topraklar\u0131na denk d\u00fc\u015fer. Bu, baz\u0131 radikal dinci Yahudiler taraf\u0131ndan vadedilmi\u015f topraklar\u0131n ba\u015flang\u0131c\u0131 say\u0131lsa bile, akl\u0131 ba\u015f\u0131nda biri i\u00e7in sadece tarihi ve k\u00fclt\u00fcrel bir miras olabilir.<\/p>\n<p style=\"text-align: justify\">\u00d6te yandan Anadolu&#8217;da g\u00fc\u00e7l\u00fc bir H\u0131ristiyan miras var; \u00f6zellikle Ortodoks H\u0131ristiyanl\u0131k a\u00e7\u0131s\u0131ndan. D\u00f6rd\u00fcnc\u00fc y\u00fczy\u0131lda Roma \u0130mparatorlu\u011fu&#8217;nun ba\u015fkentinin bug\u00fcnk\u00fc \u0130stanbul&#8217;a ta\u015f\u0131n\u0131\u015f\u0131 ile ba\u015flayan s\u00fcre\u00e7, H\u0131ristiyanl\u0131k i\u00e7in ba\u015fl\u0131ba\u015f\u0131na \u00f6nemli. Zamanla \u0130stanbul \u00e7evresinde \u00f6rg\u00fctlenen Ortodoks H\u0131ristiyanl\u0131\u011f\u0131n kendi kurumlar\u0131n\u0131 olu\u015fturmaya ba\u015flamas\u0131 \u0130stanbul&#8217;u daha da ayr\u0131cal\u0131kl\u0131 k\u0131l\u0131yor. Bunun sonucu, \u0130stanbul Fener Patrikhanesi Otosefal Kilisesi&#8217;dir. (Otosefal, kendi kendisini y\u00f6netebilen ba\u011f\u0131ms\u0131z Ortodoks kiliselerini adland\u0131rmak i\u00e7in kullan\u0131lan bir din hukuku terimi.) Bug\u00fcn \u00e7ok say\u0131da Ortodoks, Rus Kilisesi&#8217;nin direni\u015fine ra\u011fmen h\u0131zla \u0130stanbul Fener Patrikhanesi&#8217;ne kay\u0131yor. Ayn\u0131 \u015fekilde \u00f6nem kazanan bir ba\u015fka merkez de Trabzon&#8217;daki S\u00fcmela Manast\u0131r\u0131. Buras\u0131 son y\u0131llarda neredeyse T\u00fcrkiye&#8217;deki ikinci Ortodoks k\u00fclt merkezi haline d\u00f6n\u00fc\u015f\u00fcyor. K\u00fclt\u00fcr Bakanl\u0131\u011f\u0131 da burada y\u0131lda bir kez dini ibadet yap\u0131lmas\u0131na izin verdi; ilki 15 A\u011fustos&#8217;ta.<\/p>\n<p style=\"text-align: justify\">D\u00f6rd\u00fcnc\u00fc y\u00fczy\u0131lda ortaya \u00e7\u0131kan Monofizit H\u0131ristiyanl\u0131\u011f\u0131n temsilcisi Ermeni mezhebi i\u00e7in de Anadolu&#8217;nun yeri ayr\u0131. \u015e\u00fcphesiz bu \u00f6nemi olu\u015fturan tarihsel gerek\u00e7elerin ba\u015f\u0131nda Akdamar Adas\u0131 geliyor. 10. y\u00fczy\u0131lda Vaspurugan Ermeni Krall\u0131\u011f\u0131&#8217;n\u0131n merkezi olan Akdamar Adas\u0131, 10. y\u00fczy\u0131ldan 11. y\u00fczy\u0131la kadar Ermeni Patriklik merkezi oldu. Pek \u00e7ok Gregoryen Ermeni i\u00e7in \u00f6nemli olan adadaki Surp Ha\u00e7 Kilisesi&#8217;nde gelene\u011fe g\u00f6re \u0130sa&#8217;n\u0131n \u00e7arm\u0131ha gerildi\u011fi ha\u00e7\u0131n par\u00e7alar\u0131 mevcuttu. Muhtemelen sadece bir efsane olan bu gelene\u011fe ra\u011fmen ada Ermeni literat\u00fcr\u00fcnde son derece \u00f6nemli bir yere sahip. Buras\u0131 i\u00e7in de K\u00fclt\u00fcr Bakanl\u0131\u011f\u0131 y\u0131lda bir kere ibadet karar\u0131 verdi ve kilise kap\u0131lar\u0131n\u0131 ilk kez 19 Eyl\u00fcl&#8217;de a\u00e7acak.<\/p>\n<p style=\"text-align: justify\">\u00a0Anadolu&#8217;nun Monofizit H\u0131ristiyan mezheplerinden S\u00fcryaniler i\u00e7inse Mardin&#8217;deki Deyrulzafaran Manast\u0131r\u0131&#8217;n\u0131n ayr\u0131cal\u0131kl\u0131 bir yeri var. 13. y\u00fczy\u0131ldan 1932&#8217;ye kadar S\u00fcryani Patrikli\u011fi olarak hizmet g\u00f6rm\u00fc\u015f bu manast\u0131r olduk\u00e7a iyi durumda ve ibadete her zaman a\u00e7\u0131k. M\u00fcze stat\u00fcs\u00fcne d\u00f6nd\u00fcr\u00fclmemi\u015f olmas\u0131 bug\u00fcnk\u00fc konumuna katk\u0131da bulunan temel sebeplerden biri.<\/p>\n<p style=\"text-align: justify\">\u00a0Katolik d\u00fcnyas\u0131 i\u00e7in \u00f6nemli hac yollar\u0131 da Anadolu&#8217;dan ge\u00e7iyor. K\u0131smen turizm k\u0131smen dini ba\u011flamda \u00f6nem ta\u015f\u0131yan bu hac yollar\u0131 St. Paul&#8217;\u00fcn Anadolu&#8217;daki misyon seyahatlerinin bir miras\u0131.\u00a0<\/p>\n<p style=\"text-align: justify\">Bu \u00f6rnekler \u015f\u00fcphesiz en se\u00e7ilmi\u015f olanlar\u0131. Eklenecek onlarcas\u0131 s\u00f6z konusu. Tarihin geriye d\u00f6nd\u00fcr\u00fclemeyece\u011fi prensibini hazmetmi\u015f iktidarlar di\u011ferlerine daha rahat\u00e7a bakabilme esnekli\u011fine de sahip olur. Hi\u00e7bir dinin tarihi, kendi se\u00e7ece\u011fi bir co\u011frafyada geli\u015fme \u015fans\u0131na sahip olmad\u0131. Bundan dolay\u0131 b\u00fct\u00fcn inan\u00e7l\u0131 ve tabii inan\u00e7s\u0131z insanlar asl\u0131nda daima diaspora halinde oldular. Avrupa&#8217;dan Asya&#8217;ya ba\u015fka haritalarda benzer talepleri olan M\u00fcsl\u00fcmanlar da \u00f6yle.<\/p>\n<p style=\"text-align: justify\">(Do\u00e7. <strong>K\u00fcr\u015fat Demirci<\/strong>, Marmara \u00dcniversitesi Dinler Tarihi Ana Bilim Dal\u0131 \u00f6\u011fretim \u00fcyesi.)<\/p>\n<p style=\"text-align: justify\">newsweekturkiye.com, 21.6.2010<strong><\/strong><\/p>\n","protected":false},"excerpt":{"rendered":"<p>Y\u0131lda bir kez ibadete a\u00e7\u0131lan farkl\u0131 dini merkezler sayesinde T\u00fcrkiye&#8217;nin i\u00e7i a\u00e7\u0131labilir. Eski imparatorluklardan modern devletlere sanki miras de\u011fil dert kald\u0131. Farkl\u0131 dinlerdeki az\u0131nl\u0131klar ve k\u00fclt\u00fcrleriyle ilgili problemler Osmanl\u0131 miras\u0131ndan gelen modern T\u00fcrkiye&#8217;de de fazlas\u0131yla hissedildi. Oysa k\u00fclt\u00fcrel bir zenginlik olarak alg\u0131lanmas\u0131 gerekirdi. Bazen manip\u00fclasyon ayg\u0131t\u0131na da d\u00f6n\u00fc\u015ft\u00fcr\u00fclen siyasi taraf\u0131 bir yana, din tarihi a\u00e7\u0131s\u0131ndan [&hellip;]<\/p>\n","protected":false},"author":3,"featured_media":0,"comment_status":"closed","ping_status":"open","sticky":false,"template":"","format":"standard","meta":{"footnotes":""},"categories":[14],"tags":[],"class_list":["post-1072","post","type-post","status-publish","format-standard","hentry","category-haberler"],"yoast_head":"<!-- This site is optimized with the Yoast SEO plugin v27.4 - https:\/\/yoast.com\/product\/yoast-seo-wordpress\/ -->\n<title>\u0130nsanl\u0131k bir diaspora - Bati Ermenistan Ve Bati Ermenileri Sorunlari Ara\u015ftirmalar Merkezi<\/title>\n<meta name=\"robots\" content=\"index, follow, max-snippet:-1, max-image-preview:large, max-video-preview:-1\" \/>\n<link rel=\"canonical\" href=\"https:\/\/akunq.net\/turkish\/2010\/06\/22\/insanlik-bir-diaspora\/\" \/>\n<meta property=\"og:locale\" content=\"en_US\" \/>\n<meta property=\"og:type\" content=\"article\" \/>\n<meta property=\"og:title\" content=\"\u0130nsanl\u0131k bir diaspora - Bati Ermenistan Ve Bati Ermenileri Sorunlari Ara\u015ftirmalar Merkezi\" \/>\n<meta property=\"og:description\" content=\"Y\u0131lda bir kez ibadete a\u00e7\u0131lan farkl\u0131 dini merkezler sayesinde T\u00fcrkiye&#8217;nin i\u00e7i a\u00e7\u0131labilir. Eski imparatorluklardan modern devletlere sanki miras de\u011fil dert kald\u0131. Farkl\u0131 dinlerdeki az\u0131nl\u0131klar ve k\u00fclt\u00fcrleriyle ilgili problemler Osmanl\u0131 miras\u0131ndan gelen modern T\u00fcrkiye&#8217;de de fazlas\u0131yla hissedildi. Oysa k\u00fclt\u00fcrel bir zenginlik olarak alg\u0131lanmas\u0131 gerekirdi. Bazen manip\u00fclasyon ayg\u0131t\u0131na da d\u00f6n\u00fc\u015ft\u00fcr\u00fclen siyasi taraf\u0131 bir yana, din tarihi a\u00e7\u0131s\u0131ndan [&hellip;]\" \/>\n<meta property=\"og:url\" content=\"https:\/\/akunq.net\/turkish\/2010\/06\/22\/insanlik-bir-diaspora\/\" \/>\n<meta property=\"og:site_name\" content=\"Bati Ermenistan Ve Bati Ermenileri Sorunlari Ara\u015ftirmalar Merkezi\" \/>\n<meta property=\"article:published_time\" content=\"2010-06-22T08:15:33+00:00\" \/>\n<meta name=\"author\" content=\"kalem\" \/>\n<meta name=\"twitter:card\" content=\"summary_large_image\" \/>\n<meta name=\"twitter:label1\" content=\"Written by\" \/>\n\t<meta name=\"twitter:data1\" content=\"kalem\" \/>\n\t<meta name=\"twitter:label2\" content=\"Est. reading time\" \/>\n\t<meta name=\"twitter:data2\" content=\"4 minutes\" \/>\n<script type=\"application\/ld+json\" class=\"yoast-schema-graph\">{\"@context\":\"https:\\\/\\\/schema.org\",\"@graph\":[{\"@type\":\"Article\",\"@id\":\"https:\\\/\\\/akunq.net\\\/turkish\\\/2010\\\/06\\\/22\\\/insanlik-bir-diaspora\\\/#article\",\"isPartOf\":{\"@id\":\"https:\\\/\\\/akunq.net\\\/turkish\\\/2010\\\/06\\\/22\\\/insanlik-bir-diaspora\\\/\"},\"author\":{\"name\":\"kalem\",\"@id\":\"https:\\\/\\\/akunq.net\\\/turkish\\\/#\\\/schema\\\/person\\\/135e7923d1aeb8887890799619969a6c\"},\"headline\":\"\u0130nsanl\u0131k bir diaspora\",\"datePublished\":\"2010-06-22T08:15:33+00:00\",\"mainEntityOfPage\":{\"@id\":\"https:\\\/\\\/akunq.net\\\/turkish\\\/2010\\\/06\\\/22\\\/insanlik-bir-diaspora\\\/\"},\"wordCount\":766,\"articleSection\":[\"Haberler\"],\"inLanguage\":\"en-US\"},{\"@type\":\"WebPage\",\"@id\":\"https:\\\/\\\/akunq.net\\\/turkish\\\/2010\\\/06\\\/22\\\/insanlik-bir-diaspora\\\/\",\"url\":\"https:\\\/\\\/akunq.net\\\/turkish\\\/2010\\\/06\\\/22\\\/insanlik-bir-diaspora\\\/\",\"name\":\"\u0130nsanl\u0131k bir diaspora - Bati Ermenistan Ve Bati Ermenileri Sorunlari Ara\u015ftirmalar Merkezi\",\"isPartOf\":{\"@id\":\"https:\\\/\\\/akunq.net\\\/turkish\\\/#website\"},\"datePublished\":\"2010-06-22T08:15:33+00:00\",\"author\":{\"@id\":\"https:\\\/\\\/akunq.net\\\/turkish\\\/#\\\/schema\\\/person\\\/135e7923d1aeb8887890799619969a6c\"},\"breadcrumb\":{\"@id\":\"https:\\\/\\\/akunq.net\\\/turkish\\\/2010\\\/06\\\/22\\\/insanlik-bir-diaspora\\\/#breadcrumb\"},\"inLanguage\":\"en-US\",\"potentialAction\":[{\"@type\":\"ReadAction\",\"target\":[\"https:\\\/\\\/akunq.net\\\/turkish\\\/2010\\\/06\\\/22\\\/insanlik-bir-diaspora\\\/\"]}]},{\"@type\":\"BreadcrumbList\",\"@id\":\"https:\\\/\\\/akunq.net\\\/turkish\\\/2010\\\/06\\\/22\\\/insanlik-bir-diaspora\\\/#breadcrumb\",\"itemListElement\":[{\"@type\":\"ListItem\",\"position\":1,\"name\":\"Home\",\"item\":\"https:\\\/\\\/akunq.net\\\/turkish\\\/\"},{\"@type\":\"ListItem\",\"position\":2,\"name\":\"\u0130nsanl\u0131k bir diaspora\"}]},{\"@type\":\"WebSite\",\"@id\":\"https:\\\/\\\/akunq.net\\\/turkish\\\/#website\",\"url\":\"https:\\\/\\\/akunq.net\\\/turkish\\\/\",\"name\":\"Bati Ermenistan Ve Bati Ermenileri Sorunlari Ara\u015ftirmalar Merkezi\",\"description\":\"\",\"potentialAction\":[{\"@type\":\"SearchAction\",\"target\":{\"@type\":\"EntryPoint\",\"urlTemplate\":\"https:\\\/\\\/akunq.net\\\/turkish\\\/?s={search_term_string}\"},\"query-input\":{\"@type\":\"PropertyValueSpecification\",\"valueRequired\":true,\"valueName\":\"search_term_string\"}}],\"inLanguage\":\"en-US\"},{\"@type\":\"Person\",\"@id\":\"https:\\\/\\\/akunq.net\\\/turkish\\\/#\\\/schema\\\/person\\\/135e7923d1aeb8887890799619969a6c\",\"name\":\"kalem\",\"image\":{\"@type\":\"ImageObject\",\"inLanguage\":\"en-US\",\"@id\":\"https:\\\/\\\/secure.gravatar.com\\\/avatar\\\/a06875e4b25feb5674296adf8e8a7ae1e587cebce2493fe63c456109967e27d3?s=96&d=mm&r=g\",\"url\":\"https:\\\/\\\/secure.gravatar.com\\\/avatar\\\/a06875e4b25feb5674296adf8e8a7ae1e587cebce2493fe63c456109967e27d3?s=96&d=mm&r=g\",\"contentUrl\":\"https:\\\/\\\/secure.gravatar.com\\\/avatar\\\/a06875e4b25feb5674296adf8e8a7ae1e587cebce2493fe63c456109967e27d3?s=96&d=mm&r=g\",\"caption\":\"kalem\"},\"url\":\"https:\\\/\\\/akunq.net\\\/turkish\\\/author\\\/kalem\\\/\"}]}<\/script>\n<!-- \/ Yoast SEO plugin. -->","yoast_head_json":{"title":"\u0130nsanl\u0131k bir diaspora - Bati Ermenistan Ve Bati Ermenileri Sorunlari Ara\u015ftirmalar Merkezi","robots":{"index":"index","follow":"follow","max-snippet":"max-snippet:-1","max-image-preview":"max-image-preview:large","max-video-preview":"max-video-preview:-1"},"canonical":"https:\/\/akunq.net\/turkish\/2010\/06\/22\/insanlik-bir-diaspora\/","og_locale":"en_US","og_type":"article","og_title":"\u0130nsanl\u0131k bir diaspora - Bati Ermenistan Ve Bati Ermenileri Sorunlari Ara\u015ftirmalar Merkezi","og_description":"Y\u0131lda bir kez ibadete a\u00e7\u0131lan farkl\u0131 dini merkezler sayesinde T\u00fcrkiye&#8217;nin i\u00e7i a\u00e7\u0131labilir. Eski imparatorluklardan modern devletlere sanki miras de\u011fil dert kald\u0131. Farkl\u0131 dinlerdeki az\u0131nl\u0131klar ve k\u00fclt\u00fcrleriyle ilgili problemler Osmanl\u0131 miras\u0131ndan gelen modern T\u00fcrkiye&#8217;de de fazlas\u0131yla hissedildi. Oysa k\u00fclt\u00fcrel bir zenginlik olarak alg\u0131lanmas\u0131 gerekirdi. Bazen manip\u00fclasyon ayg\u0131t\u0131na da d\u00f6n\u00fc\u015ft\u00fcr\u00fclen siyasi taraf\u0131 bir yana, din tarihi a\u00e7\u0131s\u0131ndan [&hellip;]","og_url":"https:\/\/akunq.net\/turkish\/2010\/06\/22\/insanlik-bir-diaspora\/","og_site_name":"Bati Ermenistan Ve Bati Ermenileri Sorunlari Ara\u015ftirmalar Merkezi","article_published_time":"2010-06-22T08:15:33+00:00","author":"kalem","twitter_card":"summary_large_image","twitter_misc":{"Written by":"kalem","Est. reading time":"4 minutes"},"schema":{"@context":"https:\/\/schema.org","@graph":[{"@type":"Article","@id":"https:\/\/akunq.net\/turkish\/2010\/06\/22\/insanlik-bir-diaspora\/#article","isPartOf":{"@id":"https:\/\/akunq.net\/turkish\/2010\/06\/22\/insanlik-bir-diaspora\/"},"author":{"name":"kalem","@id":"https:\/\/akunq.net\/turkish\/#\/schema\/person\/135e7923d1aeb8887890799619969a6c"},"headline":"\u0130nsanl\u0131k bir diaspora","datePublished":"2010-06-22T08:15:33+00:00","mainEntityOfPage":{"@id":"https:\/\/akunq.net\/turkish\/2010\/06\/22\/insanlik-bir-diaspora\/"},"wordCount":766,"articleSection":["Haberler"],"inLanguage":"en-US"},{"@type":"WebPage","@id":"https:\/\/akunq.net\/turkish\/2010\/06\/22\/insanlik-bir-diaspora\/","url":"https:\/\/akunq.net\/turkish\/2010\/06\/22\/insanlik-bir-diaspora\/","name":"\u0130nsanl\u0131k bir diaspora - Bati Ermenistan Ve Bati Ermenileri Sorunlari Ara\u015ftirmalar Merkezi","isPartOf":{"@id":"https:\/\/akunq.net\/turkish\/#website"},"datePublished":"2010-06-22T08:15:33+00:00","author":{"@id":"https:\/\/akunq.net\/turkish\/#\/schema\/person\/135e7923d1aeb8887890799619969a6c"},"breadcrumb":{"@id":"https:\/\/akunq.net\/turkish\/2010\/06\/22\/insanlik-bir-diaspora\/#breadcrumb"},"inLanguage":"en-US","potentialAction":[{"@type":"ReadAction","target":["https:\/\/akunq.net\/turkish\/2010\/06\/22\/insanlik-bir-diaspora\/"]}]},{"@type":"BreadcrumbList","@id":"https:\/\/akunq.net\/turkish\/2010\/06\/22\/insanlik-bir-diaspora\/#breadcrumb","itemListElement":[{"@type":"ListItem","position":1,"name":"Home","item":"https:\/\/akunq.net\/turkish\/"},{"@type":"ListItem","position":2,"name":"\u0130nsanl\u0131k bir diaspora"}]},{"@type":"WebSite","@id":"https:\/\/akunq.net\/turkish\/#website","url":"https:\/\/akunq.net\/turkish\/","name":"Bati Ermenistan Ve Bati Ermenileri Sorunlari Ara\u015ftirmalar Merkezi","description":"","potentialAction":[{"@type":"SearchAction","target":{"@type":"EntryPoint","urlTemplate":"https:\/\/akunq.net\/turkish\/?s={search_term_string}"},"query-input":{"@type":"PropertyValueSpecification","valueRequired":true,"valueName":"search_term_string"}}],"inLanguage":"en-US"},{"@type":"Person","@id":"https:\/\/akunq.net\/turkish\/#\/schema\/person\/135e7923d1aeb8887890799619969a6c","name":"kalem","image":{"@type":"ImageObject","inLanguage":"en-US","@id":"https:\/\/secure.gravatar.com\/avatar\/a06875e4b25feb5674296adf8e8a7ae1e587cebce2493fe63c456109967e27d3?s=96&d=mm&r=g","url":"https:\/\/secure.gravatar.com\/avatar\/a06875e4b25feb5674296adf8e8a7ae1e587cebce2493fe63c456109967e27d3?s=96&d=mm&r=g","contentUrl":"https:\/\/secure.gravatar.com\/avatar\/a06875e4b25feb5674296adf8e8a7ae1e587cebce2493fe63c456109967e27d3?s=96&d=mm&r=g","caption":"kalem"},"url":"https:\/\/akunq.net\/turkish\/author\/kalem\/"}]}},"_links":{"self":[{"href":"https:\/\/akunq.net\/turkish\/wp-json\/wp\/v2\/posts\/1072","targetHints":{"allow":["GET"]}}],"collection":[{"href":"https:\/\/akunq.net\/turkish\/wp-json\/wp\/v2\/posts"}],"about":[{"href":"https:\/\/akunq.net\/turkish\/wp-json\/wp\/v2\/types\/post"}],"author":[{"embeddable":true,"href":"https:\/\/akunq.net\/turkish\/wp-json\/wp\/v2\/users\/3"}],"replies":[{"embeddable":true,"href":"https:\/\/akunq.net\/turkish\/wp-json\/wp\/v2\/comments?post=1072"}],"version-history":[{"count":0,"href":"https:\/\/akunq.net\/turkish\/wp-json\/wp\/v2\/posts\/1072\/revisions"}],"wp:attachment":[{"href":"https:\/\/akunq.net\/turkish\/wp-json\/wp\/v2\/media?parent=1072"}],"wp:term":[{"taxonomy":"category","embeddable":true,"href":"https:\/\/akunq.net\/turkish\/wp-json\/wp\/v2\/categories?post=1072"},{"taxonomy":"post_tag","embeddable":true,"href":"https:\/\/akunq.net\/turkish\/wp-json\/wp\/v2\/tags?post=1072"}],"curies":[{"name":"wp","href":"https:\/\/api.w.org\/{rel}","templated":true}]}}