{"id":1063,"date":"2010-02-20T02:04:07","date_gmt":"2010-02-20T07:04:07","guid":{"rendered":"http:\/\/akunq.net\/tr\/2010\/02\/20\/bir-ulusun-tarihi-3\/"},"modified":"2010-02-20T02:04:07","modified_gmt":"2010-02-20T07:04:07","slug":"bir-ulusun-tarihi-3","status":"publish","type":"post","link":"https:\/\/akunq.net\/turkish\/2010\/02\/20\/bir-ulusun-tarihi-3\/","title":{"rendered":"Paytakaran"},"content":{"rendered":"<p style=\"text-align: justify\"><a rel=\"attachment wp-att-1065\" href=\"http:\/\/akunq.net\/tr\/2010\/02\/20\/bir-ulusun-tarihi-3\/paytakaran5\/\"><img loading=\"lazy\" decoding=\"async\" class=\"alignnone size-full wp-image-1065\" title=\"Paytakaran5\" src=\"http:\/\/akunq.net\/tr\/wp-content\/uploads\/2010\/02\/Paytakaran5.jpg\" alt=\"\" width=\"593\" height=\"237\" srcset=\"https:\/\/akunq.net\/turkish\/wp-content\/uploads\/sites\/5\/2010\/02\/Paytakaran5.jpg 593w, https:\/\/akunq.net\/turkish\/wp-content\/uploads\/sites\/5\/2010\/02\/Paytakaran5-300x120.jpg 300w\" sizes=\"auto, (max-width: 593px) 100vw, 593px\" \/><\/a><\/p>\n<p style=\"text-align: justify\">Paytakaran, B\u00fcy\u00fck Hayk\u2019\u0131n on birinci vilayetidir. Kuzeydo\u011fudan S\u00fcnik, Artsakh ve Utik, bat\u0131dan Vaspurakan vilayetleriyle s\u0131n\u0131rda\u015ft\u0131r. Paytakaran\u2019\u0131n il\u00e7eleri Hrakot-Peroj, Vardanakert, Yotnporakyan Bagink, Koekyan, Roti-Ba\u011fan, Aros, Pi\u00e7an, Hani, At\u015fi-Bagavan, Spandaran-Peroj, Vormisdperoj ve Alevan olmu\u015ftur.<\/p>\n<p style=\"text-align: justify\">\u00a0B\u00fcy\u00fck Hayk Krall\u0131\u011f\u0131\u2019n\u0131n do\u011fu ucu vilayeti olmas\u0131ndan \u00f6t\u00fcr\u00fc, Kuzey Kafkas da\u011fl\u0131lar\u0131na kar\u015f\u0131 y\u00fcr\u00fct\u00fclen m\u00fccadelede Paytakaran \u00f6nemli bir rol oynam\u0131\u015ft\u0131r. H\u0131ristiyanl\u0131\u011f\u0131n devlet dini olarak ilan edilme s\u00fcrecinde Ange\u011ftan prensi, pagan dininden vazge\u00e7meyen 438 rahibi Paytakaran zindan\u0131na atm\u0131\u015ft\u0131r. Ermenistan kral\u0131 B\u00fcy\u00fck Trdat\u2019\u0131n y\u00f6netimi d\u00f6neminde Paydakaran \u015fehri b\u00fcy\u00fck \u00f6nem kazanm\u0131\u015ft\u0131. Alan Krall\u0131\u011f\u0131\u2019nda H\u0131ristiyanl\u0131\u011f\u0131n yay\u0131lmas\u0131 niyetiyle Ayd\u0131nlat\u0131c\u0131 Grigor\u2019un torunu, episkopos Grigoris Ermenistan\u2019\u0131n kuzeydo\u011fu b\u00f6lgelerine g\u00f6nderilmi\u015f, misyonunu yerine getirme konusunda Grigoris\u2019e destek olmas\u0131 amac\u0131yla Sanatruk Ar\u015fakuni, Paytakaran\u2019a y\u00f6netici tayin edilmi\u015fti. Grigoris, Mezket Sanesan kral\u0131n\u0131n emriyle Vatnyan ovas\u0131nda \u00f6ld\u00fcr\u00fcl\u00fcr, Sanatruk ise kendisini kral ilan ederek yabanc\u0131lar\u0131n yard\u0131m\u0131yla Ermenistan taht\u0131n\u0131 ele ge\u00e7irmeye \u00e7al\u0131\u015f\u0131r. Ermeni-Roma ordular\u0131 Paytakaran\u2019\u0131 ku\u015fat\u0131nca Sanatruk Pers \u00fclkesine ka\u00e7\u0131p II. \u015eabuh\u2019a s\u0131\u011f\u0131n\u0131r.<\/p>\n<p style=\"text-align: justify\">\u00a0IV. y\u00fczy\u0131l\u0131n 30\u2019lu y\u0131llar\u0131nda B\u00fcy\u00fck Hayk\u2019\u0131n di\u011fer b\u00f6l\u00fcmleriyle birlikte Paytakaran da Mezket Sanesan kral\u0131n sald\u0131r\u0131lar\u0131ndan zarar g\u00f6r\u00fcr, fakat istilac\u0131 ordular O\u015fakan \u015fehri yak\u0131nlar\u0131nda bozguna u\u011frat\u0131l\u0131r. B\u00fcy\u00fck Hayk&#8217;\u0131n 387 y\u0131l\u0131nda b\u00f6l\u00fcnmesinin ard\u0131ndan Paytakaran \u015fehri , Ar\u015fakuni hanedan\u0131n\u0131n \u00e7\u00f6k\u00fc\u015f\u00fcne kadar Do\u011fu Ermenistan\u2019\u0131n b\u00fcnyesinde kal\u0131r. 428 y\u0131l\u0131nda Paytakaran, Atrpatakan marzpanl\u0131\u011f\u0131na (atanm\u0131\u015f y\u00f6netici) ba\u011flan\u0131r. 450\u2013451 y\u0131llar\u0131ndaki \u201cVartanants\u201d sava\u015f\u0131 esnas\u0131nda Paytakaran \u015fehri Pers ordular\u0131n\u0131n dayanak noktas\u0131n\u0131 olu\u015fturmaktayd\u0131.<\/p>\n<p style=\"text-align: justify\"><a rel=\"attachment wp-att-433\" href=\"http:\/\/akunq.net\/tr\/2010\/02\/21\/413\/%d6%83%d5%a1%d5%b5%d5%bf%d5%a1%d5%af%d5%a1%d6%80%d5%a1%d5%b6-5\/\"><\/a><a rel=\"attachment wp-att-1066\" href=\"http:\/\/akunq.net\/tr\/2010\/02\/20\/bir-ulusun-tarihi-3\/untitled-3\/\"><img loading=\"lazy\" decoding=\"async\" width=\"304\" height=\"284\" class=\"alignleft size-full wp-image-1066\" title=\"untitled\" src=\"http:\/\/akunq.net\/tr\/wp-content\/uploads\/2010\/02\/untitled.bmp\" alt=\"\" \/><\/a>\u00a0620 y\u0131l\u0131nda Bizans ordular\u0131 Paytakaran\u2019a sald\u0131rm\u0131\u015flard\u0131r. VI.-VII. y\u00fczy\u0131llar\u0131 aras\u0131nda Hazar Denizi\u2019nin seviyesinin d\u00fc\u015fmesi sonucu sular Paytakaran \u015fehrinden uzakla\u015ft\u0131\u011f\u0131ndan \u015fehir eski g\u00f6rkemini kaybetmi\u015f, daha sonra da tamam\u0131yla haritadan silinmi\u015ftir. VII. y\u00fczy\u0131l\u0131 sonlar\u0131nda Paytakaran, Araplar taraf\u0131ndan ele ge\u00e7irilip Atrpatakan b\u00fcnyesine d\u00e2hil edilmi\u015ftir. IX. y\u00fczy\u0131l\u0131n ilk yar\u0131s\u0131nda Paytakaran, Babek hareketine d\u00e2hil edilmi\u015f, IX. y\u00fczy\u0131l sonlar\u0131nda Saci, X. y\u00fczy\u0131l\u0131n 40\u2019l\u0131 y\u0131llar\u0131ndan itibaren Salari ve X. y\u00fczy\u0131l\u0131n sonlar\u0131ndan itibaren ise Ravvadi Devleti\u2019ne d\u00e2hil olmu\u015ftur. XI. y\u00fczy\u0131l\u0131n ikinci yar\u0131s\u0131nda Sel\u00e7uklular Paytakaran\u2019\u0131 ele ge\u00e7irmi\u015fler, XII. y\u00fczy\u0131l\u0131n 30\u2019lu y\u0131llar\u0131nda ise Yeltkuzi Devletine d\u00e2hil olmu\u015ftur. XIII. y\u00fczy\u0131l\u0131n ilk yar\u0131s\u0131nda Mo\u011follar Paytakaran\u2019\u0131 istila etmi\u015fler, XIII.-XIV. y\u00fczy\u0131llarda \u201cAlt\u0131n Horda\u201dn\u0131n hanlar\u0131n\u0131n eline ge\u00e7mi\u015f, XIV. y\u00fczy\u0131l sonlar\u0131nda Lenk-Timur\u2019un y\u0131k\u0131m\u0131na maruz kalm\u0131\u015ft\u0131r. XVIII. y\u00fczy\u0131l ortalar\u0131nda Paytakaran\u2019da Tali\u015f ve Karada\u011f hanl\u0131klar\u0131 \u015fekillenmeye ba\u015flam\u0131\u015f, 1809\u2019da Tali\u015fler nihai olarak Rusya\u2019ya ba\u011flanm\u0131\u015flard\u0131r.<\/p>\n<p style=\"text-align: justify\">\u00a01813 G\u00fclistan antla\u015fmas\u0131 sonucunda Paytakaran\u2019\u0131n do\u011fu k\u0131sm\u0131 Rusya\u2019ya, bat\u0131s\u0131 ise \u0130ran\u2019a ba\u011flanm\u0131\u015ft\u0131r. 1826 y\u0131l\u0131nda Tali\u015f Hanl\u0131\u011f\u0131 ortadan kald\u0131r\u0131l\u0131p, hanl\u0131k b\u00f6lgesi XIX. y\u00fczy\u0131l\u0131n ikinci yar\u0131s\u0131 ve XX. y\u00fczy\u0131l ba\u015flar\u0131nda Bak\u00fc Vilayetine d\u00e2hil edilmi\u015ftir.<\/p>\n<p style=\"text-align: justify\">Paytakaran, B\u00fcy\u00fck Hayk\u2019\u0131n on birinci vilayetidir. Kuzeydo\u011fudan S\u00fcnik, Artsakh ve Utik, bat\u0131dan Vaspurakan vilayetleriyle s\u0131n\u0131rda\u015ft\u0131r. Paytakaran\u2019\u0131n il\u00e7eleri Hrakot-Peroj, Vardanakert, Yotnporakyan Bagink, Koekyan, Roti-Ba\u011fan, Aros, Pi\u00e7an, Hani, At\u015fi-Bagavan, Spandaran-Peroj, Vormisdperoj ve Alevan olmu\u015ftur.<\/p>\n<p style=\"text-align: justify\">\u00a0B\u00fcy\u00fck Hayk Krall\u0131\u011f\u0131\u2019n\u0131n do\u011fu ucu vilayeti olmas\u0131ndan \u00f6t\u00fcr\u00fc, Kuzey Kafkas da\u011fl\u0131lar\u0131na kar\u015f\u0131 y\u00fcr\u00fct\u00fclen m\u00fccadelede Paytakaran \u00f6nemli bir rol oynam\u0131\u015ft\u0131r. H\u0131ristiyanl\u0131\u011f\u0131n devlet dini olarak ilan edilme s\u00fcrecinde Ange\u011ftan prensi, pagan dininden vazge\u00e7meyen 438 rahibi Paytakaran zindan\u0131na atm\u0131\u015ft\u0131r. Ermenistan kral\u0131 B\u00fcy\u00fck Trdat\u2019\u0131n y\u00f6netimi d\u00f6neminde Paydakaran \u015fehri b\u00fcy\u00fck \u00f6nem kazanm\u0131\u015ft\u0131. Alan Krall\u0131\u011f\u0131\u2019nda H\u0131ristiyanl\u0131\u011f\u0131n yay\u0131lmas\u0131 niyetiyle Ayd\u0131nlat\u0131c\u0131 Grigor\u2019un torunu, episkopos Grigoris Ermenistan\u2019\u0131n kuzeydo\u011fu b\u00f6lgelerine g\u00f6nderilmi\u015f, misyonunu yerine getirme konusunda Grigoris\u2019e destek olmas\u0131 amac\u0131yla Sanatruk Ar\u015fakuni, Paytakaran\u2019a y\u00f6netici tayin edilmi\u015fti. Grigoris, Mezket Sanesan kral\u0131n\u0131n emriyle Vatnyan ovas\u0131nda \u00f6ld\u00fcr\u00fcl\u00fcr, Sanatruk ise kendisini kral ilan ederek yabanc\u0131lar\u0131n yard\u0131m\u0131yla Ermenistan taht\u0131n\u0131 ele ge\u00e7irmeye \u00e7al\u0131\u015f\u0131r. Ermeni-Roma ordular\u0131 Paytakaran\u2019\u0131 ku\u015fat\u0131nca Sanatruk Pers \u00fclkesine ka\u00e7\u0131p II. \u015eabuh\u2019a s\u0131\u011f\u0131n\u0131r.<\/p>\n<p style=\"text-align: justify\">\u00a0IV. y\u00fczy\u0131l\u0131n 30\u2019lu y\u0131llar\u0131nda B\u00fcy\u00fck Hayk\u2019\u0131n di\u011fer b\u00f6l\u00fcmleriyle birlikte Paytakaran da Mezket Sanesan kral\u0131n sald\u0131r\u0131lar\u0131ndan zarar g\u00f6r\u00fcr, fakat istilac\u0131 ordular O\u015fakan \u015fehri yak\u0131nlar\u0131nda bozguna u\u011frat\u0131l\u0131r. B\u00fcy\u00fck Hayk&#8217;\u0131n 387 y\u0131l\u0131nda b\u00f6l\u00fcnmesinin ard\u0131ndan Paytakaran \u015fehri , Ar\u015fakuni hanedan\u0131n\u0131n \u00e7\u00f6k\u00fc\u015f\u00fcne kadar Do\u011fu Ermenistan\u2019\u0131n b\u00fcnyesinde kal\u0131r. 428 y\u0131l\u0131nda Paytakaran, Atrpatakan marzpanl\u0131\u011f\u0131na (atanm\u0131\u015f y\u00f6netici) ba\u011flan\u0131r. 450\u2013451 y\u0131llar\u0131ndaki \u201cVartanants\u201d sava\u015f\u0131 esnas\u0131nda Paytakaran \u015fehri Pers ordular\u0131n\u0131n dayanak noktas\u0131n\u0131 olu\u015fturmaktayd\u0131.<\/p>\n<p style=\"text-align: justify\"><a rel=\"attachment wp-att-433\" href=\"http:\/\/akunq.net\/tr\/2010\/02\/21\/413\/%d6%83%d5%a1%d5%b5%d5%bf%d5%a1%d5%af%d5%a1%d6%80%d5%a1%d5%b6-5\/\"><\/a>\u00a0620 y\u0131l\u0131nda Bizans ordular\u0131 Paytakaran\u2019a sald\u0131rm\u0131\u015flard\u0131r. VI.-VII. y\u00fczy\u0131llar\u0131 aras\u0131nda Hazar Denizi\u2019nin seviyesinin d\u00fc\u015fmesi sonucu sular Paytakaran \u015fehrinden uzakla\u015ft\u0131\u011f\u0131ndan \u015fehir eski g\u00f6rkemini kaybetmi\u015f, daha sonra da tamam\u0131yla haritadan silinmi\u015ftir. VII. y\u00fczy\u0131l\u0131 sonlar\u0131nda Paytakaran, Araplar taraf\u0131ndan ele ge\u00e7irilip Atrpatakan b\u00fcnyesine d\u00e2hil edilmi\u015ftir. IX. y\u00fczy\u0131l\u0131n ilk yar\u0131s\u0131nda Paytakaran, Babek hareketine d\u00e2hil edilmi\u015f, IX. y\u00fczy\u0131l sonlar\u0131nda Saci, X. y\u00fczy\u0131l\u0131n 40\u2019l\u0131 y\u0131llar\u0131ndan itibaren Salari ve X. y\u00fczy\u0131l\u0131n sonlar\u0131ndan itibaren ise Ravvadi Devleti\u2019ne d\u00e2hil olmu\u015ftur. XI. y\u00fczy\u0131l\u0131n ikinci yar\u0131s\u0131nda Sel\u00e7uklular Paytakaran\u2019\u0131 ele ge\u00e7irmi\u015fler, XII. y\u00fczy\u0131l\u0131n 30\u2019lu y\u0131llar\u0131nda ise Yeltkuzi Devletine d\u00e2hil olmu\u015ftur. XIII. y\u00fczy\u0131l\u0131n ilk yar\u0131s\u0131nda Mo\u011follar Paytakaran\u2019\u0131 istila etmi\u015fler, XIII.-XIV. y\u00fczy\u0131llarda \u201cAlt\u0131n Horda\u201dn\u0131n hanlar\u0131n\u0131n eline ge\u00e7mi\u015f, XIV. y\u00fczy\u0131l sonlar\u0131nda Lenk-Timur\u2019un y\u0131k\u0131m\u0131na maruz kalm\u0131\u015ft\u0131r. XVIII. y\u00fczy\u0131l ortalar\u0131nda Paytakaran\u2019da Tali\u015f ve Karada\u011f hanl\u0131klar\u0131 \u015fekillenmeye ba\u015flam\u0131\u015f, 1809\u2019da Tali\u015fler nihai olarak Rusya\u2019ya ba\u011flanm\u0131\u015flard\u0131r.<\/p>\n<p style=\"text-align: justify\">\u00a01813 G\u00fclistan antla\u015fmas\u0131 sonucunda Paytakaran\u2019\u0131n do\u011fu k\u0131sm\u0131 Rusya\u2019ya, bat\u0131s\u0131 ise \u0130ran\u2019a ba\u011flanm\u0131\u015ft\u0131r. 1826 y\u0131l\u0131nda Tali\u015f Hanl\u0131\u011f\u0131 ortadan kald\u0131r\u0131l\u0131p, hanl\u0131k b\u00f6lgesi XIX. y\u00fczy\u0131l\u0131n ikinci yar\u0131s\u0131 ve XX. y\u00fczy\u0131l ba\u015flar\u0131nda Bak\u00fc Vilayetine d\u00e2hil edilmi\u015ftir.<\/p>\n","protected":false},"excerpt":{"rendered":"<p>Paytakaran, B\u00fcy\u00fck Hayk\u2019\u0131n on birinci vilayetidir. Kuzeydo\u011fudan S\u00fcnik, Artsakh ve Utik, bat\u0131dan Vaspurakan vilayetleriyle s\u0131n\u0131rda\u015ft\u0131r. Paytakaran\u2019\u0131n il\u00e7eleri Hrakot-Peroj, Vardanakert, Yotnporakyan Bagink, Koekyan, Roti-Ba\u011fan, Aros, Pi\u00e7an, Hani, At\u015fi-Bagavan, Spandaran-Peroj, Vormisdperoj ve Alevan olmu\u015ftur. \u00a0B\u00fcy\u00fck Hayk Krall\u0131\u011f\u0131\u2019n\u0131n do\u011fu ucu vilayeti olmas\u0131ndan \u00f6t\u00fcr\u00fc, Kuzey Kafkas da\u011fl\u0131lar\u0131na kar\u015f\u0131 y\u00fcr\u00fct\u00fclen m\u00fccadelede Paytakaran \u00f6nemli bir rol oynam\u0131\u015ft\u0131r. H\u0131ristiyanl\u0131\u011f\u0131n devlet dini olarak [&hellip;]<\/p>\n","protected":false},"author":3,"featured_media":0,"comment_status":"closed","ping_status":"open","sticky":false,"template":"","format":"standard","meta":{"footnotes":""},"categories":[55],"tags":[],"class_list":["post-1063","post","type-post","status-publish","format-standard","hentry","category-buyuk-haykin-illeri"],"yoast_head":"<!-- This site is optimized with the Yoast SEO plugin v27.4 - https:\/\/yoast.com\/product\/yoast-seo-wordpress\/ -->\n<title>Paytakaran - Bati Ermenistan Ve Bati Ermenileri Sorunlari Ara\u015ftirmalar Merkezi<\/title>\n<meta name=\"robots\" content=\"index, follow, max-snippet:-1, max-image-preview:large, max-video-preview:-1\" \/>\n<link rel=\"canonical\" href=\"https:\/\/akunq.net\/turkish\/2010\/02\/20\/bir-ulusun-tarihi-3\/\" \/>\n<meta property=\"og:locale\" content=\"en_US\" \/>\n<meta property=\"og:type\" content=\"article\" \/>\n<meta property=\"og:title\" content=\"Paytakaran - Bati Ermenistan Ve Bati Ermenileri Sorunlari Ara\u015ftirmalar Merkezi\" \/>\n<meta property=\"og:description\" content=\"Paytakaran, B\u00fcy\u00fck Hayk\u2019\u0131n on birinci vilayetidir. Kuzeydo\u011fudan S\u00fcnik, Artsakh ve Utik, bat\u0131dan Vaspurakan vilayetleriyle s\u0131n\u0131rda\u015ft\u0131r. Paytakaran\u2019\u0131n il\u00e7eleri Hrakot-Peroj, Vardanakert, Yotnporakyan Bagink, Koekyan, Roti-Ba\u011fan, Aros, Pi\u00e7an, Hani, At\u015fi-Bagavan, Spandaran-Peroj, Vormisdperoj ve Alevan olmu\u015ftur. \u00a0B\u00fcy\u00fck Hayk Krall\u0131\u011f\u0131\u2019n\u0131n do\u011fu ucu vilayeti olmas\u0131ndan \u00f6t\u00fcr\u00fc, Kuzey Kafkas da\u011fl\u0131lar\u0131na kar\u015f\u0131 y\u00fcr\u00fct\u00fclen m\u00fccadelede Paytakaran \u00f6nemli bir rol oynam\u0131\u015ft\u0131r. H\u0131ristiyanl\u0131\u011f\u0131n devlet dini olarak [&hellip;]\" \/>\n<meta property=\"og:url\" content=\"https:\/\/akunq.net\/turkish\/2010\/02\/20\/bir-ulusun-tarihi-3\/\" \/>\n<meta property=\"og:site_name\" content=\"Bati Ermenistan Ve Bati Ermenileri Sorunlari Ara\u015ftirmalar Merkezi\" \/>\n<meta property=\"article:published_time\" content=\"2010-02-20T07:04:07+00:00\" \/>\n<meta property=\"og:image\" content=\"https:\/\/akunq.net\/turkish\/wp-content\/uploads\/sites\/5\/2010\/02\/Paytakaran5.jpg\" \/>\n\t<meta property=\"og:image:width\" content=\"593\" \/>\n\t<meta property=\"og:image:height\" content=\"237\" \/>\n\t<meta property=\"og:image:type\" content=\"image\/jpeg\" \/>\n<meta name=\"author\" content=\"kalem\" \/>\n<meta name=\"twitter:card\" content=\"summary_large_image\" \/>\n<meta name=\"twitter:label1\" content=\"Written by\" \/>\n\t<meta name=\"twitter:data1\" content=\"kalem\" \/>\n\t<meta name=\"twitter:label2\" content=\"Est. reading time\" \/>\n\t<meta name=\"twitter:data2\" content=\"6 minutes\" \/>\n<script type=\"application\/ld+json\" class=\"yoast-schema-graph\">{\"@context\":\"https:\\\/\\\/schema.org\",\"@graph\":[{\"@type\":\"Article\",\"@id\":\"https:\\\/\\\/akunq.net\\\/turkish\\\/2010\\\/02\\\/20\\\/bir-ulusun-tarihi-3\\\/#article\",\"isPartOf\":{\"@id\":\"https:\\\/\\\/akunq.net\\\/turkish\\\/2010\\\/02\\\/20\\\/bir-ulusun-tarihi-3\\\/\"},\"author\":{\"name\":\"kalem\",\"@id\":\"https:\\\/\\\/akunq.net\\\/turkish\\\/#\\\/schema\\\/person\\\/135e7923d1aeb8887890799619969a6c\"},\"headline\":\"Paytakaran\",\"datePublished\":\"2010-02-20T07:04:07+00:00\",\"mainEntityOfPage\":{\"@id\":\"https:\\\/\\\/akunq.net\\\/turkish\\\/2010\\\/02\\\/20\\\/bir-ulusun-tarihi-3\\\/\"},\"wordCount\":1221,\"image\":{\"@id\":\"https:\\\/\\\/akunq.net\\\/turkish\\\/2010\\\/02\\\/20\\\/bir-ulusun-tarihi-3\\\/#primaryimage\"},\"thumbnailUrl\":\"http:\\\/\\\/akunq.net\\\/tr\\\/wp-content\\\/uploads\\\/2010\\\/02\\\/Paytakaran5.jpg\",\"articleSection\":[\"B\u00fcy\u00fck Hayk\u2019\u0131n \u0130lleri\"],\"inLanguage\":\"en-US\"},{\"@type\":\"WebPage\",\"@id\":\"https:\\\/\\\/akunq.net\\\/turkish\\\/2010\\\/02\\\/20\\\/bir-ulusun-tarihi-3\\\/\",\"url\":\"https:\\\/\\\/akunq.net\\\/turkish\\\/2010\\\/02\\\/20\\\/bir-ulusun-tarihi-3\\\/\",\"name\":\"Paytakaran - Bati Ermenistan Ve Bati Ermenileri Sorunlari Ara\u015ftirmalar Merkezi\",\"isPartOf\":{\"@id\":\"https:\\\/\\\/akunq.net\\\/turkish\\\/#website\"},\"primaryImageOfPage\":{\"@id\":\"https:\\\/\\\/akunq.net\\\/turkish\\\/2010\\\/02\\\/20\\\/bir-ulusun-tarihi-3\\\/#primaryimage\"},\"image\":{\"@id\":\"https:\\\/\\\/akunq.net\\\/turkish\\\/2010\\\/02\\\/20\\\/bir-ulusun-tarihi-3\\\/#primaryimage\"},\"thumbnailUrl\":\"http:\\\/\\\/akunq.net\\\/tr\\\/wp-content\\\/uploads\\\/2010\\\/02\\\/Paytakaran5.jpg\",\"datePublished\":\"2010-02-20T07:04:07+00:00\",\"author\":{\"@id\":\"https:\\\/\\\/akunq.net\\\/turkish\\\/#\\\/schema\\\/person\\\/135e7923d1aeb8887890799619969a6c\"},\"breadcrumb\":{\"@id\":\"https:\\\/\\\/akunq.net\\\/turkish\\\/2010\\\/02\\\/20\\\/bir-ulusun-tarihi-3\\\/#breadcrumb\"},\"inLanguage\":\"en-US\",\"potentialAction\":[{\"@type\":\"ReadAction\",\"target\":[\"https:\\\/\\\/akunq.net\\\/turkish\\\/2010\\\/02\\\/20\\\/bir-ulusun-tarihi-3\\\/\"]}]},{\"@type\":\"ImageObject\",\"inLanguage\":\"en-US\",\"@id\":\"https:\\\/\\\/akunq.net\\\/turkish\\\/2010\\\/02\\\/20\\\/bir-ulusun-tarihi-3\\\/#primaryimage\",\"url\":\"http:\\\/\\\/akunq.net\\\/tr\\\/wp-content\\\/uploads\\\/2010\\\/02\\\/Paytakaran5.jpg\",\"contentUrl\":\"http:\\\/\\\/akunq.net\\\/tr\\\/wp-content\\\/uploads\\\/2010\\\/02\\\/Paytakaran5.jpg\"},{\"@type\":\"BreadcrumbList\",\"@id\":\"https:\\\/\\\/akunq.net\\\/turkish\\\/2010\\\/02\\\/20\\\/bir-ulusun-tarihi-3\\\/#breadcrumb\",\"itemListElement\":[{\"@type\":\"ListItem\",\"position\":1,\"name\":\"Home\",\"item\":\"https:\\\/\\\/akunq.net\\\/turkish\\\/\"},{\"@type\":\"ListItem\",\"position\":2,\"name\":\"Paytakaran\"}]},{\"@type\":\"WebSite\",\"@id\":\"https:\\\/\\\/akunq.net\\\/turkish\\\/#website\",\"url\":\"https:\\\/\\\/akunq.net\\\/turkish\\\/\",\"name\":\"Bati Ermenistan Ve Bati Ermenileri Sorunlari Ara\u015ftirmalar Merkezi\",\"description\":\"\",\"potentialAction\":[{\"@type\":\"SearchAction\",\"target\":{\"@type\":\"EntryPoint\",\"urlTemplate\":\"https:\\\/\\\/akunq.net\\\/turkish\\\/?s={search_term_string}\"},\"query-input\":{\"@type\":\"PropertyValueSpecification\",\"valueRequired\":true,\"valueName\":\"search_term_string\"}}],\"inLanguage\":\"en-US\"},{\"@type\":\"Person\",\"@id\":\"https:\\\/\\\/akunq.net\\\/turkish\\\/#\\\/schema\\\/person\\\/135e7923d1aeb8887890799619969a6c\",\"name\":\"kalem\",\"image\":{\"@type\":\"ImageObject\",\"inLanguage\":\"en-US\",\"@id\":\"https:\\\/\\\/secure.gravatar.com\\\/avatar\\\/a06875e4b25feb5674296adf8e8a7ae1e587cebce2493fe63c456109967e27d3?s=96&d=mm&r=g\",\"url\":\"https:\\\/\\\/secure.gravatar.com\\\/avatar\\\/a06875e4b25feb5674296adf8e8a7ae1e587cebce2493fe63c456109967e27d3?s=96&d=mm&r=g\",\"contentUrl\":\"https:\\\/\\\/secure.gravatar.com\\\/avatar\\\/a06875e4b25feb5674296adf8e8a7ae1e587cebce2493fe63c456109967e27d3?s=96&d=mm&r=g\",\"caption\":\"kalem\"},\"url\":\"https:\\\/\\\/akunq.net\\\/turkish\\\/author\\\/kalem\\\/\"}]}<\/script>\n<!-- \/ Yoast SEO plugin. -->","yoast_head_json":{"title":"Paytakaran - Bati Ermenistan Ve Bati Ermenileri Sorunlari Ara\u015ftirmalar Merkezi","robots":{"index":"index","follow":"follow","max-snippet":"max-snippet:-1","max-image-preview":"max-image-preview:large","max-video-preview":"max-video-preview:-1"},"canonical":"https:\/\/akunq.net\/turkish\/2010\/02\/20\/bir-ulusun-tarihi-3\/","og_locale":"en_US","og_type":"article","og_title":"Paytakaran - Bati Ermenistan Ve Bati Ermenileri Sorunlari Ara\u015ftirmalar Merkezi","og_description":"Paytakaran, B\u00fcy\u00fck Hayk\u2019\u0131n on birinci vilayetidir. Kuzeydo\u011fudan S\u00fcnik, Artsakh ve Utik, bat\u0131dan Vaspurakan vilayetleriyle s\u0131n\u0131rda\u015ft\u0131r. Paytakaran\u2019\u0131n il\u00e7eleri Hrakot-Peroj, Vardanakert, Yotnporakyan Bagink, Koekyan, Roti-Ba\u011fan, Aros, Pi\u00e7an, Hani, At\u015fi-Bagavan, Spandaran-Peroj, Vormisdperoj ve Alevan olmu\u015ftur. \u00a0B\u00fcy\u00fck Hayk Krall\u0131\u011f\u0131\u2019n\u0131n do\u011fu ucu vilayeti olmas\u0131ndan \u00f6t\u00fcr\u00fc, Kuzey Kafkas da\u011fl\u0131lar\u0131na kar\u015f\u0131 y\u00fcr\u00fct\u00fclen m\u00fccadelede Paytakaran \u00f6nemli bir rol oynam\u0131\u015ft\u0131r. H\u0131ristiyanl\u0131\u011f\u0131n devlet dini olarak [&hellip;]","og_url":"https:\/\/akunq.net\/turkish\/2010\/02\/20\/bir-ulusun-tarihi-3\/","og_site_name":"Bati Ermenistan Ve Bati Ermenileri Sorunlari Ara\u015ftirmalar Merkezi","article_published_time":"2010-02-20T07:04:07+00:00","og_image":[{"width":593,"height":237,"url":"https:\/\/akunq.net\/turkish\/wp-content\/uploads\/sites\/5\/2010\/02\/Paytakaran5.jpg","type":"image\/jpeg"}],"author":"kalem","twitter_card":"summary_large_image","twitter_misc":{"Written by":"kalem","Est. reading time":"6 minutes"},"schema":{"@context":"https:\/\/schema.org","@graph":[{"@type":"Article","@id":"https:\/\/akunq.net\/turkish\/2010\/02\/20\/bir-ulusun-tarihi-3\/#article","isPartOf":{"@id":"https:\/\/akunq.net\/turkish\/2010\/02\/20\/bir-ulusun-tarihi-3\/"},"author":{"name":"kalem","@id":"https:\/\/akunq.net\/turkish\/#\/schema\/person\/135e7923d1aeb8887890799619969a6c"},"headline":"Paytakaran","datePublished":"2010-02-20T07:04:07+00:00","mainEntityOfPage":{"@id":"https:\/\/akunq.net\/turkish\/2010\/02\/20\/bir-ulusun-tarihi-3\/"},"wordCount":1221,"image":{"@id":"https:\/\/akunq.net\/turkish\/2010\/02\/20\/bir-ulusun-tarihi-3\/#primaryimage"},"thumbnailUrl":"http:\/\/akunq.net\/tr\/wp-content\/uploads\/2010\/02\/Paytakaran5.jpg","articleSection":["B\u00fcy\u00fck Hayk\u2019\u0131n \u0130lleri"],"inLanguage":"en-US"},{"@type":"WebPage","@id":"https:\/\/akunq.net\/turkish\/2010\/02\/20\/bir-ulusun-tarihi-3\/","url":"https:\/\/akunq.net\/turkish\/2010\/02\/20\/bir-ulusun-tarihi-3\/","name":"Paytakaran - Bati Ermenistan Ve Bati Ermenileri Sorunlari Ara\u015ftirmalar Merkezi","isPartOf":{"@id":"https:\/\/akunq.net\/turkish\/#website"},"primaryImageOfPage":{"@id":"https:\/\/akunq.net\/turkish\/2010\/02\/20\/bir-ulusun-tarihi-3\/#primaryimage"},"image":{"@id":"https:\/\/akunq.net\/turkish\/2010\/02\/20\/bir-ulusun-tarihi-3\/#primaryimage"},"thumbnailUrl":"http:\/\/akunq.net\/tr\/wp-content\/uploads\/2010\/02\/Paytakaran5.jpg","datePublished":"2010-02-20T07:04:07+00:00","author":{"@id":"https:\/\/akunq.net\/turkish\/#\/schema\/person\/135e7923d1aeb8887890799619969a6c"},"breadcrumb":{"@id":"https:\/\/akunq.net\/turkish\/2010\/02\/20\/bir-ulusun-tarihi-3\/#breadcrumb"},"inLanguage":"en-US","potentialAction":[{"@type":"ReadAction","target":["https:\/\/akunq.net\/turkish\/2010\/02\/20\/bir-ulusun-tarihi-3\/"]}]},{"@type":"ImageObject","inLanguage":"en-US","@id":"https:\/\/akunq.net\/turkish\/2010\/02\/20\/bir-ulusun-tarihi-3\/#primaryimage","url":"http:\/\/akunq.net\/tr\/wp-content\/uploads\/2010\/02\/Paytakaran5.jpg","contentUrl":"http:\/\/akunq.net\/tr\/wp-content\/uploads\/2010\/02\/Paytakaran5.jpg"},{"@type":"BreadcrumbList","@id":"https:\/\/akunq.net\/turkish\/2010\/02\/20\/bir-ulusun-tarihi-3\/#breadcrumb","itemListElement":[{"@type":"ListItem","position":1,"name":"Home","item":"https:\/\/akunq.net\/turkish\/"},{"@type":"ListItem","position":2,"name":"Paytakaran"}]},{"@type":"WebSite","@id":"https:\/\/akunq.net\/turkish\/#website","url":"https:\/\/akunq.net\/turkish\/","name":"Bati Ermenistan Ve Bati Ermenileri Sorunlari Ara\u015ftirmalar Merkezi","description":"","potentialAction":[{"@type":"SearchAction","target":{"@type":"EntryPoint","urlTemplate":"https:\/\/akunq.net\/turkish\/?s={search_term_string}"},"query-input":{"@type":"PropertyValueSpecification","valueRequired":true,"valueName":"search_term_string"}}],"inLanguage":"en-US"},{"@type":"Person","@id":"https:\/\/akunq.net\/turkish\/#\/schema\/person\/135e7923d1aeb8887890799619969a6c","name":"kalem","image":{"@type":"ImageObject","inLanguage":"en-US","@id":"https:\/\/secure.gravatar.com\/avatar\/a06875e4b25feb5674296adf8e8a7ae1e587cebce2493fe63c456109967e27d3?s=96&d=mm&r=g","url":"https:\/\/secure.gravatar.com\/avatar\/a06875e4b25feb5674296adf8e8a7ae1e587cebce2493fe63c456109967e27d3?s=96&d=mm&r=g","contentUrl":"https:\/\/secure.gravatar.com\/avatar\/a06875e4b25feb5674296adf8e8a7ae1e587cebce2493fe63c456109967e27d3?s=96&d=mm&r=g","caption":"kalem"},"url":"https:\/\/akunq.net\/turkish\/author\/kalem\/"}]}},"_links":{"self":[{"href":"https:\/\/akunq.net\/turkish\/wp-json\/wp\/v2\/posts\/1063","targetHints":{"allow":["GET"]}}],"collection":[{"href":"https:\/\/akunq.net\/turkish\/wp-json\/wp\/v2\/posts"}],"about":[{"href":"https:\/\/akunq.net\/turkish\/wp-json\/wp\/v2\/types\/post"}],"author":[{"embeddable":true,"href":"https:\/\/akunq.net\/turkish\/wp-json\/wp\/v2\/users\/3"}],"replies":[{"embeddable":true,"href":"https:\/\/akunq.net\/turkish\/wp-json\/wp\/v2\/comments?post=1063"}],"version-history":[{"count":0,"href":"https:\/\/akunq.net\/turkish\/wp-json\/wp\/v2\/posts\/1063\/revisions"}],"wp:attachment":[{"href":"https:\/\/akunq.net\/turkish\/wp-json\/wp\/v2\/media?parent=1063"}],"wp:term":[{"taxonomy":"category","embeddable":true,"href":"https:\/\/akunq.net\/turkish\/wp-json\/wp\/v2\/categories?post=1063"},{"taxonomy":"post_tag","embeddable":true,"href":"https:\/\/akunq.net\/turkish\/wp-json\/wp\/v2\/tags?post=1063"}],"curies":[{"name":"wp","href":"https:\/\/api.w.org\/{rel}","templated":true}]}}