{"id":1050,"date":"2010-06-22T01:33:15","date_gmt":"2010-06-22T06:33:15","guid":{"rendered":"http:\/\/akunq.net\/tr\/?p=1050"},"modified":"2010-06-22T01:33:15","modified_gmt":"2010-06-22T06:33:15","slug":"the-times-hiristiyanlar-ergenekondan-korkuyor","status":"publish","type":"post","link":"https:\/\/akunq.net\/turkish\/2010\/06\/22\/the-times-hiristiyanlar-ergenekondan-korkuyor\/","title":{"rendered":"The Times: H\u0131ristiyanlar Ergenekon&#8217;dan korkuyor"},"content":{"rendered":"<p style=\"text-align: justify\"><strong>The Times, A\u0130HM&#8217;in B\u00fcy\u00fckada&#8217;daki Rum Yetimhanesi&#8217;nin geri iade edilmesiyle ilgili karar\u0131n\u0131 de\u011ferlendirdi\u011fi haberinde, T\u00fcrkiye&#8217;deki H\u0131ristiyan toplumun derin devlet \u00f6rg\u00fctlerinden korktu\u011funu iddia etti.<\/strong><\/p>\n<p style=\"text-align: justify\">Avrupa \u0130nsan Haklar\u0131 Mahkemesi&#8217;nin (A\u0130HM) ilgili karar\u0131n\u0131 hat\u0131rlatan \u0130ngiliz The Times gazetesi, 40 y\u0131ld\u0131r sahipsiz bir \u015fekilde duran yetimhane binas\u0131n\u0131n 3 ay i\u00e7inde Patrikhane&#8217;ye verilece\u011fini, bunun da Patrikhane i\u00e7in b\u00fcy\u00fck bir zafer oldu\u011funu savundu. A\u0130HM&#8217;nin bu karar\u0131n\u0131n, T\u00fcrkiye&#8217;de on y\u0131llar \u00f6nce el konulan bir \u00e7ok m\u00fclk\u00fcn H\u0131ristiyan toplumuna geri iadesi i\u00e7in emsal olu\u015fturabilece\u011fine dikkat \u00e7eken The Times, yakla\u015f\u0131k bin civar\u0131nda \u00f6zel m\u00fclk\u00fcn Vak\u0131flar Genel M\u00fcd\u00fcrl\u00fc\u011f\u00fc&#8217;n\u00fcn elinde oldu\u011funu yazd\u0131. Gazete, bir T\u00fcrk avukat\u0131n T\u00fcrkiye&#8217;de h\u00fck\u00fcmetin elinde bulunan \u00e7ok say\u0131da \u00f6zel m\u00fclk\u00fcn A\u0130HM&#8217;nin s\u00f6z konusu karar\u0131yla birlikte geri iadesi i\u00e7in emsal olu\u015fturabilece\u011fine y\u00f6nelik s\u00f6zlerine yer verdi.<\/p>\n<p style=\"text-align: justify\"><strong>&#8220;AK PART\u0130 \u00d6NEML\u0130 \u0130LERLEMELER KAYDETT\u0130 AMA HIR\u0130ST\u0130YAN TOPLUM DER\u0130N DEVLETTEN KORKUYOR&#8221;<\/strong><\/p>\n<p style=\"text-align: justify\">AK Parti h\u00fck\u00fcmetinin T\u00fcrkiye&#8217;de ya\u015fayan H\u0131ristiyan toplum i\u00e7in \u00f6nemli yasa de\u011fi\u015fiklikleri ger\u00e7ekle\u015ftirdi\u011fini yazan The Times, &#8220;Ancak H\u0131ristiyan toplum hala bask\u0131 korkusu ya\u015f\u0131yor. \u00d6zellikle de T\u00fcrk ordusu ve b\u00fcrokrasi i\u00e7ine yerle\u015fmi\u015f a\u015f\u0131r\u0131 milliyet\u00e7i derin devlet \u00f6rg\u00fctlerinden korkuyorlar&#8221; ifadelerine dikkat \u00e7ekti.<\/p>\n<p style=\"text-align: justify\">T\u00fcrkiye&#8217;deki Rum halk\u0131n\u0131n y\u0131llar \u00f6ncesine g\u00f6re \u015fu an \u00e7ok daha az say\u0131da oldu\u011fu \u00f6ne s\u00fcr\u00fclen haberde, 1700 y\u0131ld\u0131r \u0130stanbul&#8217;da bulunan Ortodoks Partikhanesi&#8217;nin d\u00fcnyada 300 milyon H\u0131ristiyan toplumu temsil etit\u011fi ancak T\u00fcrk h\u00fck\u00fcmetinin Partikhane&#8217;nin ek\u00fcmenlik rol\u00fcn\u00fc kabul etmedi\u011fi belirtidi.<\/p>\n<p style=\"text-align: justify\"><strong><em>\u00a022 Haziran 2010, \u00a0C\u0130HAN<\/em><\/strong><\/p>\n","protected":false},"excerpt":{"rendered":"<p>The Times, A\u0130HM&#8217;in B\u00fcy\u00fckada&#8217;daki Rum Yetimhanesi&#8217;nin geri iade edilmesiyle ilgili karar\u0131n\u0131 de\u011ferlendirdi\u011fi haberinde, T\u00fcrkiye&#8217;deki H\u0131ristiyan toplumun derin devlet \u00f6rg\u00fctlerinden korktu\u011funu iddia etti. Avrupa \u0130nsan Haklar\u0131 Mahkemesi&#8217;nin (A\u0130HM) ilgili karar\u0131n\u0131 hat\u0131rlatan \u0130ngiliz The Times gazetesi, 40 y\u0131ld\u0131r sahipsiz bir \u015fekilde duran yetimhane binas\u0131n\u0131n 3 ay i\u00e7inde Patrikhane&#8217;ye verilece\u011fini, bunun da Patrikhane i\u00e7in b\u00fcy\u00fck bir zafer oldu\u011funu [&hellip;]<\/p>\n","protected":false},"author":3,"featured_media":0,"comment_status":"closed","ping_status":"open","sticky":false,"template":"","format":"standard","meta":{"footnotes":""},"categories":[14],"tags":[],"class_list":["post-1050","post","type-post","status-publish","format-standard","hentry","category-haberler"],"yoast_head":"<!-- This site is optimized with the Yoast SEO plugin v27.4 - https:\/\/yoast.com\/product\/yoast-seo-wordpress\/ -->\n<title>The Times: H\u0131ristiyanlar Ergenekon&#039;dan korkuyor - Bati Ermenistan Ve Bati Ermenileri Sorunlari Ara\u015ftirmalar Merkezi<\/title>\n<meta name=\"robots\" content=\"index, follow, max-snippet:-1, max-image-preview:large, max-video-preview:-1\" \/>\n<link rel=\"canonical\" href=\"https:\/\/akunq.net\/turkish\/2010\/06\/22\/the-times-hiristiyanlar-ergenekondan-korkuyor\/\" \/>\n<meta property=\"og:locale\" content=\"en_US\" \/>\n<meta property=\"og:type\" content=\"article\" \/>\n<meta property=\"og:title\" content=\"The Times: H\u0131ristiyanlar Ergenekon&#039;dan korkuyor - Bati Ermenistan Ve Bati Ermenileri Sorunlari Ara\u015ftirmalar Merkezi\" \/>\n<meta property=\"og:description\" content=\"The Times, A\u0130HM&#8217;in B\u00fcy\u00fckada&#8217;daki Rum Yetimhanesi&#8217;nin geri iade edilmesiyle ilgili karar\u0131n\u0131 de\u011ferlendirdi\u011fi haberinde, T\u00fcrkiye&#8217;deki H\u0131ristiyan toplumun derin devlet \u00f6rg\u00fctlerinden korktu\u011funu iddia etti. Avrupa \u0130nsan Haklar\u0131 Mahkemesi&#8217;nin (A\u0130HM) ilgili karar\u0131n\u0131 hat\u0131rlatan \u0130ngiliz The Times gazetesi, 40 y\u0131ld\u0131r sahipsiz bir \u015fekilde duran yetimhane binas\u0131n\u0131n 3 ay i\u00e7inde Patrikhane&#8217;ye verilece\u011fini, bunun da Patrikhane i\u00e7in b\u00fcy\u00fck bir zafer oldu\u011funu [&hellip;]\" \/>\n<meta property=\"og:url\" content=\"https:\/\/akunq.net\/turkish\/2010\/06\/22\/the-times-hiristiyanlar-ergenekondan-korkuyor\/\" \/>\n<meta property=\"og:site_name\" content=\"Bati Ermenistan Ve Bati Ermenileri Sorunlari Ara\u015ftirmalar Merkezi\" \/>\n<meta property=\"article:published_time\" content=\"2010-06-22T06:33:15+00:00\" \/>\n<meta name=\"author\" content=\"kalem\" \/>\n<meta name=\"twitter:card\" content=\"summary_large_image\" \/>\n<meta name=\"twitter:label1\" content=\"Written by\" \/>\n\t<meta name=\"twitter:data1\" content=\"kalem\" \/>\n\t<meta name=\"twitter:label2\" content=\"Est. reading time\" \/>\n\t<meta name=\"twitter:data2\" content=\"2 minutes\" \/>\n<script type=\"application\/ld+json\" class=\"yoast-schema-graph\">{\"@context\":\"https:\\\/\\\/schema.org\",\"@graph\":[{\"@type\":\"Article\",\"@id\":\"https:\\\/\\\/akunq.net\\\/turkish\\\/2010\\\/06\\\/22\\\/the-times-hiristiyanlar-ergenekondan-korkuyor\\\/#article\",\"isPartOf\":{\"@id\":\"https:\\\/\\\/akunq.net\\\/turkish\\\/2010\\\/06\\\/22\\\/the-times-hiristiyanlar-ergenekondan-korkuyor\\\/\"},\"author\":{\"name\":\"kalem\",\"@id\":\"https:\\\/\\\/akunq.net\\\/turkish\\\/#\\\/schema\\\/person\\\/135e7923d1aeb8887890799619969a6c\"},\"headline\":\"The Times: H\u0131ristiyanlar Ergenekon&#8217;dan korkuyor\",\"datePublished\":\"2010-06-22T06:33:15+00:00\",\"mainEntityOfPage\":{\"@id\":\"https:\\\/\\\/akunq.net\\\/turkish\\\/2010\\\/06\\\/22\\\/the-times-hiristiyanlar-ergenekondan-korkuyor\\\/\"},\"wordCount\":312,\"articleSection\":[\"Haberler\"],\"inLanguage\":\"en-US\"},{\"@type\":\"WebPage\",\"@id\":\"https:\\\/\\\/akunq.net\\\/turkish\\\/2010\\\/06\\\/22\\\/the-times-hiristiyanlar-ergenekondan-korkuyor\\\/\",\"url\":\"https:\\\/\\\/akunq.net\\\/turkish\\\/2010\\\/06\\\/22\\\/the-times-hiristiyanlar-ergenekondan-korkuyor\\\/\",\"name\":\"The Times: H\u0131ristiyanlar Ergenekon'dan korkuyor - Bati Ermenistan Ve Bati Ermenileri Sorunlari Ara\u015ftirmalar Merkezi\",\"isPartOf\":{\"@id\":\"https:\\\/\\\/akunq.net\\\/turkish\\\/#website\"},\"datePublished\":\"2010-06-22T06:33:15+00:00\",\"author\":{\"@id\":\"https:\\\/\\\/akunq.net\\\/turkish\\\/#\\\/schema\\\/person\\\/135e7923d1aeb8887890799619969a6c\"},\"breadcrumb\":{\"@id\":\"https:\\\/\\\/akunq.net\\\/turkish\\\/2010\\\/06\\\/22\\\/the-times-hiristiyanlar-ergenekondan-korkuyor\\\/#breadcrumb\"},\"inLanguage\":\"en-US\",\"potentialAction\":[{\"@type\":\"ReadAction\",\"target\":[\"https:\\\/\\\/akunq.net\\\/turkish\\\/2010\\\/06\\\/22\\\/the-times-hiristiyanlar-ergenekondan-korkuyor\\\/\"]}]},{\"@type\":\"BreadcrumbList\",\"@id\":\"https:\\\/\\\/akunq.net\\\/turkish\\\/2010\\\/06\\\/22\\\/the-times-hiristiyanlar-ergenekondan-korkuyor\\\/#breadcrumb\",\"itemListElement\":[{\"@type\":\"ListItem\",\"position\":1,\"name\":\"Home\",\"item\":\"https:\\\/\\\/akunq.net\\\/turkish\\\/\"},{\"@type\":\"ListItem\",\"position\":2,\"name\":\"The Times: H\u0131ristiyanlar Ergenekon&#8217;dan korkuyor\"}]},{\"@type\":\"WebSite\",\"@id\":\"https:\\\/\\\/akunq.net\\\/turkish\\\/#website\",\"url\":\"https:\\\/\\\/akunq.net\\\/turkish\\\/\",\"name\":\"Bati Ermenistan Ve Bati Ermenileri Sorunlari Ara\u015ftirmalar Merkezi\",\"description\":\"\",\"potentialAction\":[{\"@type\":\"SearchAction\",\"target\":{\"@type\":\"EntryPoint\",\"urlTemplate\":\"https:\\\/\\\/akunq.net\\\/turkish\\\/?s={search_term_string}\"},\"query-input\":{\"@type\":\"PropertyValueSpecification\",\"valueRequired\":true,\"valueName\":\"search_term_string\"}}],\"inLanguage\":\"en-US\"},{\"@type\":\"Person\",\"@id\":\"https:\\\/\\\/akunq.net\\\/turkish\\\/#\\\/schema\\\/person\\\/135e7923d1aeb8887890799619969a6c\",\"name\":\"kalem\",\"image\":{\"@type\":\"ImageObject\",\"inLanguage\":\"en-US\",\"@id\":\"https:\\\/\\\/secure.gravatar.com\\\/avatar\\\/a06875e4b25feb5674296adf8e8a7ae1e587cebce2493fe63c456109967e27d3?s=96&d=mm&r=g\",\"url\":\"https:\\\/\\\/secure.gravatar.com\\\/avatar\\\/a06875e4b25feb5674296adf8e8a7ae1e587cebce2493fe63c456109967e27d3?s=96&d=mm&r=g\",\"contentUrl\":\"https:\\\/\\\/secure.gravatar.com\\\/avatar\\\/a06875e4b25feb5674296adf8e8a7ae1e587cebce2493fe63c456109967e27d3?s=96&d=mm&r=g\",\"caption\":\"kalem\"},\"url\":\"https:\\\/\\\/akunq.net\\\/turkish\\\/author\\\/kalem\\\/\"}]}<\/script>\n<!-- \/ Yoast SEO plugin. -->","yoast_head_json":{"title":"The Times: H\u0131ristiyanlar Ergenekon'dan korkuyor - Bati Ermenistan Ve Bati Ermenileri Sorunlari Ara\u015ftirmalar Merkezi","robots":{"index":"index","follow":"follow","max-snippet":"max-snippet:-1","max-image-preview":"max-image-preview:large","max-video-preview":"max-video-preview:-1"},"canonical":"https:\/\/akunq.net\/turkish\/2010\/06\/22\/the-times-hiristiyanlar-ergenekondan-korkuyor\/","og_locale":"en_US","og_type":"article","og_title":"The Times: H\u0131ristiyanlar Ergenekon'dan korkuyor - Bati Ermenistan Ve Bati Ermenileri Sorunlari Ara\u015ftirmalar Merkezi","og_description":"The Times, A\u0130HM&#8217;in B\u00fcy\u00fckada&#8217;daki Rum Yetimhanesi&#8217;nin geri iade edilmesiyle ilgili karar\u0131n\u0131 de\u011ferlendirdi\u011fi haberinde, T\u00fcrkiye&#8217;deki H\u0131ristiyan toplumun derin devlet \u00f6rg\u00fctlerinden korktu\u011funu iddia etti. Avrupa \u0130nsan Haklar\u0131 Mahkemesi&#8217;nin (A\u0130HM) ilgili karar\u0131n\u0131 hat\u0131rlatan \u0130ngiliz The Times gazetesi, 40 y\u0131ld\u0131r sahipsiz bir \u015fekilde duran yetimhane binas\u0131n\u0131n 3 ay i\u00e7inde Patrikhane&#8217;ye verilece\u011fini, bunun da Patrikhane i\u00e7in b\u00fcy\u00fck bir zafer oldu\u011funu [&hellip;]","og_url":"https:\/\/akunq.net\/turkish\/2010\/06\/22\/the-times-hiristiyanlar-ergenekondan-korkuyor\/","og_site_name":"Bati Ermenistan Ve Bati Ermenileri Sorunlari Ara\u015ftirmalar Merkezi","article_published_time":"2010-06-22T06:33:15+00:00","author":"kalem","twitter_card":"summary_large_image","twitter_misc":{"Written by":"kalem","Est. reading time":"2 minutes"},"schema":{"@context":"https:\/\/schema.org","@graph":[{"@type":"Article","@id":"https:\/\/akunq.net\/turkish\/2010\/06\/22\/the-times-hiristiyanlar-ergenekondan-korkuyor\/#article","isPartOf":{"@id":"https:\/\/akunq.net\/turkish\/2010\/06\/22\/the-times-hiristiyanlar-ergenekondan-korkuyor\/"},"author":{"name":"kalem","@id":"https:\/\/akunq.net\/turkish\/#\/schema\/person\/135e7923d1aeb8887890799619969a6c"},"headline":"The Times: H\u0131ristiyanlar Ergenekon&#8217;dan korkuyor","datePublished":"2010-06-22T06:33:15+00:00","mainEntityOfPage":{"@id":"https:\/\/akunq.net\/turkish\/2010\/06\/22\/the-times-hiristiyanlar-ergenekondan-korkuyor\/"},"wordCount":312,"articleSection":["Haberler"],"inLanguage":"en-US"},{"@type":"WebPage","@id":"https:\/\/akunq.net\/turkish\/2010\/06\/22\/the-times-hiristiyanlar-ergenekondan-korkuyor\/","url":"https:\/\/akunq.net\/turkish\/2010\/06\/22\/the-times-hiristiyanlar-ergenekondan-korkuyor\/","name":"The Times: H\u0131ristiyanlar Ergenekon'dan korkuyor - Bati Ermenistan Ve Bati Ermenileri Sorunlari Ara\u015ftirmalar Merkezi","isPartOf":{"@id":"https:\/\/akunq.net\/turkish\/#website"},"datePublished":"2010-06-22T06:33:15+00:00","author":{"@id":"https:\/\/akunq.net\/turkish\/#\/schema\/person\/135e7923d1aeb8887890799619969a6c"},"breadcrumb":{"@id":"https:\/\/akunq.net\/turkish\/2010\/06\/22\/the-times-hiristiyanlar-ergenekondan-korkuyor\/#breadcrumb"},"inLanguage":"en-US","potentialAction":[{"@type":"ReadAction","target":["https:\/\/akunq.net\/turkish\/2010\/06\/22\/the-times-hiristiyanlar-ergenekondan-korkuyor\/"]}]},{"@type":"BreadcrumbList","@id":"https:\/\/akunq.net\/turkish\/2010\/06\/22\/the-times-hiristiyanlar-ergenekondan-korkuyor\/#breadcrumb","itemListElement":[{"@type":"ListItem","position":1,"name":"Home","item":"https:\/\/akunq.net\/turkish\/"},{"@type":"ListItem","position":2,"name":"The Times: H\u0131ristiyanlar Ergenekon&#8217;dan korkuyor"}]},{"@type":"WebSite","@id":"https:\/\/akunq.net\/turkish\/#website","url":"https:\/\/akunq.net\/turkish\/","name":"Bati Ermenistan Ve Bati Ermenileri Sorunlari Ara\u015ftirmalar Merkezi","description":"","potentialAction":[{"@type":"SearchAction","target":{"@type":"EntryPoint","urlTemplate":"https:\/\/akunq.net\/turkish\/?s={search_term_string}"},"query-input":{"@type":"PropertyValueSpecification","valueRequired":true,"valueName":"search_term_string"}}],"inLanguage":"en-US"},{"@type":"Person","@id":"https:\/\/akunq.net\/turkish\/#\/schema\/person\/135e7923d1aeb8887890799619969a6c","name":"kalem","image":{"@type":"ImageObject","inLanguage":"en-US","@id":"https:\/\/secure.gravatar.com\/avatar\/a06875e4b25feb5674296adf8e8a7ae1e587cebce2493fe63c456109967e27d3?s=96&d=mm&r=g","url":"https:\/\/secure.gravatar.com\/avatar\/a06875e4b25feb5674296adf8e8a7ae1e587cebce2493fe63c456109967e27d3?s=96&d=mm&r=g","contentUrl":"https:\/\/secure.gravatar.com\/avatar\/a06875e4b25feb5674296adf8e8a7ae1e587cebce2493fe63c456109967e27d3?s=96&d=mm&r=g","caption":"kalem"},"url":"https:\/\/akunq.net\/turkish\/author\/kalem\/"}]}},"_links":{"self":[{"href":"https:\/\/akunq.net\/turkish\/wp-json\/wp\/v2\/posts\/1050","targetHints":{"allow":["GET"]}}],"collection":[{"href":"https:\/\/akunq.net\/turkish\/wp-json\/wp\/v2\/posts"}],"about":[{"href":"https:\/\/akunq.net\/turkish\/wp-json\/wp\/v2\/types\/post"}],"author":[{"embeddable":true,"href":"https:\/\/akunq.net\/turkish\/wp-json\/wp\/v2\/users\/3"}],"replies":[{"embeddable":true,"href":"https:\/\/akunq.net\/turkish\/wp-json\/wp\/v2\/comments?post=1050"}],"version-history":[{"count":0,"href":"https:\/\/akunq.net\/turkish\/wp-json\/wp\/v2\/posts\/1050\/revisions"}],"wp:attachment":[{"href":"https:\/\/akunq.net\/turkish\/wp-json\/wp\/v2\/media?parent=1050"}],"wp:term":[{"taxonomy":"category","embeddable":true,"href":"https:\/\/akunq.net\/turkish\/wp-json\/wp\/v2\/categories?post=1050"},{"taxonomy":"post_tag","embeddable":true,"href":"https:\/\/akunq.net\/turkish\/wp-json\/wp\/v2\/tags?post=1050"}],"curies":[{"name":"wp","href":"https:\/\/api.w.org\/{rel}","templated":true}]}}