{"id":1017,"date":"2010-06-19T01:59:17","date_gmt":"2010-06-19T06:59:17","guid":{"rendered":"http:\/\/akunq.net\/tr\/?p=1017"},"modified":"2010-06-19T01:59:17","modified_gmt":"2010-06-19T06:59:17","slug":"kemal-yalcinin-yeni-kitabi-kardeslerim-var-uzaklarda-almanyada-cikti","status":"publish","type":"post","link":"https:\/\/akunq.net\/turkish\/2010\/06\/19\/kemal-yalcinin-yeni-kitabi-kardeslerim-var-uzaklarda-almanyada-cikti\/","title":{"rendered":"Kemal Yal\u00e7\u0131n&#8217;\u0131n Yeni Kitab\u0131: Karde\u015flerim Var Uzaklarda Almanya&#8217;da \u00c7\u0131kt\u0131"},"content":{"rendered":"<p style=\"text-align: justify\"><strong><a rel=\"attachment wp-att-1018\" href=\"http:\/\/akunq.net\/tr\/2010\/06\/19\/kemal-yalcinin-yeni-kitabi-kardeslerim-var-uzaklarda-almanyada-cikti\/kemalyalcin\/\"><img loading=\"lazy\" decoding=\"async\" class=\"alignleft size-full wp-image-1018\" title=\"KemalYalcin\" src=\"http:\/\/akunq.net\/tr\/wp-content\/uploads\/2010\/06\/KemalYalcin.jpg\" alt=\"\" width=\"280\" height=\"337\" \/><\/a>\u00a0<\/strong>Ge\u00e7mi\u015f, bug\u00fcn\u00fcn \u00f6ns\u00f6z\u00fcd\u00fcr. D\u00fcnya h\u0131zla de\u011fi\u015fiyor. Zaman, eski zaman de\u011fil. Zaman bize uymaz, biz zamana uymal\u0131y\u0131z. Y\u00fcz y\u0131ldan beri dinmeyen b\u00fcy\u00fck ac\u0131, zamanla unutulup sevgiye, dostlu\u011fa ve bar\u0131\u015fa kendili\u011finden d\u00f6n\u00fc\u015femez. Kanayan yaralar, g\u00f6n\u00fcllerdeki s\u0131z\u0131lar ve ac\u0131 hat\u0131ralar; bu ac\u0131lara, bu felaketlere neden olanlar taraf\u0131ndan kar\u015f\u0131l\u0131kl\u0131 olarak d\u00fcr\u00fcstl\u00fckle ve samimiyetle kabul edilirse, kal\u0131c\u0131 bir dostlu\u011fun ve bar\u0131\u015f\u0131n temelleri g\u00fc\u00e7lenebilir.<\/p>\n<p style=\"text-align: justify\">D\u00fcnyan\u0131n her yan\u0131nda karde\u015flerimiz var. Onlar aram\u0131zda ya\u015fasa da ya\u015famasa da bizim karde\u015flerimizdir. Onlar nerede ya\u015farlarsa ya\u015fas\u0131nlar g\u00fcnebakan \u00e7i\u00e7ekleri gibi, y\u00fczlerini ve g\u00f6n\u00fcllerini anayurtlar\u0131na \u00e7eviriyor, varolduklar\u0131 g\u00fcne\u015fli topraklar\u0131 \u00f6zl\u00fcyorlar.<\/p>\n<p style=\"text-align: justify\">Bu kitapta d\u00fcnyan\u0131n \u00e7e\u015fitli \u00fclkelerinde yapt\u0131\u011f\u0131m okuma ve s\u00f6yle\u015fi g\u00fcnlerinde ya\u015fad\u0131klar\u0131m\u0131, g\u00f6rd\u00fcklerimi, duyduklar\u0131m\u0131; oralardaki dostlar\u0131m\u0131 ve karde\u015flerimi bir araya getirdim. Biz art\u0131k dilleri, dinleri, renkleri ayr\u0131; ama g\u00f6n\u00fclleri bir, ac\u0131lar\u0131, sevin\u00e7leri, kederleri ve mutluluklar\u0131 ortak bir aile olduk.<br \/>\nOkuyucular\u0131mdan, dostlar\u0131mdan, karde\u015flerimden bana gelen ve benim de onlara g\u00f6nderdi\u011fim mektuplardan bir demet yapt\u0131m, onlar\u0131 da sizlerle payla\u015fmak i\u00e7in yay\u0131nl\u0131yorum.<\/p>\n<p style=\"text-align: justify\">Sevgili dostlar\u0131m, sevgili karde\u015flerim, sevgili okuyucular\u0131m, benim i\u00e7in bu d\u00fcnya sizlerle daha g\u00fczel ve daha anlaml\u0131! \u0130yi ki vars\u0131n\u0131z!<\/p>\n<p style=\"text-align: justify\"><em>Kemal Yal\u00e7\u0131n<\/em><\/p>\n<p style=\"text-align: justify\"><strong>Sunu\u015f<em> <\/em><\/strong><\/p>\n<p style=\"text-align: justify\">Yazarl\u0131k hayat\u0131ma \u015fiirle ba\u015flad\u0131m. \u015eiir yazmak, duygular\u0131m\u0131, d\u00fc\u015flerimi, d\u00fc\u015f\u00fcncelerimi \u015fiirle\u015ftirmek bana g\u00fc\u00e7 verdi. Zor g\u00fcnlerimi de, ayd\u0131nl\u0131k g\u00fcnlerimi de \u015fiirlerle payla\u015ft\u0131m. \u0130lk \u015fiir kitab\u0131m olan S\u00fcrg\u00fcn G\u00fclleri yurdumdan uzaklarda ge\u00e7en zor g\u00fcnlerimin \u015fiirlerinden meydana gelmi\u015fti.<\/p>\n<p style=\"text-align: justify\">Sonra d\u00fczyaz\u0131ya ge\u00e7tim. Emanet \u00c7eyiz benim ilk belgesel roman\u0131md\u0131r. Bu romandan sonra Seninle G\u00fcler Y\u00fcre\u011fim, Ya\u015fama G\u00fcc\u00fc, S\u0131n\u0131fta \u00c7i\u00e7ek Zor A\u00e7ar, Sar\u0131 Gelin\/Sari Gyalin, Hayatta Kalanlar, Anadolu\u2019nun Evlatlar\u0131 adl\u0131 ya\u015fam \u00f6yk\u00fcleri ve belgesel romanlar\u0131m\u0131 yay\u0131nlad\u0131m.<\/p>\n<p style=\"text-align: justify\">Romanlar\u0131m, hayat hik\u00e2yelerim, \u00f6yk\u00fclerim ger\u00e7ek hayat\u0131n i\u00e7inden s\u00fcz\u00fcl\u00fcp gelmi\u015flerdir. Belgesel romanlar\u0131m\u0131 haz\u0131rlarken yazaca\u011f\u0131m konunun ge\u00e7ti\u011fi do\u011fal ve k\u00fclt\u00fcrel \u00e7evreyi, insan manzaralar\u0131n\u0131 gidip g\u00f6rd\u00fcm. \u00d6yk\u00fcs\u00fcn\u00fc yazaca\u011f\u0131m \u00e7i\u00e7e\u011fi gidip dal\u0131nda koklad\u0131m. Hayat\u0131n\u0131 yazaca\u011f\u0131m insanlarla uzun uzun konu\u015ftum. Baz\u0131lar\u0131n\u0131n evlerinde misafir kald\u0131m. Onlarla dost oldum, karde\u015f oldum. Kimine ana, kime baba, kimine abi, kimine abla dedim. Onlar da beni o\u011ful, evlat, karde\u015f kabul ettiler, ba\u011f\u0131rlar\u0131na bast\u0131lar.<\/p>\n<p style=\"text-align: justify\">Okuyucular\u0131m\u0131n bir\u00e7o\u011fu mektupla, telefonla duygu ve d\u00fc\u015f\u00fcncelerini benimle payla\u015ft\u0131. Bana yeni konular, yeni olaylar anlatt\u0131lar. \u00c7o\u011fu Almanya\u2019da olmak \u00fczere, Bat\u0131 Avrupa \u00fclkelerinde; \u0130srail\u2019de, \u00dcrd\u00fcn\u2019de, Amerika\u2019da, Kanada\u2019da ve T\u00fcrkiye\u2019de d\u00fczenlenen okuma ve s\u00f6yle\u015fi g\u00fcnlerinde sanatsever insanlarla, okuyucular\u0131mla beraber oldum. Yeni, kal\u0131c\u0131 dostluklar edindim. Bana yap\u0131c\u0131 \u00f6neri ve ele\u015ftirilerde bulundular. Beni bilmedi\u011fim konular\u0131 ara\u015ft\u0131rmaya, eksiklerimi tamamlamaya y\u00f6nelttiler. Kitaplar\u0131mda anlatt\u0131\u011f\u0131m olaylar\u0131, ac\u0131lar\u0131, sevin\u00e7leri, kederleri, mutluluklar\u0131 ve umutlar\u0131 onlarla payla\u015ft\u0131m. Payla\u015ft\u0131k\u00e7a ac\u0131lar\u0131m\u0131z azald\u0131, mutluluklar\u0131m\u0131z artt\u0131. D\u00fcnyam\u0131z ayd\u0131nland\u0131. G\u00f6rd\u00fc\u011f\u00fcm ilgi, yak\u0131nl\u0131k, g\u00fcven ve sevgi kalemime \u015fevk, y\u00fcre\u011fime g\u00fc\u00e7 verdi.<\/p>\n<p style=\"text-align: justify\">Toplant\u0131larda, okuma g\u00fcnlerinde konu\u015fulamayan konular\u0131, sorulamayan sorular\u0131 toplant\u0131 sonras\u0131nda daha dar bir \u00e7evrede konu\u015ftuk. Bazen konu\u015fmalar\u0131m\u0131z misafir kald\u0131\u011f\u0131m evlerde devam etti. Birlikte e\u011flendik, \u015fark\u0131lar, t\u00fcrk\u00fcler s\u00f6yledik, \u015fiirler okuduk.<\/p>\n<p style=\"text-align: justify\">B\u00f6ylece yazd\u0131\u011f\u0131m, yay\u0131nlad\u0131\u011f\u0131m her kitap benim d\u00fcnyam\u0131 geni\u015fletti, zenginle\u015ftirdi. D\u00fcnyan\u0131n bir\u00e7ok yerinde dostlar\u0131m, arkada\u015flar\u0131m, karde\u015flerim var art\u0131k.<\/p>\n<p style=\"text-align: justify\">Bu kitapta d\u00fcnyan\u0131n \u00e7e\u015fitli \u00fclkelerinde yapt\u0131\u011f\u0131m okuma ve s\u00f6yle\u015fi g\u00fcnlerinde ya\u015fad\u0131klar\u0131m\u0131, g\u00f6rd\u00fcklerimi, oralardaki dostlar\u0131m\u0131 ve karde\u015flerimi bir araya getirdim. Biz art\u0131k dilleri, dinleri, renkleri ayr\u0131; ama g\u00f6n\u00fclleri bir, ac\u0131lar\u0131, sevin\u00e7leri, kederleri ve mutluluklar\u0131 ortak bir aile olduk.<\/p>\n<p style=\"text-align: justify\">Okuyucular\u0131mdan, dostlar\u0131mdan, karde\u015flerimden bana gelen ve benim de onlara g\u00f6nderdi\u011fim mektuplardan bir demet yapt\u0131m, onlar\u0131 da sizlerle payla\u015fmak i\u00e7in yay\u0131nl\u0131yorum.<\/p>\n<p style=\"text-align: justify\">Bu kitab\u0131n haz\u0131rl\u0131\u011f\u0131nda, \u00e7evirilerinde, d\u00fczeltmelerinde, yay\u0131nlanmas\u0131nda eme\u011fi ge\u00e7en dostlar\u0131ma, karde\u015flerime \u00e7ok te\u015fekk\u00fcr ederim.<\/p>\n<p style=\"text-align: justify\">Sevgili dostlar\u0131m, sevgili karde\u015flerim, sevgili okuyucular\u0131m, benim i\u00e7in bu d\u00fcnya sizlerle daha g\u00fczel ve daha anlaml\u0131! \u0130yi ki vars\u0131n\u0131z!<\/p>\n<p style=\"text-align: justify\"><strong>Bochum, 28 Mart 2010 Kemal Yal\u00e7\u0131n <\/strong><\/p>\n<p style=\"text-align: justify\"><strong><em>Karde\u015flerim Var Uzaklarda <\/em><\/strong><\/p>\n<p style=\"text-align: justify\"><em>448 sayfa <\/em><\/p>\n<p style=\"text-align: justify\"><em>Resimli, Ciltli <\/em><\/p>\n<p style=\"text-align: justify\"><em>Fiyat\u0131: 24.80 \u20ac <\/em><\/p>\n<p style=\"text-align: justify\"><em>\u0130steme adresi: <\/em><\/p>\n<p style=\"text-align: justify\"><em><a href=\"mailto:H_kemal_yalcin@yahoo.de\">H_kemal_yalcin@yahoo.de<\/a><\/em><em> <\/em><\/p>\n<p style=\"text-align: justify\"><em>\u00d6zel-S.Atto, 18.06.2010 <\/em><\/p>\n<p style=\"text-align: justify\"><em><a href=\"http:\/\/www.hyetert.com\/haber3.asp?Id=35457&amp;DilId=1\"><strong>http:\/\/www.hyetert.com\/haber3.asp?Id=35457&amp;DilId=1<\/strong><\/a><\/em><strong><em><\/em><\/strong><\/p>\n","protected":false},"excerpt":{"rendered":"<p>\u00a0Ge\u00e7mi\u015f, bug\u00fcn\u00fcn \u00f6ns\u00f6z\u00fcd\u00fcr. D\u00fcnya h\u0131zla de\u011fi\u015fiyor. Zaman, eski zaman de\u011fil. Zaman bize uymaz, biz zamana uymal\u0131y\u0131z. Y\u00fcz y\u0131ldan beri dinmeyen b\u00fcy\u00fck ac\u0131, zamanla unutulup sevgiye, dostlu\u011fa ve bar\u0131\u015fa kendili\u011finden d\u00f6n\u00fc\u015femez. Kanayan yaralar, g\u00f6n\u00fcllerdeki s\u0131z\u0131lar ve ac\u0131 hat\u0131ralar; bu ac\u0131lara, bu felaketlere neden olanlar taraf\u0131ndan kar\u015f\u0131l\u0131kl\u0131 olarak d\u00fcr\u00fcstl\u00fckle ve samimiyetle kabul edilirse, kal\u0131c\u0131 bir dostlu\u011fun ve [&hellip;]<\/p>\n","protected":false},"author":3,"featured_media":0,"comment_status":"closed","ping_status":"open","sticky":false,"template":"","format":"standard","meta":{"footnotes":""},"categories":[14],"tags":[],"class_list":["post-1017","post","type-post","status-publish","format-standard","hentry","category-haberler"],"yoast_head":"<!-- This site is optimized with the Yoast SEO plugin v27.4 - https:\/\/yoast.com\/product\/yoast-seo-wordpress\/ -->\n<title>Kemal Yal\u00e7\u0131n&#039;\u0131n Yeni Kitab\u0131: Karde\u015flerim Var Uzaklarda Almanya&#039;da \u00c7\u0131kt\u0131 - Bati Ermenistan Ve Bati Ermenileri Sorunlari Ara\u015ftirmalar Merkezi<\/title>\n<meta name=\"robots\" content=\"index, follow, max-snippet:-1, max-image-preview:large, max-video-preview:-1\" \/>\n<link rel=\"canonical\" href=\"https:\/\/akunq.net\/turkish\/2010\/06\/19\/kemal-yalcinin-yeni-kitabi-kardeslerim-var-uzaklarda-almanyada-cikti\/\" \/>\n<meta property=\"og:locale\" content=\"en_US\" \/>\n<meta property=\"og:type\" content=\"article\" \/>\n<meta property=\"og:title\" content=\"Kemal Yal\u00e7\u0131n&#039;\u0131n Yeni Kitab\u0131: Karde\u015flerim Var Uzaklarda Almanya&#039;da \u00c7\u0131kt\u0131 - Bati Ermenistan Ve Bati Ermenileri Sorunlari Ara\u015ftirmalar Merkezi\" \/>\n<meta property=\"og:description\" content=\"\u00a0Ge\u00e7mi\u015f, bug\u00fcn\u00fcn \u00f6ns\u00f6z\u00fcd\u00fcr. D\u00fcnya h\u0131zla de\u011fi\u015fiyor. Zaman, eski zaman de\u011fil. Zaman bize uymaz, biz zamana uymal\u0131y\u0131z. Y\u00fcz y\u0131ldan beri dinmeyen b\u00fcy\u00fck ac\u0131, zamanla unutulup sevgiye, dostlu\u011fa ve bar\u0131\u015fa kendili\u011finden d\u00f6n\u00fc\u015femez. Kanayan yaralar, g\u00f6n\u00fcllerdeki s\u0131z\u0131lar ve ac\u0131 hat\u0131ralar; bu ac\u0131lara, bu felaketlere neden olanlar taraf\u0131ndan kar\u015f\u0131l\u0131kl\u0131 olarak d\u00fcr\u00fcstl\u00fckle ve samimiyetle kabul edilirse, kal\u0131c\u0131 bir dostlu\u011fun ve [&hellip;]\" \/>\n<meta property=\"og:url\" content=\"https:\/\/akunq.net\/turkish\/2010\/06\/19\/kemal-yalcinin-yeni-kitabi-kardeslerim-var-uzaklarda-almanyada-cikti\/\" \/>\n<meta property=\"og:site_name\" content=\"Bati Ermenistan Ve Bati Ermenileri Sorunlari Ara\u015ftirmalar Merkezi\" \/>\n<meta property=\"article:published_time\" content=\"2010-06-19T06:59:17+00:00\" \/>\n<meta property=\"og:image\" content=\"https:\/\/akunq.net\/turkish\/wp-content\/uploads\/sites\/5\/2010\/06\/KemalYalcin.jpg\" \/>\n\t<meta property=\"og:image:width\" content=\"134\" \/>\n\t<meta property=\"og:image:height\" content=\"155\" \/>\n\t<meta property=\"og:image:type\" content=\"image\/jpeg\" \/>\n<meta name=\"author\" content=\"kalem\" \/>\n<meta name=\"twitter:card\" content=\"summary_large_image\" \/>\n<meta name=\"twitter:label1\" content=\"Written by\" \/>\n\t<meta name=\"twitter:data1\" content=\"kalem\" \/>\n\t<meta name=\"twitter:label2\" content=\"Est. reading time\" \/>\n\t<meta name=\"twitter:data2\" content=\"4 minutes\" \/>\n<script type=\"application\/ld+json\" class=\"yoast-schema-graph\">{\"@context\":\"https:\\\/\\\/schema.org\",\"@graph\":[{\"@type\":\"Article\",\"@id\":\"https:\\\/\\\/akunq.net\\\/turkish\\\/2010\\\/06\\\/19\\\/kemal-yalcinin-yeni-kitabi-kardeslerim-var-uzaklarda-almanyada-cikti\\\/#article\",\"isPartOf\":{\"@id\":\"https:\\\/\\\/akunq.net\\\/turkish\\\/2010\\\/06\\\/19\\\/kemal-yalcinin-yeni-kitabi-kardeslerim-var-uzaklarda-almanyada-cikti\\\/\"},\"author\":{\"name\":\"kalem\",\"@id\":\"https:\\\/\\\/akunq.net\\\/turkish\\\/#\\\/schema\\\/person\\\/135e7923d1aeb8887890799619969a6c\"},\"headline\":\"Kemal Yal\u00e7\u0131n&#8217;\u0131n Yeni Kitab\u0131: Karde\u015flerim Var Uzaklarda Almanya&#8217;da \u00c7\u0131kt\u0131\",\"datePublished\":\"2010-06-19T06:59:17+00:00\",\"mainEntityOfPage\":{\"@id\":\"https:\\\/\\\/akunq.net\\\/turkish\\\/2010\\\/06\\\/19\\\/kemal-yalcinin-yeni-kitabi-kardeslerim-var-uzaklarda-almanyada-cikti\\\/\"},\"wordCount\":869,\"image\":{\"@id\":\"https:\\\/\\\/akunq.net\\\/turkish\\\/2010\\\/06\\\/19\\\/kemal-yalcinin-yeni-kitabi-kardeslerim-var-uzaklarda-almanyada-cikti\\\/#primaryimage\"},\"thumbnailUrl\":\"http:\\\/\\\/akunq.net\\\/tr\\\/wp-content\\\/uploads\\\/2010\\\/06\\\/KemalYalcin.jpg\",\"articleSection\":[\"Haberler\"],\"inLanguage\":\"en-US\"},{\"@type\":\"WebPage\",\"@id\":\"https:\\\/\\\/akunq.net\\\/turkish\\\/2010\\\/06\\\/19\\\/kemal-yalcinin-yeni-kitabi-kardeslerim-var-uzaklarda-almanyada-cikti\\\/\",\"url\":\"https:\\\/\\\/akunq.net\\\/turkish\\\/2010\\\/06\\\/19\\\/kemal-yalcinin-yeni-kitabi-kardeslerim-var-uzaklarda-almanyada-cikti\\\/\",\"name\":\"Kemal Yal\u00e7\u0131n'\u0131n Yeni Kitab\u0131: Karde\u015flerim Var Uzaklarda Almanya'da \u00c7\u0131kt\u0131 - Bati Ermenistan Ve Bati Ermenileri Sorunlari Ara\u015ftirmalar Merkezi\",\"isPartOf\":{\"@id\":\"https:\\\/\\\/akunq.net\\\/turkish\\\/#website\"},\"primaryImageOfPage\":{\"@id\":\"https:\\\/\\\/akunq.net\\\/turkish\\\/2010\\\/06\\\/19\\\/kemal-yalcinin-yeni-kitabi-kardeslerim-var-uzaklarda-almanyada-cikti\\\/#primaryimage\"},\"image\":{\"@id\":\"https:\\\/\\\/akunq.net\\\/turkish\\\/2010\\\/06\\\/19\\\/kemal-yalcinin-yeni-kitabi-kardeslerim-var-uzaklarda-almanyada-cikti\\\/#primaryimage\"},\"thumbnailUrl\":\"http:\\\/\\\/akunq.net\\\/tr\\\/wp-content\\\/uploads\\\/2010\\\/06\\\/KemalYalcin.jpg\",\"datePublished\":\"2010-06-19T06:59:17+00:00\",\"author\":{\"@id\":\"https:\\\/\\\/akunq.net\\\/turkish\\\/#\\\/schema\\\/person\\\/135e7923d1aeb8887890799619969a6c\"},\"breadcrumb\":{\"@id\":\"https:\\\/\\\/akunq.net\\\/turkish\\\/2010\\\/06\\\/19\\\/kemal-yalcinin-yeni-kitabi-kardeslerim-var-uzaklarda-almanyada-cikti\\\/#breadcrumb\"},\"inLanguage\":\"en-US\",\"potentialAction\":[{\"@type\":\"ReadAction\",\"target\":[\"https:\\\/\\\/akunq.net\\\/turkish\\\/2010\\\/06\\\/19\\\/kemal-yalcinin-yeni-kitabi-kardeslerim-var-uzaklarda-almanyada-cikti\\\/\"]}]},{\"@type\":\"ImageObject\",\"inLanguage\":\"en-US\",\"@id\":\"https:\\\/\\\/akunq.net\\\/turkish\\\/2010\\\/06\\\/19\\\/kemal-yalcinin-yeni-kitabi-kardeslerim-var-uzaklarda-almanyada-cikti\\\/#primaryimage\",\"url\":\"http:\\\/\\\/akunq.net\\\/tr\\\/wp-content\\\/uploads\\\/2010\\\/06\\\/KemalYalcin.jpg\",\"contentUrl\":\"http:\\\/\\\/akunq.net\\\/tr\\\/wp-content\\\/uploads\\\/2010\\\/06\\\/KemalYalcin.jpg\"},{\"@type\":\"BreadcrumbList\",\"@id\":\"https:\\\/\\\/akunq.net\\\/turkish\\\/2010\\\/06\\\/19\\\/kemal-yalcinin-yeni-kitabi-kardeslerim-var-uzaklarda-almanyada-cikti\\\/#breadcrumb\",\"itemListElement\":[{\"@type\":\"ListItem\",\"position\":1,\"name\":\"Home\",\"item\":\"https:\\\/\\\/akunq.net\\\/turkish\\\/\"},{\"@type\":\"ListItem\",\"position\":2,\"name\":\"Kemal Yal\u00e7\u0131n&#8217;\u0131n Yeni Kitab\u0131: Karde\u015flerim Var Uzaklarda Almanya&#8217;da \u00c7\u0131kt\u0131\"}]},{\"@type\":\"WebSite\",\"@id\":\"https:\\\/\\\/akunq.net\\\/turkish\\\/#website\",\"url\":\"https:\\\/\\\/akunq.net\\\/turkish\\\/\",\"name\":\"Bati Ermenistan Ve Bati Ermenileri Sorunlari Ara\u015ftirmalar Merkezi\",\"description\":\"\",\"potentialAction\":[{\"@type\":\"SearchAction\",\"target\":{\"@type\":\"EntryPoint\",\"urlTemplate\":\"https:\\\/\\\/akunq.net\\\/turkish\\\/?s={search_term_string}\"},\"query-input\":{\"@type\":\"PropertyValueSpecification\",\"valueRequired\":true,\"valueName\":\"search_term_string\"}}],\"inLanguage\":\"en-US\"},{\"@type\":\"Person\",\"@id\":\"https:\\\/\\\/akunq.net\\\/turkish\\\/#\\\/schema\\\/person\\\/135e7923d1aeb8887890799619969a6c\",\"name\":\"kalem\",\"image\":{\"@type\":\"ImageObject\",\"inLanguage\":\"en-US\",\"@id\":\"https:\\\/\\\/secure.gravatar.com\\\/avatar\\\/a06875e4b25feb5674296adf8e8a7ae1e587cebce2493fe63c456109967e27d3?s=96&d=mm&r=g\",\"url\":\"https:\\\/\\\/secure.gravatar.com\\\/avatar\\\/a06875e4b25feb5674296adf8e8a7ae1e587cebce2493fe63c456109967e27d3?s=96&d=mm&r=g\",\"contentUrl\":\"https:\\\/\\\/secure.gravatar.com\\\/avatar\\\/a06875e4b25feb5674296adf8e8a7ae1e587cebce2493fe63c456109967e27d3?s=96&d=mm&r=g\",\"caption\":\"kalem\"},\"url\":\"https:\\\/\\\/akunq.net\\\/turkish\\\/author\\\/kalem\\\/\"}]}<\/script>\n<!-- \/ Yoast SEO plugin. -->","yoast_head_json":{"title":"Kemal Yal\u00e7\u0131n'\u0131n Yeni Kitab\u0131: Karde\u015flerim Var Uzaklarda Almanya'da \u00c7\u0131kt\u0131 - Bati Ermenistan Ve Bati Ermenileri Sorunlari Ara\u015ftirmalar Merkezi","robots":{"index":"index","follow":"follow","max-snippet":"max-snippet:-1","max-image-preview":"max-image-preview:large","max-video-preview":"max-video-preview:-1"},"canonical":"https:\/\/akunq.net\/turkish\/2010\/06\/19\/kemal-yalcinin-yeni-kitabi-kardeslerim-var-uzaklarda-almanyada-cikti\/","og_locale":"en_US","og_type":"article","og_title":"Kemal Yal\u00e7\u0131n'\u0131n Yeni Kitab\u0131: Karde\u015flerim Var Uzaklarda Almanya'da \u00c7\u0131kt\u0131 - Bati Ermenistan Ve Bati Ermenileri Sorunlari Ara\u015ftirmalar Merkezi","og_description":"\u00a0Ge\u00e7mi\u015f, bug\u00fcn\u00fcn \u00f6ns\u00f6z\u00fcd\u00fcr. D\u00fcnya h\u0131zla de\u011fi\u015fiyor. Zaman, eski zaman de\u011fil. Zaman bize uymaz, biz zamana uymal\u0131y\u0131z. Y\u00fcz y\u0131ldan beri dinmeyen b\u00fcy\u00fck ac\u0131, zamanla unutulup sevgiye, dostlu\u011fa ve bar\u0131\u015fa kendili\u011finden d\u00f6n\u00fc\u015femez. Kanayan yaralar, g\u00f6n\u00fcllerdeki s\u0131z\u0131lar ve ac\u0131 hat\u0131ralar; bu ac\u0131lara, bu felaketlere neden olanlar taraf\u0131ndan kar\u015f\u0131l\u0131kl\u0131 olarak d\u00fcr\u00fcstl\u00fckle ve samimiyetle kabul edilirse, kal\u0131c\u0131 bir dostlu\u011fun ve [&hellip;]","og_url":"https:\/\/akunq.net\/turkish\/2010\/06\/19\/kemal-yalcinin-yeni-kitabi-kardeslerim-var-uzaklarda-almanyada-cikti\/","og_site_name":"Bati Ermenistan Ve Bati Ermenileri Sorunlari Ara\u015ftirmalar Merkezi","article_published_time":"2010-06-19T06:59:17+00:00","og_image":[{"width":134,"height":155,"url":"https:\/\/akunq.net\/turkish\/wp-content\/uploads\/sites\/5\/2010\/06\/KemalYalcin.jpg","type":"image\/jpeg"}],"author":"kalem","twitter_card":"summary_large_image","twitter_misc":{"Written by":"kalem","Est. reading time":"4 minutes"},"schema":{"@context":"https:\/\/schema.org","@graph":[{"@type":"Article","@id":"https:\/\/akunq.net\/turkish\/2010\/06\/19\/kemal-yalcinin-yeni-kitabi-kardeslerim-var-uzaklarda-almanyada-cikti\/#article","isPartOf":{"@id":"https:\/\/akunq.net\/turkish\/2010\/06\/19\/kemal-yalcinin-yeni-kitabi-kardeslerim-var-uzaklarda-almanyada-cikti\/"},"author":{"name":"kalem","@id":"https:\/\/akunq.net\/turkish\/#\/schema\/person\/135e7923d1aeb8887890799619969a6c"},"headline":"Kemal Yal\u00e7\u0131n&#8217;\u0131n Yeni Kitab\u0131: Karde\u015flerim Var Uzaklarda Almanya&#8217;da \u00c7\u0131kt\u0131","datePublished":"2010-06-19T06:59:17+00:00","mainEntityOfPage":{"@id":"https:\/\/akunq.net\/turkish\/2010\/06\/19\/kemal-yalcinin-yeni-kitabi-kardeslerim-var-uzaklarda-almanyada-cikti\/"},"wordCount":869,"image":{"@id":"https:\/\/akunq.net\/turkish\/2010\/06\/19\/kemal-yalcinin-yeni-kitabi-kardeslerim-var-uzaklarda-almanyada-cikti\/#primaryimage"},"thumbnailUrl":"http:\/\/akunq.net\/tr\/wp-content\/uploads\/2010\/06\/KemalYalcin.jpg","articleSection":["Haberler"],"inLanguage":"en-US"},{"@type":"WebPage","@id":"https:\/\/akunq.net\/turkish\/2010\/06\/19\/kemal-yalcinin-yeni-kitabi-kardeslerim-var-uzaklarda-almanyada-cikti\/","url":"https:\/\/akunq.net\/turkish\/2010\/06\/19\/kemal-yalcinin-yeni-kitabi-kardeslerim-var-uzaklarda-almanyada-cikti\/","name":"Kemal Yal\u00e7\u0131n'\u0131n Yeni Kitab\u0131: Karde\u015flerim Var Uzaklarda Almanya'da \u00c7\u0131kt\u0131 - Bati Ermenistan Ve Bati Ermenileri Sorunlari Ara\u015ftirmalar Merkezi","isPartOf":{"@id":"https:\/\/akunq.net\/turkish\/#website"},"primaryImageOfPage":{"@id":"https:\/\/akunq.net\/turkish\/2010\/06\/19\/kemal-yalcinin-yeni-kitabi-kardeslerim-var-uzaklarda-almanyada-cikti\/#primaryimage"},"image":{"@id":"https:\/\/akunq.net\/turkish\/2010\/06\/19\/kemal-yalcinin-yeni-kitabi-kardeslerim-var-uzaklarda-almanyada-cikti\/#primaryimage"},"thumbnailUrl":"http:\/\/akunq.net\/tr\/wp-content\/uploads\/2010\/06\/KemalYalcin.jpg","datePublished":"2010-06-19T06:59:17+00:00","author":{"@id":"https:\/\/akunq.net\/turkish\/#\/schema\/person\/135e7923d1aeb8887890799619969a6c"},"breadcrumb":{"@id":"https:\/\/akunq.net\/turkish\/2010\/06\/19\/kemal-yalcinin-yeni-kitabi-kardeslerim-var-uzaklarda-almanyada-cikti\/#breadcrumb"},"inLanguage":"en-US","potentialAction":[{"@type":"ReadAction","target":["https:\/\/akunq.net\/turkish\/2010\/06\/19\/kemal-yalcinin-yeni-kitabi-kardeslerim-var-uzaklarda-almanyada-cikti\/"]}]},{"@type":"ImageObject","inLanguage":"en-US","@id":"https:\/\/akunq.net\/turkish\/2010\/06\/19\/kemal-yalcinin-yeni-kitabi-kardeslerim-var-uzaklarda-almanyada-cikti\/#primaryimage","url":"http:\/\/akunq.net\/tr\/wp-content\/uploads\/2010\/06\/KemalYalcin.jpg","contentUrl":"http:\/\/akunq.net\/tr\/wp-content\/uploads\/2010\/06\/KemalYalcin.jpg"},{"@type":"BreadcrumbList","@id":"https:\/\/akunq.net\/turkish\/2010\/06\/19\/kemal-yalcinin-yeni-kitabi-kardeslerim-var-uzaklarda-almanyada-cikti\/#breadcrumb","itemListElement":[{"@type":"ListItem","position":1,"name":"Home","item":"https:\/\/akunq.net\/turkish\/"},{"@type":"ListItem","position":2,"name":"Kemal Yal\u00e7\u0131n&#8217;\u0131n Yeni Kitab\u0131: Karde\u015flerim Var Uzaklarda Almanya&#8217;da \u00c7\u0131kt\u0131"}]},{"@type":"WebSite","@id":"https:\/\/akunq.net\/turkish\/#website","url":"https:\/\/akunq.net\/turkish\/","name":"Bati Ermenistan Ve Bati Ermenileri Sorunlari Ara\u015ftirmalar Merkezi","description":"","potentialAction":[{"@type":"SearchAction","target":{"@type":"EntryPoint","urlTemplate":"https:\/\/akunq.net\/turkish\/?s={search_term_string}"},"query-input":{"@type":"PropertyValueSpecification","valueRequired":true,"valueName":"search_term_string"}}],"inLanguage":"en-US"},{"@type":"Person","@id":"https:\/\/akunq.net\/turkish\/#\/schema\/person\/135e7923d1aeb8887890799619969a6c","name":"kalem","image":{"@type":"ImageObject","inLanguage":"en-US","@id":"https:\/\/secure.gravatar.com\/avatar\/a06875e4b25feb5674296adf8e8a7ae1e587cebce2493fe63c456109967e27d3?s=96&d=mm&r=g","url":"https:\/\/secure.gravatar.com\/avatar\/a06875e4b25feb5674296adf8e8a7ae1e587cebce2493fe63c456109967e27d3?s=96&d=mm&r=g","contentUrl":"https:\/\/secure.gravatar.com\/avatar\/a06875e4b25feb5674296adf8e8a7ae1e587cebce2493fe63c456109967e27d3?s=96&d=mm&r=g","caption":"kalem"},"url":"https:\/\/akunq.net\/turkish\/author\/kalem\/"}]}},"_links":{"self":[{"href":"https:\/\/akunq.net\/turkish\/wp-json\/wp\/v2\/posts\/1017","targetHints":{"allow":["GET"]}}],"collection":[{"href":"https:\/\/akunq.net\/turkish\/wp-json\/wp\/v2\/posts"}],"about":[{"href":"https:\/\/akunq.net\/turkish\/wp-json\/wp\/v2\/types\/post"}],"author":[{"embeddable":true,"href":"https:\/\/akunq.net\/turkish\/wp-json\/wp\/v2\/users\/3"}],"replies":[{"embeddable":true,"href":"https:\/\/akunq.net\/turkish\/wp-json\/wp\/v2\/comments?post=1017"}],"version-history":[{"count":0,"href":"https:\/\/akunq.net\/turkish\/wp-json\/wp\/v2\/posts\/1017\/revisions"}],"wp:attachment":[{"href":"https:\/\/akunq.net\/turkish\/wp-json\/wp\/v2\/media?parent=1017"}],"wp:term":[{"taxonomy":"category","embeddable":true,"href":"https:\/\/akunq.net\/turkish\/wp-json\/wp\/v2\/categories?post=1017"},{"taxonomy":"post_tag","embeddable":true,"href":"https:\/\/akunq.net\/turkish\/wp-json\/wp\/v2\/tags?post=1017"}],"curies":[{"name":"wp","href":"https:\/\/api.w.org\/{rel}","templated":true}]}}