{"id":1011,"date":"2010-06-17T03:50:50","date_gmt":"2010-06-17T08:50:50","guid":{"rendered":"http:\/\/akunq.net\/tr\/?p=1011"},"modified":"2010-06-17T03:50:50","modified_gmt":"2010-06-17T08:50:50","slug":"senede-bir-gun-2","status":"publish","type":"post","link":"https:\/\/akunq.net\/turkish\/2010\/06\/17\/senede-bir-gun-2\/","title":{"rendered":"K\u00e2\u011f\u0131t \u00fczerinde vatanda\u015f\u2019 ve vak\u0131flar\u0131&#8230;"},"content":{"rendered":"<p style=\"text-align: justify\"><strong><em>\u0130LG\u0130N\u00c7 ZAMANLAR<\/em><\/strong>\u00a0<\/p>\n<p style=\"text-align: justify\">T\u00fcrkiye\u2019deki gayr\u0131m\u00fcslimler, bence \u201ck\u00e2\u011f\u0131t \u00fczerinde vatanda\u015f\u201d say\u0131l\u0131rlar. Toplam n\u00fcfuslar\u0131 100 bin ki\u015finin alt\u0131nda olan bu insan grubu n\u00fcfus k\u00e2\u011f\u0131d\u0131, pasaport ve ehliyet sahibi olabilirler. Vergi verip, askerlik de yaparlar ama bir t\u00fcrl\u00fc \u201ctam anlam\u0131yla\u201d vatanda\u015f olamazlar. Bir Ermeni genci, AB Genel Sekreterli\u011fi\u2019ne memur olarak atan\u0131rsa gazetelerde haber olur. Milli E\u011fitim Bakan\u0131 Nimet \u00c7ubuk\u00e7u\u2019nun Ermeni ve Rum liselerinde diploma t\u00f6renlerine kat\u0131lmas\u0131 birinci sayfadan verilir.<\/p>\n<p style=\"text-align: justify\">Yak\u0131nda Anayasa Mahkemesi gayr\u0131m\u00fcslim cemaat vak\u0131flar\u0131n\u0131 ilgilendiren bir konuda karar verecek. AKP h\u00fck\u00fcmeti 20 \u015eubat 2008 tarihinde, yeni Vak\u0131flar Kanunu \u00e7\u0131karm\u0131\u015ft\u0131. CHP, bu kanunun baz\u0131 maddelerinin iptali amac\u0131yla Anayasa Mahkemesi\u2019ne dava a\u00e7m\u0131\u015ft\u0131. CHP\u2019nin iptal dilek\u00e7esini ge\u00e7en g\u00fcn okudum. Ne yalan s\u00f6yleyeyim, bu metni okurken onlar ad\u0131na utand\u0131m!<\/p>\n<p style=\"text-align: justify\">Bilen bilir, 1936 y\u0131l\u0131nda T\u00fcrkiye\u2019deki b\u00fct\u00fcn vak\u0131flardan \u201cmal beyan\u0131\u201d istenir. M\u00fcslim ve gayr\u0131m\u00fcslim t\u00fcm vak\u0131flar bu talebe uyarak sahip olduklar\u0131 mallar\u0131n listesini Vak\u0131flar Genel M\u00fcd\u00fcrl\u00fc\u011f\u00fc\u2019ne teslim ederler. Daha sonra K\u0131br\u0131s krizi \u00e7\u0131k\u0131nca, sadece Rumlar\u0131n de\u011fil b\u00fct\u00fcn gayr\u0131m\u00fcslim cemaat vak\u0131flar\u0131n\u0131n 1970\u2019lere kadar edinmi\u015f oldu\u011fu t\u00fcm mallara el konur ve eski sahiplerine iade edilir.<\/p>\n<p style=\"text-align: justify\">Hatta i\u015fler \u00f6yle bir noktaya var\u0131r ki, Yarg\u0131tay 1. Hukuk Dairesi \u0130stanbul Bal\u0131kl\u0131 Rum Vakf\u0131\u2019n\u0131n hastanesine yap\u0131lan bir gayr\u0131menkul ba\u011f\u0131\u015f\u0131n\u0131 iptal ederken \u201c&#8230;yabanc\u0131lar\u0131n T\u00fcrkiye\u2019de mal edinmeleri yasaklanm\u0131\u015f olup&#8230;\u201d diyerek bu gayr\u0131m\u00fcslim vakf\u0131n\u0131 \u201cyabanc\u0131\u201d olarak adland\u0131r\u0131r (24 Haziran 1975 tarih ve 3648-6594 say\u0131l\u0131 karar). Sevgili Bask\u0131n Oran\u2019\u0131n ifadesi ile G\u00fcm\u00fclcine\u2019deki T\u00fcrk soyda\u015f\u0131n\u0131n hakk\u0131n\u0131 Yunan devletine kar\u015f\u0131 korumaya \u00e7al\u0131\u015f\u0131rken; \u0130stanbul\u2019daki Rum vatanda\u015f\u0131n\u0131n hakk\u0131n\u0131 ayaklar alt\u0131na alan bir anlay\u0131\u015ftan bahsediyoruz.<\/p>\n<p style=\"text-align: justify\">AKP h\u00fck\u00fcmetinin \u00e7\u0131kard\u0131\u011f\u0131 yeni Vak\u0131flar Kanunu\u2019nun 12. maddesi, gayr\u0131m\u00fcslim cemaat vak\u0131flar\u0131 da d\u00e2hil, t\u00fcm vak\u0131flar\u0131n gayr\u0131menkul edinmesine izin vermektedir. Yasan\u0131n bir\u00e7ok maddesinin iptalini isteyen CHP, en uzun gerek\u00e7eyi bu madde i\u00e7in yazm\u0131\u015f. Tam anlam\u0131yla \u201chukuk paralam\u0131\u015f!\u201d<\/p>\n<p style=\"text-align: justify\">CHP\u2019nin iptal dilek\u00e7esinde b\u00f6yle bir hakk\u0131n cemaat vak\u0131flar\u0131na verilemeyece\u011fi, \u00e7\u00fcnk\u00fc bunun Lozan Antla\u015fmas\u0131\u2019na ayk\u0131r\u0131 oldu\u011fu iddia ediliyor. Tabii Lozan\u2019daki T\u00fcrk ve Yunan devletlerinin kendi s\u0131n\u0131rlar\u0131 i\u00e7inde ya\u015fayan az\u0131nl\u0131klar\u0131na kar\u015f\u0131 y\u00fcklendikleri paralel y\u00fck\u00fcml\u00fcl\u00fckler meselesi tamamen \u00e7arp\u0131t\u0131larak m\u00fctekabiliyet (kar\u015f\u0131l\u0131kl\u0131l\u0131k) olarak yorumlanm\u0131\u015f. H\u00e2lbuki uluslararas\u0131 hukukta, bir devletin \u201cm\u00fctekabiliyet\u201d esas\u0131na g\u00f6re i\u015flem yapmas\u0131, ancak ba\u015fka devletin vatanda\u015flar\u0131na kar\u015f\u0131 s\u00f6zkonusu olabilir. \u00d6rne\u011fin, bug\u00fcn T\u00fcrk vatanda\u015flar\u0131 H\u0131rvatistan\u2019a vize almadan seyahat edebiliyorlar. E\u011fer yar\u0131n H\u0131rvatistan T\u00fcrklere vize zorunlulu\u011fu getirirse, T\u00fcrkiye de H\u0131rvatistan vatanda\u015flar\u0131na vize koyabilir. \u201cM\u00fctekabiliyet\u201d b\u00f6yle bir \u015feydir. Cemaat vak\u0131flar\u0131n\u0131 y\u00f6netenler T\u00fcrk vatanda\u015f\u0131 oldu\u011fu i\u00e7in, b\u00f6yle bir i\u015flem onlar\u0131n vak\u0131flar\u0131na kar\u015f\u0131 uygulanamaz!<\/p>\n<p style=\"text-align: justify\">Dilek\u00e7eden, \u00fclkemizde sadece 160 tane cemaat vakf\u0131 oldu\u011funu \u00f6\u011freniyoruz. Bunlar\u0131n da\u011f\u0131l\u0131m\u0131 da \u015f\u00f6yle: \u201cBu vak\u0131flar\u0131n 77\u2019si Rum, 52\u2019si Ermeni, 19\u2019u Musevi, 10\u2019u S\u00fcryani, 1\u2019i Bulgar, 2\u2019si G\u00fcrc\u00fc, 3\u2019\u00fc Keldani, 1\u2019i de esnafa ait\u201d imi\u015f. Anla\u015f\u0131lan, Rum vak\u0131flar\u0131na mal edinme hakk\u0131n\u0131 vermemek i\u00e7in CHP Lozan\u2019\u0131n arkas\u0131na s\u0131\u011f\u0131n\u0131yor. Peki, \u00f6rne\u011fin Ermeni vak\u0131flar\u0131na ayn\u0131 hakk\u0131 vermemek i\u00e7in CHP\u2019nin mazereti ne olabilir? Okuyun, i\u00e7iniz a\u00e7\u0131ls\u0131n:<\/p>\n<p style=\"text-align: justify\">\u201c&#8230; \u00f6zellikle Ermenilerin s\u00fcrekli d\u00fcnya g\u00fcndemine ta\u015f\u0131d\u0131klar\u0131 \u2018S\u00f6zde soyk\u0131r\u0131m iddialar\u0131\u2019n\u0131 yo\u011fun olarak ya\u015fad\u0131\u011f\u0131m\u0131z g\u00fcn\u00fcm\u00fczde bir de bu vak\u0131flara gayr\u0131menkul edinme hakk\u0131 tan\u0131nmas\u0131 verilebilecek en b\u00fcy\u00fck taviz niteli\u011fini ta\u015f\u0131maktad\u0131r. Ayr\u0131ca Kurtulu\u015f Sava\u015f\u0131yla y\u0131rt\u0131l\u0131p at\u0131lan Sevr Anla\u015fmas\u0131\u2019nda dayat\u0131lan B\u00fcy\u00fck Ermenistan\u2019\u0131n kurulmas\u0131na zemin haz\u0131rlay\u0131c\u0131 niteliktedir. Ermeniler \u00fclkemizden toprak taleplerini hi\u00e7bir zaman gizlememi\u015fler ve bu konuyu tazminat talepleriyle birlikte h\u00e2l\u00e2 d\u00fcnya g\u00fcndeminde tutmaya devam etmektedirler. Ermeni Diasporas\u0131\u2019n\u0131n lobiler arac\u0131l\u0131\u011f\u0131yla ASALA\u2019n\u0131n ter\u00f6r yoluyla yapmaya, elde etmeye \u00e7al\u0131\u015ft\u0131\u011f\u0131 sonu\u00e7lar\u0131n \u00e2deta tam bir teslimiyet i\u00e7erisinde sunulmas\u0131ndan ba\u015fka bir \u015fey de\u011fildir.\u201d<\/p>\n<p style=\"text-align: justify\">Bilin bakal\u0131m, CHP\u2019nin hukuk ucubesi veya bir korku filmi gibi olan dilek\u00e7esinde kimin imzas\u0131 var? CHP Grup Ba\u015fkan Vekili, Kemal K\u0131l\u0131\u00e7daro\u011flu! Asl\u0131nda, bendeniz CHP\u2019den b\u00f6yle bir metin \u00e7\u0131kmas\u0131na pek \u015fa\u015f\u0131rmad\u0131m. Sadece, okurken onlar ad\u0131na y\u00fcz\u00fcm k\u0131zard\u0131. Fakat, Anayasa Mahkemesi\u2019nin verece\u011fi karar\u0131 ve o karar\u0131n gerek\u00e7esini \u00e7ok merak ediyorum.<\/p>\n<p style=\"text-align: justify\"><strong>Ayhan Aktar<\/strong> ayhanaktar@gmail.com<strong><\/strong><\/p>\n<p style=\"text-align: justify\">taraf.com.tr, 14.6.2010<\/p>\n","protected":false},"excerpt":{"rendered":"<p>\u0130LG\u0130N\u00c7 ZAMANLAR\u00a0 T\u00fcrkiye\u2019deki gayr\u0131m\u00fcslimler, bence \u201ck\u00e2\u011f\u0131t \u00fczerinde vatanda\u015f\u201d say\u0131l\u0131rlar. Toplam n\u00fcfuslar\u0131 100 bin ki\u015finin alt\u0131nda olan bu insan grubu n\u00fcfus k\u00e2\u011f\u0131d\u0131, pasaport ve ehliyet sahibi olabilirler. Vergi verip, askerlik de yaparlar ama bir t\u00fcrl\u00fc \u201ctam anlam\u0131yla\u201d vatanda\u015f olamazlar. Bir Ermeni genci, AB Genel Sekreterli\u011fi\u2019ne memur olarak atan\u0131rsa gazetelerde haber olur. Milli E\u011fitim Bakan\u0131 Nimet \u00c7ubuk\u00e7u\u2019nun [&hellip;]<\/p>\n","protected":false},"author":3,"featured_media":0,"comment_status":"closed","ping_status":"open","sticky":false,"template":"","format":"standard","meta":{"footnotes":""},"categories":[14,15],"tags":[],"class_list":["post-1011","post","type-post","status-publish","format-standard","hentry","category-haberler","category-haklarimiz"],"yoast_head":"<!-- This site is optimized with the Yoast SEO plugin v26.6 - https:\/\/yoast.com\/wordpress\/plugins\/seo\/ -->\n<title>K\u00e2\u011f\u0131t \u00fczerinde vatanda\u015f\u2019 ve vak\u0131flar\u0131... - Bati Ermenistan Ve Bati Ermenileri Sorunlari Ara\u015ftirmalar Merkezi<\/title>\n<meta name=\"robots\" content=\"index, follow, max-snippet:-1, max-image-preview:large, max-video-preview:-1\" \/>\n<link rel=\"canonical\" href=\"https:\/\/akunq.net\/turkish\/2010\/06\/17\/senede-bir-gun-2\/\" \/>\n<meta property=\"og:locale\" content=\"en_US\" \/>\n<meta property=\"og:type\" content=\"article\" \/>\n<meta property=\"og:title\" content=\"K\u00e2\u011f\u0131t \u00fczerinde vatanda\u015f\u2019 ve vak\u0131flar\u0131... - Bati Ermenistan Ve Bati Ermenileri Sorunlari Ara\u015ftirmalar Merkezi\" \/>\n<meta property=\"og:description\" content=\"\u0130LG\u0130N\u00c7 ZAMANLAR\u00a0 T\u00fcrkiye\u2019deki gayr\u0131m\u00fcslimler, bence \u201ck\u00e2\u011f\u0131t \u00fczerinde vatanda\u015f\u201d say\u0131l\u0131rlar. Toplam n\u00fcfuslar\u0131 100 bin ki\u015finin alt\u0131nda olan bu insan grubu n\u00fcfus k\u00e2\u011f\u0131d\u0131, pasaport ve ehliyet sahibi olabilirler. Vergi verip, askerlik de yaparlar ama bir t\u00fcrl\u00fc \u201ctam anlam\u0131yla\u201d vatanda\u015f olamazlar. Bir Ermeni genci, AB Genel Sekreterli\u011fi\u2019ne memur olarak atan\u0131rsa gazetelerde haber olur. Milli E\u011fitim Bakan\u0131 Nimet \u00c7ubuk\u00e7u\u2019nun [&hellip;]\" \/>\n<meta property=\"og:url\" content=\"https:\/\/akunq.net\/turkish\/2010\/06\/17\/senede-bir-gun-2\/\" \/>\n<meta property=\"og:site_name\" content=\"Bati Ermenistan Ve Bati Ermenileri Sorunlari Ara\u015ftirmalar Merkezi\" \/>\n<meta property=\"article:published_time\" content=\"2010-06-17T08:50:50+00:00\" \/>\n<meta name=\"author\" content=\"kalem\" \/>\n<meta name=\"twitter:card\" content=\"summary_large_image\" \/>\n<meta name=\"twitter:label1\" content=\"Written by\" \/>\n\t<meta name=\"twitter:data1\" content=\"kalem\" \/>\n\t<meta name=\"twitter:label2\" content=\"Est. reading time\" \/>\n\t<meta name=\"twitter:data2\" content=\"4 minutes\" \/>\n<script type=\"application\/ld+json\" class=\"yoast-schema-graph\">{\"@context\":\"https:\/\/schema.org\",\"@graph\":[{\"@type\":\"WebPage\",\"@id\":\"https:\/\/akunq.net\/turkish\/2010\/06\/17\/senede-bir-gun-2\/\",\"url\":\"https:\/\/akunq.net\/turkish\/2010\/06\/17\/senede-bir-gun-2\/\",\"name\":\"K\u00e2\u011f\u0131t \u00fczerinde vatanda\u015f\u2019 ve vak\u0131flar\u0131... - Bati Ermenistan Ve Bati Ermenileri Sorunlari Ara\u015ftirmalar Merkezi\",\"isPartOf\":{\"@id\":\"https:\/\/akunq.net\/turkish\/#website\"},\"datePublished\":\"2010-06-17T08:50:50+00:00\",\"author\":{\"@id\":\"https:\/\/akunq.net\/turkish\/#\/schema\/person\/135e7923d1aeb8887890799619969a6c\"},\"breadcrumb\":{\"@id\":\"https:\/\/akunq.net\/turkish\/2010\/06\/17\/senede-bir-gun-2\/#breadcrumb\"},\"inLanguage\":\"en-US\",\"potentialAction\":[{\"@type\":\"ReadAction\",\"target\":[\"https:\/\/akunq.net\/turkish\/2010\/06\/17\/senede-bir-gun-2\/\"]}]},{\"@type\":\"BreadcrumbList\",\"@id\":\"https:\/\/akunq.net\/turkish\/2010\/06\/17\/senede-bir-gun-2\/#breadcrumb\",\"itemListElement\":[{\"@type\":\"ListItem\",\"position\":1,\"name\":\"Home\",\"item\":\"https:\/\/akunq.net\/turkish\/\"},{\"@type\":\"ListItem\",\"position\":2,\"name\":\"K\u00e2\u011f\u0131t \u00fczerinde vatanda\u015f\u2019 ve vak\u0131flar\u0131&#8230;\"}]},{\"@type\":\"WebSite\",\"@id\":\"https:\/\/akunq.net\/turkish\/#website\",\"url\":\"https:\/\/akunq.net\/turkish\/\",\"name\":\"Bati Ermenistan Ve Bati Ermenileri Sorunlari Ara\u015ftirmalar Merkezi\",\"description\":\"\",\"potentialAction\":[{\"@type\":\"SearchAction\",\"target\":{\"@type\":\"EntryPoint\",\"urlTemplate\":\"https:\/\/akunq.net\/turkish\/?s={search_term_string}\"},\"query-input\":{\"@type\":\"PropertyValueSpecification\",\"valueRequired\":true,\"valueName\":\"search_term_string\"}}],\"inLanguage\":\"en-US\"},{\"@type\":\"Person\",\"@id\":\"https:\/\/akunq.net\/turkish\/#\/schema\/person\/135e7923d1aeb8887890799619969a6c\",\"name\":\"kalem\",\"image\":{\"@type\":\"ImageObject\",\"inLanguage\":\"en-US\",\"@id\":\"https:\/\/akunq.net\/turkish\/#\/schema\/person\/image\/\",\"url\":\"https:\/\/secure.gravatar.com\/avatar\/a06875e4b25feb5674296adf8e8a7ae1e587cebce2493fe63c456109967e27d3?s=96&d=mm&r=g\",\"contentUrl\":\"https:\/\/secure.gravatar.com\/avatar\/a06875e4b25feb5674296adf8e8a7ae1e587cebce2493fe63c456109967e27d3?s=96&d=mm&r=g\",\"caption\":\"kalem\"},\"url\":\"https:\/\/akunq.net\/turkish\/author\/kalem\/\"}]}<\/script>\n<!-- \/ Yoast SEO plugin. -->","yoast_head_json":{"title":"K\u00e2\u011f\u0131t \u00fczerinde vatanda\u015f\u2019 ve vak\u0131flar\u0131... - Bati Ermenistan Ve Bati Ermenileri Sorunlari Ara\u015ftirmalar Merkezi","robots":{"index":"index","follow":"follow","max-snippet":"max-snippet:-1","max-image-preview":"max-image-preview:large","max-video-preview":"max-video-preview:-1"},"canonical":"https:\/\/akunq.net\/turkish\/2010\/06\/17\/senede-bir-gun-2\/","og_locale":"en_US","og_type":"article","og_title":"K\u00e2\u011f\u0131t \u00fczerinde vatanda\u015f\u2019 ve vak\u0131flar\u0131... - Bati Ermenistan Ve Bati Ermenileri Sorunlari Ara\u015ftirmalar Merkezi","og_description":"\u0130LG\u0130N\u00c7 ZAMANLAR\u00a0 T\u00fcrkiye\u2019deki gayr\u0131m\u00fcslimler, bence \u201ck\u00e2\u011f\u0131t \u00fczerinde vatanda\u015f\u201d say\u0131l\u0131rlar. Toplam n\u00fcfuslar\u0131 100 bin ki\u015finin alt\u0131nda olan bu insan grubu n\u00fcfus k\u00e2\u011f\u0131d\u0131, pasaport ve ehliyet sahibi olabilirler. Vergi verip, askerlik de yaparlar ama bir t\u00fcrl\u00fc \u201ctam anlam\u0131yla\u201d vatanda\u015f olamazlar. Bir Ermeni genci, AB Genel Sekreterli\u011fi\u2019ne memur olarak atan\u0131rsa gazetelerde haber olur. Milli E\u011fitim Bakan\u0131 Nimet \u00c7ubuk\u00e7u\u2019nun [&hellip;]","og_url":"https:\/\/akunq.net\/turkish\/2010\/06\/17\/senede-bir-gun-2\/","og_site_name":"Bati Ermenistan Ve Bati Ermenileri Sorunlari Ara\u015ftirmalar Merkezi","article_published_time":"2010-06-17T08:50:50+00:00","author":"kalem","twitter_card":"summary_large_image","twitter_misc":{"Written by":"kalem","Est. reading time":"4 minutes"},"schema":{"@context":"https:\/\/schema.org","@graph":[{"@type":"WebPage","@id":"https:\/\/akunq.net\/turkish\/2010\/06\/17\/senede-bir-gun-2\/","url":"https:\/\/akunq.net\/turkish\/2010\/06\/17\/senede-bir-gun-2\/","name":"K\u00e2\u011f\u0131t \u00fczerinde vatanda\u015f\u2019 ve vak\u0131flar\u0131... - Bati Ermenistan Ve Bati Ermenileri Sorunlari Ara\u015ftirmalar Merkezi","isPartOf":{"@id":"https:\/\/akunq.net\/turkish\/#website"},"datePublished":"2010-06-17T08:50:50+00:00","author":{"@id":"https:\/\/akunq.net\/turkish\/#\/schema\/person\/135e7923d1aeb8887890799619969a6c"},"breadcrumb":{"@id":"https:\/\/akunq.net\/turkish\/2010\/06\/17\/senede-bir-gun-2\/#breadcrumb"},"inLanguage":"en-US","potentialAction":[{"@type":"ReadAction","target":["https:\/\/akunq.net\/turkish\/2010\/06\/17\/senede-bir-gun-2\/"]}]},{"@type":"BreadcrumbList","@id":"https:\/\/akunq.net\/turkish\/2010\/06\/17\/senede-bir-gun-2\/#breadcrumb","itemListElement":[{"@type":"ListItem","position":1,"name":"Home","item":"https:\/\/akunq.net\/turkish\/"},{"@type":"ListItem","position":2,"name":"K\u00e2\u011f\u0131t \u00fczerinde vatanda\u015f\u2019 ve vak\u0131flar\u0131&#8230;"}]},{"@type":"WebSite","@id":"https:\/\/akunq.net\/turkish\/#website","url":"https:\/\/akunq.net\/turkish\/","name":"Bati Ermenistan Ve Bati Ermenileri Sorunlari Ara\u015ftirmalar Merkezi","description":"","potentialAction":[{"@type":"SearchAction","target":{"@type":"EntryPoint","urlTemplate":"https:\/\/akunq.net\/turkish\/?s={search_term_string}"},"query-input":{"@type":"PropertyValueSpecification","valueRequired":true,"valueName":"search_term_string"}}],"inLanguage":"en-US"},{"@type":"Person","@id":"https:\/\/akunq.net\/turkish\/#\/schema\/person\/135e7923d1aeb8887890799619969a6c","name":"kalem","image":{"@type":"ImageObject","inLanguage":"en-US","@id":"https:\/\/akunq.net\/turkish\/#\/schema\/person\/image\/","url":"https:\/\/secure.gravatar.com\/avatar\/a06875e4b25feb5674296adf8e8a7ae1e587cebce2493fe63c456109967e27d3?s=96&d=mm&r=g","contentUrl":"https:\/\/secure.gravatar.com\/avatar\/a06875e4b25feb5674296adf8e8a7ae1e587cebce2493fe63c456109967e27d3?s=96&d=mm&r=g","caption":"kalem"},"url":"https:\/\/akunq.net\/turkish\/author\/kalem\/"}]}},"_links":{"self":[{"href":"https:\/\/akunq.net\/turkish\/wp-json\/wp\/v2\/posts\/1011","targetHints":{"allow":["GET"]}}],"collection":[{"href":"https:\/\/akunq.net\/turkish\/wp-json\/wp\/v2\/posts"}],"about":[{"href":"https:\/\/akunq.net\/turkish\/wp-json\/wp\/v2\/types\/post"}],"author":[{"embeddable":true,"href":"https:\/\/akunq.net\/turkish\/wp-json\/wp\/v2\/users\/3"}],"replies":[{"embeddable":true,"href":"https:\/\/akunq.net\/turkish\/wp-json\/wp\/v2\/comments?post=1011"}],"version-history":[{"count":0,"href":"https:\/\/akunq.net\/turkish\/wp-json\/wp\/v2\/posts\/1011\/revisions"}],"wp:attachment":[{"href":"https:\/\/akunq.net\/turkish\/wp-json\/wp\/v2\/media?parent=1011"}],"wp:term":[{"taxonomy":"category","embeddable":true,"href":"https:\/\/akunq.net\/turkish\/wp-json\/wp\/v2\/categories?post=1011"},{"taxonomy":"post_tag","embeddable":true,"href":"https:\/\/akunq.net\/turkish\/wp-json\/wp\/v2\/tags?post=1011"}],"curies":[{"name":"wp","href":"https:\/\/api.w.org\/{rel}","templated":true}]}}